{"id":393150,"date":"2026-05-01T00:45:30","date_gmt":"2026-05-01T03:45:30","guid":{"rendered":"https:\/\/www.notibras.com\/site\/?p=393150"},"modified":"2026-04-30T20:00:05","modified_gmt":"2026-04-30T23:00:05","slug":"quadra-poliesportiva-reformada-e-ampliacao-de-espacos-de-lazer","status":"publish","type":"post","link":"https:\/\/www.notibras.com\/site\/quadra-poliesportiva-reformada-e-ampliacao-de-espacos-de-lazer\/","title":{"rendered":"Quadra poliesportiva reformada e amplia\u00e7\u00e3o de espa\u00e7os de lazer"},"content":{"rendered":"<p>A comunidade da QR 211 de Samambaia recebeu nesta quinta-feira (30) uma nova \u00e1rea de lazer totalmente reformada, com a entrega da reforma da quadra poliesportiva localizada no conjunto 3\/4. A obra, executada pela Companhia Urbanizadora da Nova Capital do Brasil (Novacap) em parceria com a Administra\u00e7\u00e3o Regional de Samambaia, contou com investimento de R$ 250 mil e devolve aos moradores um espa\u00e7o moderno, seguro e adequado para a pr\u00e1tica esportiva e conviv\u00eancia social.<\/p>\n<p>Iniciada em 5 de mar\u00e7o e conclu\u00edda antes do prazo marcado para o m\u00eas de junho, a reforma foi realizada por meio da Ordem de Servi\u00e7o n\u00ba 164, dentro do contrato de mobili\u00e1rio urbano n\u00ba 011\/2025. Entre as melhorias executadas est\u00e3o a revis\u00e3o e refor\u00e7o do alambrado, tratamento anticorrosivo e pintura da estrutura met\u00e1lica, constru\u00e7\u00e3o de novo piso em concreto polido, aplica\u00e7\u00e3o de pintura ep\u00f3xi de alta resist\u00eancia e demarca\u00e7\u00e3o das linhas esportivas para modalidades como futsal, basquete e v\u00f4lei.<\/p>\n<p>Durante a entrega da quadra, o administrador regional de Samambaia, Marcos Leite, destacou que a obra atende a uma demanda antiga da popula\u00e7\u00e3o e representa mais um avan\u00e7o na requalifica\u00e7\u00e3o dos espa\u00e7os p\u00fablicos da cidade.<\/p>\n<p>\u201cHoje entregamos \u00e0 comunidade da QR 211 uma quadra totalmente reformada, pronta para receber crian\u00e7as, jovens e fam\u00edlias com mais seguran\u00e7a e dignidade. Esse era um espa\u00e7o que estava bastante deteriorado e, atendendo ao pedido dos moradores, conseguimos realizar essa revitaliza\u00e7\u00e3o em parceria com a Novacap. Nosso compromisso \u00e9 levar melhorias concretas para todas as regi\u00f5es de Samambaia, para fortalecer o lazer, o esporte e a qualidade de vida da popula\u00e7\u00e3o\u201d, afirmou Marcos Leite.<\/p>\n<p>Al\u00e9m da quadra entregue nesta quinta-feira, a Administra\u00e7\u00e3o Regional informou que outras melhorias est\u00e3o em andamento na cidade, o que inclui a reforma de mais uma quadra na QR 425 e a entrega de um campo sint\u00e9tico reformado na QR 427, e amplia os investimentos em infraestrutura esportiva na regi\u00e3o.<\/p>\n<p>A revitaliza\u00e7\u00e3o da quadra da QR 211 integra um conjunto de a\u00e7\u00f5es do Governo do Distrito Federal voltadas \u00e0 recupera\u00e7\u00e3o de espa\u00e7os p\u00fablicos, fortalece a infraestrutura urbana em Samambaia e promove ambientes mais adequados para esporte, lazer e integra\u00e7\u00e3o comunit\u00e1ria.<\/p>\n<p>Para o presidente da Novacap, Fernando Leite, obras como essa refor\u00e7am a presen\u00e7a do poder p\u00fablico nos bairros e promovem impactos diretos no bem-estar da popula\u00e7\u00e3o. \u201cCada equipamento p\u00fablico revitalizado representa mais dignidade e mais oportunidades para a comunidade. &#8220;A entrega desta quadra em Samambaia mostra o compromisso da Novacap e do Governo do Distrito Federal em investir em espa\u00e7os que incentivam o esporte, promovem inclus\u00e3o social e fortalecem os v\u00ednculos comunit\u00e1rios. Quando recuperamos \u00e1reas como essa, investimos diretamente na qualidade de vida das pessoas\u201d, ressalta.<\/p>\n<p>A comerci\u00e1ria Ana Cristina Melo, de 43 anos, aprovou as melhorias na cidade. \u201cMeus filhos amaram a reforma na quadra. Antes, eu n\u00e3o deixava eles brincarem nela porque dava medo deles se machucarem, por conta do estado que estava. Mas agora, que eu deixo, eles n\u00e3o querem mais sair dela. Jogam bola o dia todo, se deixar\u201d, diz.<\/p>\n","protected":false},"excerpt":{"rendered":"<p>A comunidade da QR 211 de Samambaia recebeu nesta quinta-feira (30) uma nova \u00e1rea de lazer totalmente reformada, com a entrega da reforma da quadra poliesportiva localizada no conjunto 3\/4. A obra, executada pela Companhia Urbanizadora da Nova Capital do Brasil (Novacap) em parceria com a Administra\u00e7\u00e3o Regional de Samambaia, contou com investimento de R$ [&hellip;]<\/p>\n","protected":false},"author":21,"featured_media":393151,"comment_status":"closed","ping_status":"closed","sticky":false,"template":"","format":"standard","meta":{"_acf_changed":false,"footnotes":""},"categories":[161],"tags":[],"class_list":["post-393150","post","type-post","status-publish","format-standard","has-post-thumbnail","hentry","category-quadradinho-em-foco"],"acf":[],"yoast_head":"<!-- This site is optimized with the Yoast SEO plugin v27.2 - https:\/\/yoast.com\/product\/yoast-seo-wordpress\/ -->\n<title>Quadra poliesportiva reformada e amplia\u00e7\u00e3o de espa\u00e7os de lazer - Notibras<\/title>\n<meta name=\"robots\" content=\"index, follow, max-snippet:-1, max-image-preview:large, max-video-preview:-1\" \/>\n<link rel=\"canonical\" href=\"https:\/\/www.notibras.com\/site\/quadra-poliesportiva-reformada-e-ampliacao-de-espacos-de-lazer\/\" \/>\n<meta property=\"og:locale\" content=\"pt_BR\" \/>\n<meta property=\"og:type\" content=\"article\" \/>\n<meta property=\"og:title\" content=\"Quadra poliesportiva reformada e amplia\u00e7\u00e3o de espa\u00e7os de lazer - Notibras\" \/>\n<meta property=\"og:description\" content=\"A comunidade da QR 211 de Samambaia recebeu nesta quinta-feira (30) uma nova \u00e1rea de lazer totalmente reformada, com a entrega da reforma da quadra poliesportiva localizada no conjunto 3\/4. A obra, executada pela Companhia Urbanizadora da Nova Capital do Brasil (Novacap) em parceria com a Administra\u00e7\u00e3o Regional de Samambaia, contou com investimento de R$ [&hellip;]\" \/>\n<meta property=\"og:url\" content=\"https:\/\/www.notibras.com\/site\/quadra-poliesportiva-reformada-e-ampliacao-de-espacos-de-lazer\/\" \/>\n<meta property=\"og:site_name\" content=\"Notibras\" \/>\n<meta property=\"article:publisher\" content=\"https:\/\/www.facebook.com\/notibras\/\" \/>\n<meta property=\"article:published_time\" content=\"2026-05-01T03:45:30+00:00\" \/>\n<meta property=\"og:image\" content=\"https:\/\/www.notibras.com\/site\/wp-content\/uploads\/2026\/04\/5.jpeg\" \/>\n\t<meta property=\"og:image:width\" content=\"1280\" \/>\n\t<meta property=\"og:image:height\" content=\"960\" \/>\n\t<meta property=\"og:image:type\" content=\"image\/jpeg\" \/>\n<meta name=\"author\" content=\"Eduardo Mart\u00ednez\" \/>\n<meta name=\"twitter:card\" content=\"summary_large_image\" \/>\n<meta name=\"twitter:creator\" content=\"@Notibras\" \/>\n<meta name=\"twitter:site\" content=\"@Notibras\" \/>\n<meta name=\"twitter:label1\" content=\"Escrito por\" \/>\n\t<meta name=\"twitter:data1\" content=\"Eduardo Mart\u00ednez\" \/>\n\t<meta name=\"twitter:label2\" content=\"Est. tempo de leitura\" \/>\n\t<meta name=\"twitter:data2\" content=\"3 minutos\" \/>\n<script type=\"application\/ld+json\" class=\"yoast-schema-graph\">{\"@context\":\"https:\/\/schema.org\",\"@graph\":[{\"@type\":\"Article\",\"@id\":\"https:\/\/www.notibras.com\/site\/quadra-poliesportiva-reformada-e-ampliacao-de-espacos-de-lazer\/#article\",\"isPartOf\":{\"@id\":\"https:\/\/www.notibras.com\/site\/quadra-poliesportiva-reformada-e-ampliacao-de-espacos-de-lazer\/\"},\"author\":{\"name\":\"Eduardo Mart\u00ednez\",\"@id\":\"https:\/\/www.notibras.com\/site\/#\/schema\/person\/5b7fabf2aedc3ada2105f03b22b4d3dd\"},\"headline\":\"Quadra poliesportiva reformada e amplia\u00e7\u00e3o de espa\u00e7os de lazer\",\"datePublished\":\"2026-05-01T03:45:30+00:00\",\"mainEntityOfPage\":{\"@id\":\"https:\/\/www.notibras.com\/site\/quadra-poliesportiva-reformada-e-ampliacao-de-espacos-de-lazer\/\"},\"wordCount\":548,\"publisher\":{\"@id\":\"https:\/\/www.notibras.com\/site\/#organization\"},\"image\":{\"@id\":\"https:\/\/www.notibras.com\/site\/quadra-poliesportiva-reformada-e-ampliacao-de-espacos-de-lazer\/#primaryimage\"},\"thumbnailUrl\":\"https:\/\/www.notibras.com\/site\/wp-content\/uploads\/2026\/04\/5.jpeg\",\"articleSection\":[\"Quadradinho em Foco\"],\"inLanguage\":\"pt-BR\"},{\"@type\":\"WebPage\",\"@id\":\"https:\/\/www.notibras.com\/site\/quadra-poliesportiva-reformada-e-ampliacao-de-espacos-de-lazer\/\",\"url\":\"https:\/\/www.notibras.com\/site\/quadra-poliesportiva-reformada-e-ampliacao-de-espacos-de-lazer\/\",\"name\":\"Quadra poliesportiva reformada e amplia\u00e7\u00e3o de espa\u00e7os de lazer - Notibras\",\"isPartOf\":{\"@id\":\"https:\/\/www.notibras.com\/site\/#website\"},\"primaryImageOfPage\":{\"@id\":\"https:\/\/www.notibras.com\/site\/quadra-poliesportiva-reformada-e-ampliacao-de-espacos-de-lazer\/#primaryimage\"},\"image\":{\"@id\":\"https:\/\/www.notibras.com\/site\/quadra-poliesportiva-reformada-e-ampliacao-de-espacos-de-lazer\/#primaryimage\"},\"thumbnailUrl\":\"https:\/\/www.notibras.com\/site\/wp-content\/uploads\/2026\/04\/5.jpeg\",\"datePublished\":\"2026-05-01T03:45:30+00:00\",\"breadcrumb\":{\"@id\":\"https:\/\/www.notibras.com\/site\/quadra-poliesportiva-reformada-e-ampliacao-de-espacos-de-lazer\/#breadcrumb\"},\"inLanguage\":\"pt-BR\",\"potentialAction\":[{\"@type\":\"ReadAction\",\"target\":[\"https:\/\/www.notibras.com\/site\/quadra-poliesportiva-reformada-e-ampliacao-de-espacos-de-lazer\/\"]}]},{\"@type\":\"ImageObject\",\"inLanguage\":\"pt-BR\",\"@id\":\"https:\/\/www.notibras.com\/site\/quadra-poliesportiva-reformada-e-ampliacao-de-espacos-de-lazer\/#primaryimage\",\"url\":\"https:\/\/www.notibras.com\/site\/wp-content\/uploads\/2026\/04\/5.jpeg\",\"contentUrl\":\"https:\/\/www.notibras.com\/site\/wp-content\/uploads\/2026\/04\/5.jpeg\",\"width\":1280,\"height\":960},{\"@type\":\"BreadcrumbList\",\"@id\":\"https:\/\/www.notibras.com\/site\/quadra-poliesportiva-reformada-e-ampliacao-de-espacos-de-lazer\/#breadcrumb\",\"itemListElement\":[{\"@type\":\"ListItem\",\"position\":1,\"name\":\"In\u00edcio\",\"item\":\"https:\/\/www.notibras.com\/site\/\"},{\"@type\":\"ListItem\",\"position\":2,\"name\":\"Quadra poliesportiva reformada e amplia\u00e7\u00e3o de espa\u00e7os de lazer\"}]},{\"@type\":\"WebSite\",\"@id\":\"https:\/\/www.notibras.com\/site\/#website\",\"url\":\"https:\/\/www.notibras.com\/site\/\",\"name\":\"Notibras\",\"description\":\"Not\u00edcias de Bras\u00edlia, do Brasil e do Mundo\",\"publisher\":{\"@id\":\"https:\/\/www.notibras.com\/site\/#organization\"},\"potentialAction\":[{\"@type\":\"SearchAction\",\"target\":{\"@type\":\"EntryPoint\",\"urlTemplate\":\"https:\/\/www.notibras.com\/site\/?s={search_term_string}\"},\"query-input\":{\"@type\":\"PropertyValueSpecification\",\"valueRequired\":true,\"valueName\":\"search_term_string\"}}],\"inLanguage\":\"pt-BR\"},{\"@type\":\"Organization\",\"@id\":\"https:\/\/www.notibras.com\/site\/#organization\",\"name\":\"Grupo Notibras de Comunica\u00e7\u00e3o\",\"url\":\"https:\/\/www.notibras.com\/site\/\",\"logo\":{\"@type\":\"ImageObject\",\"inLanguage\":\"pt-BR\",\"@id\":\"https:\/\/www.notibras.com\/site\/#\/schema\/logo\/image\/\",\"url\":\"https:\/\/www.notibras.com\/site\/wp-content\/uploads\/2023\/01\/notibras23.png\",\"contentUrl\":\"https:\/\/www.notibras.com\/site\/wp-content\/uploads\/2023\/01\/notibras23.png\",\"width\":350,\"height\":87,\"caption\":\"Grupo Notibras de Comunica\u00e7\u00e3o\"},\"image\":{\"@id\":\"https:\/\/www.notibras.com\/site\/#\/schema\/logo\/image\/\"},\"sameAs\":[\"https:\/\/www.facebook.com\/notibras\/\",\"https:\/\/x.com\/Notibras\",\"https:\/\/www.instagram.com\/notibras\/\"]},{\"@type\":\"Person\",\"@id\":\"https:\/\/www.notibras.com\/site\/#\/schema\/person\/5b7fabf2aedc3ada2105f03b22b4d3dd\",\"name\":\"Eduardo Mart\u00ednez\",\"image\":{\"@type\":\"ImageObject\",\"inLanguage\":\"pt-BR\",\"@id\":\"https:\/\/secure.gravatar.com\/avatar\/7902f906289926289cbcda644b5197c796b893c6ffd7b9a536a42d290f7704a0?s=96&d=mm&r=g\",\"url\":\"https:\/\/secure.gravatar.com\/avatar\/7902f906289926289cbcda644b5197c796b893c6ffd7b9a536a42d290f7704a0?s=96&d=mm&r=g\",\"contentUrl\":\"https:\/\/secure.gravatar.com\/avatar\/7902f906289926289cbcda644b5197c796b893c6ffd7b9a536a42d290f7704a0?s=96&d=mm&r=g\",\"caption\":\"Eduardo Mart\u00ednez\"}}]}<\/script>\n<!-- \/ Yoast SEO plugin. -->","yoast_head_json":{"title":"Quadra poliesportiva reformada e amplia\u00e7\u00e3o de espa\u00e7os de lazer - Notibras","robots":{"index":"index","follow":"follow","max-snippet":"max-snippet:-1","max-image-preview":"max-image-preview:large","max-video-preview":"max-video-preview:-1"},"canonical":"https:\/\/www.notibras.com\/site\/quadra-poliesportiva-reformada-e-ampliacao-de-espacos-de-lazer\/","og_locale":"pt_BR","og_type":"article","og_title":"Quadra poliesportiva reformada e amplia\u00e7\u00e3o de espa\u00e7os de lazer - Notibras","og_description":"A comunidade da QR 211 de Samambaia recebeu nesta quinta-feira (30) uma nova \u00e1rea de lazer totalmente reformada, com a entrega da reforma da quadra poliesportiva localizada no conjunto 3\/4. A obra, executada pela Companhia Urbanizadora da Nova Capital do Brasil (Novacap) em parceria com a Administra\u00e7\u00e3o Regional de Samambaia, contou com investimento de R$ [&hellip;]","og_url":"https:\/\/www.notibras.com\/site\/quadra-poliesportiva-reformada-e-ampliacao-de-espacos-de-lazer\/","og_site_name":"Notibras","article_publisher":"https:\/\/www.facebook.com\/notibras\/","article_published_time":"2026-05-01T03:45:30+00:00","og_image":[{"width":1280,"height":960,"url":"https:\/\/www.notibras.com\/site\/wp-content\/uploads\/2026\/04\/5.jpeg","type":"image\/jpeg"}],"author":"Eduardo Mart\u00ednez","twitter_card":"summary_large_image","twitter_creator":"@Notibras","twitter_site":"@Notibras","twitter_misc":{"Escrito por":"Eduardo Mart\u00ednez","Est. tempo de leitura":"3 minutos"},"schema":{"@context":"https:\/\/schema.org","@graph":[{"@type":"Article","@id":"https:\/\/www.notibras.com\/site\/quadra-poliesportiva-reformada-e-ampliacao-de-espacos-de-lazer\/#article","isPartOf":{"@id":"https:\/\/www.notibras.com\/site\/quadra-poliesportiva-reformada-e-ampliacao-de-espacos-de-lazer\/"},"author":{"name":"Eduardo Mart\u00ednez","@id":"https:\/\/www.notibras.com\/site\/#\/schema\/person\/5b7fabf2aedc3ada2105f03b22b4d3dd"},"headline":"Quadra poliesportiva reformada e amplia\u00e7\u00e3o de espa\u00e7os de lazer","datePublished":"2026-05-01T03:45:30+00:00","mainEntityOfPage":{"@id":"https:\/\/www.notibras.com\/site\/quadra-poliesportiva-reformada-e-ampliacao-de-espacos-de-lazer\/"},"wordCount":548,"publisher":{"@id":"https:\/\/www.notibras.com\/site\/#organization"},"image":{"@id":"https:\/\/www.notibras.com\/site\/quadra-poliesportiva-reformada-e-ampliacao-de-espacos-de-lazer\/#primaryimage"},"thumbnailUrl":"https:\/\/www.notibras.com\/site\/wp-content\/uploads\/2026\/04\/5.jpeg","articleSection":["Quadradinho em Foco"],"inLanguage":"pt-BR"},{"@type":"WebPage","@id":"https:\/\/www.notibras.com\/site\/quadra-poliesportiva-reformada-e-ampliacao-de-espacos-de-lazer\/","url":"https:\/\/www.notibras.com\/site\/quadra-poliesportiva-reformada-e-ampliacao-de-espacos-de-lazer\/","name":"Quadra poliesportiva reformada e amplia\u00e7\u00e3o de espa\u00e7os de lazer - Notibras","isPartOf":{"@id":"https:\/\/www.notibras.com\/site\/#website"},"primaryImageOfPage":{"@id":"https:\/\/www.notibras.com\/site\/quadra-poliesportiva-reformada-e-ampliacao-de-espacos-de-lazer\/#primaryimage"},"image":{"@id":"https:\/\/www.notibras.com\/site\/quadra-poliesportiva-reformada-e-ampliacao-de-espacos-de-lazer\/#primaryimage"},"thumbnailUrl":"https:\/\/www.notibras.com\/site\/wp-content\/uploads\/2026\/04\/5.jpeg","datePublished":"2026-05-01T03:45:30+00:00","breadcrumb":{"@id":"https:\/\/www.notibras.com\/site\/quadra-poliesportiva-reformada-e-ampliacao-de-espacos-de-lazer\/#breadcrumb"},"inLanguage":"pt-BR","potentialAction":[{"@type":"ReadAction","target":["https:\/\/www.notibras.com\/site\/quadra-poliesportiva-reformada-e-ampliacao-de-espacos-de-lazer\/"]}]},{"@type":"ImageObject","inLanguage":"pt-BR","@id":"https:\/\/www.notibras.com\/site\/quadra-poliesportiva-reformada-e-ampliacao-de-espacos-de-lazer\/#primaryimage","url":"https:\/\/www.notibras.com\/site\/wp-content\/uploads\/2026\/04\/5.jpeg","contentUrl":"https:\/\/www.notibras.com\/site\/wp-content\/uploads\/2026\/04\/5.jpeg","width":1280,"height":960},{"@type":"BreadcrumbList","@id":"https:\/\/www.notibras.com\/site\/quadra-poliesportiva-reformada-e-ampliacao-de-espacos-de-lazer\/#breadcrumb","itemListElement":[{"@type":"ListItem","position":1,"name":"In\u00edcio","item":"https:\/\/www.notibras.com\/site\/"},{"@type":"ListItem","position":2,"name":"Quadra poliesportiva reformada e amplia\u00e7\u00e3o de espa\u00e7os de lazer"}]},{"@type":"WebSite","@id":"https:\/\/www.notibras.com\/site\/#website","url":"https:\/\/www.notibras.com\/site\/","name":"Notibras","description":"Not\u00edcias de Bras\u00edlia, do Brasil e do Mundo","publisher":{"@id":"https:\/\/www.notibras.com\/site\/#organization"},"potentialAction":[{"@type":"SearchAction","target":{"@type":"EntryPoint","urlTemplate":"https:\/\/www.notibras.com\/site\/?s={search_term_string}"},"query-input":{"@type":"PropertyValueSpecification","valueRequired":true,"valueName":"search_term_string"}}],"inLanguage":"pt-BR"},{"@type":"Organization","@id":"https:\/\/www.notibras.com\/site\/#organization","name":"Grupo Notibras de Comunica\u00e7\u00e3o","url":"https:\/\/www.notibras.com\/site\/","logo":{"@type":"ImageObject","inLanguage":"pt-BR","@id":"https:\/\/www.notibras.com\/site\/#\/schema\/logo\/image\/","url":"https:\/\/www.notibras.com\/site\/wp-content\/uploads\/2023\/01\/notibras23.png","contentUrl":"https:\/\/www.notibras.com\/site\/wp-content\/uploads\/2023\/01\/notibras23.png","width":350,"height":87,"caption":"Grupo Notibras de Comunica\u00e7\u00e3o"},"image":{"@id":"https:\/\/www.notibras.com\/site\/#\/schema\/logo\/image\/"},"sameAs":["https:\/\/www.facebook.com\/notibras\/","https:\/\/x.com\/Notibras","https:\/\/www.instagram.com\/notibras\/"]},{"@type":"Person","@id":"https:\/\/www.notibras.com\/site\/#\/schema\/person\/5b7fabf2aedc3ada2105f03b22b4d3dd","name":"Eduardo Mart\u00ednez","image":{"@type":"ImageObject","inLanguage":"pt-BR","@id":"https:\/\/secure.gravatar.com\/avatar\/7902f906289926289cbcda644b5197c796b893c6ffd7b9a536a42d290f7704a0?s=96&d=mm&r=g","url":"https:\/\/secure.gravatar.com\/avatar\/7902f906289926289cbcda644b5197c796b893c6ffd7b9a536a42d290f7704a0?s=96&d=mm&r=g","contentUrl":"https:\/\/secure.gravatar.com\/avatar\/7902f906289926289cbcda644b5197c796b893c6ffd7b9a536a42d290f7704a0?s=96&d=mm&r=g","caption":"Eduardo Mart\u00ednez"}}]}},"amp_enabled":true,"_links":{"self":[{"href":"https:\/\/www.notibras.com\/site\/wp-json\/wp\/v2\/posts\/393150","targetHints":{"allow":["GET"]}}],"collection":[{"href":"https:\/\/www.notibras.com\/site\/wp-json\/wp\/v2\/posts"}],"about":[{"href":"https:\/\/www.notibras.com\/site\/wp-json\/wp\/v2\/types\/post"}],"author":[{"embeddable":true,"href":"https:\/\/www.notibras.com\/site\/wp-json\/wp\/v2\/users\/21"}],"replies":[{"embeddable":true,"href":"https:\/\/www.notibras.com\/site\/wp-json\/wp\/v2\/comments?post=393150"}],"version-history":[{"count":2,"href":"https:\/\/www.notibras.com\/site\/wp-json\/wp\/v2\/posts\/393150\/revisions"}],"predecessor-version":[{"id":393153,"href":"https:\/\/www.notibras.com\/site\/wp-json\/wp\/v2\/posts\/393150\/revisions\/393153"}],"wp:featuredmedia":[{"embeddable":true,"href":"https:\/\/www.notibras.com\/site\/wp-json\/wp\/v2\/media\/393151"}],"wp:attachment":[{"href":"https:\/\/www.notibras.com\/site\/wp-json\/wp\/v2\/media?parent=393150"}],"wp:term":[{"taxonomy":"category","embeddable":true,"href":"https:\/\/www.notibras.com\/site\/wp-json\/wp\/v2\/categories?post=393150"},{"taxonomy":"post_tag","embeddable":true,"href":"https:\/\/www.notibras.com\/site\/wp-json\/wp\/v2\/tags?post=393150"}],"curies":[{"name":"wp","href":"https:\/\/api.w.org\/{rel}","templated":true}]}}