{"id":393154,"date":"2026-05-01T00:30:30","date_gmt":"2026-05-01T03:30:30","guid":{"rendered":"https:\/\/www.notibras.com\/site\/?p=393154"},"modified":"2026-04-30T20:07:26","modified_gmt":"2026-04-30T23:07:26","slug":"portas-abertas-a-comunidade-com-fortalecimento-de-rede-de-apoio","status":"publish","type":"post","link":"https:\/\/www.notibras.com\/site\/portas-abertas-a-comunidade-com-fortalecimento-de-rede-de-apoio\/","title":{"rendered":"Portas abertas \u00e0 comunidade com fortalecimento de rede de apoio"},"content":{"rendered":"<div class=\"topo\">\n<div class=\"sutia\">\n<div class=\"assinatura d-flex\">\n<p class=\"text-primary\">A Secretaria da Mulher (SMDF), em parceria com a A\u00e7\u00e3o Social Renascer, promoveu, entre os dias 27 e 30 de maio, a Semana de Portas Abertas dos Centros de Refer\u00eancia da Mulher Brasileira (CRMB). A iniciativa teve como objetivo aproximar a comunidade dos servi\u00e7os oferecidos e apresentar as novas a\u00e7\u00f5es implementadas nas unidades.<\/p>\n<\/div>\n<\/div>\n<\/div>\n<div class=\"conteudo col-md-10 mx-auto\">\n<div class=\"text-content\">\n<p>Inaugurados em 2025, os centros localizados em S\u00e3o Sebasti\u00e3o, Sol Nascente, Sobradinho II e Recanto das Emas v\u00eam consolidando uma rede de atendimento voltada ao acolhimento humanizado e cont\u00ednuo de mulheres, especialmente aquelas em situa\u00e7\u00e3o de viol\u00eancia. A gest\u00e3o compartilhada tem sido fundamental para fortalecer a estrutura existente, ampliar os servi\u00e7os e qualificar a assist\u00eancia prestada.<\/p>\n<p>Para a secret\u00e1ria da Mulher, Giselle Ferreira, os espa\u00e7os representam um avan\u00e7o significativo na pol\u00edtica p\u00fablica de prote\u00e7\u00e3o \u00e0s mulheres. \u201cOs Centros de Refer\u00eancia da Mulher Brasileira s\u00e3o portas abertas de acolhimento, escuta qualificada e cuidado integral. \u00c9 nesses espa\u00e7os que muitas mulheres encontram apoio para romper ciclos de viol\u00eancia e reconstruir suas vidas com dignidade. Com a amplia\u00e7\u00e3o dos servi\u00e7os, estamos fortalecendo essa rede de prote\u00e7\u00e3o, garantindo n\u00e3o apenas o atendimento psicossocial, mas tamb\u00e9m oportunidades concretas de capacita\u00e7\u00e3o, autonomia e gera\u00e7\u00e3o de renda\u201d, destacou.<\/p>\n<p>A parceria com a A\u00e7\u00e3o Social Renascer j\u00e1 apresenta resultados concretos. Todas as unidades passaram a oferecer cursos de capacita\u00e7\u00e3o, com turmas mensais. O terceiro ciclo ter\u00e1 in\u00edcio na pr\u00f3xima quarta-feira (6), ampliando as possibilidades de autonomia financeira para as mulheres.<\/p>\n<\/div>\n<div class=\"text-content\">\n<p>Segundo a coordenadora do CRMB do Sol Nascente\/P\u00f4r do Sol, Brenda Ara\u00fajo, um dos destaques da nova fase \u00e9 a ades\u00e3o aos cursos de capacita\u00e7\u00e3o profissional. \u201cCom a oferta de cursos como cuidadora de idosos, t\u00e9cnicas de extens\u00e3o de c\u00edlios e tran\u00e7as, design de sobrancelhas e marketing digital, estamos transformando a vida de muitas mulheres e mostrando como o empreendedorismo feminino pode ser uma forma de recome\u00e7o\u201d, explicou.<\/p>\n<p>A semana se encerrou na unidade do Sol Nascente, que, em 2026, j\u00e1 realizou cerca de 200 atendimentos, demonstrando a crescente demanda e a import\u00e2ncia do equipamento p\u00fablico na regi\u00e3o.<\/p>\n<p>A administradora regional do Sol Nascente\/P\u00f4r do Sol, Michelle Aires, refor\u00e7ou o compromisso do Governo do Distrito Federal com as pol\u00edticas p\u00fablicas voltadas \u00e0s mulheres. \u201cA administra\u00e7\u00e3o est\u00e1 sempre pronta para abra\u00e7ar as causas da comunidade, especialmente aquelas relacionadas \u00e0 prote\u00e7\u00e3o e ao fortalecimento das mulheres, compromisso que segue sendo ampliado na atual gest\u00e3o\u201d, destacou.<\/p>\n<p>Com a\u00e7\u00f5es integradas de acolhimento psicossocial, qualifica\u00e7\u00e3o profissional e incentivo \u00e0 autonomia, os Centros de Refer\u00eancia da Mulher Brasileira seguem se consolidando como espa\u00e7os essenciais na promo\u00e7\u00e3o dos direitos das mulheres no Distrito Federal.<\/p>\n<\/div>\n<\/div>\n","protected":false},"excerpt":{"rendered":"<p>A Secretaria da Mulher (SMDF), em parceria com a A\u00e7\u00e3o Social Renascer, promoveu, entre os dias 27 e 30 de maio, a Semana de Portas Abertas dos Centros de Refer\u00eancia da Mulher Brasileira (CRMB). A iniciativa teve como objetivo aproximar a comunidade dos servi\u00e7os oferecidos e apresentar as novas a\u00e7\u00f5es implementadas nas unidades. Inaugurados em [&hellip;]<\/p>\n","protected":false},"author":21,"featured_media":393155,"comment_status":"closed","ping_status":"closed","sticky":false,"template":"","format":"standard","meta":{"_acf_changed":false,"footnotes":""},"categories":[161],"tags":[],"class_list":["post-393154","post","type-post","status-publish","format-standard","has-post-thumbnail","hentry","category-quadradinho-em-foco"],"acf":[],"yoast_head":"<!-- This site is optimized with the Yoast SEO plugin v27.2 - https:\/\/yoast.com\/product\/yoast-seo-wordpress\/ -->\n<title>Portas abertas \u00e0 comunidade com fortalecimento de rede de apoio - Notibras<\/title>\n<meta name=\"robots\" content=\"index, follow, max-snippet:-1, max-image-preview:large, max-video-preview:-1\" \/>\n<link rel=\"canonical\" href=\"https:\/\/www.notibras.com\/site\/portas-abertas-a-comunidade-com-fortalecimento-de-rede-de-apoio\/\" \/>\n<meta property=\"og:locale\" content=\"pt_BR\" \/>\n<meta property=\"og:type\" content=\"article\" \/>\n<meta property=\"og:title\" content=\"Portas abertas \u00e0 comunidade com fortalecimento de rede de apoio - Notibras\" \/>\n<meta property=\"og:description\" content=\"A Secretaria da Mulher (SMDF), em parceria com a A\u00e7\u00e3o Social Renascer, promoveu, entre os dias 27 e 30 de maio, a Semana de Portas Abertas dos Centros de Refer\u00eancia da Mulher Brasileira (CRMB). A iniciativa teve como objetivo aproximar a comunidade dos servi\u00e7os oferecidos e apresentar as novas a\u00e7\u00f5es implementadas nas unidades. Inaugurados em [&hellip;]\" \/>\n<meta property=\"og:url\" content=\"https:\/\/www.notibras.com\/site\/portas-abertas-a-comunidade-com-fortalecimento-de-rede-de-apoio\/\" \/>\n<meta property=\"og:site_name\" content=\"Notibras\" \/>\n<meta property=\"article:publisher\" content=\"https:\/\/www.facebook.com\/notibras\/\" \/>\n<meta property=\"article:published_time\" content=\"2026-05-01T03:30:30+00:00\" \/>\n<meta property=\"og:image\" content=\"https:\/\/www.notibras.com\/site\/wp-content\/uploads\/2026\/04\/image1-scaled.jpeg\" \/>\n\t<meta property=\"og:image:width\" content=\"2560\" \/>\n\t<meta property=\"og:image:height\" content=\"1440\" \/>\n\t<meta property=\"og:image:type\" content=\"image\/jpeg\" \/>\n<meta name=\"author\" content=\"Eduardo Mart\u00ednez\" \/>\n<meta name=\"twitter:card\" content=\"summary_large_image\" \/>\n<meta name=\"twitter:creator\" content=\"@Notibras\" \/>\n<meta name=\"twitter:site\" content=\"@Notibras\" \/>\n<meta name=\"twitter:label1\" content=\"Escrito por\" \/>\n\t<meta name=\"twitter:data1\" content=\"Eduardo Mart\u00ednez\" \/>\n\t<meta name=\"twitter:label2\" content=\"Est. tempo de leitura\" \/>\n\t<meta name=\"twitter:data2\" content=\"3 minutos\" \/>\n<script type=\"application\/ld+json\" class=\"yoast-schema-graph\">{\"@context\":\"https:\/\/schema.org\",\"@graph\":[{\"@type\":\"Article\",\"@id\":\"https:\/\/www.notibras.com\/site\/portas-abertas-a-comunidade-com-fortalecimento-de-rede-de-apoio\/#article\",\"isPartOf\":{\"@id\":\"https:\/\/www.notibras.com\/site\/portas-abertas-a-comunidade-com-fortalecimento-de-rede-de-apoio\/\"},\"author\":{\"name\":\"Eduardo Mart\u00ednez\",\"@id\":\"https:\/\/www.notibras.com\/site\/#\/schema\/person\/5b7fabf2aedc3ada2105f03b22b4d3dd\"},\"headline\":\"Portas abertas \u00e0 comunidade com fortalecimento de rede de apoio\",\"datePublished\":\"2026-05-01T03:30:30+00:00\",\"mainEntityOfPage\":{\"@id\":\"https:\/\/www.notibras.com\/site\/portas-abertas-a-comunidade-com-fortalecimento-de-rede-de-apoio\/\"},\"wordCount\":482,\"publisher\":{\"@id\":\"https:\/\/www.notibras.com\/site\/#organization\"},\"image\":{\"@id\":\"https:\/\/www.notibras.com\/site\/portas-abertas-a-comunidade-com-fortalecimento-de-rede-de-apoio\/#primaryimage\"},\"thumbnailUrl\":\"https:\/\/www.notibras.com\/site\/wp-content\/uploads\/2026\/04\/image1-scaled.jpeg\",\"articleSection\":[\"Quadradinho em Foco\"],\"inLanguage\":\"pt-BR\"},{\"@type\":\"WebPage\",\"@id\":\"https:\/\/www.notibras.com\/site\/portas-abertas-a-comunidade-com-fortalecimento-de-rede-de-apoio\/\",\"url\":\"https:\/\/www.notibras.com\/site\/portas-abertas-a-comunidade-com-fortalecimento-de-rede-de-apoio\/\",\"name\":\"Portas abertas \u00e0 comunidade com fortalecimento de rede de apoio - Notibras\",\"isPartOf\":{\"@id\":\"https:\/\/www.notibras.com\/site\/#website\"},\"primaryImageOfPage\":{\"@id\":\"https:\/\/www.notibras.com\/site\/portas-abertas-a-comunidade-com-fortalecimento-de-rede-de-apoio\/#primaryimage\"},\"image\":{\"@id\":\"https:\/\/www.notibras.com\/site\/portas-abertas-a-comunidade-com-fortalecimento-de-rede-de-apoio\/#primaryimage\"},\"thumbnailUrl\":\"https:\/\/www.notibras.com\/site\/wp-content\/uploads\/2026\/04\/image1-scaled.jpeg\",\"datePublished\":\"2026-05-01T03:30:30+00:00\",\"breadcrumb\":{\"@id\":\"https:\/\/www.notibras.com\/site\/portas-abertas-a-comunidade-com-fortalecimento-de-rede-de-apoio\/#breadcrumb\"},\"inLanguage\":\"pt-BR\",\"potentialAction\":[{\"@type\":\"ReadAction\",\"target\":[\"https:\/\/www.notibras.com\/site\/portas-abertas-a-comunidade-com-fortalecimento-de-rede-de-apoio\/\"]}]},{\"@type\":\"ImageObject\",\"inLanguage\":\"pt-BR\",\"@id\":\"https:\/\/www.notibras.com\/site\/portas-abertas-a-comunidade-com-fortalecimento-de-rede-de-apoio\/#primaryimage\",\"url\":\"https:\/\/www.notibras.com\/site\/wp-content\/uploads\/2026\/04\/image1-scaled.jpeg\",\"contentUrl\":\"https:\/\/www.notibras.com\/site\/wp-content\/uploads\/2026\/04\/image1-scaled.jpeg\",\"width\":2560,\"height\":1440},{\"@type\":\"BreadcrumbList\",\"@id\":\"https:\/\/www.notibras.com\/site\/portas-abertas-a-comunidade-com-fortalecimento-de-rede-de-apoio\/#breadcrumb\",\"itemListElement\":[{\"@type\":\"ListItem\",\"position\":1,\"name\":\"In\u00edcio\",\"item\":\"https:\/\/www.notibras.com\/site\/\"},{\"@type\":\"ListItem\",\"position\":2,\"name\":\"Portas abertas \u00e0 comunidade com fortalecimento de rede de apoio\"}]},{\"@type\":\"WebSite\",\"@id\":\"https:\/\/www.notibras.com\/site\/#website\",\"url\":\"https:\/\/www.notibras.com\/site\/\",\"name\":\"Notibras\",\"description\":\"Not\u00edcias de Bras\u00edlia, do Brasil e do Mundo\",\"publisher\":{\"@id\":\"https:\/\/www.notibras.com\/site\/#organization\"},\"potentialAction\":[{\"@type\":\"SearchAction\",\"target\":{\"@type\":\"EntryPoint\",\"urlTemplate\":\"https:\/\/www.notibras.com\/site\/?s={search_term_string}\"},\"query-input\":{\"@type\":\"PropertyValueSpecification\",\"valueRequired\":true,\"valueName\":\"search_term_string\"}}],\"inLanguage\":\"pt-BR\"},{\"@type\":\"Organization\",\"@id\":\"https:\/\/www.notibras.com\/site\/#organization\",\"name\":\"Grupo Notibras de Comunica\u00e7\u00e3o\",\"url\":\"https:\/\/www.notibras.com\/site\/\",\"logo\":{\"@type\":\"ImageObject\",\"inLanguage\":\"pt-BR\",\"@id\":\"https:\/\/www.notibras.com\/site\/#\/schema\/logo\/image\/\",\"url\":\"https:\/\/www.notibras.com\/site\/wp-content\/uploads\/2023\/01\/notibras23.png\",\"contentUrl\":\"https:\/\/www.notibras.com\/site\/wp-content\/uploads\/2023\/01\/notibras23.png\",\"width\":350,\"height\":87,\"caption\":\"Grupo Notibras de Comunica\u00e7\u00e3o\"},\"image\":{\"@id\":\"https:\/\/www.notibras.com\/site\/#\/schema\/logo\/image\/\"},\"sameAs\":[\"https:\/\/www.facebook.com\/notibras\/\",\"https:\/\/x.com\/Notibras\",\"https:\/\/www.instagram.com\/notibras\/\"]},{\"@type\":\"Person\",\"@id\":\"https:\/\/www.notibras.com\/site\/#\/schema\/person\/5b7fabf2aedc3ada2105f03b22b4d3dd\",\"name\":\"Eduardo Mart\u00ednez\",\"image\":{\"@type\":\"ImageObject\",\"inLanguage\":\"pt-BR\",\"@id\":\"https:\/\/secure.gravatar.com\/avatar\/7902f906289926289cbcda644b5197c796b893c6ffd7b9a536a42d290f7704a0?s=96&d=mm&r=g\",\"url\":\"https:\/\/secure.gravatar.com\/avatar\/7902f906289926289cbcda644b5197c796b893c6ffd7b9a536a42d290f7704a0?s=96&d=mm&r=g\",\"contentUrl\":\"https:\/\/secure.gravatar.com\/avatar\/7902f906289926289cbcda644b5197c796b893c6ffd7b9a536a42d290f7704a0?s=96&d=mm&r=g\",\"caption\":\"Eduardo Mart\u00ednez\"}}]}<\/script>\n<!-- \/ Yoast SEO plugin. -->","yoast_head_json":{"title":"Portas abertas \u00e0 comunidade com fortalecimento de rede de apoio - Notibras","robots":{"index":"index","follow":"follow","max-snippet":"max-snippet:-1","max-image-preview":"max-image-preview:large","max-video-preview":"max-video-preview:-1"},"canonical":"https:\/\/www.notibras.com\/site\/portas-abertas-a-comunidade-com-fortalecimento-de-rede-de-apoio\/","og_locale":"pt_BR","og_type":"article","og_title":"Portas abertas \u00e0 comunidade com fortalecimento de rede de apoio - Notibras","og_description":"A Secretaria da Mulher (SMDF), em parceria com a A\u00e7\u00e3o Social Renascer, promoveu, entre os dias 27 e 30 de maio, a Semana de Portas Abertas dos Centros de Refer\u00eancia da Mulher Brasileira (CRMB). A iniciativa teve como objetivo aproximar a comunidade dos servi\u00e7os oferecidos e apresentar as novas a\u00e7\u00f5es implementadas nas unidades. Inaugurados em [&hellip;]","og_url":"https:\/\/www.notibras.com\/site\/portas-abertas-a-comunidade-com-fortalecimento-de-rede-de-apoio\/","og_site_name":"Notibras","article_publisher":"https:\/\/www.facebook.com\/notibras\/","article_published_time":"2026-05-01T03:30:30+00:00","og_image":[{"width":2560,"height":1440,"url":"https:\/\/www.notibras.com\/site\/wp-content\/uploads\/2026\/04\/image1-scaled.jpeg","type":"image\/jpeg"}],"author":"Eduardo Mart\u00ednez","twitter_card":"summary_large_image","twitter_creator":"@Notibras","twitter_site":"@Notibras","twitter_misc":{"Escrito por":"Eduardo Mart\u00ednez","Est. tempo de leitura":"3 minutos"},"schema":{"@context":"https:\/\/schema.org","@graph":[{"@type":"Article","@id":"https:\/\/www.notibras.com\/site\/portas-abertas-a-comunidade-com-fortalecimento-de-rede-de-apoio\/#article","isPartOf":{"@id":"https:\/\/www.notibras.com\/site\/portas-abertas-a-comunidade-com-fortalecimento-de-rede-de-apoio\/"},"author":{"name":"Eduardo Mart\u00ednez","@id":"https:\/\/www.notibras.com\/site\/#\/schema\/person\/5b7fabf2aedc3ada2105f03b22b4d3dd"},"headline":"Portas abertas \u00e0 comunidade com fortalecimento de rede de apoio","datePublished":"2026-05-01T03:30:30+00:00","mainEntityOfPage":{"@id":"https:\/\/www.notibras.com\/site\/portas-abertas-a-comunidade-com-fortalecimento-de-rede-de-apoio\/"},"wordCount":482,"publisher":{"@id":"https:\/\/www.notibras.com\/site\/#organization"},"image":{"@id":"https:\/\/www.notibras.com\/site\/portas-abertas-a-comunidade-com-fortalecimento-de-rede-de-apoio\/#primaryimage"},"thumbnailUrl":"https:\/\/www.notibras.com\/site\/wp-content\/uploads\/2026\/04\/image1-scaled.jpeg","articleSection":["Quadradinho em Foco"],"inLanguage":"pt-BR"},{"@type":"WebPage","@id":"https:\/\/www.notibras.com\/site\/portas-abertas-a-comunidade-com-fortalecimento-de-rede-de-apoio\/","url":"https:\/\/www.notibras.com\/site\/portas-abertas-a-comunidade-com-fortalecimento-de-rede-de-apoio\/","name":"Portas abertas \u00e0 comunidade com fortalecimento de rede de apoio - Notibras","isPartOf":{"@id":"https:\/\/www.notibras.com\/site\/#website"},"primaryImageOfPage":{"@id":"https:\/\/www.notibras.com\/site\/portas-abertas-a-comunidade-com-fortalecimento-de-rede-de-apoio\/#primaryimage"},"image":{"@id":"https:\/\/www.notibras.com\/site\/portas-abertas-a-comunidade-com-fortalecimento-de-rede-de-apoio\/#primaryimage"},"thumbnailUrl":"https:\/\/www.notibras.com\/site\/wp-content\/uploads\/2026\/04\/image1-scaled.jpeg","datePublished":"2026-05-01T03:30:30+00:00","breadcrumb":{"@id":"https:\/\/www.notibras.com\/site\/portas-abertas-a-comunidade-com-fortalecimento-de-rede-de-apoio\/#breadcrumb"},"inLanguage":"pt-BR","potentialAction":[{"@type":"ReadAction","target":["https:\/\/www.notibras.com\/site\/portas-abertas-a-comunidade-com-fortalecimento-de-rede-de-apoio\/"]}]},{"@type":"ImageObject","inLanguage":"pt-BR","@id":"https:\/\/www.notibras.com\/site\/portas-abertas-a-comunidade-com-fortalecimento-de-rede-de-apoio\/#primaryimage","url":"https:\/\/www.notibras.com\/site\/wp-content\/uploads\/2026\/04\/image1-scaled.jpeg","contentUrl":"https:\/\/www.notibras.com\/site\/wp-content\/uploads\/2026\/04\/image1-scaled.jpeg","width":2560,"height":1440},{"@type":"BreadcrumbList","@id":"https:\/\/www.notibras.com\/site\/portas-abertas-a-comunidade-com-fortalecimento-de-rede-de-apoio\/#breadcrumb","itemListElement":[{"@type":"ListItem","position":1,"name":"In\u00edcio","item":"https:\/\/www.notibras.com\/site\/"},{"@type":"ListItem","position":2,"name":"Portas abertas \u00e0 comunidade com fortalecimento de rede de apoio"}]},{"@type":"WebSite","@id":"https:\/\/www.notibras.com\/site\/#website","url":"https:\/\/www.notibras.com\/site\/","name":"Notibras","description":"Not\u00edcias de Bras\u00edlia, do Brasil e do Mundo","publisher":{"@id":"https:\/\/www.notibras.com\/site\/#organization"},"potentialAction":[{"@type":"SearchAction","target":{"@type":"EntryPoint","urlTemplate":"https:\/\/www.notibras.com\/site\/?s={search_term_string}"},"query-input":{"@type":"PropertyValueSpecification","valueRequired":true,"valueName":"search_term_string"}}],"inLanguage":"pt-BR"},{"@type":"Organization","@id":"https:\/\/www.notibras.com\/site\/#organization","name":"Grupo Notibras de Comunica\u00e7\u00e3o","url":"https:\/\/www.notibras.com\/site\/","logo":{"@type":"ImageObject","inLanguage":"pt-BR","@id":"https:\/\/www.notibras.com\/site\/#\/schema\/logo\/image\/","url":"https:\/\/www.notibras.com\/site\/wp-content\/uploads\/2023\/01\/notibras23.png","contentUrl":"https:\/\/www.notibras.com\/site\/wp-content\/uploads\/2023\/01\/notibras23.png","width":350,"height":87,"caption":"Grupo Notibras de Comunica\u00e7\u00e3o"},"image":{"@id":"https:\/\/www.notibras.com\/site\/#\/schema\/logo\/image\/"},"sameAs":["https:\/\/www.facebook.com\/notibras\/","https:\/\/x.com\/Notibras","https:\/\/www.instagram.com\/notibras\/"]},{"@type":"Person","@id":"https:\/\/www.notibras.com\/site\/#\/schema\/person\/5b7fabf2aedc3ada2105f03b22b4d3dd","name":"Eduardo Mart\u00ednez","image":{"@type":"ImageObject","inLanguage":"pt-BR","@id":"https:\/\/secure.gravatar.com\/avatar\/7902f906289926289cbcda644b5197c796b893c6ffd7b9a536a42d290f7704a0?s=96&d=mm&r=g","url":"https:\/\/secure.gravatar.com\/avatar\/7902f906289926289cbcda644b5197c796b893c6ffd7b9a536a42d290f7704a0?s=96&d=mm&r=g","contentUrl":"https:\/\/secure.gravatar.com\/avatar\/7902f906289926289cbcda644b5197c796b893c6ffd7b9a536a42d290f7704a0?s=96&d=mm&r=g","caption":"Eduardo Mart\u00ednez"}}]}},"amp_enabled":true,"_links":{"self":[{"href":"https:\/\/www.notibras.com\/site\/wp-json\/wp\/v2\/posts\/393154","targetHints":{"allow":["GET"]}}],"collection":[{"href":"https:\/\/www.notibras.com\/site\/wp-json\/wp\/v2\/posts"}],"about":[{"href":"https:\/\/www.notibras.com\/site\/wp-json\/wp\/v2\/types\/post"}],"author":[{"embeddable":true,"href":"https:\/\/www.notibras.com\/site\/wp-json\/wp\/v2\/users\/21"}],"replies":[{"embeddable":true,"href":"https:\/\/www.notibras.com\/site\/wp-json\/wp\/v2\/comments?post=393154"}],"version-history":[{"count":4,"href":"https:\/\/www.notibras.com\/site\/wp-json\/wp\/v2\/posts\/393154\/revisions"}],"predecessor-version":[{"id":393159,"href":"https:\/\/www.notibras.com\/site\/wp-json\/wp\/v2\/posts\/393154\/revisions\/393159"}],"wp:featuredmedia":[{"embeddable":true,"href":"https:\/\/www.notibras.com\/site\/wp-json\/wp\/v2\/media\/393155"}],"wp:attachment":[{"href":"https:\/\/www.notibras.com\/site\/wp-json\/wp\/v2\/media?parent=393154"}],"wp:term":[{"taxonomy":"category","embeddable":true,"href":"https:\/\/www.notibras.com\/site\/wp-json\/wp\/v2\/categories?post=393154"},{"taxonomy":"post_tag","embeddable":true,"href":"https:\/\/www.notibras.com\/site\/wp-json\/wp\/v2\/tags?post=393154"}],"curies":[{"name":"wp","href":"https:\/\/api.w.org\/{rel}","templated":true}]}}