{"id":393160,"date":"2026-05-01T00:15:04","date_gmt":"2026-05-01T03:15:04","guid":{"rendered":"https:\/\/www.notibras.com\/site\/?p=393160"},"modified":"2026-04-30T20:12:25","modified_gmt":"2026-04-30T23:12:25","slug":"forca-tarefa-de-orgaos-do-gdf-para-manutencao-urbana","status":"publish","type":"post","link":"https:\/\/www.notibras.com\/site\/forca-tarefa-de-orgaos-do-gdf-para-manutencao-urbana\/","title":{"rendered":"For\u00e7a-tarefa de \u00f3rg\u00e3os do GDF para manuten\u00e7\u00e3o urbana"},"content":{"rendered":"<p>A Administra\u00e7\u00e3o Regional de Ceil\u00e2ndia recebeu, entre os dias 24 e 30 de abril, uma for\u00e7a-tarefa de manuten\u00e7\u00e3o urbana em diferentes pontos da cidade. As a\u00e7\u00f5es ocorreram em parceria com a Novacap, o Servi\u00e7o de Limpeza Urbana (SLU-DF) e equipes do programa GDF Presente, com servi\u00e7os voltados \u00e0 zeladoria, infraestrutura, mobilidade e limpeza urbana.<\/p>\n<p>Na \u00e1rea de lazer, foram executados servi\u00e7os de manuten\u00e7\u00e3o em gangorras e balan\u00e7os, al\u00e9m de capina no parquinho da EQNN 4\/6. Tamb\u00e9m houve retirada de equipamentos nas EQNN 4\/6 e 18\/20 para manuten\u00e7\u00e3o especializada. Na Pra\u00e7a dos Eucaliptos, foram instalados bancos de concreto e entregues postes para a quadra de t\u00eanis, ampliando a estrutura dispon\u00edvel para a popula\u00e7\u00e3o.<\/p>\n<p>As equipes da Diretoria de Obras (Dirob), com apoio do Polo Oeste, trabalharam em a\u00e7\u00f5es de urbaniza\u00e7\u00e3o e acessibilidade. Entre os servi\u00e7os realizados est\u00e3o a constru\u00e7\u00e3o de cal\u00e7adas na pra\u00e7a p\u00fablica da EQNO 3\/5, no Setor O, e a continuidade dos reparos nas cal\u00e7adas da Feira Permanente, na CNM 2. No local, tamb\u00e9m foram promovidas a\u00e7\u00f5es de limpeza, implanta\u00e7\u00e3o de meio-fio e amplia\u00e7\u00e3o da rede de capta\u00e7\u00e3o de \u00e1guas pluviais, com apoio da Novacap.<\/p>\n<p>Na \u00e1rea de mobilidade urbana, diversas frentes de recupera\u00e7\u00e3o asf\u00e1ltica atenderam vias estrat\u00e9gicas de Ceil\u00e2ndia, como QNO 13, QNO 17, Via H\u00e9lio Prates, vias NM3 e N3 Norte, al\u00e9m da EQNN 21\/23 e M3 Sul. Os trabalhos foram executados por equipes da Novacap e da Ger\u00eancia de Obras (Geob), vinculada \u00e0 administra\u00e7\u00e3o regional. Ao todo, mais de 40 toneladas de massa asf\u00e1ltica foram utilizadas nas opera\u00e7\u00f5es.<\/p>\n<p>As a\u00e7\u00f5es de limpeza urbana tamb\u00e9m ganharam refor\u00e7o, com remo\u00e7\u00e3o de entulho em \u00e1reas cr\u00edticas, como QNO 03, QNM 16, Via O-4 e EQNO 01\/03. Somadas, as opera\u00e7\u00f5es retiraram mais de 60 toneladas de res\u00edduos descartados irregularmente. Al\u00e9m da limpeza, houve instala\u00e7\u00e3o de placas alertando para a proibi\u00e7\u00e3o de descarte de entulhos no local e recupera\u00e7\u00e3o de \u00e1rea degradada na QNM 16.<\/p>\n<p>Outras interven\u00e7\u00f5es inclu\u00edram implanta\u00e7\u00e3o de bases para estacionamento no Setor O, com trechos de at\u00e9 50 metros, constru\u00e7\u00e3o de retorno vi\u00e1rio na Via O-4 e recupera\u00e7\u00e3o de eros\u00f5es e assoreamentos em regi\u00f5es como a EQNP 08\/12, com atua\u00e7\u00e3o conjunta das equipes do GDF Presente e Polo Oeste II.<\/p>\n<p>Tamb\u00e9m foram executados servi\u00e7os de manuten\u00e7\u00e3o na rede de drenagem, com reposi\u00e7\u00e3o de tampas e reparos em bocas de lobo e po\u00e7os de visita em diversas quadras, contribuindo para prevenir alagamentos e ampliar a seguran\u00e7a da popula\u00e7\u00e3o durante o per\u00edodo chuvoso.<\/p>\n<p>Segundo o administrador regional de Ceil\u00e2ndia, Jo\u00e3o Marcelo Ferreira de Souza, o trabalho integrado entre os \u00f3rg\u00e3os do Governo do Distrito Federal tem garantido mais agilidade na execu\u00e7\u00e3o das demandas urbanas.<\/p>\n<p>\u201cEssa for\u00e7a-tarefa demonstra o compromisso do Governo do Distrito Federal em cuidar da cidade de forma permanente. Estamos atuando em diferentes frentes para melhorar a infraestrutura, recuperar espa\u00e7os p\u00fablicos e oferecer mais qualidade de vida para a popula\u00e7\u00e3o de Ceil\u00e2ndia\u201d, afirmou.<\/p>\n<p>\u201cA atua\u00e7\u00e3o integrada entre os \u00f3rg\u00e3os do GDF tem sido fundamental para dar mais agilidade e efici\u00eancia \u00e0s a\u00e7\u00f5es de manuten\u00e7\u00e3o urbana. A Novacap segue contribuindo com servi\u00e7os essenciais, especialmente na recupera\u00e7\u00e3o vi\u00e1ria e na drenagem, garantindo melhores condi\u00e7\u00f5es de mobilidade e mais seguran\u00e7a para a popula\u00e7\u00e3o de Ceil\u00e2ndia\u201d, completou Raimundo Silva, diretor de Cidades da Novacap.<\/p>\n","protected":false},"excerpt":{"rendered":"<p>A Administra\u00e7\u00e3o Regional de Ceil\u00e2ndia recebeu, entre os dias 24 e 30 de abril, uma for\u00e7a-tarefa de manuten\u00e7\u00e3o urbana em diferentes pontos da cidade. As a\u00e7\u00f5es ocorreram em parceria com a Novacap, o Servi\u00e7o de Limpeza Urbana (SLU-DF) e equipes do programa GDF Presente, com servi\u00e7os voltados \u00e0 zeladoria, infraestrutura, mobilidade e limpeza urbana. Na [&hellip;]<\/p>\n","protected":false},"author":21,"featured_media":393161,"comment_status":"closed","ping_status":"closed","sticky":false,"template":"","format":"standard","meta":{"_acf_changed":false,"footnotes":""},"categories":[161],"tags":[],"class_list":["post-393160","post","type-post","status-publish","format-standard","has-post-thumbnail","hentry","category-quadradinho-em-foco"],"acf":[],"yoast_head":"<!-- This site is optimized with the Yoast SEO plugin v27.2 - https:\/\/yoast.com\/product\/yoast-seo-wordpress\/ -->\n<title>For\u00e7a-tarefa de \u00f3rg\u00e3os do GDF para manuten\u00e7\u00e3o urbana - Notibras<\/title>\n<meta name=\"robots\" content=\"index, follow, max-snippet:-1, max-image-preview:large, max-video-preview:-1\" \/>\n<link rel=\"canonical\" href=\"https:\/\/www.notibras.com\/site\/forca-tarefa-de-orgaos-do-gdf-para-manutencao-urbana\/\" \/>\n<meta property=\"og:locale\" content=\"pt_BR\" \/>\n<meta property=\"og:type\" content=\"article\" \/>\n<meta property=\"og:title\" content=\"For\u00e7a-tarefa de \u00f3rg\u00e3os do GDF para manuten\u00e7\u00e3o urbana - Notibras\" \/>\n<meta property=\"og:description\" content=\"A Administra\u00e7\u00e3o Regional de Ceil\u00e2ndia recebeu, entre os dias 24 e 30 de abril, uma for\u00e7a-tarefa de manuten\u00e7\u00e3o urbana em diferentes pontos da cidade. As a\u00e7\u00f5es ocorreram em parceria com a Novacap, o Servi\u00e7o de Limpeza Urbana (SLU-DF) e equipes do programa GDF Presente, com servi\u00e7os voltados \u00e0 zeladoria, infraestrutura, mobilidade e limpeza urbana. Na [&hellip;]\" \/>\n<meta property=\"og:url\" content=\"https:\/\/www.notibras.com\/site\/forca-tarefa-de-orgaos-do-gdf-para-manutencao-urbana\/\" \/>\n<meta property=\"og:site_name\" content=\"Notibras\" \/>\n<meta property=\"article:publisher\" content=\"https:\/\/www.facebook.com\/notibras\/\" \/>\n<meta property=\"article:published_time\" content=\"2026-05-01T03:15:04+00:00\" \/>\n<meta property=\"og:image\" content=\"https:\/\/www.notibras.com\/site\/wp-content\/uploads\/2026\/04\/07333dd8-b9ec-4aef-81ce-5f576227ea61-1-scaled.jpeg\" \/>\n\t<meta property=\"og:image:width\" content=\"2560\" \/>\n\t<meta property=\"og:image:height\" content=\"1920\" \/>\n\t<meta property=\"og:image:type\" content=\"image\/jpeg\" \/>\n<meta name=\"author\" content=\"Eduardo Mart\u00ednez\" \/>\n<meta name=\"twitter:card\" content=\"summary_large_image\" \/>\n<meta name=\"twitter:creator\" content=\"@Notibras\" \/>\n<meta name=\"twitter:site\" content=\"@Notibras\" \/>\n<meta name=\"twitter:label1\" content=\"Escrito por\" \/>\n\t<meta name=\"twitter:data1\" content=\"Eduardo Mart\u00ednez\" \/>\n\t<meta name=\"twitter:label2\" content=\"Est. tempo de leitura\" \/>\n\t<meta name=\"twitter:data2\" content=\"4 minutos\" \/>\n<script type=\"application\/ld+json\" class=\"yoast-schema-graph\">{\"@context\":\"https:\/\/schema.org\",\"@graph\":[{\"@type\":\"Article\",\"@id\":\"https:\/\/www.notibras.com\/site\/forca-tarefa-de-orgaos-do-gdf-para-manutencao-urbana\/#article\",\"isPartOf\":{\"@id\":\"https:\/\/www.notibras.com\/site\/forca-tarefa-de-orgaos-do-gdf-para-manutencao-urbana\/\"},\"author\":{\"name\":\"Eduardo Mart\u00ednez\",\"@id\":\"https:\/\/www.notibras.com\/site\/#\/schema\/person\/5b7fabf2aedc3ada2105f03b22b4d3dd\"},\"headline\":\"For\u00e7a-tarefa de \u00f3rg\u00e3os do GDF para manuten\u00e7\u00e3o urbana\",\"datePublished\":\"2026-05-01T03:15:04+00:00\",\"mainEntityOfPage\":{\"@id\":\"https:\/\/www.notibras.com\/site\/forca-tarefa-de-orgaos-do-gdf-para-manutencao-urbana\/\"},\"wordCount\":613,\"publisher\":{\"@id\":\"https:\/\/www.notibras.com\/site\/#organization\"},\"image\":{\"@id\":\"https:\/\/www.notibras.com\/site\/forca-tarefa-de-orgaos-do-gdf-para-manutencao-urbana\/#primaryimage\"},\"thumbnailUrl\":\"https:\/\/www.notibras.com\/site\/wp-content\/uploads\/2026\/04\/07333dd8-b9ec-4aef-81ce-5f576227ea61-1-scaled.jpeg\",\"articleSection\":[\"Quadradinho em Foco\"],\"inLanguage\":\"pt-BR\"},{\"@type\":\"WebPage\",\"@id\":\"https:\/\/www.notibras.com\/site\/forca-tarefa-de-orgaos-do-gdf-para-manutencao-urbana\/\",\"url\":\"https:\/\/www.notibras.com\/site\/forca-tarefa-de-orgaos-do-gdf-para-manutencao-urbana\/\",\"name\":\"For\u00e7a-tarefa de \u00f3rg\u00e3os do GDF para manuten\u00e7\u00e3o urbana - Notibras\",\"isPartOf\":{\"@id\":\"https:\/\/www.notibras.com\/site\/#website\"},\"primaryImageOfPage\":{\"@id\":\"https:\/\/www.notibras.com\/site\/forca-tarefa-de-orgaos-do-gdf-para-manutencao-urbana\/#primaryimage\"},\"image\":{\"@id\":\"https:\/\/www.notibras.com\/site\/forca-tarefa-de-orgaos-do-gdf-para-manutencao-urbana\/#primaryimage\"},\"thumbnailUrl\":\"https:\/\/www.notibras.com\/site\/wp-content\/uploads\/2026\/04\/07333dd8-b9ec-4aef-81ce-5f576227ea61-1-scaled.jpeg\",\"datePublished\":\"2026-05-01T03:15:04+00:00\",\"breadcrumb\":{\"@id\":\"https:\/\/www.notibras.com\/site\/forca-tarefa-de-orgaos-do-gdf-para-manutencao-urbana\/#breadcrumb\"},\"inLanguage\":\"pt-BR\",\"potentialAction\":[{\"@type\":\"ReadAction\",\"target\":[\"https:\/\/www.notibras.com\/site\/forca-tarefa-de-orgaos-do-gdf-para-manutencao-urbana\/\"]}]},{\"@type\":\"ImageObject\",\"inLanguage\":\"pt-BR\",\"@id\":\"https:\/\/www.notibras.com\/site\/forca-tarefa-de-orgaos-do-gdf-para-manutencao-urbana\/#primaryimage\",\"url\":\"https:\/\/www.notibras.com\/site\/wp-content\/uploads\/2026\/04\/07333dd8-b9ec-4aef-81ce-5f576227ea61-1-scaled.jpeg\",\"contentUrl\":\"https:\/\/www.notibras.com\/site\/wp-content\/uploads\/2026\/04\/07333dd8-b9ec-4aef-81ce-5f576227ea61-1-scaled.jpeg\",\"width\":2560,\"height\":1920},{\"@type\":\"BreadcrumbList\",\"@id\":\"https:\/\/www.notibras.com\/site\/forca-tarefa-de-orgaos-do-gdf-para-manutencao-urbana\/#breadcrumb\",\"itemListElement\":[{\"@type\":\"ListItem\",\"position\":1,\"name\":\"In\u00edcio\",\"item\":\"https:\/\/www.notibras.com\/site\/\"},{\"@type\":\"ListItem\",\"position\":2,\"name\":\"For\u00e7a-tarefa de \u00f3rg\u00e3os do GDF para manuten\u00e7\u00e3o urbana\"}]},{\"@type\":\"WebSite\",\"@id\":\"https:\/\/www.notibras.com\/site\/#website\",\"url\":\"https:\/\/www.notibras.com\/site\/\",\"name\":\"Notibras\",\"description\":\"Not\u00edcias de Bras\u00edlia, do Brasil e do Mundo\",\"publisher\":{\"@id\":\"https:\/\/www.notibras.com\/site\/#organization\"},\"potentialAction\":[{\"@type\":\"SearchAction\",\"target\":{\"@type\":\"EntryPoint\",\"urlTemplate\":\"https:\/\/www.notibras.com\/site\/?s={search_term_string}\"},\"query-input\":{\"@type\":\"PropertyValueSpecification\",\"valueRequired\":true,\"valueName\":\"search_term_string\"}}],\"inLanguage\":\"pt-BR\"},{\"@type\":\"Organization\",\"@id\":\"https:\/\/www.notibras.com\/site\/#organization\",\"name\":\"Grupo Notibras de Comunica\u00e7\u00e3o\",\"url\":\"https:\/\/www.notibras.com\/site\/\",\"logo\":{\"@type\":\"ImageObject\",\"inLanguage\":\"pt-BR\",\"@id\":\"https:\/\/www.notibras.com\/site\/#\/schema\/logo\/image\/\",\"url\":\"https:\/\/www.notibras.com\/site\/wp-content\/uploads\/2023\/01\/notibras23.png\",\"contentUrl\":\"https:\/\/www.notibras.com\/site\/wp-content\/uploads\/2023\/01\/notibras23.png\",\"width\":350,\"height\":87,\"caption\":\"Grupo Notibras de Comunica\u00e7\u00e3o\"},\"image\":{\"@id\":\"https:\/\/www.notibras.com\/site\/#\/schema\/logo\/image\/\"},\"sameAs\":[\"https:\/\/www.facebook.com\/notibras\/\",\"https:\/\/x.com\/Notibras\",\"https:\/\/www.instagram.com\/notibras\/\"]},{\"@type\":\"Person\",\"@id\":\"https:\/\/www.notibras.com\/site\/#\/schema\/person\/5b7fabf2aedc3ada2105f03b22b4d3dd\",\"name\":\"Eduardo Mart\u00ednez\",\"image\":{\"@type\":\"ImageObject\",\"inLanguage\":\"pt-BR\",\"@id\":\"https:\/\/secure.gravatar.com\/avatar\/7902f906289926289cbcda644b5197c796b893c6ffd7b9a536a42d290f7704a0?s=96&d=mm&r=g\",\"url\":\"https:\/\/secure.gravatar.com\/avatar\/7902f906289926289cbcda644b5197c796b893c6ffd7b9a536a42d290f7704a0?s=96&d=mm&r=g\",\"contentUrl\":\"https:\/\/secure.gravatar.com\/avatar\/7902f906289926289cbcda644b5197c796b893c6ffd7b9a536a42d290f7704a0?s=96&d=mm&r=g\",\"caption\":\"Eduardo Mart\u00ednez\"}}]}<\/script>\n<!-- \/ Yoast SEO plugin. -->","yoast_head_json":{"title":"For\u00e7a-tarefa de \u00f3rg\u00e3os do GDF para manuten\u00e7\u00e3o urbana - Notibras","robots":{"index":"index","follow":"follow","max-snippet":"max-snippet:-1","max-image-preview":"max-image-preview:large","max-video-preview":"max-video-preview:-1"},"canonical":"https:\/\/www.notibras.com\/site\/forca-tarefa-de-orgaos-do-gdf-para-manutencao-urbana\/","og_locale":"pt_BR","og_type":"article","og_title":"For\u00e7a-tarefa de \u00f3rg\u00e3os do GDF para manuten\u00e7\u00e3o urbana - Notibras","og_description":"A Administra\u00e7\u00e3o Regional de Ceil\u00e2ndia recebeu, entre os dias 24 e 30 de abril, uma for\u00e7a-tarefa de manuten\u00e7\u00e3o urbana em diferentes pontos da cidade. As a\u00e7\u00f5es ocorreram em parceria com a Novacap, o Servi\u00e7o de Limpeza Urbana (SLU-DF) e equipes do programa GDF Presente, com servi\u00e7os voltados \u00e0 zeladoria, infraestrutura, mobilidade e limpeza urbana. Na [&hellip;]","og_url":"https:\/\/www.notibras.com\/site\/forca-tarefa-de-orgaos-do-gdf-para-manutencao-urbana\/","og_site_name":"Notibras","article_publisher":"https:\/\/www.facebook.com\/notibras\/","article_published_time":"2026-05-01T03:15:04+00:00","og_image":[{"width":2560,"height":1920,"url":"https:\/\/www.notibras.com\/site\/wp-content\/uploads\/2026\/04\/07333dd8-b9ec-4aef-81ce-5f576227ea61-1-scaled.jpeg","type":"image\/jpeg"}],"author":"Eduardo Mart\u00ednez","twitter_card":"summary_large_image","twitter_creator":"@Notibras","twitter_site":"@Notibras","twitter_misc":{"Escrito por":"Eduardo Mart\u00ednez","Est. tempo de leitura":"4 minutos"},"schema":{"@context":"https:\/\/schema.org","@graph":[{"@type":"Article","@id":"https:\/\/www.notibras.com\/site\/forca-tarefa-de-orgaos-do-gdf-para-manutencao-urbana\/#article","isPartOf":{"@id":"https:\/\/www.notibras.com\/site\/forca-tarefa-de-orgaos-do-gdf-para-manutencao-urbana\/"},"author":{"name":"Eduardo Mart\u00ednez","@id":"https:\/\/www.notibras.com\/site\/#\/schema\/person\/5b7fabf2aedc3ada2105f03b22b4d3dd"},"headline":"For\u00e7a-tarefa de \u00f3rg\u00e3os do GDF para manuten\u00e7\u00e3o urbana","datePublished":"2026-05-01T03:15:04+00:00","mainEntityOfPage":{"@id":"https:\/\/www.notibras.com\/site\/forca-tarefa-de-orgaos-do-gdf-para-manutencao-urbana\/"},"wordCount":613,"publisher":{"@id":"https:\/\/www.notibras.com\/site\/#organization"},"image":{"@id":"https:\/\/www.notibras.com\/site\/forca-tarefa-de-orgaos-do-gdf-para-manutencao-urbana\/#primaryimage"},"thumbnailUrl":"https:\/\/www.notibras.com\/site\/wp-content\/uploads\/2026\/04\/07333dd8-b9ec-4aef-81ce-5f576227ea61-1-scaled.jpeg","articleSection":["Quadradinho em Foco"],"inLanguage":"pt-BR"},{"@type":"WebPage","@id":"https:\/\/www.notibras.com\/site\/forca-tarefa-de-orgaos-do-gdf-para-manutencao-urbana\/","url":"https:\/\/www.notibras.com\/site\/forca-tarefa-de-orgaos-do-gdf-para-manutencao-urbana\/","name":"For\u00e7a-tarefa de \u00f3rg\u00e3os do GDF para manuten\u00e7\u00e3o urbana - Notibras","isPartOf":{"@id":"https:\/\/www.notibras.com\/site\/#website"},"primaryImageOfPage":{"@id":"https:\/\/www.notibras.com\/site\/forca-tarefa-de-orgaos-do-gdf-para-manutencao-urbana\/#primaryimage"},"image":{"@id":"https:\/\/www.notibras.com\/site\/forca-tarefa-de-orgaos-do-gdf-para-manutencao-urbana\/#primaryimage"},"thumbnailUrl":"https:\/\/www.notibras.com\/site\/wp-content\/uploads\/2026\/04\/07333dd8-b9ec-4aef-81ce-5f576227ea61-1-scaled.jpeg","datePublished":"2026-05-01T03:15:04+00:00","breadcrumb":{"@id":"https:\/\/www.notibras.com\/site\/forca-tarefa-de-orgaos-do-gdf-para-manutencao-urbana\/#breadcrumb"},"inLanguage":"pt-BR","potentialAction":[{"@type":"ReadAction","target":["https:\/\/www.notibras.com\/site\/forca-tarefa-de-orgaos-do-gdf-para-manutencao-urbana\/"]}]},{"@type":"ImageObject","inLanguage":"pt-BR","@id":"https:\/\/www.notibras.com\/site\/forca-tarefa-de-orgaos-do-gdf-para-manutencao-urbana\/#primaryimage","url":"https:\/\/www.notibras.com\/site\/wp-content\/uploads\/2026\/04\/07333dd8-b9ec-4aef-81ce-5f576227ea61-1-scaled.jpeg","contentUrl":"https:\/\/www.notibras.com\/site\/wp-content\/uploads\/2026\/04\/07333dd8-b9ec-4aef-81ce-5f576227ea61-1-scaled.jpeg","width":2560,"height":1920},{"@type":"BreadcrumbList","@id":"https:\/\/www.notibras.com\/site\/forca-tarefa-de-orgaos-do-gdf-para-manutencao-urbana\/#breadcrumb","itemListElement":[{"@type":"ListItem","position":1,"name":"In\u00edcio","item":"https:\/\/www.notibras.com\/site\/"},{"@type":"ListItem","position":2,"name":"For\u00e7a-tarefa de \u00f3rg\u00e3os do GDF para manuten\u00e7\u00e3o urbana"}]},{"@type":"WebSite","@id":"https:\/\/www.notibras.com\/site\/#website","url":"https:\/\/www.notibras.com\/site\/","name":"Notibras","description":"Not\u00edcias de Bras\u00edlia, do Brasil e do Mundo","publisher":{"@id":"https:\/\/www.notibras.com\/site\/#organization"},"potentialAction":[{"@type":"SearchAction","target":{"@type":"EntryPoint","urlTemplate":"https:\/\/www.notibras.com\/site\/?s={search_term_string}"},"query-input":{"@type":"PropertyValueSpecification","valueRequired":true,"valueName":"search_term_string"}}],"inLanguage":"pt-BR"},{"@type":"Organization","@id":"https:\/\/www.notibras.com\/site\/#organization","name":"Grupo Notibras de Comunica\u00e7\u00e3o","url":"https:\/\/www.notibras.com\/site\/","logo":{"@type":"ImageObject","inLanguage":"pt-BR","@id":"https:\/\/www.notibras.com\/site\/#\/schema\/logo\/image\/","url":"https:\/\/www.notibras.com\/site\/wp-content\/uploads\/2023\/01\/notibras23.png","contentUrl":"https:\/\/www.notibras.com\/site\/wp-content\/uploads\/2023\/01\/notibras23.png","width":350,"height":87,"caption":"Grupo Notibras de Comunica\u00e7\u00e3o"},"image":{"@id":"https:\/\/www.notibras.com\/site\/#\/schema\/logo\/image\/"},"sameAs":["https:\/\/www.facebook.com\/notibras\/","https:\/\/x.com\/Notibras","https:\/\/www.instagram.com\/notibras\/"]},{"@type":"Person","@id":"https:\/\/www.notibras.com\/site\/#\/schema\/person\/5b7fabf2aedc3ada2105f03b22b4d3dd","name":"Eduardo Mart\u00ednez","image":{"@type":"ImageObject","inLanguage":"pt-BR","@id":"https:\/\/secure.gravatar.com\/avatar\/7902f906289926289cbcda644b5197c796b893c6ffd7b9a536a42d290f7704a0?s=96&d=mm&r=g","url":"https:\/\/secure.gravatar.com\/avatar\/7902f906289926289cbcda644b5197c796b893c6ffd7b9a536a42d290f7704a0?s=96&d=mm&r=g","contentUrl":"https:\/\/secure.gravatar.com\/avatar\/7902f906289926289cbcda644b5197c796b893c6ffd7b9a536a42d290f7704a0?s=96&d=mm&r=g","caption":"Eduardo Mart\u00ednez"}}]}},"amp_enabled":true,"_links":{"self":[{"href":"https:\/\/www.notibras.com\/site\/wp-json\/wp\/v2\/posts\/393160","targetHints":{"allow":["GET"]}}],"collection":[{"href":"https:\/\/www.notibras.com\/site\/wp-json\/wp\/v2\/posts"}],"about":[{"href":"https:\/\/www.notibras.com\/site\/wp-json\/wp\/v2\/types\/post"}],"author":[{"embeddable":true,"href":"https:\/\/www.notibras.com\/site\/wp-json\/wp\/v2\/users\/21"}],"replies":[{"embeddable":true,"href":"https:\/\/www.notibras.com\/site\/wp-json\/wp\/v2\/comments?post=393160"}],"version-history":[{"count":1,"href":"https:\/\/www.notibras.com\/site\/wp-json\/wp\/v2\/posts\/393160\/revisions"}],"predecessor-version":[{"id":393162,"href":"https:\/\/www.notibras.com\/site\/wp-json\/wp\/v2\/posts\/393160\/revisions\/393162"}],"wp:featuredmedia":[{"embeddable":true,"href":"https:\/\/www.notibras.com\/site\/wp-json\/wp\/v2\/media\/393161"}],"wp:attachment":[{"href":"https:\/\/www.notibras.com\/site\/wp-json\/wp\/v2\/media?parent=393160"}],"wp:term":[{"taxonomy":"category","embeddable":true,"href":"https:\/\/www.notibras.com\/site\/wp-json\/wp\/v2\/categories?post=393160"},{"taxonomy":"post_tag","embeddable":true,"href":"https:\/\/www.notibras.com\/site\/wp-json\/wp\/v2\/tags?post=393160"}],"curies":[{"name":"wp","href":"https:\/\/api.w.org\/{rel}","templated":true}]}}