{"id":393184,"date":"2026-05-03T01:15:47","date_gmt":"2026-05-03T04:15:47","guid":{"rendered":"https:\/\/www.notibras.com\/site\/?p=393184"},"modified":"2026-04-30T21:10:58","modified_gmt":"2026-05-01T00:10:58","slug":"auta-de-souza-a-estrela-solitaria-do-serido","status":"publish","type":"post","link":"https:\/\/www.notibras.com\/site\/auta-de-souza-a-estrela-solitaria-do-serido\/","title":{"rendered":"Auta de Souza, a Estrela Solit\u00e1ria do Serid\u00f3"},"content":{"rendered":"<p>A retratada de hoje em O Lado B da Literatura \u00e9 Auta de Souza. Nascida em Maca\u00edba, no Rio Grande do Norte, em 12 de setembro de 1876, ela atravessou o firmamento das letras brasileiras como um cometa breve, por\u00e9m de brilho intensamente m\u00edstico e puramente crist\u00e3o.<\/p>\n<p>Sua trajet\u00f3ria \u00e9 o pr\u00f3prio retrato da segunda gera\u00e7\u00e3o rom\u00e2ntica, o ultrarromantismo, onde a melancolia e o &#8220;Mal do S\u00e9culo&#8221; n\u00e3o eram apenas figuras de linguagem, mas a realidade de uma vida marcada por perdas precoces. Auta escreveu versos de alto valor est\u00e9tico que fundiam a sensibilidade rom\u00e2ntica a sutis influ\u00eancias simbolistas.<\/p>\n<p>A inf\u00e2ncia da poetisa foi forjada no fogo da trag\u00e9dia. Aos tr\u00eas anos, a tuberculose levou sua m\u00e3e, Henriqueta, de apenas 27 anos; no ano seguinte, a mesma doen\u00e7a vitimou seu pai, El\u00f3i, aos 38. \u00d3rf\u00e3, foi acolhida por sua av\u00f3 materna, a carinhosa &#8220;Dindinha&#8221;, em uma ch\u00e1cara no Recife.<\/p>\n<p>Mesmo sendo analfabeta, Dindinha garantiu que Auta e seus irm\u00e3os tivessem o que havia de melhor na educa\u00e7\u00e3o. Aos onze anos, a menina ingressou no Col\u00e9gio S\u00e3o Vicente de Paula, onde freiras francesas abriram as portas para o dom\u00ednio do franc\u00eas, do ingl\u00eas e da m\u00fasica.<\/p>\n<p>A forma\u00e7\u00e3o de Auta de Souza foi profundamente refinada, permitindo-lhe ler no original g\u00eanios como Victor Hugo e Lamartine. Contudo, aos doze anos, a morte voltou a visit\u00e1-la quando seu irm\u00e3o mais novo, Irineu, faleceu em decorr\u00eancia da explos\u00e3o acidental de um candeeiro.<\/p>\n<p>Aos quatorze anos, a pr\u00f3pria Auta recebeu o diagn\u00f3stico que selaria seu destino: a tuberculose. Obrigada a abandonar a escola, ela n\u00e3o permitiu que o corpo enfermo silenciasse sua mente, tornando-se uma autodidata fervorosa e mantendo sua conex\u00e3o com a Pia Uni\u00e3o das Filhas de Maria.<\/p>\n<p>Sua vida liter\u00e1ria floresceu aos dezesseis anos. Apesar da sa\u00fade fr\u00e1gil, ela frequentava o Club do Biscoito, onde a juventude potiguar se reunia para recitar Casimiro de Abreu e Castro Alves, integrando-se ao efervescente cen\u00e1rio intelectual da \u00e9poca.<\/p>\n<p>No ano de 1895, o destino parecia lhe sorrir atrav\u00e9s de Jo\u00e3o Leopoldo da Silva Loureiro, um promotor p\u00fablico com quem viveu um namoro de um ano. Contudo, a preocupa\u00e7\u00e3o dos irm\u00e3os com sua sa\u00fade for\u00e7ou uma separa\u00e7\u00e3o dolorosa; Jo\u00e3o tamb\u00e9m morreria pouco depois, v\u00edtima da mesma tuberculose.<\/p>\n<p>Essa frustra\u00e7\u00e3o amorosa tornou-se o pilar final de sua obra, unindo-se \u00e0 religiosidade, \u00e0 orfandade e ao luto familiar. Desse caldo de sentimentos profundos nasceu Horto, seu \u00fanico livro publicado em vida, em 1900, com o prestigiado pref\u00e1cio de Olavo Bilac.<\/p>\n<p>A cr\u00edtica de sua \u00e9poca e os estudiosos posteriores foram un\u00e2nimes em exaltar sua pureza. C\u00e2mara Cascudo a definiu como &#8220;a maior poetisa m\u00edstica do Brasil&#8221;, enquanto Alceu Amoroso Lima afirmou que ela viveu em um constante &#8220;estado de gra\u00e7a&#8221;.<\/p>\n<p>Auta de Souza rompeu as barreiras do preconceito de g\u00eanero no jornalismo liter\u00e1rio, sendo a \u00fanica mulher a colaborar na Revista do Rio Grande do Norte. Seus versos circulavam profissionalmente em jornais de Natal e at\u00e9 do Rio de Janeiro, vencendo a resist\u00eancia dos c\u00edrculos masculinos.<\/p>\n<p>Sua morte ocorreu em 7 de fevereiro de 1901, em Natal, quando contava apenas 24 anos. Inicialmente sepultada no Alecrim, seus restos mortais descansam hoje na Igreja de Nossa Senhora da Concei\u00e7\u00e3o, em sua Maca\u00edba natal, sob um epit\u00e1fio que resume sua alma: &#8220;Quem sofreu muito e quem amou demais&#8221;.<\/p>\n<p>O legado de Auta expandiu-se para al\u00e9m do papel. Catorze de seus poemas foram musicados por artistas regionais e transmitidos por tradi\u00e7\u00e3o oral na forma de modinhas, encantando at\u00e9 mesmo M\u00e1rio de Andrade durante suas viagens pelo Nordeste na d\u00e9cada de vinte.<\/p>\n<p>Na posteridade, sua obra continuou a crescer. Em 1936, a Academia Norte-Riograndense de Letras dedicou-lhe a poltrona XX. Mais recentemente, em 2021, o Senado Federal publicou o manuscrito integral de D\u00e1lias, respeitando a organiza\u00e7\u00e3o original que a autora planejara antes de Horto.<\/p>\n<p>A figura de Auta de Souza tamb\u00e9m encontrou eco no espiritismo. O m\u00e9dium Chico Xavier psicografou sonetos atribu\u00eddos ao seu esp\u00edrito em obras como Parnaso de Al\u00e9m-T\u00famulo, gerando debates intensos sobre a perfei\u00e7\u00e3o t\u00e9cnica e estil\u00edstica desses textos em rela\u00e7\u00e3o aos originais da poetisa.<\/p>\n<p>Seja pela an\u00e1lise acad\u00eamica ou pela f\u00e9, a presen\u00e7a de Auta permanece viva. Centenas de centros esp\u00edritas e institui\u00e7\u00f5es de caridade adotam seu nome como s\u00edmbolo de aux\u00edlio e fraternidade, honrando sua natureza devota e altru\u00edsta.<\/p>\n<p>Em 2008, o document\u00e1rio &#8220;Noite Auta, C\u00e9u Risonho&#8221; resgatou sua hist\u00f3ria para as novas gera\u00e7\u00f5es, filmado entre as cidades que compuseram sua geografia sentimental: Maca\u00edba, Recife e Natal. A obra destaca a import\u00e2ncia de sua voz solit\u00e1ria no pante\u00e3o da poesia cat\u00f3lica.<\/p>\n<p>Auta de Souza foi uma mulher que escreveu profissionalmente em uma sociedade que ignorava escritoras, tornando-se a poetisa potiguar mais conhecida fora de seu estado. Sua coragem em expressar a f\u00e9 e a dor abriu caminhos para a sensibilidade feminina nas letras brasileiras.<\/p>\n<p>Seus versos, como os de &#8220;Rezando&#8221; ou &#8220;Caminho do Sert\u00e3o&#8221;, continuam a ecoar. Ela permanece como um dos altos mais puros e solit\u00e1rios da nossa literatura, uma alma que transformou a agonia f\u00edsica em uma est\u00e9tica de luz e transcend\u00eancia.<\/p>\n<p>Relembrar Auta de Souza \u00e9 reconhecer que a beleza pode florescer mesmo nos solos mais \u00e1ridos da exist\u00eancia. Sua vida curta foi uma li\u00e7\u00e3o de resili\u00eancia e arte, garantindo que o seu nome nunca seja esquecido por aqueles que amam a verdadeira poesia.<\/p>\n<p>Que a leitura de seus versos continue a nos transportar, assim como as modinhas ouvidas por M\u00e1rio de Andrade, para um lugar onde a boca da noite se abre sem que a gente sinta, sob a prote\u00e7\u00e3o de sua m\u00edstica eterna.<\/p>\n<p>\u2026\u2026\u2026\u2026\u2026\u2026\u2026\u2026..<\/p>\n<p><strong>Cassiano Cond\u00e9, 82, ga\u00facho, deixou de teclar reportagens nas reda\u00e7\u00f5es por onde passou. Agora finca os p\u00e9s nas areias da Praia do Cassino, em Rio Grande, onde extrai p\u00e9rolas que se transformam em cr\u00f4nicas.<\/strong><\/p>\n","protected":false},"excerpt":{"rendered":"<p>A retratada de hoje em O Lado B da Literatura \u00e9 Auta de Souza. Nascida em Maca\u00edba, no Rio Grande do Norte, em 12 de setembro de 1876, ela atravessou o firmamento das letras brasileiras como um cometa breve, por\u00e9m de brilho intensamente m\u00edstico e puramente crist\u00e3o. Sua trajet\u00f3ria \u00e9 o pr\u00f3prio retrato da segunda [&hellip;]<\/p>\n","protected":false},"author":21,"featured_media":393185,"comment_status":"closed","ping_status":"closed","sticky":false,"template":"","format":"standard","meta":{"_acf_changed":false,"footnotes":""},"categories":[234],"tags":[],"class_list":["post-393184","post","type-post","status-publish","format-standard","has-post-thumbnail","hentry","category-cafe-literario"],"acf":[],"_links":{"self":[{"href":"https:\/\/www.notibras.com\/site\/wp-json\/wp\/v2\/posts\/393184","targetHints":{"allow":["GET"]}}],"collection":[{"href":"https:\/\/www.notibras.com\/site\/wp-json\/wp\/v2\/posts"}],"about":[{"href":"https:\/\/www.notibras.com\/site\/wp-json\/wp\/v2\/types\/post"}],"author":[{"embeddable":true,"href":"https:\/\/www.notibras.com\/site\/wp-json\/wp\/v2\/users\/21"}],"replies":[{"embeddable":true,"href":"https:\/\/www.notibras.com\/site\/wp-json\/wp\/v2\/comments?post=393184"}],"version-history":[{"count":1,"href":"https:\/\/www.notibras.com\/site\/wp-json\/wp\/v2\/posts\/393184\/revisions"}],"predecessor-version":[{"id":393186,"href":"https:\/\/www.notibras.com\/site\/wp-json\/wp\/v2\/posts\/393184\/revisions\/393186"}],"wp:featuredmedia":[{"embeddable":true,"href":"https:\/\/www.notibras.com\/site\/wp-json\/wp\/v2\/media\/393185"}],"wp:attachment":[{"href":"https:\/\/www.notibras.com\/site\/wp-json\/wp\/v2\/media?parent=393184"}],"wp:term":[{"taxonomy":"category","embeddable":true,"href":"https:\/\/www.notibras.com\/site\/wp-json\/wp\/v2\/categories?post=393184"},{"taxonomy":"post_tag","embeddable":true,"href":"https:\/\/www.notibras.com\/site\/wp-json\/wp\/v2\/tags?post=393184"}],"curies":[{"name":"wp","href":"https:\/\/api.w.org\/{rel}","templated":true}]}}