{"id":393192,"date":"2026-05-01T07:08:58","date_gmt":"2026-05-01T10:08:58","guid":{"rendered":"https:\/\/www.notibras.com\/site\/?p=393192"},"modified":"2026-05-01T07:11:55","modified_gmt":"2026-05-01T10:11:55","slug":"lula-leva-tapas-mas-rejeita-dar-a-outra-face-para-davi-bater-mais","status":"publish","type":"post","link":"https:\/\/www.notibras.com\/site\/lula-leva-tapas-mas-rejeita-dar-a-outra-face-para-davi-bater-mais\/","title":{"rendered":"Lula leva tapas mas rejeita dar a outra face para Davi bater mais"},"content":{"rendered":"<p style=\"font-weight: 400;\">Candidato a czar do Amap\u00e1, o senador Davi Alcolumbre n\u00e3o se sustenta com a sand\u00e1lia da arrog\u00e2ncia, da pieguice e do sonho de dominar o Congresso e o governo por cinco segundos sobre a navalha da verdade. Imagina em uma disputa sobre honestidade, probidade, integridade e esp\u00edrito p\u00fablico com Luiz In\u00e1cio, com a maioria esmagadora da C\u00e2mara e do Senado e com alguns ministros do Poder Judici\u00e1rio. Quem sobraria? Talvez nenhum deles, mas, com toda a certeza, Alcolumbre viraria l\u00edder do grupo que se acostumou ao d\u00e1 c\u00e1 sem a contrapartida do toma l\u00e1.<\/p>\n<p style=\"font-weight: 400;\">N\u00e3o defendo qualquer das criaturas envolvidas com a pol\u00edtica. Entretanto, n\u00e3o h\u00e1 como negar que, entre os mais rasteiros, est\u00e3o os que se associam a todo tipo de fac\u00e7\u00e3o, desde que o tema em debate seja o poder e o que pode advir dele. \u00c9 por isso que normalmente recomendo a inclus\u00e3o da lei de causa e efeito na tese ulyssista de que a pol\u00edtica \u00e9 a arte do poss\u00edvel. Arredondando a narrativa, minha sugest\u00e3o como cidad\u00e3o, contribuinte e, principalmente, como eleitor \u00e9 a de que canalhice tem de ser devolvida com canalhice. A rejei\u00e7\u00e3o a uma indica\u00e7\u00e3o ao STF e a derrubada de vetos \u00e0 dosimetria de penas jamais ser\u00e3o esquecidas.<\/p>\n<p style=\"font-weight: 400;\">Poderoso \u00e0 custa dos cargos que \u201cconquistou\u201d no governo Lula, Alcolumbre est\u00e1, portanto, dependurado no Lula 3 at\u00e9 o \u00faltimo penduricalho do roscofe. Fisiol\u00f3gico e adesista desde o ber\u00e7o, o senador amapaense se julga a \u00faltima bala do pacote. Nunca foi a primeira e certamente jamais ser\u00e1 a pen\u00faltima. Como macaco que n\u00e3o olha para seu pr\u00f3prio rabo, o presidente do Senado \u00e9 daqueles que, conforme seus interesses pessoais e regionais, engrossam o coro daqueles que politicamente vivem de denominar Lula de ladr\u00e3o. S\u00e3o os mesmos que em dois dias jogaram as duas casas de leis na lama.<\/p>\n<p style=\"font-weight: 400;\">N\u00e3o duvido que ele tenha sido o churrasqueiro no regabofe oferecido \u00e0 oposi\u00e7\u00e3o pelo senador Fl\u00e1vio Bolsonaro para comemorar a derrota da indica\u00e7\u00e3o de Jorge Messias ao Supremo Tribunal. \u00c9 pr\u00f3prio de quem comunga com as safadezas comuns aos que s\u00f3 sabem fazer pol\u00edtica com maldades, sacanagens e com rasteiras. Por inveja, medo ou necessidade at\u00e1vica de poder, querer evitar o quarto mandato presidencial de Lula faz parte do jogo sujo da pol\u00edtica.<\/p>\n<p style=\"font-weight: 400;\">Est\u00e1 claro que, liderada por Davi Alcolumbre e seus capachos, a oposi\u00e7\u00e3o a Lula da Silva, estimulada por desejos primitivistas, se sobrep\u00f5e \u00e0 democracia e ao pa\u00eds. \u00c9 aceit\u00e1vel. Inaceit\u00e1vel \u00e9 tentar ganhar a elei\u00e7\u00e3o com bandalheiras. Ven\u00e7am, mas ven\u00e7am honestamente e no voto. S\u00f3 n\u00e3o tentem convencer os menos desinteligentes que a reprova\u00e7\u00e3o de Jorge Messias e a derrubada do veto \u00e0 dosimetria de penas nada t\u00eam a ver com a campanha presidencial. Como o princ\u00edpio da lei de causa e efeito significa que toda a\u00e7\u00e3o gera uma rea\u00e7\u00e3o, n\u00e3o esperem que Luiz In\u00e1cio d\u00ea o outro lado do rosto para apanhar.<\/p>\n<p style=\"font-weight: 400;\">Quanto ao povo, a maioria deixou de ser besta. No cap\u00edtulo anterior, muitos se deixaram enganar pelo discurso mitol\u00f3gico da honestidade. No atual cap\u00edtulo, boa parte do eleitorado respirou fundo, acordou e dar\u00e1 a resposta ao desmantelo do Congresso em outubro. Acabou a era da aliena\u00e7\u00e3o pol\u00edtica. No meu caso, normalmente demoro para enxergar o lado ruim das pessoas, mas depois que enxergo elas podem chorar sangue que n\u00e3o me convencem mais. Se cuida, Davi Alcolumbre. Seus conterr\u00e2neos est\u00e3o cada vez mais enxergando a verdade. Ex-todo poderoso, o tamb\u00e9m senador Ciro Nogueira (PP-PI) est\u00e1 na imin\u00eancia de n\u00e3o ser reeleito. Se for, ser\u00e1 na esteira de Luiz In\u00e1cio. Mais uma vez, se cuida, Davi Alcolumbre.<\/p>\n<p style=\"font-weight: 400;\">&#8230;&#8230;&#8230;&#8230;<\/p>\n<p style=\"font-weight: 400;\"><strong>Misael Igreja \u00e9 analista de Notibras para assuntos pol\u00edticos, econ\u00f4micos e sociais<\/strong><\/p>\n","protected":false},"excerpt":{"rendered":"<p>Candidato a czar do Amap\u00e1, o senador Davi Alcolumbre n\u00e3o se sustenta com a sand\u00e1lia da arrog\u00e2ncia, da pieguice e do sonho de dominar o Congresso e o governo por cinco segundos sobre a navalha da verdade. Imagina em uma disputa sobre honestidade, probidade, integridade e esp\u00edrito p\u00fablico com Luiz In\u00e1cio, com a maioria esmagadora [&hellip;]<\/p>\n","protected":false},"author":2,"featured_media":393194,"comment_status":"closed","ping_status":"closed","sticky":false,"template":"","format":"standard","meta":{"_acf_changed":false,"footnotes":""},"categories":[16],"tags":[95],"class_list":["post-393192","post","type-post","status-publish","format-standard","has-post-thumbnail","hentry","category-brasil","tag-capa"],"acf":[],"yoast_head":"<!-- This site is optimized with the Yoast SEO plugin v27.5 - https:\/\/yoast.com\/product\/yoast-seo-wordpress\/ -->\n<title>Lula leva tapas mas rejeita dar a outra face para Davi bater mais - Notibras<\/title>\n<meta name=\"robots\" content=\"index, follow, max-snippet:-1, max-image-preview:large, max-video-preview:-1\" \/>\n<link rel=\"canonical\" href=\"https:\/\/www.notibras.com\/site\/lula-leva-tapas-mas-rejeita-dar-a-outra-face-para-davi-bater-mais\/\" \/>\n<meta property=\"og:locale\" content=\"pt_BR\" \/>\n<meta property=\"og:type\" content=\"article\" \/>\n<meta property=\"og:title\" content=\"Lula leva tapas mas rejeita dar a outra face para Davi bater mais - Notibras\" \/>\n<meta property=\"og:description\" content=\"Candidato a czar do Amap\u00e1, o senador Davi Alcolumbre n\u00e3o se sustenta com a sand\u00e1lia da arrog\u00e2ncia, da pieguice e do sonho de dominar o Congresso e o governo por cinco segundos sobre a navalha da verdade. Imagina em uma disputa sobre honestidade, probidade, integridade e esp\u00edrito p\u00fablico com Luiz In\u00e1cio, com a maioria esmagadora [&hellip;]\" \/>\n<meta property=\"og:url\" content=\"https:\/\/www.notibras.com\/site\/lula-leva-tapas-mas-rejeita-dar-a-outra-face-para-davi-bater-mais\/\" \/>\n<meta property=\"og:site_name\" content=\"Notibras\" \/>\n<meta property=\"article:publisher\" content=\"https:\/\/www.facebook.com\/notibras\/\" \/>\n<meta property=\"article:published_time\" content=\"2026-05-01T10:08:58+00:00\" \/>\n<meta property=\"article:modified_time\" content=\"2026-05-01T10:11:55+00:00\" \/>\n<meta property=\"og:image\" content=\"https:\/\/www.notibras.com\/site\/wp-content\/uploads\/2026\/05\/alcolumbre.tapas_.webp\" \/>\n\t<meta property=\"og:image:width\" content=\"770\" \/>\n\t<meta property=\"og:image:height\" content=\"1020\" \/>\n\t<meta property=\"og:image:type\" content=\"image\/webp\" \/>\n<meta name=\"author\" content=\"Reda\u00e7\u00e3o\" \/>\n<meta name=\"twitter:card\" content=\"summary_large_image\" \/>\n<meta name=\"twitter:creator\" content=\"@Notibras\" \/>\n<meta name=\"twitter:site\" content=\"@Notibras\" \/>\n<meta name=\"twitter:label1\" content=\"Escrito por\" \/>\n\t<meta name=\"twitter:data1\" content=\"Reda\u00e7\u00e3o\" \/>\n\t<meta name=\"twitter:label2\" content=\"Est. tempo de leitura\" \/>\n\t<meta name=\"twitter:data2\" content=\"4 minutos\" \/>\n<script type=\"application\/ld+json\" class=\"yoast-schema-graph\">{\"@context\":\"https:\\\/\\\/schema.org\",\"@graph\":[{\"@type\":\"Article\",\"@id\":\"https:\\\/\\\/www.notibras.com\\\/site\\\/lula-leva-tapas-mas-rejeita-dar-a-outra-face-para-davi-bater-mais\\\/#article\",\"isPartOf\":{\"@id\":\"https:\\\/\\\/www.notibras.com\\\/site\\\/lula-leva-tapas-mas-rejeita-dar-a-outra-face-para-davi-bater-mais\\\/\"},\"author\":{\"name\":\"Reda\u00e7\u00e3o\",\"@id\":\"https:\\\/\\\/www.notibras.com\\\/site\\\/#\\\/schema\\\/person\\\/36ab0979449956132d3e5b517ea76ac8\"},\"headline\":\"Lula leva tapas mas rejeita dar a outra face para Davi bater mais\",\"datePublished\":\"2026-05-01T10:08:58+00:00\",\"dateModified\":\"2026-05-01T10:11:55+00:00\",\"mainEntityOfPage\":{\"@id\":\"https:\\\/\\\/www.notibras.com\\\/site\\\/lula-leva-tapas-mas-rejeita-dar-a-outra-face-para-davi-bater-mais\\\/\"},\"wordCount\":673,\"publisher\":{\"@id\":\"https:\\\/\\\/www.notibras.com\\\/site\\\/#organization\"},\"image\":{\"@id\":\"https:\\\/\\\/www.notibras.com\\\/site\\\/lula-leva-tapas-mas-rejeita-dar-a-outra-face-para-davi-bater-mais\\\/#primaryimage\"},\"thumbnailUrl\":\"https:\\\/\\\/www.notibras.com\\\/site\\\/wp-content\\\/uploads\\\/2026\\\/05\\\/alcolumbre.tapas_.webp\",\"keywords\":[\"capa\"],\"articleSection\":[\"Brasil\"],\"inLanguage\":\"pt-BR\"},{\"@type\":\"WebPage\",\"@id\":\"https:\\\/\\\/www.notibras.com\\\/site\\\/lula-leva-tapas-mas-rejeita-dar-a-outra-face-para-davi-bater-mais\\\/\",\"url\":\"https:\\\/\\\/www.notibras.com\\\/site\\\/lula-leva-tapas-mas-rejeita-dar-a-outra-face-para-davi-bater-mais\\\/\",\"name\":\"Lula leva tapas mas rejeita dar a outra face para Davi bater mais - Notibras\",\"isPartOf\":{\"@id\":\"https:\\\/\\\/www.notibras.com\\\/site\\\/#website\"},\"primaryImageOfPage\":{\"@id\":\"https:\\\/\\\/www.notibras.com\\\/site\\\/lula-leva-tapas-mas-rejeita-dar-a-outra-face-para-davi-bater-mais\\\/#primaryimage\"},\"image\":{\"@id\":\"https:\\\/\\\/www.notibras.com\\\/site\\\/lula-leva-tapas-mas-rejeita-dar-a-outra-face-para-davi-bater-mais\\\/#primaryimage\"},\"thumbnailUrl\":\"https:\\\/\\\/www.notibras.com\\\/site\\\/wp-content\\\/uploads\\\/2026\\\/05\\\/alcolumbre.tapas_.webp\",\"datePublished\":\"2026-05-01T10:08:58+00:00\",\"dateModified\":\"2026-05-01T10:11:55+00:00\",\"breadcrumb\":{\"@id\":\"https:\\\/\\\/www.notibras.com\\\/site\\\/lula-leva-tapas-mas-rejeita-dar-a-outra-face-para-davi-bater-mais\\\/#breadcrumb\"},\"inLanguage\":\"pt-BR\",\"potentialAction\":[{\"@type\":\"ReadAction\",\"target\":[\"https:\\\/\\\/www.notibras.com\\\/site\\\/lula-leva-tapas-mas-rejeita-dar-a-outra-face-para-davi-bater-mais\\\/\"]}]},{\"@type\":\"ImageObject\",\"inLanguage\":\"pt-BR\",\"@id\":\"https:\\\/\\\/www.notibras.com\\\/site\\\/lula-leva-tapas-mas-rejeita-dar-a-outra-face-para-davi-bater-mais\\\/#primaryimage\",\"url\":\"https:\\\/\\\/www.notibras.com\\\/site\\\/wp-content\\\/uploads\\\/2026\\\/05\\\/alcolumbre.tapas_.webp\",\"contentUrl\":\"https:\\\/\\\/www.notibras.com\\\/site\\\/wp-content\\\/uploads\\\/2026\\\/05\\\/alcolumbre.tapas_.webp\",\"width\":770,\"height\":1020},{\"@type\":\"BreadcrumbList\",\"@id\":\"https:\\\/\\\/www.notibras.com\\\/site\\\/lula-leva-tapas-mas-rejeita-dar-a-outra-face-para-davi-bater-mais\\\/#breadcrumb\",\"itemListElement\":[{\"@type\":\"ListItem\",\"position\":1,\"name\":\"In\u00edcio\",\"item\":\"https:\\\/\\\/www.notibras.com\\\/site\\\/\"},{\"@type\":\"ListItem\",\"position\":2,\"name\":\"Lula leva tapas mas rejeita dar a outra face para Davi bater mais\"}]},{\"@type\":\"WebSite\",\"@id\":\"https:\\\/\\\/www.notibras.com\\\/site\\\/#website\",\"url\":\"https:\\\/\\\/www.notibras.com\\\/site\\\/\",\"name\":\"Notibras\",\"description\":\"Not\u00edcias de Bras\u00edlia, do Brasil e do Mundo\",\"publisher\":{\"@id\":\"https:\\\/\\\/www.notibras.com\\\/site\\\/#organization\"},\"potentialAction\":[{\"@type\":\"SearchAction\",\"target\":{\"@type\":\"EntryPoint\",\"urlTemplate\":\"https:\\\/\\\/www.notibras.com\\\/site\\\/?s={search_term_string}\"},\"query-input\":{\"@type\":\"PropertyValueSpecification\",\"valueRequired\":true,\"valueName\":\"search_term_string\"}}],\"inLanguage\":\"pt-BR\"},{\"@type\":\"Organization\",\"@id\":\"https:\\\/\\\/www.notibras.com\\\/site\\\/#organization\",\"name\":\"Grupo Notibras de Comunica\u00e7\u00e3o\",\"url\":\"https:\\\/\\\/www.notibras.com\\\/site\\\/\",\"logo\":{\"@type\":\"ImageObject\",\"inLanguage\":\"pt-BR\",\"@id\":\"https:\\\/\\\/www.notibras.com\\\/site\\\/#\\\/schema\\\/logo\\\/image\\\/\",\"url\":\"https:\\\/\\\/www.notibras.com\\\/site\\\/wp-content\\\/uploads\\\/2023\\\/01\\\/notibras23.png\",\"contentUrl\":\"https:\\\/\\\/www.notibras.com\\\/site\\\/wp-content\\\/uploads\\\/2023\\\/01\\\/notibras23.png\",\"width\":350,\"height\":87,\"caption\":\"Grupo Notibras de Comunica\u00e7\u00e3o\"},\"image\":{\"@id\":\"https:\\\/\\\/www.notibras.com\\\/site\\\/#\\\/schema\\\/logo\\\/image\\\/\"},\"sameAs\":[\"https:\\\/\\\/www.facebook.com\\\/notibras\\\/\",\"https:\\\/\\\/x.com\\\/Notibras\",\"https:\\\/\\\/www.instagram.com\\\/notibras\\\/\"]},{\"@type\":\"Person\",\"@id\":\"https:\\\/\\\/www.notibras.com\\\/site\\\/#\\\/schema\\\/person\\\/36ab0979449956132d3e5b517ea76ac8\",\"name\":\"Reda\u00e7\u00e3o\",\"image\":{\"@type\":\"ImageObject\",\"inLanguage\":\"pt-BR\",\"@id\":\"https:\\\/\\\/secure.gravatar.com\\\/avatar\\\/e0a867bdedb85fd243eadf09663511f96fc81e0720a4a42581f334ad4303aa6b?s=96&d=mm&r=g\",\"url\":\"https:\\\/\\\/secure.gravatar.com\\\/avatar\\\/e0a867bdedb85fd243eadf09663511f96fc81e0720a4a42581f334ad4303aa6b?s=96&d=mm&r=g\",\"contentUrl\":\"https:\\\/\\\/secure.gravatar.com\\\/avatar\\\/e0a867bdedb85fd243eadf09663511f96fc81e0720a4a42581f334ad4303aa6b?s=96&d=mm&r=g\",\"caption\":\"Reda\u00e7\u00e3o\"}}]}<\/script>\n<!-- \/ Yoast SEO plugin. -->","yoast_head_json":{"title":"Lula leva tapas mas rejeita dar a outra face para Davi bater mais - Notibras","robots":{"index":"index","follow":"follow","max-snippet":"max-snippet:-1","max-image-preview":"max-image-preview:large","max-video-preview":"max-video-preview:-1"},"canonical":"https:\/\/www.notibras.com\/site\/lula-leva-tapas-mas-rejeita-dar-a-outra-face-para-davi-bater-mais\/","og_locale":"pt_BR","og_type":"article","og_title":"Lula leva tapas mas rejeita dar a outra face para Davi bater mais - Notibras","og_description":"Candidato a czar do Amap\u00e1, o senador Davi Alcolumbre n\u00e3o se sustenta com a sand\u00e1lia da arrog\u00e2ncia, da pieguice e do sonho de dominar o Congresso e o governo por cinco segundos sobre a navalha da verdade. Imagina em uma disputa sobre honestidade, probidade, integridade e esp\u00edrito p\u00fablico com Luiz In\u00e1cio, com a maioria esmagadora [&hellip;]","og_url":"https:\/\/www.notibras.com\/site\/lula-leva-tapas-mas-rejeita-dar-a-outra-face-para-davi-bater-mais\/","og_site_name":"Notibras","article_publisher":"https:\/\/www.facebook.com\/notibras\/","article_published_time":"2026-05-01T10:08:58+00:00","article_modified_time":"2026-05-01T10:11:55+00:00","og_image":[{"width":770,"height":1020,"url":"https:\/\/www.notibras.com\/site\/wp-content\/uploads\/2026\/05\/alcolumbre.tapas_.webp","type":"image\/webp"}],"author":"Reda\u00e7\u00e3o","twitter_card":"summary_large_image","twitter_creator":"@Notibras","twitter_site":"@Notibras","twitter_misc":{"Escrito por":"Reda\u00e7\u00e3o","Est. tempo de leitura":"4 minutos"},"schema":{"@context":"https:\/\/schema.org","@graph":[{"@type":"Article","@id":"https:\/\/www.notibras.com\/site\/lula-leva-tapas-mas-rejeita-dar-a-outra-face-para-davi-bater-mais\/#article","isPartOf":{"@id":"https:\/\/www.notibras.com\/site\/lula-leva-tapas-mas-rejeita-dar-a-outra-face-para-davi-bater-mais\/"},"author":{"name":"Reda\u00e7\u00e3o","@id":"https:\/\/www.notibras.com\/site\/#\/schema\/person\/36ab0979449956132d3e5b517ea76ac8"},"headline":"Lula leva tapas mas rejeita dar a outra face para Davi bater mais","datePublished":"2026-05-01T10:08:58+00:00","dateModified":"2026-05-01T10:11:55+00:00","mainEntityOfPage":{"@id":"https:\/\/www.notibras.com\/site\/lula-leva-tapas-mas-rejeita-dar-a-outra-face-para-davi-bater-mais\/"},"wordCount":673,"publisher":{"@id":"https:\/\/www.notibras.com\/site\/#organization"},"image":{"@id":"https:\/\/www.notibras.com\/site\/lula-leva-tapas-mas-rejeita-dar-a-outra-face-para-davi-bater-mais\/#primaryimage"},"thumbnailUrl":"https:\/\/www.notibras.com\/site\/wp-content\/uploads\/2026\/05\/alcolumbre.tapas_.webp","keywords":["capa"],"articleSection":["Brasil"],"inLanguage":"pt-BR"},{"@type":"WebPage","@id":"https:\/\/www.notibras.com\/site\/lula-leva-tapas-mas-rejeita-dar-a-outra-face-para-davi-bater-mais\/","url":"https:\/\/www.notibras.com\/site\/lula-leva-tapas-mas-rejeita-dar-a-outra-face-para-davi-bater-mais\/","name":"Lula leva tapas mas rejeita dar a outra face para Davi bater mais - Notibras","isPartOf":{"@id":"https:\/\/www.notibras.com\/site\/#website"},"primaryImageOfPage":{"@id":"https:\/\/www.notibras.com\/site\/lula-leva-tapas-mas-rejeita-dar-a-outra-face-para-davi-bater-mais\/#primaryimage"},"image":{"@id":"https:\/\/www.notibras.com\/site\/lula-leva-tapas-mas-rejeita-dar-a-outra-face-para-davi-bater-mais\/#primaryimage"},"thumbnailUrl":"https:\/\/www.notibras.com\/site\/wp-content\/uploads\/2026\/05\/alcolumbre.tapas_.webp","datePublished":"2026-05-01T10:08:58+00:00","dateModified":"2026-05-01T10:11:55+00:00","breadcrumb":{"@id":"https:\/\/www.notibras.com\/site\/lula-leva-tapas-mas-rejeita-dar-a-outra-face-para-davi-bater-mais\/#breadcrumb"},"inLanguage":"pt-BR","potentialAction":[{"@type":"ReadAction","target":["https:\/\/www.notibras.com\/site\/lula-leva-tapas-mas-rejeita-dar-a-outra-face-para-davi-bater-mais\/"]}]},{"@type":"ImageObject","inLanguage":"pt-BR","@id":"https:\/\/www.notibras.com\/site\/lula-leva-tapas-mas-rejeita-dar-a-outra-face-para-davi-bater-mais\/#primaryimage","url":"https:\/\/www.notibras.com\/site\/wp-content\/uploads\/2026\/05\/alcolumbre.tapas_.webp","contentUrl":"https:\/\/www.notibras.com\/site\/wp-content\/uploads\/2026\/05\/alcolumbre.tapas_.webp","width":770,"height":1020},{"@type":"BreadcrumbList","@id":"https:\/\/www.notibras.com\/site\/lula-leva-tapas-mas-rejeita-dar-a-outra-face-para-davi-bater-mais\/#breadcrumb","itemListElement":[{"@type":"ListItem","position":1,"name":"In\u00edcio","item":"https:\/\/www.notibras.com\/site\/"},{"@type":"ListItem","position":2,"name":"Lula leva tapas mas rejeita dar a outra face para Davi bater mais"}]},{"@type":"WebSite","@id":"https:\/\/www.notibras.com\/site\/#website","url":"https:\/\/www.notibras.com\/site\/","name":"Notibras","description":"Not\u00edcias de Bras\u00edlia, do Brasil e do Mundo","publisher":{"@id":"https:\/\/www.notibras.com\/site\/#organization"},"potentialAction":[{"@type":"SearchAction","target":{"@type":"EntryPoint","urlTemplate":"https:\/\/www.notibras.com\/site\/?s={search_term_string}"},"query-input":{"@type":"PropertyValueSpecification","valueRequired":true,"valueName":"search_term_string"}}],"inLanguage":"pt-BR"},{"@type":"Organization","@id":"https:\/\/www.notibras.com\/site\/#organization","name":"Grupo Notibras de Comunica\u00e7\u00e3o","url":"https:\/\/www.notibras.com\/site\/","logo":{"@type":"ImageObject","inLanguage":"pt-BR","@id":"https:\/\/www.notibras.com\/site\/#\/schema\/logo\/image\/","url":"https:\/\/www.notibras.com\/site\/wp-content\/uploads\/2023\/01\/notibras23.png","contentUrl":"https:\/\/www.notibras.com\/site\/wp-content\/uploads\/2023\/01\/notibras23.png","width":350,"height":87,"caption":"Grupo Notibras de Comunica\u00e7\u00e3o"},"image":{"@id":"https:\/\/www.notibras.com\/site\/#\/schema\/logo\/image\/"},"sameAs":["https:\/\/www.facebook.com\/notibras\/","https:\/\/x.com\/Notibras","https:\/\/www.instagram.com\/notibras\/"]},{"@type":"Person","@id":"https:\/\/www.notibras.com\/site\/#\/schema\/person\/36ab0979449956132d3e5b517ea76ac8","name":"Reda\u00e7\u00e3o","image":{"@type":"ImageObject","inLanguage":"pt-BR","@id":"https:\/\/secure.gravatar.com\/avatar\/e0a867bdedb85fd243eadf09663511f96fc81e0720a4a42581f334ad4303aa6b?s=96&d=mm&r=g","url":"https:\/\/secure.gravatar.com\/avatar\/e0a867bdedb85fd243eadf09663511f96fc81e0720a4a42581f334ad4303aa6b?s=96&d=mm&r=g","contentUrl":"https:\/\/secure.gravatar.com\/avatar\/e0a867bdedb85fd243eadf09663511f96fc81e0720a4a42581f334ad4303aa6b?s=96&d=mm&r=g","caption":"Reda\u00e7\u00e3o"}}]}},"amp_enabled":true,"_links":{"self":[{"href":"https:\/\/www.notibras.com\/site\/wp-json\/wp\/v2\/posts\/393192","targetHints":{"allow":["GET"]}}],"collection":[{"href":"https:\/\/www.notibras.com\/site\/wp-json\/wp\/v2\/posts"}],"about":[{"href":"https:\/\/www.notibras.com\/site\/wp-json\/wp\/v2\/types\/post"}],"author":[{"embeddable":true,"href":"https:\/\/www.notibras.com\/site\/wp-json\/wp\/v2\/users\/2"}],"replies":[{"embeddable":true,"href":"https:\/\/www.notibras.com\/site\/wp-json\/wp\/v2\/comments?post=393192"}],"version-history":[{"count":3,"href":"https:\/\/www.notibras.com\/site\/wp-json\/wp\/v2\/posts\/393192\/revisions"}],"predecessor-version":[{"id":393197,"href":"https:\/\/www.notibras.com\/site\/wp-json\/wp\/v2\/posts\/393192\/revisions\/393197"}],"wp:featuredmedia":[{"embeddable":true,"href":"https:\/\/www.notibras.com\/site\/wp-json\/wp\/v2\/media\/393194"}],"wp:attachment":[{"href":"https:\/\/www.notibras.com\/site\/wp-json\/wp\/v2\/media?parent=393192"}],"wp:term":[{"taxonomy":"category","embeddable":true,"href":"https:\/\/www.notibras.com\/site\/wp-json\/wp\/v2\/categories?post=393192"},{"taxonomy":"post_tag","embeddable":true,"href":"https:\/\/www.notibras.com\/site\/wp-json\/wp\/v2\/tags?post=393192"}],"curies":[{"name":"wp","href":"https:\/\/api.w.org\/{rel}","templated":true}]}}