{"id":393198,"date":"2026-05-01T06:55:22","date_gmt":"2026-05-01T09:55:22","guid":{"rendered":"https:\/\/www.notibras.com\/site\/?p=393198"},"modified":"2026-05-01T07:23:38","modified_gmt":"2026-05-01T10:23:38","slug":"eleitor-fica-com-nariz-de-palhaco-no-circo-chamado-congresso-nacional","status":"publish","type":"post","link":"https:\/\/www.notibras.com\/site\/eleitor-fica-com-nariz-de-palhaco-no-circo-chamado-congresso-nacional\/","title":{"rendered":"Eleitor fica com nariz de palha\u00e7o no circo chamado Congresso Nacional"},"content":{"rendered":"<p>A vida \u00e9 cheia de contradi\u00e7\u00f5es e decep\u00e7\u00f5es. Perdi esses dois \u00faltimos dias acompanhado o meu, o seu, o nosso Congresso Nacional. Temos de saber conviver com isso. O nosso dia a dia \u00e9 uma caixinha de surpresas. Por isso, seguindo os conselhos do poeta Paulo Vanzolini, levanto, sacudo a poeira e dou a volta por cima. Um passo de cada vez. At\u00e9 meio passo serve quando a roupa que estou usando n\u00e3o \u00e9 a da sorte. Simples assim? Nem sempre. O primeiro passo \u00e9 nunca esquecer daquela velha m\u00e1xima da boa conviv\u00eancia: se n\u00e3o praticar, o bicho vai pegar, a mulher vai nos largar, o Ricard\u00e3o pode nos usar sem avisar e ningu\u00e9m mais vai votar.<\/p>\n<p>Como escolhemos deputados e senadores inconfi\u00e1veis, se precisar cague nas cal\u00e7as para ter confian\u00e7a. \u00c9 bom lembrar diariamente que a vontade de fazer xixi \u00e9 inimiga da perfei\u00e7\u00e3o. Nada \u00e9 t\u00e3o lament\u00e1vel e nocivo como antecipar desgra\u00e7as. Por isso, crie seu pr\u00f3prio lema de vida: n\u00e3o vote em vigaristas. Depois de aprender que, embora seja feito de carne, tenho de viver como se fosse feito de ferro, nada melhor do que a certeza de que algumas diferen\u00e7as n\u00e3o fazem a menor diferen\u00e7a. Como disse Cazuza, eu estou vivo. Esse \u00e9 o meu espet\u00e1culo.<\/p>\n<p>Tudo isso para dizer que viver \u00e9 desenhar sem borracha e escrever com l\u00e1pis sem ponta, exatamente como fez o \u201cdepravado\u201d escritor franc\u00eas Marques de Sade e como fazem nossos parlamentares. Acusado de praticar crimes de lux\u00faria contra a sociedade francesa do s\u00e9culo XVIII, Sade era quase um santo. Do pau oco, mas um santo. Ele passou a maior parte de sua vida na pris\u00e3o, onde escreveu a maioria de seus livros. Um deles (<i>Os cento e vinte dias de Sodoma)<\/i>, escrito em 1785, foi copiado em um rolo fino de papel, com 12 metros de comprimento.<\/p>\n<p>O texto s\u00f3 foi encontrado em 1904 e qualificado como \u201cum longo cat\u00e1logo de pervers\u00f5es\u201d. Diziam que sua obra atentava contra a moral e os bons costumes da \u00e9poca em que viveu, nos anos 1700. Estamos em 2026 e o que h\u00e1 de diferente entre Sade e os pol\u00edticos brasileiros, os quais usam, na entrada e na sa\u00edda, o mesmo rolo de papel higi\u00eanico repetidas vezes? Absolutamente nada. A diferen\u00e7a \u00e9 que nossos homens p\u00fablicos continuam soltos e usando dinheiro p\u00fablico, papel Neve, normalmente de folha tripla e financeiramente picotada no centro.<\/p>\n<p>Adeptos da tese de que quem navega sem parar e sem enjoar acaba dando em alto mar, nossos politiqueiros n\u00e3o admitem estranhos no play. Acham que o circo denominado Congresso Nacional \u00e9 terreno favor\u00e1vel somente para fac\u00e7\u00f5es e mil\u00edcias organizadas a partir da ignor\u00e2ncia de parte do eleitor brasileiro. Enquanto eles comem Garoto em lugar do Sonho de Valsa, o pov\u00e3o, particularmente o nortista-nordestino, come na Lacta, permanece com os cabelos em p\u00e9, o sorriso amarelo, o pinto ca\u00eddo e o nariz de palha\u00e7o. \u00c9 o que sobra.<\/p>\n<p>Vivos ou mortos, as excel\u00eancias brigam pelo poder sem qualquer preocupa\u00e7\u00e3o com o sofrimento dos que entraram de gaiato no navio. As duas casas de facilidades e os pal\u00e1cios nacionais, estaduais e municipais fazem parte do sonho de consumo daqueles que s\u00f3 pensam no pr\u00f3prio umbigo. Roubam, n\u00e3o fazem e ainda querem ser anistiados quando s\u00e3o pegos em flagrante delito. Para os demais mortais, \u00e9\u00a0<i>O&#8217;Habes et underpaid,<\/i>\u00a0isto \u00e9, lascados e mal pago.<\/p>\n<p>&#8230;&#8230;..<\/p>\n<p><strong>Wenceslau Ara\u00fajo \u00e9 Editor-Chefe de Notibras<\/strong><\/p>\n","protected":false},"excerpt":{"rendered":"<p>A vida \u00e9 cheia de contradi\u00e7\u00f5es e decep\u00e7\u00f5es. Perdi esses dois \u00faltimos dias acompanhado o meu, o seu, o nosso Congresso Nacional. Temos de saber conviver com isso. O nosso dia a dia \u00e9 uma caixinha de surpresas. Por isso, seguindo os conselhos do poeta Paulo Vanzolini, levanto, sacudo a poeira e dou a volta [&hellip;]<\/p>\n","protected":false},"author":2,"featured_media":393200,"comment_status":"closed","ping_status":"closed","sticky":false,"template":"","format":"standard","meta":{"_acf_changed":false,"footnotes":""},"categories":[16],"tags":[],"class_list":["post-393198","post","type-post","status-publish","format-standard","has-post-thumbnail","hentry","category-brasil"],"acf":[],"yoast_head":"<!-- This site is optimized with the Yoast SEO plugin v27.5 - https:\/\/yoast.com\/product\/yoast-seo-wordpress\/ -->\n<title>Eleitor fica com nariz de palha\u00e7o no circo chamado Congresso Nacional - Notibras<\/title>\n<meta name=\"robots\" content=\"index, follow, max-snippet:-1, max-image-preview:large, max-video-preview:-1\" \/>\n<link rel=\"canonical\" href=\"https:\/\/www.notibras.com\/site\/eleitor-fica-com-nariz-de-palhaco-no-circo-chamado-congresso-nacional\/\" \/>\n<meta property=\"og:locale\" content=\"pt_BR\" \/>\n<meta property=\"og:type\" content=\"article\" \/>\n<meta property=\"og:title\" content=\"Eleitor fica com nariz de palha\u00e7o no circo chamado Congresso Nacional - Notibras\" \/>\n<meta property=\"og:description\" content=\"A vida \u00e9 cheia de contradi\u00e7\u00f5es e decep\u00e7\u00f5es. Perdi esses dois \u00faltimos dias acompanhado o meu, o seu, o nosso Congresso Nacional. Temos de saber conviver com isso. O nosso dia a dia \u00e9 uma caixinha de surpresas. Por isso, seguindo os conselhos do poeta Paulo Vanzolini, levanto, sacudo a poeira e dou a volta [&hellip;]\" \/>\n<meta property=\"og:url\" content=\"https:\/\/www.notibras.com\/site\/eleitor-fica-com-nariz-de-palhaco-no-circo-chamado-congresso-nacional\/\" \/>\n<meta property=\"og:site_name\" content=\"Notibras\" \/>\n<meta property=\"article:publisher\" content=\"https:\/\/www.facebook.com\/notibras\/\" \/>\n<meta property=\"article:published_time\" content=\"2026-05-01T09:55:22+00:00\" \/>\n<meta property=\"article:modified_time\" content=\"2026-05-01T10:23:38+00:00\" \/>\n<meta property=\"og:image\" content=\"https:\/\/www.notibras.com\/site\/wp-content\/uploads\/2026\/05\/0d9a5237.webp\" \/>\n\t<meta property=\"og:image:width\" content=\"770\" \/>\n\t<meta property=\"og:image:height\" content=\"466\" \/>\n\t<meta property=\"og:image:type\" content=\"image\/webp\" \/>\n<meta name=\"author\" content=\"Reda\u00e7\u00e3o\" \/>\n<meta name=\"twitter:card\" content=\"summary_large_image\" \/>\n<meta name=\"twitter:creator\" content=\"@Notibras\" \/>\n<meta name=\"twitter:site\" content=\"@Notibras\" \/>\n<meta name=\"twitter:label1\" content=\"Escrito por\" \/>\n\t<meta name=\"twitter:data1\" content=\"Reda\u00e7\u00e3o\" \/>\n\t<meta name=\"twitter:label2\" content=\"Est. tempo de leitura\" \/>\n\t<meta name=\"twitter:data2\" content=\"4 minutos\" \/>\n<script type=\"application\/ld+json\" class=\"yoast-schema-graph\">{\"@context\":\"https:\\\/\\\/schema.org\",\"@graph\":[{\"@type\":\"Article\",\"@id\":\"https:\\\/\\\/www.notibras.com\\\/site\\\/eleitor-fica-com-nariz-de-palhaco-no-circo-chamado-congresso-nacional\\\/#article\",\"isPartOf\":{\"@id\":\"https:\\\/\\\/www.notibras.com\\\/site\\\/eleitor-fica-com-nariz-de-palhaco-no-circo-chamado-congresso-nacional\\\/\"},\"author\":{\"name\":\"Reda\u00e7\u00e3o\",\"@id\":\"https:\\\/\\\/www.notibras.com\\\/site\\\/#\\\/schema\\\/person\\\/36ab0979449956132d3e5b517ea76ac8\"},\"headline\":\"Eleitor fica com nariz de palha\u00e7o no circo chamado Congresso Nacional\",\"datePublished\":\"2026-05-01T09:55:22+00:00\",\"dateModified\":\"2026-05-01T10:23:38+00:00\",\"mainEntityOfPage\":{\"@id\":\"https:\\\/\\\/www.notibras.com\\\/site\\\/eleitor-fica-com-nariz-de-palhaco-no-circo-chamado-congresso-nacional\\\/\"},\"wordCount\":608,\"publisher\":{\"@id\":\"https:\\\/\\\/www.notibras.com\\\/site\\\/#organization\"},\"image\":{\"@id\":\"https:\\\/\\\/www.notibras.com\\\/site\\\/eleitor-fica-com-nariz-de-palhaco-no-circo-chamado-congresso-nacional\\\/#primaryimage\"},\"thumbnailUrl\":\"https:\\\/\\\/www.notibras.com\\\/site\\\/wp-content\\\/uploads\\\/2026\\\/05\\\/0d9a5237.webp\",\"articleSection\":[\"Brasil\"],\"inLanguage\":\"pt-BR\"},{\"@type\":\"WebPage\",\"@id\":\"https:\\\/\\\/www.notibras.com\\\/site\\\/eleitor-fica-com-nariz-de-palhaco-no-circo-chamado-congresso-nacional\\\/\",\"url\":\"https:\\\/\\\/www.notibras.com\\\/site\\\/eleitor-fica-com-nariz-de-palhaco-no-circo-chamado-congresso-nacional\\\/\",\"name\":\"Eleitor fica com nariz de palha\u00e7o no circo chamado Congresso Nacional - Notibras\",\"isPartOf\":{\"@id\":\"https:\\\/\\\/www.notibras.com\\\/site\\\/#website\"},\"primaryImageOfPage\":{\"@id\":\"https:\\\/\\\/www.notibras.com\\\/site\\\/eleitor-fica-com-nariz-de-palhaco-no-circo-chamado-congresso-nacional\\\/#primaryimage\"},\"image\":{\"@id\":\"https:\\\/\\\/www.notibras.com\\\/site\\\/eleitor-fica-com-nariz-de-palhaco-no-circo-chamado-congresso-nacional\\\/#primaryimage\"},\"thumbnailUrl\":\"https:\\\/\\\/www.notibras.com\\\/site\\\/wp-content\\\/uploads\\\/2026\\\/05\\\/0d9a5237.webp\",\"datePublished\":\"2026-05-01T09:55:22+00:00\",\"dateModified\":\"2026-05-01T10:23:38+00:00\",\"breadcrumb\":{\"@id\":\"https:\\\/\\\/www.notibras.com\\\/site\\\/eleitor-fica-com-nariz-de-palhaco-no-circo-chamado-congresso-nacional\\\/#breadcrumb\"},\"inLanguage\":\"pt-BR\",\"potentialAction\":[{\"@type\":\"ReadAction\",\"target\":[\"https:\\\/\\\/www.notibras.com\\\/site\\\/eleitor-fica-com-nariz-de-palhaco-no-circo-chamado-congresso-nacional\\\/\"]}]},{\"@type\":\"ImageObject\",\"inLanguage\":\"pt-BR\",\"@id\":\"https:\\\/\\\/www.notibras.com\\\/site\\\/eleitor-fica-com-nariz-de-palhaco-no-circo-chamado-congresso-nacional\\\/#primaryimage\",\"url\":\"https:\\\/\\\/www.notibras.com\\\/site\\\/wp-content\\\/uploads\\\/2026\\\/05\\\/0d9a5237.webp\",\"contentUrl\":\"https:\\\/\\\/www.notibras.com\\\/site\\\/wp-content\\\/uploads\\\/2026\\\/05\\\/0d9a5237.webp\",\"width\":770,\"height\":466},{\"@type\":\"BreadcrumbList\",\"@id\":\"https:\\\/\\\/www.notibras.com\\\/site\\\/eleitor-fica-com-nariz-de-palhaco-no-circo-chamado-congresso-nacional\\\/#breadcrumb\",\"itemListElement\":[{\"@type\":\"ListItem\",\"position\":1,\"name\":\"In\u00edcio\",\"item\":\"https:\\\/\\\/www.notibras.com\\\/site\\\/\"},{\"@type\":\"ListItem\",\"position\":2,\"name\":\"Eleitor fica com nariz de palha\u00e7o no circo chamado Congresso Nacional\"}]},{\"@type\":\"WebSite\",\"@id\":\"https:\\\/\\\/www.notibras.com\\\/site\\\/#website\",\"url\":\"https:\\\/\\\/www.notibras.com\\\/site\\\/\",\"name\":\"Notibras\",\"description\":\"Not\u00edcias de Bras\u00edlia, do Brasil e do Mundo\",\"publisher\":{\"@id\":\"https:\\\/\\\/www.notibras.com\\\/site\\\/#organization\"},\"potentialAction\":[{\"@type\":\"SearchAction\",\"target\":{\"@type\":\"EntryPoint\",\"urlTemplate\":\"https:\\\/\\\/www.notibras.com\\\/site\\\/?s={search_term_string}\"},\"query-input\":{\"@type\":\"PropertyValueSpecification\",\"valueRequired\":true,\"valueName\":\"search_term_string\"}}],\"inLanguage\":\"pt-BR\"},{\"@type\":\"Organization\",\"@id\":\"https:\\\/\\\/www.notibras.com\\\/site\\\/#organization\",\"name\":\"Grupo Notibras de Comunica\u00e7\u00e3o\",\"url\":\"https:\\\/\\\/www.notibras.com\\\/site\\\/\",\"logo\":{\"@type\":\"ImageObject\",\"inLanguage\":\"pt-BR\",\"@id\":\"https:\\\/\\\/www.notibras.com\\\/site\\\/#\\\/schema\\\/logo\\\/image\\\/\",\"url\":\"https:\\\/\\\/www.notibras.com\\\/site\\\/wp-content\\\/uploads\\\/2023\\\/01\\\/notibras23.png\",\"contentUrl\":\"https:\\\/\\\/www.notibras.com\\\/site\\\/wp-content\\\/uploads\\\/2023\\\/01\\\/notibras23.png\",\"width\":350,\"height\":87,\"caption\":\"Grupo Notibras de Comunica\u00e7\u00e3o\"},\"image\":{\"@id\":\"https:\\\/\\\/www.notibras.com\\\/site\\\/#\\\/schema\\\/logo\\\/image\\\/\"},\"sameAs\":[\"https:\\\/\\\/www.facebook.com\\\/notibras\\\/\",\"https:\\\/\\\/x.com\\\/Notibras\",\"https:\\\/\\\/www.instagram.com\\\/notibras\\\/\"]},{\"@type\":\"Person\",\"@id\":\"https:\\\/\\\/www.notibras.com\\\/site\\\/#\\\/schema\\\/person\\\/36ab0979449956132d3e5b517ea76ac8\",\"name\":\"Reda\u00e7\u00e3o\",\"image\":{\"@type\":\"ImageObject\",\"inLanguage\":\"pt-BR\",\"@id\":\"https:\\\/\\\/secure.gravatar.com\\\/avatar\\\/e0a867bdedb85fd243eadf09663511f96fc81e0720a4a42581f334ad4303aa6b?s=96&d=mm&r=g\",\"url\":\"https:\\\/\\\/secure.gravatar.com\\\/avatar\\\/e0a867bdedb85fd243eadf09663511f96fc81e0720a4a42581f334ad4303aa6b?s=96&d=mm&r=g\",\"contentUrl\":\"https:\\\/\\\/secure.gravatar.com\\\/avatar\\\/e0a867bdedb85fd243eadf09663511f96fc81e0720a4a42581f334ad4303aa6b?s=96&d=mm&r=g\",\"caption\":\"Reda\u00e7\u00e3o\"}}]}<\/script>\n<!-- \/ Yoast SEO plugin. -->","yoast_head_json":{"title":"Eleitor fica com nariz de palha\u00e7o no circo chamado Congresso Nacional - Notibras","robots":{"index":"index","follow":"follow","max-snippet":"max-snippet:-1","max-image-preview":"max-image-preview:large","max-video-preview":"max-video-preview:-1"},"canonical":"https:\/\/www.notibras.com\/site\/eleitor-fica-com-nariz-de-palhaco-no-circo-chamado-congresso-nacional\/","og_locale":"pt_BR","og_type":"article","og_title":"Eleitor fica com nariz de palha\u00e7o no circo chamado Congresso Nacional - Notibras","og_description":"A vida \u00e9 cheia de contradi\u00e7\u00f5es e decep\u00e7\u00f5es. Perdi esses dois \u00faltimos dias acompanhado o meu, o seu, o nosso Congresso Nacional. Temos de saber conviver com isso. O nosso dia a dia \u00e9 uma caixinha de surpresas. Por isso, seguindo os conselhos do poeta Paulo Vanzolini, levanto, sacudo a poeira e dou a volta [&hellip;]","og_url":"https:\/\/www.notibras.com\/site\/eleitor-fica-com-nariz-de-palhaco-no-circo-chamado-congresso-nacional\/","og_site_name":"Notibras","article_publisher":"https:\/\/www.facebook.com\/notibras\/","article_published_time":"2026-05-01T09:55:22+00:00","article_modified_time":"2026-05-01T10:23:38+00:00","og_image":[{"width":770,"height":466,"url":"https:\/\/www.notibras.com\/site\/wp-content\/uploads\/2026\/05\/0d9a5237.webp","type":"image\/webp"}],"author":"Reda\u00e7\u00e3o","twitter_card":"summary_large_image","twitter_creator":"@Notibras","twitter_site":"@Notibras","twitter_misc":{"Escrito por":"Reda\u00e7\u00e3o","Est. tempo de leitura":"4 minutos"},"schema":{"@context":"https:\/\/schema.org","@graph":[{"@type":"Article","@id":"https:\/\/www.notibras.com\/site\/eleitor-fica-com-nariz-de-palhaco-no-circo-chamado-congresso-nacional\/#article","isPartOf":{"@id":"https:\/\/www.notibras.com\/site\/eleitor-fica-com-nariz-de-palhaco-no-circo-chamado-congresso-nacional\/"},"author":{"name":"Reda\u00e7\u00e3o","@id":"https:\/\/www.notibras.com\/site\/#\/schema\/person\/36ab0979449956132d3e5b517ea76ac8"},"headline":"Eleitor fica com nariz de palha\u00e7o no circo chamado Congresso Nacional","datePublished":"2026-05-01T09:55:22+00:00","dateModified":"2026-05-01T10:23:38+00:00","mainEntityOfPage":{"@id":"https:\/\/www.notibras.com\/site\/eleitor-fica-com-nariz-de-palhaco-no-circo-chamado-congresso-nacional\/"},"wordCount":608,"publisher":{"@id":"https:\/\/www.notibras.com\/site\/#organization"},"image":{"@id":"https:\/\/www.notibras.com\/site\/eleitor-fica-com-nariz-de-palhaco-no-circo-chamado-congresso-nacional\/#primaryimage"},"thumbnailUrl":"https:\/\/www.notibras.com\/site\/wp-content\/uploads\/2026\/05\/0d9a5237.webp","articleSection":["Brasil"],"inLanguage":"pt-BR"},{"@type":"WebPage","@id":"https:\/\/www.notibras.com\/site\/eleitor-fica-com-nariz-de-palhaco-no-circo-chamado-congresso-nacional\/","url":"https:\/\/www.notibras.com\/site\/eleitor-fica-com-nariz-de-palhaco-no-circo-chamado-congresso-nacional\/","name":"Eleitor fica com nariz de palha\u00e7o no circo chamado Congresso Nacional - Notibras","isPartOf":{"@id":"https:\/\/www.notibras.com\/site\/#website"},"primaryImageOfPage":{"@id":"https:\/\/www.notibras.com\/site\/eleitor-fica-com-nariz-de-palhaco-no-circo-chamado-congresso-nacional\/#primaryimage"},"image":{"@id":"https:\/\/www.notibras.com\/site\/eleitor-fica-com-nariz-de-palhaco-no-circo-chamado-congresso-nacional\/#primaryimage"},"thumbnailUrl":"https:\/\/www.notibras.com\/site\/wp-content\/uploads\/2026\/05\/0d9a5237.webp","datePublished":"2026-05-01T09:55:22+00:00","dateModified":"2026-05-01T10:23:38+00:00","breadcrumb":{"@id":"https:\/\/www.notibras.com\/site\/eleitor-fica-com-nariz-de-palhaco-no-circo-chamado-congresso-nacional\/#breadcrumb"},"inLanguage":"pt-BR","potentialAction":[{"@type":"ReadAction","target":["https:\/\/www.notibras.com\/site\/eleitor-fica-com-nariz-de-palhaco-no-circo-chamado-congresso-nacional\/"]}]},{"@type":"ImageObject","inLanguage":"pt-BR","@id":"https:\/\/www.notibras.com\/site\/eleitor-fica-com-nariz-de-palhaco-no-circo-chamado-congresso-nacional\/#primaryimage","url":"https:\/\/www.notibras.com\/site\/wp-content\/uploads\/2026\/05\/0d9a5237.webp","contentUrl":"https:\/\/www.notibras.com\/site\/wp-content\/uploads\/2026\/05\/0d9a5237.webp","width":770,"height":466},{"@type":"BreadcrumbList","@id":"https:\/\/www.notibras.com\/site\/eleitor-fica-com-nariz-de-palhaco-no-circo-chamado-congresso-nacional\/#breadcrumb","itemListElement":[{"@type":"ListItem","position":1,"name":"In\u00edcio","item":"https:\/\/www.notibras.com\/site\/"},{"@type":"ListItem","position":2,"name":"Eleitor fica com nariz de palha\u00e7o no circo chamado Congresso Nacional"}]},{"@type":"WebSite","@id":"https:\/\/www.notibras.com\/site\/#website","url":"https:\/\/www.notibras.com\/site\/","name":"Notibras","description":"Not\u00edcias de Bras\u00edlia, do Brasil e do Mundo","publisher":{"@id":"https:\/\/www.notibras.com\/site\/#organization"},"potentialAction":[{"@type":"SearchAction","target":{"@type":"EntryPoint","urlTemplate":"https:\/\/www.notibras.com\/site\/?s={search_term_string}"},"query-input":{"@type":"PropertyValueSpecification","valueRequired":true,"valueName":"search_term_string"}}],"inLanguage":"pt-BR"},{"@type":"Organization","@id":"https:\/\/www.notibras.com\/site\/#organization","name":"Grupo Notibras de Comunica\u00e7\u00e3o","url":"https:\/\/www.notibras.com\/site\/","logo":{"@type":"ImageObject","inLanguage":"pt-BR","@id":"https:\/\/www.notibras.com\/site\/#\/schema\/logo\/image\/","url":"https:\/\/www.notibras.com\/site\/wp-content\/uploads\/2023\/01\/notibras23.png","contentUrl":"https:\/\/www.notibras.com\/site\/wp-content\/uploads\/2023\/01\/notibras23.png","width":350,"height":87,"caption":"Grupo Notibras de Comunica\u00e7\u00e3o"},"image":{"@id":"https:\/\/www.notibras.com\/site\/#\/schema\/logo\/image\/"},"sameAs":["https:\/\/www.facebook.com\/notibras\/","https:\/\/x.com\/Notibras","https:\/\/www.instagram.com\/notibras\/"]},{"@type":"Person","@id":"https:\/\/www.notibras.com\/site\/#\/schema\/person\/36ab0979449956132d3e5b517ea76ac8","name":"Reda\u00e7\u00e3o","image":{"@type":"ImageObject","inLanguage":"pt-BR","@id":"https:\/\/secure.gravatar.com\/avatar\/e0a867bdedb85fd243eadf09663511f96fc81e0720a4a42581f334ad4303aa6b?s=96&d=mm&r=g","url":"https:\/\/secure.gravatar.com\/avatar\/e0a867bdedb85fd243eadf09663511f96fc81e0720a4a42581f334ad4303aa6b?s=96&d=mm&r=g","contentUrl":"https:\/\/secure.gravatar.com\/avatar\/e0a867bdedb85fd243eadf09663511f96fc81e0720a4a42581f334ad4303aa6b?s=96&d=mm&r=g","caption":"Reda\u00e7\u00e3o"}}]}},"amp_enabled":true,"_links":{"self":[{"href":"https:\/\/www.notibras.com\/site\/wp-json\/wp\/v2\/posts\/393198","targetHints":{"allow":["GET"]}}],"collection":[{"href":"https:\/\/www.notibras.com\/site\/wp-json\/wp\/v2\/posts"}],"about":[{"href":"https:\/\/www.notibras.com\/site\/wp-json\/wp\/v2\/types\/post"}],"author":[{"embeddable":true,"href":"https:\/\/www.notibras.com\/site\/wp-json\/wp\/v2\/users\/2"}],"replies":[{"embeddable":true,"href":"https:\/\/www.notibras.com\/site\/wp-json\/wp\/v2\/comments?post=393198"}],"version-history":[{"count":1,"href":"https:\/\/www.notibras.com\/site\/wp-json\/wp\/v2\/posts\/393198\/revisions"}],"predecessor-version":[{"id":393201,"href":"https:\/\/www.notibras.com\/site\/wp-json\/wp\/v2\/posts\/393198\/revisions\/393201"}],"wp:featuredmedia":[{"embeddable":true,"href":"https:\/\/www.notibras.com\/site\/wp-json\/wp\/v2\/media\/393200"}],"wp:attachment":[{"href":"https:\/\/www.notibras.com\/site\/wp-json\/wp\/v2\/media?parent=393198"}],"wp:term":[{"taxonomy":"category","embeddable":true,"href":"https:\/\/www.notibras.com\/site\/wp-json\/wp\/v2\/categories?post=393198"},{"taxonomy":"post_tag","embeddable":true,"href":"https:\/\/www.notibras.com\/site\/wp-json\/wp\/v2\/tags?post=393198"}],"curies":[{"name":"wp","href":"https:\/\/api.w.org\/{rel}","templated":true}]}}