{"id":393204,"date":"2026-05-01T13:44:27","date_gmt":"2026-05-01T16:44:27","guid":{"rendered":"https:\/\/www.notibras.com\/site\/?p=393204"},"modified":"2026-05-01T11:51:15","modified_gmt":"2026-05-01T14:51:15","slug":"brb-deixa-explicacoes-da-crise-com-banco-master-atras-de-portas-fechadas","status":"publish","type":"post","link":"https:\/\/www.notibras.com\/site\/brb-deixa-explicacoes-da-crise-com-banco-master-atras-de-portas-fechadas\/","title":{"rendered":"BRB deixa explica\u00e7\u00f5es da crise com Banco Master atr\u00e1s de portas fechadas"},"content":{"rendered":"<p>No dia 22 de abril, o Banco de Bras\u00edlia realizou uma assembleia virtual que, em tese, serviria para discutir o aumento de capital \u2014 aquele rem\u00e9dio amargo, por\u00e9m inevit\u00e1vel, diante de uma hemorragia financeira provocada pelas nebulosas rela\u00e7\u00f5es com o Banco Master. Na pr\u00e1tica, por\u00e9m, o encontro soou menos como um exerc\u00edcio de transpar\u00eancia e mais como uma sala com luzes piscando e portas que se fecham sozinhas.<\/p>\n<p>A crise n\u00e3o nasceu ontem. Ela ganhou corpo quando vieram \u00e0 tona as opera\u00e7\u00f5es que colocaram atr\u00e1s das grades o ex-presidente Paulo Henrique Costa e o controlador do Master, Daniel Vorcaro. Os dois s\u00e3o protagonistas de um enredo que mistura cifras bilion\u00e1rias, decis\u00f5es question\u00e1veis e uma governan\u00e7a que parece ter perdido o manual no caminho.<\/p>\n<p>Diante desse cen\u00e1rio, seria natural esperar que o banco abrisse as janelas, deixasse o ar circular e chamasse todos \u00e0 mesa. Mas n\u00e3o foi bem isso que aconteceu. Dois acionistas minorit\u00e1rios, devidamente inscritos, ficaram do lado de fora. Coincid\u00eancia ou conveni\u00eancia, ambos tinham algo em comum: liga\u00e7\u00e3o direta com o Sindicato dos Banc\u00e1rios, que desde 2024, vem soando o alarme sobre a estranha dan\u00e7a entre BRB e Master.<\/p>\n<p>N\u00e3o se trata de figurantes. Um deles \u00e9 funcion\u00e1rio ativo e dirigente sindical; o outro, aposentado, tamb\u00e9m com hist\u00f3rico na entidade. Compraram a\u00e7\u00f5es n\u00e3o para brincar de mercado, mas para exercer o direito b\u00e1sico de acompanhar, questionar e votar, ainda que suas posi\u00e7\u00f5es fossem atropeladas pelo rolo compressor do controlador, o Governo do Distrito Federal.<\/p>\n<p>Mas nem isso foi poss\u00edvel. Um sequer conseguiu entrar. O outro entrou\u2026 e foi gentilmente \u201cexpulso\u201d da sala virtual. Problema t\u00e9cnico? Talvez. Mas, dois, ao mesmo tempo, com perfis semelhantes e acessos distintos? A\u00ed j\u00e1 n\u00e3o parece falha e sim um roteiro previamente escrito.<\/p>\n<p>E quando o roteiro come\u00e7a a ficar previs\u00edvel, surgem as perguntas inc\u00f4modas. O que havia de t\u00e3o sens\u00edvel naquela assembleia que justificasse portas fechadas? Por que justamente vozes cr\u00edticas &#8211; ou, no m\u00ednimo, independentes &#8211; ficaram de fora? O banco, que clama por confian\u00e7a, decide selecionar quem pode assistir ao espet\u00e1culo?<\/p>\n<p>No pano de fundo, paira a sombra pol\u00edtica. As opera\u00e7\u00f5es que levaram ao colapso n\u00e3o aconteceram no v\u00e1cuo. \u00c9 dif\u00edcil acreditar que decis\u00f5es desse porte tenham sido tomadas sem conhecimento em n\u00edveis mais altos da administra\u00e7\u00e3o p\u00fablica. E, ainda assim, o sil\u00eancio segue como pol\u00edtica institucional.<\/p>\n<p>O BRB vive um momento em que deveria buscar unidade. Contudo, isso n\u00e3o se constr\u00f3i com filtros seletivos nem com assembleias que mais parecem clubes privados. Transpar\u00eancia n\u00e3o \u00e9 favor. \u00c9 obriga\u00e7\u00e3o, especialmente quando o dinheiro em jogo \u00e9 p\u00fablico.<\/p>\n<p>Resta saber se a atual gest\u00e3o quer, de fato, reconstruir a credibilidade do banco ou apenas administrar a crise dentro de uma bolha confort\u00e1vel, onde perguntas inc\u00f4modas n\u00e3o entram e respostas, convenientemente, n\u00e3o saem.<\/p>\n<p>&#8230;&#8230;&#8230;&#8230;&#8230;&#8230;.<\/p>\n<p><strong>Antonio Eust\u00e1quio \u00e9 correspondente de Notibras na Europa<\/strong><\/p>\n","protected":false},"excerpt":{"rendered":"<p>No dia 22 de abril, o Banco de Bras\u00edlia realizou uma assembleia virtual que, em tese, serviria para discutir o aumento de capital \u2014 aquele rem\u00e9dio amargo, por\u00e9m inevit\u00e1vel, diante de uma hemorragia financeira provocada pelas nebulosas rela\u00e7\u00f5es com o Banco Master. Na pr\u00e1tica, por\u00e9m, o encontro soou menos como um exerc\u00edcio de transpar\u00eancia e [&hellip;]<\/p>\n","protected":false},"author":2,"featured_media":373582,"comment_status":"closed","ping_status":"closed","sticky":false,"template":"","format":"standard","meta":{"_acf_changed":false,"footnotes":""},"categories":[161],"tags":[],"class_list":["post-393204","post","type-post","status-publish","format-standard","has-post-thumbnail","hentry","category-quadradinho-em-foco"],"acf":[],"_links":{"self":[{"href":"https:\/\/www.notibras.com\/site\/wp-json\/wp\/v2\/posts\/393204","targetHints":{"allow":["GET"]}}],"collection":[{"href":"https:\/\/www.notibras.com\/site\/wp-json\/wp\/v2\/posts"}],"about":[{"href":"https:\/\/www.notibras.com\/site\/wp-json\/wp\/v2\/types\/post"}],"author":[{"embeddable":true,"href":"https:\/\/www.notibras.com\/site\/wp-json\/wp\/v2\/users\/2"}],"replies":[{"embeddable":true,"href":"https:\/\/www.notibras.com\/site\/wp-json\/wp\/v2\/comments?post=393204"}],"version-history":[{"count":1,"href":"https:\/\/www.notibras.com\/site\/wp-json\/wp\/v2\/posts\/393204\/revisions"}],"predecessor-version":[{"id":393205,"href":"https:\/\/www.notibras.com\/site\/wp-json\/wp\/v2\/posts\/393204\/revisions\/393205"}],"wp:featuredmedia":[{"embeddable":true,"href":"https:\/\/www.notibras.com\/site\/wp-json\/wp\/v2\/media\/373582"}],"wp:attachment":[{"href":"https:\/\/www.notibras.com\/site\/wp-json\/wp\/v2\/media?parent=393204"}],"wp:term":[{"taxonomy":"category","embeddable":true,"href":"https:\/\/www.notibras.com\/site\/wp-json\/wp\/v2\/categories?post=393204"},{"taxonomy":"post_tag","embeddable":true,"href":"https:\/\/www.notibras.com\/site\/wp-json\/wp\/v2\/tags?post=393204"}],"curies":[{"name":"wp","href":"https:\/\/api.w.org\/{rel}","templated":true}]}}