{"id":393213,"date":"2026-05-01T12:44:45","date_gmt":"2026-05-01T15:44:45","guid":{"rendered":"https:\/\/www.notibras.com\/site\/?p=393213"},"modified":"2026-05-01T12:44:45","modified_gmt":"2026-05-01T15:44:45","slug":"chuvas-intensas-mudam-rotina-em-pernambuco","status":"publish","type":"post","link":"https:\/\/www.notibras.com\/site\/chuvas-intensas-mudam-rotina-em-pernambuco\/","title":{"rendered":"Chuvas intensas mudam rotina em Pernambuco"},"content":{"rendered":"<p>Nos \u00faltimos dias, a chuva tem ca\u00eddo sem descanso em diversas regi\u00f5es de Pernambuco, mudando completamente o ritmo da vida nas cidades. O que deveria ser apenas parte do inverno nordestino tem se transformado em um cen\u00e1rio de transtornos, medo e preju\u00edzos constantes para milhares de moradores.<\/p>\n<p>Na Regi\u00e3o Metropolitana do Recife, ruas alagadas dificultam o tr\u00e2nsito, invadem casas e paralisam o com\u00e9rcio. Em poucos minutos de chuva forte, bairros inteiros ficam intransit\u00e1veis. \u00d4nibus atrasam, trabalhadores n\u00e3o conseguem chegar ao emprego e estudantes perdem aulas, enquanto a \u00e1gua sobe rapidamente, trazendo consigo lixo e inseguran\u00e7a.<\/p>\n<p>Nas \u00e1reas de morro, o risco \u00e9 ainda maior. Com o solo encharcado, aumentam as chances de deslizamentos, deixando fam\u00edlias em alerta permanente. Muitas passam a noite acordadas, com receio de que a chuva leve n\u00e3o apenas seus pertences, mas tamb\u00e9m suas casas.<\/p>\n<p>Al\u00e9m dos impactos imediatos, a sequ\u00eancia de dias chuvosos agrava problemas antigos, como a falta de drenagem adequada e o ac\u00famulo de res\u00edduos nas ruas. O resultado \u00e9 um ciclo que se repete: quanto mais chove, maiores s\u00e3o os danos \u2014 principalmente nas comunidades mais vulner\u00e1veis.<\/p>\n<p>Mesmo diante das dificuldades, a popula\u00e7\u00e3o tenta se adaptar. H\u00e1 quem improvise barreiras com areia, quem levante m\u00f3veis e quem conte com a ajuda de vizinhos para enfrentar os momentos mais cr\u00edticos. A solidariedade, nesses casos, se torna t\u00e3o essencial quanto qualquer medida emergencial.<\/p>\n<p>Enquanto a chuva continua caindo, cresce tamb\u00e9m a preocupa\u00e7\u00e3o com os pr\u00f3ximos dias. Para muitos pernambucanos, a pergunta j\u00e1 n\u00e3o \u00e9 se vai alagar \u2014 mas quando e at\u00e9 onde a \u00e1gua vai chegar.<\/p>\n","protected":false},"excerpt":{"rendered":"<p>Nos \u00faltimos dias, a chuva tem ca\u00eddo sem descanso em diversas regi\u00f5es de Pernambuco, mudando completamente o ritmo da vida nas cidades. O que deveria ser apenas parte do inverno nordestino tem se transformado em um cen\u00e1rio de transtornos, medo e preju\u00edzos constantes para milhares de moradores. Na Regi\u00e3o Metropolitana do Recife, ruas alagadas dificultam [&hellip;]<\/p>\n","protected":false},"author":2,"featured_media":393214,"comment_status":"closed","ping_status":"closed","sticky":false,"template":"","format":"standard","meta":{"_acf_changed":false,"footnotes":""},"categories":[165],"tags":[],"class_list":["post-393213","post","type-post","status-publish","format-standard","has-post-thumbnail","hentry","category-nordeste"],"acf":[],"_links":{"self":[{"href":"https:\/\/www.notibras.com\/site\/wp-json\/wp\/v2\/posts\/393213","targetHints":{"allow":["GET"]}}],"collection":[{"href":"https:\/\/www.notibras.com\/site\/wp-json\/wp\/v2\/posts"}],"about":[{"href":"https:\/\/www.notibras.com\/site\/wp-json\/wp\/v2\/types\/post"}],"author":[{"embeddable":true,"href":"https:\/\/www.notibras.com\/site\/wp-json\/wp\/v2\/users\/2"}],"replies":[{"embeddable":true,"href":"https:\/\/www.notibras.com\/site\/wp-json\/wp\/v2\/comments?post=393213"}],"version-history":[{"count":1,"href":"https:\/\/www.notibras.com\/site\/wp-json\/wp\/v2\/posts\/393213\/revisions"}],"predecessor-version":[{"id":393215,"href":"https:\/\/www.notibras.com\/site\/wp-json\/wp\/v2\/posts\/393213\/revisions\/393215"}],"wp:featuredmedia":[{"embeddable":true,"href":"https:\/\/www.notibras.com\/site\/wp-json\/wp\/v2\/media\/393214"}],"wp:attachment":[{"href":"https:\/\/www.notibras.com\/site\/wp-json\/wp\/v2\/media?parent=393213"}],"wp:term":[{"taxonomy":"category","embeddable":true,"href":"https:\/\/www.notibras.com\/site\/wp-json\/wp\/v2\/categories?post=393213"},{"taxonomy":"post_tag","embeddable":true,"href":"https:\/\/www.notibras.com\/site\/wp-json\/wp\/v2\/tags?post=393213"}],"curies":[{"name":"wp","href":"https:\/\/api.w.org\/{rel}","templated":true}]}}