{"id":393216,"date":"2026-05-01T10:46:31","date_gmt":"2026-05-01T13:46:31","guid":{"rendered":"https:\/\/www.notibras.com\/site\/?p=393216"},"modified":"2026-05-01T12:49:02","modified_gmt":"2026-05-01T15:49:02","slug":"mulheres-nordestinas-que-sustentam-os-lares-sozinhas","status":"publish","type":"post","link":"https:\/\/www.notibras.com\/site\/mulheres-nordestinas-que-sustentam-os-lares-sozinhas\/","title":{"rendered":"Mulheres nordestinas que sustentam os lares sozinhas"},"content":{"rendered":"<p>Antes do sol nascer, muitas mulheres nordestinas j\u00e1 est\u00e3o de p\u00e9. Entre preparar o caf\u00e9, organizar a casa e cuidar dos filhos, come\u00e7a uma rotina que n\u00e3o termina quando o dia acaba. S\u00e3o m\u00e3es, trabalhadoras e, muitas vezes, as \u00fanicas respons\u00e1veis por manter o lar funcionando.<\/p>\n<p>No Nordeste, cresce o n\u00famero de fam\u00edlias chefiadas por mulheres. Em boa parte dos casos, elas enfrentam essa responsabilidade sozinhas \u2014 seja pela aus\u00eancia do parceiro, separa\u00e7\u00e3o ou necessidade de independ\u00eancia. Com poucos recursos e oportunidades limitadas, equilibram trabalho e cuidado com os filhos em uma jornada exaustiva.<\/p>\n<p>Grande parte dessas mulheres est\u00e1 na informalidade, em empregos inst\u00e1veis e com renda baixa. Mesmo assim, s\u00e3o elas que garantem o alimento na mesa, o material escolar e as contas pagas. Cada conquista di\u00e1ria \u00e9 fruto de esfor\u00e7o constante e, muitas vezes, silencioso.<\/p>\n<p>Al\u00e9m dos desafios financeiros, h\u00e1 o peso emocional. A press\u00e3o de \u201cdar conta de tudo\u201d sem apoio pode gerar cansa\u00e7o extremo e ansiedade. Ainda assim, muitas seguem firmes, movidas pelo desejo de oferecer um futuro melhor aos filhos.<\/p>\n<p>Apesar das dificuldades, essas mulheres representam uma for\u00e7a essencial na sociedade nordestina. S\u00e3o exemplos de resist\u00eancia, coragem e determina\u00e7\u00e3o. Mesmo invisibilizadas em muitos espa\u00e7os, sustentam n\u00e3o apenas suas casas, mas tamb\u00e9m a esperan\u00e7a de dias melhores.<\/p>\n<p>Dar visibilidade a essas hist\u00f3rias \u00e9 reconhecer o papel fundamental dessas mulheres e refletir sobre a necessidade de mais apoio, oportunidades e pol\u00edticas p\u00fablicas que valorizem quem, todos os dias, carrega o peso de sustentar uma fam\u00edlia inteira.<\/p>\n","protected":false},"excerpt":{"rendered":"<p>Antes do sol nascer, muitas mulheres nordestinas j\u00e1 est\u00e3o de p\u00e9. Entre preparar o caf\u00e9, organizar a casa e cuidar dos filhos, come\u00e7a uma rotina que n\u00e3o termina quando o dia acaba. S\u00e3o m\u00e3es, trabalhadoras e, muitas vezes, as \u00fanicas respons\u00e1veis por manter o lar funcionando. No Nordeste, cresce o n\u00famero de fam\u00edlias chefiadas por [&hellip;]<\/p>\n","protected":false},"author":2,"featured_media":393217,"comment_status":"closed","ping_status":"closed","sticky":false,"template":"","format":"standard","meta":{"_acf_changed":false,"footnotes":""},"categories":[165],"tags":[],"class_list":["post-393216","post","type-post","status-publish","format-standard","has-post-thumbnail","hentry","category-nordeste"],"acf":[],"_links":{"self":[{"href":"https:\/\/www.notibras.com\/site\/wp-json\/wp\/v2\/posts\/393216","targetHints":{"allow":["GET"]}}],"collection":[{"href":"https:\/\/www.notibras.com\/site\/wp-json\/wp\/v2\/posts"}],"about":[{"href":"https:\/\/www.notibras.com\/site\/wp-json\/wp\/v2\/types\/post"}],"author":[{"embeddable":true,"href":"https:\/\/www.notibras.com\/site\/wp-json\/wp\/v2\/users\/2"}],"replies":[{"embeddable":true,"href":"https:\/\/www.notibras.com\/site\/wp-json\/wp\/v2\/comments?post=393216"}],"version-history":[{"count":1,"href":"https:\/\/www.notibras.com\/site\/wp-json\/wp\/v2\/posts\/393216\/revisions"}],"predecessor-version":[{"id":393218,"href":"https:\/\/www.notibras.com\/site\/wp-json\/wp\/v2\/posts\/393216\/revisions\/393218"}],"wp:featuredmedia":[{"embeddable":true,"href":"https:\/\/www.notibras.com\/site\/wp-json\/wp\/v2\/media\/393217"}],"wp:attachment":[{"href":"https:\/\/www.notibras.com\/site\/wp-json\/wp\/v2\/media?parent=393216"}],"wp:term":[{"taxonomy":"category","embeddable":true,"href":"https:\/\/www.notibras.com\/site\/wp-json\/wp\/v2\/categories?post=393216"},{"taxonomy":"post_tag","embeddable":true,"href":"https:\/\/www.notibras.com\/site\/wp-json\/wp\/v2\/tags?post=393216"}],"curies":[{"name":"wp","href":"https:\/\/api.w.org\/{rel}","templated":true}]}}