{"id":393219,"date":"2026-05-01T10:52:41","date_gmt":"2026-05-01T13:52:41","guid":{"rendered":"https:\/\/www.notibras.com\/site\/?p=393219"},"modified":"2026-05-01T12:55:13","modified_gmt":"2026-05-01T15:55:13","slug":"planejamento-urbano-avanca-no-nordeste-brasileiro","status":"publish","type":"post","link":"https:\/\/www.notibras.com\/site\/planejamento-urbano-avanca-no-nordeste-brasileiro\/","title":{"rendered":"Planejamento urbano avan\u00e7a no Nordeste brasileiro"},"content":{"rendered":"<p>No compasso quente do Nordeste, onde o vento sopra hist\u00f3rias antigas e o sol desenha sombras sobre ruas cheias de vida, nasce uma nova paisagem: a das cidades que aprendem com o passado enquanto constroem o amanh\u00e3.<\/p>\n<p>Em Recife, os rios ainda cortam a cidade como veias abertas, mas agora dividem espa\u00e7o com ciclovias, parques urbanos e projetos que tentam reconciliar concreto e natureza. O desafio n\u00e3o \u00e9 pequeno \u2014 crescer sem perder a alma. E talvez seja esse o maior dilema das cidades nordestinas: como modernizar sem apagar a mem\u00f3ria que sustenta sua identidade?<\/p>\n<p>Em Fortaleza, o mar observa silencioso a transforma\u00e7\u00e3o da orla, onde espa\u00e7os p\u00fablicos ganham nova vida e a mobilidade urbana come\u00e7a a ser pensada para pessoas, n\u00e3o apenas para carros. J\u00e1 n\u00e3o basta expandir; \u00e9 preciso incluir. A cidade do futuro, aqui, n\u00e3o \u00e9 apenas inteligente \u2014 \u00e9 justa.<\/p>\n<p>E l\u00e1 no cora\u00e7\u00e3o do sert\u00e3o, Juazeiro do Norte pulsa como prova de que desenvolvimento n\u00e3o \u00e9 exclusividade do litoral. Entre romarias e crescimento econ\u00f4mico, a cidade se reinventa, apostando em infraestrutura e servi\u00e7os que dialogam com sua voca\u00e7\u00e3o cultural.<\/p>\n<p>O Nordeste urbano que emerge n\u00e3o \u00e9 c\u00f3pia de modelos estrangeiros. Ele carrega o improviso criativo, a resili\u00eancia e a coletividade como fundamentos. Fala-se em cidades sustent\u00e1veis, sim \u2014 mas aqui sustentabilidade tamb\u00e9m significa garantir sombra na pra\u00e7a, \u00e1gua na torneira e dignidade nas periferias.<\/p>\n<p>O planejamento urbano, por muito tempo ausente ou desigual, come\u00e7a a ser reescrito. Tecnologias chegam, startups surgem, dados orientam decis\u00f5es. Mas ainda \u00e9 o povo que dita o ritmo. Porque no Nordeste, cidade n\u00e3o \u00e9 s\u00f3 espa\u00e7o \u2014 \u00e9 conviv\u00eancia, \u00e9 feira livre, \u00e9 crian\u00e7a brincando na rua ao entardecer.<\/p>\n<p>As cidades do futuro nordestino n\u00e3o ser\u00e3o perfeitas. Ter\u00e3o contradi\u00e7\u00f5es, como sempre tiveram. Mas talvez sejam mais humanas. E, no fim das contas, \u00e9 isso que importa: n\u00e3o construir cidades apenas para serem vistas do alto, mas para serem vividas de perto.<\/p>\n<p>Entre o passado que resiste e o futuro que insiste, o Nordeste segue \u2014 n\u00e3o como promessa, mas como realidade em constru\u00e7\u00e3o.<\/p>\n","protected":false},"excerpt":{"rendered":"<p>No compasso quente do Nordeste, onde o vento sopra hist\u00f3rias antigas e o sol desenha sombras sobre ruas cheias de vida, nasce uma nova paisagem: a das cidades que aprendem com o passado enquanto constroem o amanh\u00e3. Em Recife, os rios ainda cortam a cidade como veias abertas, mas agora dividem espa\u00e7o com ciclovias, parques [&hellip;]<\/p>\n","protected":false},"author":2,"featured_media":393220,"comment_status":"closed","ping_status":"closed","sticky":false,"template":"","format":"standard","meta":{"_acf_changed":false,"footnotes":""},"categories":[165],"tags":[],"class_list":["post-393219","post","type-post","status-publish","format-standard","has-post-thumbnail","hentry","category-nordeste"],"acf":[],"_links":{"self":[{"href":"https:\/\/www.notibras.com\/site\/wp-json\/wp\/v2\/posts\/393219","targetHints":{"allow":["GET"]}}],"collection":[{"href":"https:\/\/www.notibras.com\/site\/wp-json\/wp\/v2\/posts"}],"about":[{"href":"https:\/\/www.notibras.com\/site\/wp-json\/wp\/v2\/types\/post"}],"author":[{"embeddable":true,"href":"https:\/\/www.notibras.com\/site\/wp-json\/wp\/v2\/users\/2"}],"replies":[{"embeddable":true,"href":"https:\/\/www.notibras.com\/site\/wp-json\/wp\/v2\/comments?post=393219"}],"version-history":[{"count":1,"href":"https:\/\/www.notibras.com\/site\/wp-json\/wp\/v2\/posts\/393219\/revisions"}],"predecessor-version":[{"id":393221,"href":"https:\/\/www.notibras.com\/site\/wp-json\/wp\/v2\/posts\/393219\/revisions\/393221"}],"wp:featuredmedia":[{"embeddable":true,"href":"https:\/\/www.notibras.com\/site\/wp-json\/wp\/v2\/media\/393220"}],"wp:attachment":[{"href":"https:\/\/www.notibras.com\/site\/wp-json\/wp\/v2\/media?parent=393219"}],"wp:term":[{"taxonomy":"category","embeddable":true,"href":"https:\/\/www.notibras.com\/site\/wp-json\/wp\/v2\/categories?post=393219"},{"taxonomy":"post_tag","embeddable":true,"href":"https:\/\/www.notibras.com\/site\/wp-json\/wp\/v2\/tags?post=393219"}],"curies":[{"name":"wp","href":"https:\/\/api.w.org\/{rel}","templated":true}]}}