{"id":393223,"date":"2026-05-01T00:58:13","date_gmt":"2026-05-01T03:58:13","guid":{"rendered":"https:\/\/www.notibras.com\/site\/?p=393223"},"modified":"2026-05-01T14:02:36","modified_gmt":"2026-05-01T17:02:36","slug":"julio-adnet-e-camicado-movimentam-o-terraco-shopping","status":"publish","type":"post","link":"https:\/\/www.notibras.com\/site\/julio-adnet-e-camicado-movimentam-o-terraco-shopping\/","title":{"rendered":"Julio Adnet e Camicado movimentam o Terra\u00e7o Shopping"},"content":{"rendered":"<p>Bras\u00edlia \u00e9 feita de hist\u00f3rias que se renovam, e o Terra\u00e7o Shopping traduziu exatamente isto em seus eventos mais recentes. No mesmo m\u00eas em que Academia Julio Adnet celebra 64 anos de compromisso com a sa\u00fade e o bem-estar, o shopping comemora tamb\u00e9m a chegada da Camicado, que abriu com um formato in\u00e9dito no pa\u00eds.<\/p>\n<p>Refer\u00eancia desde 1962, a academia \u00e9 parte intr\u00ednseca da identidade do shopping, unindo credibilidade hist\u00f3rica a um conceito arquitet\u00f4nico e tecnol\u00f3gico de \u00faltima gera\u00e7\u00e3o.<\/p>\n<p>Do outro, a chegada da Camicado traz um novo ar de sofistica\u00e7\u00e3o ao mix do mall. A opera\u00e7\u00e3o \u00e9 a terceira do Grupo Renner no empreendimento e representa a aposta em um modelo de loja inovador. Com investimentos na ordem de R$ 20 milh\u00f5es, a unidade chega para suprir a demanda por design e praticidade em toda a regi\u00e3o.<\/p>\n<p>O brinde \u00e0s novidades foi acompanhado de perto pelo empreendedor Paulo Oct\u00e1vio, que refor\u00e7ou a valoriza\u00e7\u00e3o das parcerias que crescem junto com o shopping. Entre o peso do legado e o frescor das novas vitrines, o Terra\u00e7o segue consolidado como um destino indispens\u00e1vel para quem n\u00e3o abre m\u00e3o de qualidade de vida e excel\u00eancia.<\/p>\n<p>O momento de transforma\u00e7\u00e3o tamb\u00e9m passa por marcas que seguem acreditando no shopping e reinvestindo em sua presen\u00e7a. A Track&amp;Field est\u00e1 de cara nova no Terra\u00e7o Shopping, com uma moderniza\u00e7\u00e3o completa e projeto arquitet\u00f4nico totalmente renovado. A loja passa a operar no modelo mais atual da marca em Bras\u00edlia, oferecendo uma experi\u00eancia ainda mais contempor\u00e2nea e sofisticada.<\/p>\n<p>Al\u00e9m disso, o Terra\u00e7o Shopping segue em expans\u00e3o e renova\u00e7\u00e3o com a chegada da TACO e do Spoleto em nova loja, al\u00e9m de movimentos estrat\u00e9gicos como a expans\u00e3o do Divino Fog\u00e3o, que ganhar\u00e1 parrilla, e da Clube Melissa, que inaugura uma nova loja em novo local, refor\u00e7ando a moderniza\u00e7\u00e3o e qualifica\u00e7\u00e3o do mix.<\/p>\n","protected":false},"excerpt":{"rendered":"<p>Bras\u00edlia \u00e9 feita de hist\u00f3rias que se renovam, e o Terra\u00e7o Shopping traduziu exatamente isto em seus eventos mais recentes. No mesmo m\u00eas em que Academia Julio Adnet celebra 64 anos de compromisso com a sa\u00fade e o bem-estar, o shopping comemora tamb\u00e9m a chegada da Camicado, que abriu com um formato in\u00e9dito no pa\u00eds. [&hellip;]<\/p>\n","protected":false},"author":2,"featured_media":393225,"comment_status":"closed","ping_status":"closed","sticky":false,"template":"","format":"standard","meta":{"_acf_changed":false,"footnotes":""},"categories":[155],"tags":[],"class_list":["post-393223","post","type-post","status-publish","format-standard","has-post-thumbnail","hentry","category-leitura-vip"],"acf":[],"_links":{"self":[{"href":"https:\/\/www.notibras.com\/site\/wp-json\/wp\/v2\/posts\/393223","targetHints":{"allow":["GET"]}}],"collection":[{"href":"https:\/\/www.notibras.com\/site\/wp-json\/wp\/v2\/posts"}],"about":[{"href":"https:\/\/www.notibras.com\/site\/wp-json\/wp\/v2\/types\/post"}],"author":[{"embeddable":true,"href":"https:\/\/www.notibras.com\/site\/wp-json\/wp\/v2\/users\/2"}],"replies":[{"embeddable":true,"href":"https:\/\/www.notibras.com\/site\/wp-json\/wp\/v2\/comments?post=393223"}],"version-history":[{"count":1,"href":"https:\/\/www.notibras.com\/site\/wp-json\/wp\/v2\/posts\/393223\/revisions"}],"predecessor-version":[{"id":393226,"href":"https:\/\/www.notibras.com\/site\/wp-json\/wp\/v2\/posts\/393223\/revisions\/393226"}],"wp:featuredmedia":[{"embeddable":true,"href":"https:\/\/www.notibras.com\/site\/wp-json\/wp\/v2\/media\/393225"}],"wp:attachment":[{"href":"https:\/\/www.notibras.com\/site\/wp-json\/wp\/v2\/media?parent=393223"}],"wp:term":[{"taxonomy":"category","embeddable":true,"href":"https:\/\/www.notibras.com\/site\/wp-json\/wp\/v2\/categories?post=393223"},{"taxonomy":"post_tag","embeddable":true,"href":"https:\/\/www.notibras.com\/site\/wp-json\/wp\/v2\/tags?post=393223"}],"curies":[{"name":"wp","href":"https:\/\/api.w.org\/{rel}","templated":true}]}}