{"id":393228,"date":"2026-05-01T01:11:50","date_gmt":"2026-05-01T04:11:50","guid":{"rendered":"https:\/\/www.notibras.com\/site\/?p=393228"},"modified":"2026-05-01T14:15:54","modified_gmt":"2026-05-01T17:15:54","slug":"mcdonalds-inaugura-restaurante-e-amplia-presenca-na-regiao","status":"publish","type":"post","link":"https:\/\/www.notibras.com\/site\/mcdonalds-inaugura-restaurante-e-amplia-presenca-na-regiao\/","title":{"rendered":"McDonald\u2019s inaugura restaurante e amplia presen\u00e7a na regi\u00e3o"},"content":{"rendered":"<p>O McDonald\u2019s segue expandindo sua presen\u00e7a no Distrito Federal e inaugurou, na quinta, 30, uma nova unidade na Ceil\u00e2ndia Norte. O restaurante chega para refor\u00e7ar a atua\u00e7\u00e3o da marca em uma das regi\u00f5es mais populosas do DF, oferecendo conveni\u00eancia, inova\u00e7\u00e3o e diversas op\u00e7\u00f5es para o p\u00fablico local.<\/p>\n<p>A nova unidade, localizada na QNO 2, conta com estrutura moderna e servi\u00e7os que priorizam a praticidade. Para a opera\u00e7\u00e3o, foram geradas 40 novas vagas de emprego, majoritariamente destinadas a jovens que buscam sua primeira experi\u00eancia no mercado de trabalho, refor\u00e7ando o papel da companhia como uma das maiores geradoras de primeiro emprego no pa\u00eds.<\/p>\n<p>Com funcionamento di\u00e1rio das 8h \u00e0s 23h, o restaurante oferece atendimento no balc\u00e3o e no Drive-Thru, al\u00e9m de solu\u00e7\u00f5es digitais que tornam a experi\u00eancia mais \u00e1gil, como os totens de autoatendimento ou Pe\u00e7a e Retire e McDelivery via app do McDonald\u2019s. A unidade tamb\u00e9m contar\u00e1 com servi\u00e7o \u00e0 mesa e op\u00e7\u00f5es de caf\u00e9 da manh\u00e3, ampliando as possibilidades de consumo para diferentes momentos do dia.<\/p>\n<p>O espa\u00e7o possui capacidade para 65 clientes e estrutura pensada para o conforto e fluxo eficiente, al\u00e9m de estacionamento pr\u00f3prio. O servi\u00e7o de McDelivery tamb\u00e9m ser\u00e1 implantado logo ap\u00f3s os primeiros dias de opera\u00e7\u00e3o.<\/p>\n<p>Alinhado \u00e0 Receita do Futuro, plataforma ESG da Arcos Dorados, o restaurante incorpora solu\u00e7\u00f5es sustent\u00e1veis como ilumina\u00e7\u00e3o em LED, equipamentos com gases de refrigera\u00e7\u00e3o n\u00e3o contaminantes, sistema de reaproveitamento de \u00e1gua para o paisagismo e materiais reciclados na constru\u00e7\u00e3o, como o forro produzido a partir de garrafas PET.<\/p>\n<p><strong>Servi\u00e7o<\/strong><br \/>\nMcDonald\u2019s Ceil\u00e2ndia Norte<br \/>\nQNO 2, conjunto H, lote 2<br \/>\nFuncionamento di\u00e1rio das 8h \u00e0s 23h<\/p>\n","protected":false},"excerpt":{"rendered":"<p>O McDonald\u2019s segue expandindo sua presen\u00e7a no Distrito Federal e inaugurou, na quinta, 30, uma nova unidade na Ceil\u00e2ndia Norte. O restaurante chega para refor\u00e7ar a atua\u00e7\u00e3o da marca em uma das regi\u00f5es mais populosas do DF, oferecendo conveni\u00eancia, inova\u00e7\u00e3o e diversas op\u00e7\u00f5es para o p\u00fablico local. A nova unidade, localizada na QNO 2, conta [&hellip;]<\/p>\n","protected":false},"author":2,"featured_media":393229,"comment_status":"closed","ping_status":"closed","sticky":false,"template":"","format":"standard","meta":{"_acf_changed":false,"footnotes":""},"categories":[161],"tags":[],"class_list":["post-393228","post","type-post","status-publish","format-standard","has-post-thumbnail","hentry","category-quadradinho-em-foco"],"acf":[],"_links":{"self":[{"href":"https:\/\/www.notibras.com\/site\/wp-json\/wp\/v2\/posts\/393228","targetHints":{"allow":["GET"]}}],"collection":[{"href":"https:\/\/www.notibras.com\/site\/wp-json\/wp\/v2\/posts"}],"about":[{"href":"https:\/\/www.notibras.com\/site\/wp-json\/wp\/v2\/types\/post"}],"author":[{"embeddable":true,"href":"https:\/\/www.notibras.com\/site\/wp-json\/wp\/v2\/users\/2"}],"replies":[{"embeddable":true,"href":"https:\/\/www.notibras.com\/site\/wp-json\/wp\/v2\/comments?post=393228"}],"version-history":[{"count":1,"href":"https:\/\/www.notibras.com\/site\/wp-json\/wp\/v2\/posts\/393228\/revisions"}],"predecessor-version":[{"id":393230,"href":"https:\/\/www.notibras.com\/site\/wp-json\/wp\/v2\/posts\/393228\/revisions\/393230"}],"wp:featuredmedia":[{"embeddable":true,"href":"https:\/\/www.notibras.com\/site\/wp-json\/wp\/v2\/media\/393229"}],"wp:attachment":[{"href":"https:\/\/www.notibras.com\/site\/wp-json\/wp\/v2\/media?parent=393228"}],"wp:term":[{"taxonomy":"category","embeddable":true,"href":"https:\/\/www.notibras.com\/site\/wp-json\/wp\/v2\/categories?post=393228"},{"taxonomy":"post_tag","embeddable":true,"href":"https:\/\/www.notibras.com\/site\/wp-json\/wp\/v2\/tags?post=393228"}],"curies":[{"name":"wp","href":"https:\/\/api.w.org\/{rel}","templated":true}]}}