{"id":393235,"date":"2026-05-02T00:15:40","date_gmt":"2026-05-02T03:15:40","guid":{"rendered":"https:\/\/www.notibras.com\/site\/?p=393235"},"modified":"2026-05-01T15:05:49","modified_gmt":"2026-05-01T18:05:49","slug":"vestigios-da-noite","status":"publish","type":"post","link":"https:\/\/www.notibras.com\/site\/vestigios-da-noite\/","title":{"rendered":"Vest\u00edgios da Noite"},"content":{"rendered":"<p>Ontem, pensei em ti,<br \/>\ncomo quem recolhe estrelas no sil\u00eancio.<br \/>\nDesejei tua presen\u00e7a,<br \/>\no calor de teus abra\u00e7os,<br \/>\no sabor da tua ternura.<\/p>\n<p>Recordei nossos instantes de \u00eaxtase,<br \/>\nquando o tempo se desfazia em chama,<br \/>\nquando nossos corpos eram rios<br \/>\nque se encontravam sem fronteiras.<\/p>\n<p>A delicadeza da tua boca<br \/>\nera flor que se abria em mel,<br \/>\ncada gesto teu,<br \/>\num sopro que incendiava minha pele.<\/p>\n<p>Lembrei do fervor que nos unia,<br \/>\nda entrega que nos tornava ref\u00e9ns<br \/>\nde um desejo sem limites,<br \/>\nde uma paix\u00e3o que nos consumia<br \/>\ncomo fogo que nunca se apaga.<\/p>\n<p>Ontem, lembrei de ti,<br \/>\nde n\u00f3s,<br \/>\ndo amor que florescia em tempestade,<br \/>\nda vol\u00fapia que nos fazia eternos,<br \/>\nmesmo que apenas por um instante.<\/p>\n","protected":false},"excerpt":{"rendered":"<p>Ontem, pensei em ti, como quem recolhe estrelas no sil\u00eancio. Desejei tua presen\u00e7a, o calor de teus abra\u00e7os, o sabor da tua ternura. Recordei nossos instantes de \u00eaxtase, quando o tempo se desfazia em chama, quando nossos corpos eram rios que se encontravam sem fronteiras. A delicadeza da tua boca era flor que se abria [&hellip;]<\/p>\n","protected":false},"author":21,"featured_media":393236,"comment_status":"closed","ping_status":"closed","sticky":false,"template":"","format":"standard","meta":{"_acf_changed":false,"footnotes":""},"categories":[234],"tags":[],"class_list":["post-393235","post","type-post","status-publish","format-standard","has-post-thumbnail","hentry","category-cafe-literario"],"acf":[],"_links":{"self":[{"href":"https:\/\/www.notibras.com\/site\/wp-json\/wp\/v2\/posts\/393235","targetHints":{"allow":["GET"]}}],"collection":[{"href":"https:\/\/www.notibras.com\/site\/wp-json\/wp\/v2\/posts"}],"about":[{"href":"https:\/\/www.notibras.com\/site\/wp-json\/wp\/v2\/types\/post"}],"author":[{"embeddable":true,"href":"https:\/\/www.notibras.com\/site\/wp-json\/wp\/v2\/users\/21"}],"replies":[{"embeddable":true,"href":"https:\/\/www.notibras.com\/site\/wp-json\/wp\/v2\/comments?post=393235"}],"version-history":[{"count":1,"href":"https:\/\/www.notibras.com\/site\/wp-json\/wp\/v2\/posts\/393235\/revisions"}],"predecessor-version":[{"id":393237,"href":"https:\/\/www.notibras.com\/site\/wp-json\/wp\/v2\/posts\/393235\/revisions\/393237"}],"wp:featuredmedia":[{"embeddable":true,"href":"https:\/\/www.notibras.com\/site\/wp-json\/wp\/v2\/media\/393236"}],"wp:attachment":[{"href":"https:\/\/www.notibras.com\/site\/wp-json\/wp\/v2\/media?parent=393235"}],"wp:term":[{"taxonomy":"category","embeddable":true,"href":"https:\/\/www.notibras.com\/site\/wp-json\/wp\/v2\/categories?post=393235"},{"taxonomy":"post_tag","embeddable":true,"href":"https:\/\/www.notibras.com\/site\/wp-json\/wp\/v2\/tags?post=393235"}],"curies":[{"name":"wp","href":"https:\/\/api.w.org\/{rel}","templated":true}]}}