{"id":393243,"date":"2026-05-01T14:01:47","date_gmt":"2026-05-01T17:01:47","guid":{"rendered":"https:\/\/www.notibras.com\/site\/?p=393243"},"modified":"2026-05-01T17:34:34","modified_gmt":"2026-05-01T20:34:34","slug":"paco-linea-afina-tom-para-resgatar-eterna-serenata","status":"publish","type":"post","link":"https:\/\/www.notibras.com\/site\/paco-linea-afina-tom-para-resgatar-eterna-serenata\/","title":{"rendered":"Pa\u00e7o L\u00ednea afina tom para resgatar eterna serenata"},"content":{"rendered":"<p>Um ar de come\u00e7o antigo circulou na noite de quinta, 30, como se o tempo, em vez de correr, tivesse decidido sentar-se num banco de pra\u00e7a e ouvir. E foi em \u00c1guas Claras, entre pr\u00e9dios que ainda cheiram a concreto recente, que brotou o que convencionamos chamar de mem\u00f3ria, algo que n\u00e3o se constr\u00f3i com cimento.<\/p>\n<p>Os viol\u00f5es de Breno, Guilherme e M\u00e1rio n\u00e3o eram apenas instrumentos, mas pontes para a vida. O pandeiro, com seu tilintar quase t\u00edmido, parecia pedir licen\u00e7a \u00e0 Lua, que se prenunciava Cheia, como quem bate \u00e0 porta de uma lembran\u00e7a. As vozes n\u00e3o obedeciam a partituras r\u00edgidas, nem pretendiam. Havia ali um coral imperfeito, desses que s\u00f3 existem quando a alma decide cantar antes da t\u00e9cnica. E talvez por isso mesmo, mais verdadeiro.<\/p>\n<p>Chamaram de estreia da Serenata do Pa\u00e7o L\u00ednea. Mas come\u00e7o, no fundo, \u00e9 palavra que engana. Porque o que se ouviu ali j\u00e1 existia antes, resgatado nos quintais de outrora, nos r\u00e1dios de pilha, nas serenatas que atravessavam ruas de terra e janelas entreabertas. E a noite, improvisada, deu apenas endere\u00e7o novo ao que nunca deixou de ser.<\/p>\n<p>Sob a reg\u00eancia quase simb\u00f3lica de Ana Velez, vista mais como uma guardi\u00e3 do esp\u00edrito do que maestrina de gestos, a m\u00fasica veio acompanhada de um sentido que n\u00e3o se canta em notas. Afinal, como se tratava de v\u00e9spera deste 1\u00ba de Maio, n\u00e3o havia discursos formais, nem o das promessas recicladas, mas o de um trabalhador que, como lembrou-se, trabalha com a boca que canta, que protesta, que ri de si mesma quando o tom escapa. E ainda assim insiste, mesmo que n\u00e3o prove um naco da prometida picanha.<\/p>\n<p><img loading=\"lazy\" decoding=\"async\" class=\"wp-image-393245 aligncenter\" src=\"https:\/\/www.notibras.com\/site\/wp-content\/uploads\/2026\/05\/seneranata.paco_.1.1-300x225.jpg\" alt=\"\" width=\"488\" height=\"366\" srcset=\"https:\/\/www.notibras.com\/site\/wp-content\/uploads\/2026\/05\/seneranata.paco_.1.1-300x225.jpg 300w, https:\/\/www.notibras.com\/site\/wp-content\/uploads\/2026\/05\/seneranata.paco_.1.1-1024x768.jpg 1024w, https:\/\/www.notibras.com\/site\/wp-content\/uploads\/2026\/05\/seneranata.paco_.1.1-768x576.jpg 768w, https:\/\/www.notibras.com\/site\/wp-content\/uploads\/2026\/05\/seneranata.paco_.1.1-1536x1152.jpg 1536w, https:\/\/www.notibras.com\/site\/wp-content\/uploads\/2026\/05\/seneranata.paco_.1.1.jpg 1600w\" sizes=\"auto, (max-width: 488px) 100vw, 488px\" \/><\/p>\n<p>Havia no grupo uma mistura bonita de tempos. Gente que j\u00e1 come\u00e7a a conversar com a aposentadoria, como quem ajeita a cadeira na varanda do futuro, e gente que ainda trope\u00e7a nos primeiros passos, com o mundo inteiro por experimentar. Entre um e outro, o que se trocava n\u00e3o era s\u00f3 m\u00fasica, mas perman\u00eancia, uni\u00e3o, cumplicidade por momentos prazerosos desde a \u00e9poca de Noel Rosa.<\/p>\n<p>A Lua vencia as copas da Selva de Pedra quando prometeram voltar \u00e0s quintas-feiras. Promessas assim, pequenas e despretensiosas, costumam ser as mais duradouras. Porque n\u00e3o nascem da obriga\u00e7\u00e3o, mas do desejo de continuar, de afinar aos poucos aquilo que n\u00e3o precisa ser perfeito para ser bonito. Ningu\u00e9m ficou mais rico, nem resolveu os apertos do m\u00eas. Mas houve algo que, em tempos dif\u00edceis, vale quase como um milagre silencioso. Tudo porque, por algumas horas, as pessoas se reconheceram umas nas outras. Todos na mesma nota, ainda que cantando fora do tom.<\/p>\n<p>Talvez, com o tempo, mais janelas se abram. Talvez outros vizinhos des\u00e7am, curiosos, primeiro para ouvir, depois para arriscar um verso. E quando se der conta, o Pa\u00e7o L\u00ednea j\u00e1 n\u00e3o ser\u00e1 apenas um conjunto de apartamentos, mas um ponto de encontro que n\u00e3o consta em mapas, mas que a mem\u00f3ria insiste em guardar.<\/p>\n<p>&#8230;&#8230;&#8230;&#8230;<\/p>\n<p><strong>Jos\u00e9 Seabra \u00e9 CEO fundador de Notibras<\/strong><\/p>\n<p>&nbsp;<\/p>\n","protected":false},"excerpt":{"rendered":"<p>Um ar de come\u00e7o antigo circulou na noite de quinta, 30, como se o tempo, em vez de correr, tivesse decidido sentar-se num banco de pra\u00e7a e ouvir. E foi em \u00c1guas Claras, entre pr\u00e9dios que ainda cheiram a concreto recente, que brotou o que convencionamos chamar de mem\u00f3ria, algo que n\u00e3o se constr\u00f3i com [&hellip;]<\/p>\n","protected":false},"author":2,"featured_media":393244,"comment_status":"closed","ping_status":"closed","sticky":false,"template":"","format":"standard","meta":{"_acf_changed":false,"footnotes":""},"categories":[161],"tags":[],"class_list":["post-393243","post","type-post","status-publish","format-standard","has-post-thumbnail","hentry","category-quadradinho-em-foco"],"acf":[],"_links":{"self":[{"href":"https:\/\/www.notibras.com\/site\/wp-json\/wp\/v2\/posts\/393243","targetHints":{"allow":["GET"]}}],"collection":[{"href":"https:\/\/www.notibras.com\/site\/wp-json\/wp\/v2\/posts"}],"about":[{"href":"https:\/\/www.notibras.com\/site\/wp-json\/wp\/v2\/types\/post"}],"author":[{"embeddable":true,"href":"https:\/\/www.notibras.com\/site\/wp-json\/wp\/v2\/users\/2"}],"replies":[{"embeddable":true,"href":"https:\/\/www.notibras.com\/site\/wp-json\/wp\/v2\/comments?post=393243"}],"version-history":[{"count":6,"href":"https:\/\/www.notibras.com\/site\/wp-json\/wp\/v2\/posts\/393243\/revisions"}],"predecessor-version":[{"id":393260,"href":"https:\/\/www.notibras.com\/site\/wp-json\/wp\/v2\/posts\/393243\/revisions\/393260"}],"wp:featuredmedia":[{"embeddable":true,"href":"https:\/\/www.notibras.com\/site\/wp-json\/wp\/v2\/media\/393244"}],"wp:attachment":[{"href":"https:\/\/www.notibras.com\/site\/wp-json\/wp\/v2\/media?parent=393243"}],"wp:term":[{"taxonomy":"category","embeddable":true,"href":"https:\/\/www.notibras.com\/site\/wp-json\/wp\/v2\/categories?post=393243"},{"taxonomy":"post_tag","embeddable":true,"href":"https:\/\/www.notibras.com\/site\/wp-json\/wp\/v2\/tags?post=393243"}],"curies":[{"name":"wp","href":"https:\/\/api.w.org\/{rel}","templated":true}]}}