{"id":393249,"date":"2026-05-02T00:30:13","date_gmt":"2026-05-02T03:30:13","guid":{"rendered":"https:\/\/www.notibras.com\/site\/?p=393249"},"modified":"2026-05-01T17:01:07","modified_gmt":"2026-05-01T20:01:07","slug":"para-que-ver","status":"publish","type":"post","link":"https:\/\/www.notibras.com\/site\/para-que-ver\/","title":{"rendered":"Para que ver?"},"content":{"rendered":"<p>Por que, divino Mestre,<br \/>\nCom teu poder celeste,<br \/>\nAo homem que cegara,<br \/>\nDe novo ver fizeste?<\/p>\n<p>Que lhe mostrava a terra<br \/>\nQue a vista merecesse?<br \/>\nMaldades e perf\u00eddias<br \/>\nDe s\u00f3rdido interesse!<\/p>\n<p>Tua doutrina, cego,<br \/>\nOuvia e meditava.<br \/>\nSem cogitar no mundo,<br \/>\nAo c\u00e9u se remontava.<\/p>\n<p><strong>&#8230;&#8230;&#8230;&#8230;&#8230;..<\/strong><\/p>\n<p><strong>Francisco Otaviano de Almeida Rosa nasceu na cidade do Rio de Janeiro, RJ, em 26 de junho de 1826. Poeta, advogado, jornalista, pol\u00edtico e diplomata, \u00e9 o patrono da cadeira n. 13 da Academia Brasileira de Letras (ABL), por escolha do fundador Visconde de Taunay. Ficou reconhecido entre os principais poetas da fase rom\u00e2ntica.<\/strong><\/p>\n","protected":false},"excerpt":{"rendered":"<p>Por que, divino Mestre, Com teu poder celeste, Ao homem que cegara, De novo ver fizeste? Que lhe mostrava a terra Que a vista merecesse? Maldades e perf\u00eddias De s\u00f3rdido interesse! Tua doutrina, cego, Ouvia e meditava. Sem cogitar no mundo, Ao c\u00e9u se remontava. &#8230;&#8230;&#8230;&#8230;&#8230;.. Francisco Otaviano de Almeida Rosa nasceu na cidade do [&hellip;]<\/p>\n","protected":false},"author":21,"featured_media":393250,"comment_status":"closed","ping_status":"closed","sticky":false,"template":"","format":"standard","meta":{"_acf_changed":false,"footnotes":""},"categories":[234],"tags":[],"class_list":["post-393249","post","type-post","status-publish","format-standard","has-post-thumbnail","hentry","category-cafe-literario"],"acf":[],"_links":{"self":[{"href":"https:\/\/www.notibras.com\/site\/wp-json\/wp\/v2\/posts\/393249","targetHints":{"allow":["GET"]}}],"collection":[{"href":"https:\/\/www.notibras.com\/site\/wp-json\/wp\/v2\/posts"}],"about":[{"href":"https:\/\/www.notibras.com\/site\/wp-json\/wp\/v2\/types\/post"}],"author":[{"embeddable":true,"href":"https:\/\/www.notibras.com\/site\/wp-json\/wp\/v2\/users\/21"}],"replies":[{"embeddable":true,"href":"https:\/\/www.notibras.com\/site\/wp-json\/wp\/v2\/comments?post=393249"}],"version-history":[{"count":2,"href":"https:\/\/www.notibras.com\/site\/wp-json\/wp\/v2\/posts\/393249\/revisions"}],"predecessor-version":[{"id":393252,"href":"https:\/\/www.notibras.com\/site\/wp-json\/wp\/v2\/posts\/393249\/revisions\/393252"}],"wp:featuredmedia":[{"embeddable":true,"href":"https:\/\/www.notibras.com\/site\/wp-json\/wp\/v2\/media\/393250"}],"wp:attachment":[{"href":"https:\/\/www.notibras.com\/site\/wp-json\/wp\/v2\/media?parent=393249"}],"wp:term":[{"taxonomy":"category","embeddable":true,"href":"https:\/\/www.notibras.com\/site\/wp-json\/wp\/v2\/categories?post=393249"},{"taxonomy":"post_tag","embeddable":true,"href":"https:\/\/www.notibras.com\/site\/wp-json\/wp\/v2\/tags?post=393249"}],"curies":[{"name":"wp","href":"https:\/\/api.w.org\/{rel}","templated":true}]}}