{"id":393259,"date":"2026-05-02T01:15:39","date_gmt":"2026-05-02T04:15:39","guid":{"rendered":"https:\/\/www.notibras.com\/site\/?p=393259"},"modified":"2026-05-01T17:49:15","modified_gmt":"2026-05-01T20:49:15","slug":"homem-e-preso-por-assaltar-passageiros-com-faca","status":"publish","type":"post","link":"https:\/\/www.notibras.com\/site\/homem-e-preso-por-assaltar-passageiros-com-faca\/","title":{"rendered":"Homem \u00e9 preso por assaltar passageiros com faca"},"content":{"rendered":"<p>Um homem de 36 anos foi preso pela Pol\u00edcia Civil do Distrito Federal (PCDF) na tarde desta quinta-feira (30), suspeito de cometer um assalto violento contra passageiros de um \u00f4nibus em Sobradinho. O crime, ocorrido na noite anterior, foi marcado por amea\u00e7as graves e uso de arma branca.<\/p>\n<p>A a\u00e7\u00e3o criminosa ocorreu por volta das 18h30 de quarta-feira (29). As cenas de p\u00e2nico foram registradas pelas c\u00e2meras de seguran\u00e7a do pr\u00f3prio coletivo, auxiliando na identifica\u00e7\u00e3o do autor.<\/p>\n<p>Segundo relatos de testemunhas, o homem n\u00e3o se limitou a roubar bens materiais. Em um momento de extrema agressividade, ele chegou a colocar uma faca no pesco\u00e7o de uma passageira para intimidar a todos.<\/p>\n<p>O motorista do coletivo relatou \u00e0 pol\u00edcia que o assaltante estava sentado na parte traseira antes de iniciar a a\u00e7\u00e3o. Ele descreveu que o suspeito aparentava estar &#8220;visivelmente transtornado&#8221; e amea\u00e7ava atacar os passageiros caso houvesse rea\u00e7\u00e3o.<\/p>\n<p>Ap\u00f3s subtrair documentos e pertences das v\u00edtimas, o criminoso ordenou a parada do ve\u00edculo, desembarcou e fugiu, iniciando a busca policial.<\/p>\n<p>A identifica\u00e7\u00e3o foi poss\u00edvel gra\u00e7as \u00e0s caracter\u00edsticas f\u00edsicas informadas pelas v\u00edtimas na delegacia e pelas imagens do circuito interno, que mostraram nitidamente o rosto e a a\u00e7\u00e3o do suspeito.<\/p>\n<p>A pris\u00e3o foi realizada pela 13\u00aa Delegacia de Pol\u00edcia (Sobradinho), que localizou o homem na tarde de quinta-feira, menos de 24 horas ap\u00f3s o crime.<\/p>\n<p>Um detalhe que agrava a situa\u00e7\u00e3o \u00e9 que o suspeito j\u00e1 estava em liberdade condicional, justamente por ter cometido o mesmo crime: roubo a \u00f4nibus no Distrito Federal.<\/p>\n<p>O homem foi encaminhado novamente \u00e0 carceragem da PCDF, onde ficar\u00e1 \u00e0 disposi\u00e7\u00e3o da Justi\u00e7a para responder por mais este assalto e pela amea\u00e7a com arma branca.<\/p>\n<p>O caso refor\u00e7a a preocupa\u00e7\u00e3o com a seguran\u00e7a no transporte coletivo da regi\u00e3o. A Pol\u00edcia Civil continua as investiga\u00e7\u00f5es para garantir que o suspeito responda severamente pela reincid\u00eancia.<\/p>\n","protected":false},"excerpt":{"rendered":"<p>Um homem de 36 anos foi preso pela Pol\u00edcia Civil do Distrito Federal (PCDF) na tarde desta quinta-feira (30), suspeito de cometer um assalto violento contra passageiros de um \u00f4nibus em Sobradinho. O crime, ocorrido na noite anterior, foi marcado por amea\u00e7as graves e uso de arma branca. A a\u00e7\u00e3o criminosa ocorreu por volta das [&hellip;]<\/p>\n","protected":false},"author":21,"featured_media":393261,"comment_status":"closed","ping_status":"closed","sticky":false,"template":"","format":"standard","meta":{"_acf_changed":false,"footnotes":""},"categories":[161],"tags":[],"class_list":["post-393259","post","type-post","status-publish","format-standard","has-post-thumbnail","hentry","category-quadradinho-em-foco"],"acf":[],"_links":{"self":[{"href":"https:\/\/www.notibras.com\/site\/wp-json\/wp\/v2\/posts\/393259","targetHints":{"allow":["GET"]}}],"collection":[{"href":"https:\/\/www.notibras.com\/site\/wp-json\/wp\/v2\/posts"}],"about":[{"href":"https:\/\/www.notibras.com\/site\/wp-json\/wp\/v2\/types\/post"}],"author":[{"embeddable":true,"href":"https:\/\/www.notibras.com\/site\/wp-json\/wp\/v2\/users\/21"}],"replies":[{"embeddable":true,"href":"https:\/\/www.notibras.com\/site\/wp-json\/wp\/v2\/comments?post=393259"}],"version-history":[{"count":2,"href":"https:\/\/www.notibras.com\/site\/wp-json\/wp\/v2\/posts\/393259\/revisions"}],"predecessor-version":[{"id":393263,"href":"https:\/\/www.notibras.com\/site\/wp-json\/wp\/v2\/posts\/393259\/revisions\/393263"}],"wp:featuredmedia":[{"embeddable":true,"href":"https:\/\/www.notibras.com\/site\/wp-json\/wp\/v2\/media\/393261"}],"wp:attachment":[{"href":"https:\/\/www.notibras.com\/site\/wp-json\/wp\/v2\/media?parent=393259"}],"wp:term":[{"taxonomy":"category","embeddable":true,"href":"https:\/\/www.notibras.com\/site\/wp-json\/wp\/v2\/categories?post=393259"},{"taxonomy":"post_tag","embeddable":true,"href":"https:\/\/www.notibras.com\/site\/wp-json\/wp\/v2\/tags?post=393259"}],"curies":[{"name":"wp","href":"https:\/\/api.w.org\/{rel}","templated":true}]}}