{"id":393268,"date":"2026-05-02T01:00:42","date_gmt":"2026-05-02T04:00:42","guid":{"rendered":"https:\/\/www.notibras.com\/site\/?p=393268"},"modified":"2026-05-01T18:16:37","modified_gmt":"2026-05-01T21:16:37","slug":"pesquisa-estuda-uso-do-pequi-em-tratamento-de-feridas-e-inflamacoes","status":"publish","type":"post","link":"https:\/\/www.notibras.com\/site\/pesquisa-estuda-uso-do-pequi-em-tratamento-de-feridas-e-inflamacoes\/","title":{"rendered":"Pesquisa estuda uso do pequi em tratamento de feridas e inflama\u00e7\u00f5es"},"content":{"rendered":"<p>Os tratamentos para feridas de dif\u00edcil cicatriza\u00e7\u00e3o \u2014 como as associadas ao diabetes \u2014 podem ganhar um novo aliado vindo do Cerrado. Uma pesquisa fomentada pela Funda\u00e7\u00e3o de Apoio \u00e0 Pesquisa do Distrito Federal (FAPDF), por meio do edital FAPDF Learning (2023), desenvolve formula\u00e7\u00f5es \u00e0 base de \u00f3leo de pequi com potencial para auxiliar na cicatriza\u00e7\u00e3o e na redu\u00e7\u00e3o de processos inflamat\u00f3rios.<\/p>\n<p>Desenvolvido na Universidade de Bras\u00edlia (UnB), o estudo \u00e9 liderado por Graziella Anselmo Joanitti e aposta na combina\u00e7\u00e3o entre fitoterapia e nanotecnologia para criar solu\u00e7\u00f5es mais eficazes e acess\u00edveis, com perspectiva de aplica\u00e7\u00e3o futura na pr\u00e1tica cl\u00ednica.<\/p>\n<p><strong>O que est\u00e1 sendo desenvolvido<\/strong><\/p>\n<p>O projeto tem como foco a cria\u00e7\u00e3o de formula\u00e7\u00f5es nanofitoter\u00e1picas \u2014 medicamentos derivados de plantas que utilizam estruturas em escala nanom\u00e9trica para melhorar sua atua\u00e7\u00e3o no organismo. A proposta inclui duas formas principais: uma vers\u00e3o em gel, voltada \u00e0 aplica\u00e7\u00e3o t\u00f3pica, e outra em suspens\u00e3o, ampliando as possibilidades de uso terap\u00eautico.<\/p>\n<p>\u201cEstamos desenvolvendo formula\u00e7\u00f5es que combinam o potencial terap\u00eautico do \u00f3leo de pequi com tecnologias capazes de melhorar sua absor\u00e7\u00e3o e efic\u00e1cia, pensando em aplica\u00e7\u00f5es futuras na \u00e1rea da sa\u00fade\u201d, explica Graziella Anselmo Joanitti.<\/p>\n<p><strong>Por que o pequi?<\/strong><\/p>\n<p>O uso do \u00f3leo de pequi est\u00e1 ligado \u00e0 sua composi\u00e7\u00e3o rica em subst\u00e2ncias bioativas. Tradicionalmente utilizado por comunidades brasileiras, o composto re\u00fane \u00e1cidos graxos, vitaminas e antioxidantes associados a efeitos anti-inflamat\u00f3rios e cicatrizantes.<\/p>\n<p>\u201cO pequi j\u00e1 \u00e9 conhecido por suas propriedades medicinais. O que buscamos \u00e9 ampliar esses efeitos e suas possibilidades de uso terap\u00eautico\u201d, destaca a coordenadora.<\/p>\n<p><strong>O diferencial da nanotecnologia<\/strong><\/p>\n<p>A inova\u00e7\u00e3o do estudo est\u00e1 na aplica\u00e7\u00e3o de estruturas em escala nanom\u00e9trica ao \u00f3leo de pequi, o que pode melhorar sua absor\u00e7\u00e3o pelo organismo, aumentar a efic\u00e1cia e prolongar o tempo de a\u00e7\u00e3o.<\/p>\n<p>Esse processo tamb\u00e9m contribui para maior estabilidade das formula\u00e7\u00f5es e melhor intera\u00e7\u00e3o com c\u00e9lulas e tecidos, ampliando o potencial terap\u00eautico. \u201cA nanotecnologia permite que o ativo atue de forma mais eficiente, favorecendo sua intera\u00e7\u00e3o com as c\u00e9lulas e os efeitos observados em laborat\u00f3rio\u201d, completa Graziella.<\/p>\n<p>A base tecnol\u00f3gica do projeto se apoia em pesquisas anteriores conduzidas na UnB, nas quais o grupo desenvolveu nanoemuls\u00f5es \u00e0 base de \u00f3leo de pequi. Como resultado, foi concedida, em 2022, carta patente pelo Instituto Nacional da Propriedade Industrial (INPI), contemplando aplica\u00e7\u00f5es biom\u00e9dicas, nutrac\u00eauticas e cosm\u00e9ticas. Esse reconhecimento refor\u00e7a o car\u00e1ter inovador da tecnologia e amplia suas possibilidades de aplica\u00e7\u00e3o.<\/p>\n<p><strong>Avan\u00e7o no tratamento de feridas<\/strong><\/p>\n<p>Um dos principais focos da pesquisa \u00e9 o tratamento de feridas de dif\u00edcil cicatriza\u00e7\u00e3o, como as \u00falceras de p\u00e9 diab\u00e9tico. Essas les\u00f5es representam um desafio para a sa\u00fade p\u00fablica, pois est\u00e3o associadas a complica\u00e7\u00f5es graves, como infec\u00e7\u00f5es e, em casos mais severos, amputa\u00e7\u00f5es.<\/p>\n<p>Com o aumento do n\u00famero de pessoas com diabetes no Brasil, cresce tamb\u00e9m a necessidade de alternativas mais eficazes e acess\u00edveis.<\/p>\n<p><strong>Do laborat\u00f3rio \u00e0 aplica\u00e7\u00e3o<\/strong><\/p>\n<p>Al\u00e9m dos estudos laboratoriais, o projeto inclui etapas de valida\u00e7\u00e3o em modelos experimentais e o desenvolvimento de um produto m\u00ednimo vi\u00e1vel (MVP), com foco na futura aplica\u00e7\u00e3o pr\u00e1tica.<\/p>\n<p>Atualmente, a solu\u00e7\u00e3o est\u00e1 em n\u00edvel de maturidade tecnol\u00f3gica TRL 4, caracterizado pela valida\u00e7\u00e3o em ambiente de laborat\u00f3rio, com perspectiva de avan\u00e7o para etapas mais pr\u00f3ximas da implementa\u00e7\u00e3o.<\/p>\n<p>\u201cNosso objetivo \u00e9 avan\u00e7ar at\u00e9 que a tecnologia possa, no futuro, chegar \u00e0 popula\u00e7\u00e3o e contribuir para melhorar a qualidade de vida dos pacientes\u201d, afirma a pesquisadora.<\/p>\n<p>Outro aspecto relevante \u00e9 o impacto al\u00e9m da \u00e1rea da sa\u00fade. Ao utilizar um recurso natural do Cerrado, a pesquisa contribui para a valoriza\u00e7\u00e3o da biodiversidade brasileira, fortalece a bioeconomia e incentiva pr\u00e1ticas sustent\u00e1veis de produ\u00e7\u00e3o.<\/p>\n","protected":false},"excerpt":{"rendered":"<p>Os tratamentos para feridas de dif\u00edcil cicatriza\u00e7\u00e3o \u2014 como as associadas ao diabetes \u2014 podem ganhar um novo aliado vindo do Cerrado. Uma pesquisa fomentada pela Funda\u00e7\u00e3o de Apoio \u00e0 Pesquisa do Distrito Federal (FAPDF), por meio do edital FAPDF Learning (2023), desenvolve formula\u00e7\u00f5es \u00e0 base de \u00f3leo de pequi com potencial para auxiliar na [&hellip;]<\/p>\n","protected":false},"author":21,"featured_media":393269,"comment_status":"closed","ping_status":"closed","sticky":false,"template":"","format":"standard","meta":{"_acf_changed":false,"footnotes":""},"categories":[161],"tags":[],"class_list":["post-393268","post","type-post","status-publish","format-standard","has-post-thumbnail","hentry","category-quadradinho-em-foco"],"acf":[],"_links":{"self":[{"href":"https:\/\/www.notibras.com\/site\/wp-json\/wp\/v2\/posts\/393268","targetHints":{"allow":["GET"]}}],"collection":[{"href":"https:\/\/www.notibras.com\/site\/wp-json\/wp\/v2\/posts"}],"about":[{"href":"https:\/\/www.notibras.com\/site\/wp-json\/wp\/v2\/types\/post"}],"author":[{"embeddable":true,"href":"https:\/\/www.notibras.com\/site\/wp-json\/wp\/v2\/users\/21"}],"replies":[{"embeddable":true,"href":"https:\/\/www.notibras.com\/site\/wp-json\/wp\/v2\/comments?post=393268"}],"version-history":[{"count":2,"href":"https:\/\/www.notibras.com\/site\/wp-json\/wp\/v2\/posts\/393268\/revisions"}],"predecessor-version":[{"id":393271,"href":"https:\/\/www.notibras.com\/site\/wp-json\/wp\/v2\/posts\/393268\/revisions\/393271"}],"wp:featuredmedia":[{"embeddable":true,"href":"https:\/\/www.notibras.com\/site\/wp-json\/wp\/v2\/media\/393269"}],"wp:attachment":[{"href":"https:\/\/www.notibras.com\/site\/wp-json\/wp\/v2\/media?parent=393268"}],"wp:term":[{"taxonomy":"category","embeddable":true,"href":"https:\/\/www.notibras.com\/site\/wp-json\/wp\/v2\/categories?post=393268"},{"taxonomy":"post_tag","embeddable":true,"href":"https:\/\/www.notibras.com\/site\/wp-json\/wp\/v2\/tags?post=393268"}],"curies":[{"name":"wp","href":"https:\/\/api.w.org\/{rel}","templated":true}]}}