{"id":393276,"date":"2026-05-02T02:15:00","date_gmt":"2026-05-02T05:15:00","guid":{"rendered":"https:\/\/www.notibras.com\/site\/?p=393276"},"modified":"2026-05-01T23:31:50","modified_gmt":"2026-05-02T02:31:50","slug":"lula-anuncia-menos-juros-mais-consumo-e-jornada-menor","status":"publish","type":"post","link":"https:\/\/www.notibras.com\/site\/lula-anuncia-menos-juros-mais-consumo-e-jornada-menor\/","title":{"rendered":"Lula anuncia menos juros, mais consumo e jornada menor"},"content":{"rendered":"<p>O pronunciamento do presidente Lula no Dia do Trabalhador trouxe um pacote robusto de medidas com impacto direto na vida de milh\u00f5es de brasileiros. A combina\u00e7\u00e3o de renegocia\u00e7\u00e3o de d\u00edvidas com juros reduzidos, descontos e a possibilidade de saque parcial do FGTS aponta para uma estrat\u00e9gia de reaquecer a economia pelo consumo e aliviar o sufoco financeiro das fam\u00edlias. Ao atrelar o programa a restri\u00e7\u00f5es em plataformas de apostas, o governo tamb\u00e9m sinaliza preocupa\u00e7\u00e3o com um problema crescente que afeta sobretudo a popula\u00e7\u00e3o mais vulner\u00e1vel.<\/p>\n<p>Al\u00e9m disso, a confirma\u00e7\u00e3o do envio ao Congresso da proposta de redu\u00e7\u00e3o da jornada para 40 horas semanais sem corte salarial recoloca no centro do debate uma pauta hist\u00f3rica da classe trabalhadora. Somada aos indicadores destacados pelo presidente: baixo desemprego, infla\u00e7\u00e3o controlada e aumento do rendimento m\u00e9dio; a mensagem \u00e9 de um governo que busca apresentar resultados concretos e mensur\u00e1veis. Trata-se de uma narrativa ancorada em n\u00fameros e pol\u00edticas p\u00fablicas, que tenta consolidar a percep\u00e7\u00e3o de recupera\u00e7\u00e3o econ\u00f4mica e melhoria das condi\u00e7\u00f5es de vida.<\/p>\n<p>Ainda assim, h\u00e1 um ponto que n\u00e3o pode ser ignorado: comunicar resultados \u00e9 t\u00e3o importante quanto produzi-los. Em um cen\u00e1rio de disputa de narrativas, n\u00e3o basta governar bem, \u00e9 preciso falar com frequ\u00eancia, ocupar espa\u00e7os e dialogar diretamente com a popula\u00e7\u00e3o. O presidente, como principal lideran\u00e7a pol\u00edtica do pa\u00eds, tem papel central nessa tarefa. Se os dados s\u00e3o positivos, como indicam os pr\u00f3prios n\u00fameros apresentados, a aus\u00eancia de uma comunica\u00e7\u00e3o mais constante pode diluir o impacto dessas conquistas.<\/p>\n","protected":false},"excerpt":{"rendered":"<p>O pronunciamento do presidente Lula no Dia do Trabalhador trouxe um pacote robusto de medidas com impacto direto na vida de milh\u00f5es de brasileiros. A combina\u00e7\u00e3o de renegocia\u00e7\u00e3o de d\u00edvidas com juros reduzidos, descontos e a possibilidade de saque parcial do FGTS aponta para uma estrat\u00e9gia de reaquecer a economia pelo consumo e aliviar o [&hellip;]<\/p>\n","protected":false},"author":21,"featured_media":393277,"comment_status":"closed","ping_status":"closed","sticky":false,"template":"","format":"standard","meta":{"_acf_changed":false,"footnotes":""},"categories":[235],"tags":[],"class_list":["post-393276","post","type-post","status-publish","format-standard","has-post-thumbnail","hentry","category-dona-irene"],"acf":[],"_links":{"self":[{"href":"https:\/\/www.notibras.com\/site\/wp-json\/wp\/v2\/posts\/393276","targetHints":{"allow":["GET"]}}],"collection":[{"href":"https:\/\/www.notibras.com\/site\/wp-json\/wp\/v2\/posts"}],"about":[{"href":"https:\/\/www.notibras.com\/site\/wp-json\/wp\/v2\/types\/post"}],"author":[{"embeddable":true,"href":"https:\/\/www.notibras.com\/site\/wp-json\/wp\/v2\/users\/21"}],"replies":[{"embeddable":true,"href":"https:\/\/www.notibras.com\/site\/wp-json\/wp\/v2\/comments?post=393276"}],"version-history":[{"count":2,"href":"https:\/\/www.notibras.com\/site\/wp-json\/wp\/v2\/posts\/393276\/revisions"}],"predecessor-version":[{"id":393279,"href":"https:\/\/www.notibras.com\/site\/wp-json\/wp\/v2\/posts\/393276\/revisions\/393279"}],"wp:featuredmedia":[{"embeddable":true,"href":"https:\/\/www.notibras.com\/site\/wp-json\/wp\/v2\/media\/393277"}],"wp:attachment":[{"href":"https:\/\/www.notibras.com\/site\/wp-json\/wp\/v2\/media?parent=393276"}],"wp:term":[{"taxonomy":"category","embeddable":true,"href":"https:\/\/www.notibras.com\/site\/wp-json\/wp\/v2\/categories?post=393276"},{"taxonomy":"post_tag","embeddable":true,"href":"https:\/\/www.notibras.com\/site\/wp-json\/wp\/v2\/tags?post=393276"}],"curies":[{"name":"wp","href":"https:\/\/api.w.org\/{rel}","templated":true}]}}