{"id":393280,"date":"2026-05-02T02:00:41","date_gmt":"2026-05-02T05:00:41","guid":{"rendered":"https:\/\/www.notibras.com\/site\/?p=393280"},"modified":"2026-05-01T23:41:59","modified_gmt":"2026-05-02T02:41:59","slug":"a-chapa-favorita-para-reconstruir-o-rio-grande-do-sul","status":"publish","type":"post","link":"https:\/\/www.notibras.com\/site\/a-chapa-favorita-para-reconstruir-o-rio-grande-do-sul\/","title":{"rendered":"A chapa favorita para reconstruir o Rio Grande do Sul"},"content":{"rendered":"<p>Juliana Brizola (PDT) e Edegar Pretto (PT) escolheram o Dia do Trabalhador para lan\u00e7ar oficialmente a pr\u00e9-campanha ao governo do Rio Grande do Sul. Com isso, a dupla sinaliza que pretende ancorar sua campanha em uma agenda voltada ao trabalho, aos direitos sociais e \u00e0 reconstru\u00e7\u00e3o de pontes com a base popular. A escolha da data n\u00e3o foi aleat\u00f3ria, \u00e9 uma mensagem direta ao eleitorado sobre qual narrativa ser\u00e1 constru\u00edda ao longo da campanha.<\/p>\n<p>Mais do que gesto simb\u00f3lico, h\u00e1 tamb\u00e9m um dado concreto que pesa nesse movimento: as pesquisas iniciais j\u00e1 colocam Brizola e Pretto na dianteira. Isso revela n\u00e3o s\u00f3 a for\u00e7a da alian\u00e7a entre PDT e PT no estado, mas tamb\u00e9m um poss\u00edvel esgotamento de ciclos recentes que afastaram o eleitorado de pautas mais alinhadas ao campo progressista. A uni\u00e3o de duas lideran\u00e7as com hist\u00f3rico de atua\u00e7\u00e3o pol\u00edtica consistente tende a consolidar uma candidatura competitiva, capaz de dialogar com diferentes segmentos e reorganizar for\u00e7as que, at\u00e9 pouco tempo, estavam dispersas.<\/p>\n<p>Se esse favoritismo se confirmar nas urnas, o que veremos n\u00e3o \u00e9 uma ruptura, mas um retorno. O Rio Grande do Sul tem tradi\u00e7\u00e3o de protagonismo da esquerda, com uma cultura pol\u00edtica marcada por debates intensos, participa\u00e7\u00e3o social e experi\u00eancias administrativas desse campo. Nesse sentido, a poss\u00edvel vit\u00f3ria da chapa n\u00e3o representaria uma guinada in\u00e9dita, mas sim a retomada de um padr\u00e3o hist\u00f3rico. \u00c9 como se o estado, ap\u00f3s um per\u00edodo de inflex\u00e3o, estivesse apenas reencontrando seu pr\u00f3prio eixo pol\u00edtico.<\/p>\n","protected":false},"excerpt":{"rendered":"<p>Juliana Brizola (PDT) e Edegar Pretto (PT) escolheram o Dia do Trabalhador para lan\u00e7ar oficialmente a pr\u00e9-campanha ao governo do Rio Grande do Sul. Com isso, a dupla sinaliza que pretende ancorar sua campanha em uma agenda voltada ao trabalho, aos direitos sociais e \u00e0 reconstru\u00e7\u00e3o de pontes com a base popular. A escolha da [&hellip;]<\/p>\n","protected":false},"author":21,"featured_media":393281,"comment_status":"closed","ping_status":"closed","sticky":false,"template":"","format":"standard","meta":{"_acf_changed":false,"footnotes":""},"categories":[235],"tags":[],"class_list":["post-393280","post","type-post","status-publish","format-standard","has-post-thumbnail","hentry","category-dona-irene"],"acf":[],"_links":{"self":[{"href":"https:\/\/www.notibras.com\/site\/wp-json\/wp\/v2\/posts\/393280","targetHints":{"allow":["GET"]}}],"collection":[{"href":"https:\/\/www.notibras.com\/site\/wp-json\/wp\/v2\/posts"}],"about":[{"href":"https:\/\/www.notibras.com\/site\/wp-json\/wp\/v2\/types\/post"}],"author":[{"embeddable":true,"href":"https:\/\/www.notibras.com\/site\/wp-json\/wp\/v2\/users\/21"}],"replies":[{"embeddable":true,"href":"https:\/\/www.notibras.com\/site\/wp-json\/wp\/v2\/comments?post=393280"}],"version-history":[{"count":2,"href":"https:\/\/www.notibras.com\/site\/wp-json\/wp\/v2\/posts\/393280\/revisions"}],"predecessor-version":[{"id":393283,"href":"https:\/\/www.notibras.com\/site\/wp-json\/wp\/v2\/posts\/393280\/revisions\/393283"}],"wp:featuredmedia":[{"embeddable":true,"href":"https:\/\/www.notibras.com\/site\/wp-json\/wp\/v2\/media\/393281"}],"wp:attachment":[{"href":"https:\/\/www.notibras.com\/site\/wp-json\/wp\/v2\/media?parent=393280"}],"wp:term":[{"taxonomy":"category","embeddable":true,"href":"https:\/\/www.notibras.com\/site\/wp-json\/wp\/v2\/categories?post=393280"},{"taxonomy":"post_tag","embeddable":true,"href":"https:\/\/www.notibras.com\/site\/wp-json\/wp\/v2\/tags?post=393280"}],"curies":[{"name":"wp","href":"https:\/\/api.w.org\/{rel}","templated":true}]}}