{"id":393284,"date":"2026-05-02T06:51:44","date_gmt":"2026-05-02T09:51:44","guid":{"rendered":"https:\/\/www.notibras.com\/site\/?p=393284"},"modified":"2026-05-02T06:55:38","modified_gmt":"2026-05-02T09:55:38","slug":"chuva-mata-6-e-deixa-pernambuco-e-paraiba-em-estado-de-alerta","status":"publish","type":"post","link":"https:\/\/www.notibras.com\/site\/chuva-mata-6-e-deixa-pernambuco-e-paraiba-em-estado-de-alerta\/","title":{"rendered":"Chuva mata 6 e deixa Pernambuco e Para\u00edba em estado de alerta"},"content":{"rendered":"<p>Equipes da Defesa Civil Nacional se deslocaram para apoiar o estado de Pernambuco atingido por fortes chuvas. A decis\u00e3o foi dada pelo Governo ap\u00f3s contato com as autoridades locais. As equipes atuar\u00e3o em conjunto com as defesas civis, estaduais e municipais. A determina\u00e7\u00e3o foi anunciada mais cedo pelo presidente Luiz In\u00e1cio Lula da Silva.<\/p>\n<p>A a\u00e7\u00e3o se estender\u00e1 \u00e0 vizinha Para\u00edba, onde os temporais tamb\u00e9m s\u00e3o intensos. Nos dois Estados os bombeiros j\u00e1 registraram seis mortos, v\u00edtimas de desabamentos e deslizamento de barreiras em \u00e1reas de risco<\/p>\n<p>O ministro da Integra\u00e7\u00e3o e do Desenvolvimento Regional, Waldez G\u00f3es, entrou em contato com a governadora de Pernambuco, Raquel Lyra, e com o prefeito do Recife, Vitor Marques, para orientar sobre as provid\u00eancias necess\u00e1rias para o reconhecimento sum\u00e1rio da situa\u00e7\u00e3o de emerg\u00eancia.<\/p>\n<p>&#8220;J\u00e1 conversei com autoridades locais, como o senador Humberto Costa, o ex-prefeito Jo\u00e3o Campos e a governadora Raquel Lyra, para informar que a determina\u00e7\u00e3o do presidente Lula \u00e9 clara: garantir o socorro e assist\u00eancia do Governo Federal nessa situa\u00e7\u00e3o de emerg\u00eancia\u201d, afirmou o ministro.<\/p>\n<p>Waldez G\u00f3es tamb\u00e9m destacou que equipes da Defesa Civil Nacional v\u00e3o atuar em campo, em parceria com as defesas civis estaduais e municipais, para avaliar a situa\u00e7\u00e3o e adotar as medidas necess\u00e1rias para reduzir os impactos causados pelas chuvas em Pernambuco.<\/p>\n<p>A pasta informou que, al\u00e9m de Pernambuco, o governo vai apoiar a Para\u00edba. O estado tamb\u00e9m tem sofrido com os temporais nas \u00faltimas 24h.<\/p>\n<p>De acordo com o \u00faltimo boletim, divulgado pela Defesa Civil estadual, Pernambuco est\u00e1 com sete munic\u00edpios em alerta e teve registros expressivos de acumulado de chuva com destaque para as seguintes cidades: Goiana (181 mm), Abreu e Lima (144,8 mm), Paulista (142,9 mm), Igarassu (140,5 mm), Condado (129,6 mm), Itaquitinga (120,8 mm) e Itamb\u00e9 (117,6 mm). Em Recife, foram registrados pontos de alagamento.<\/p>\n<p>&#8220;Os t\u00e9cnicos tamb\u00e9m fazem o monitoramento hidrol\u00f3gico em rios da Mata Norte de Pernambuco. O risco hidrol\u00f3gico e urbano est\u00e1 em evolu\u00e7\u00e3o, com possibilidade de alagamentos, transbordamentos de rios e deslizamentos de terra em \u00e1reas vulner\u00e1veis&#8221; disse a pasta.<\/p>\n<p>O aux\u00edlio a Pernambuco j\u00e1 havia sido anunciado mais cedo pelo presidente Luiz In\u00e1cio Lula da Silva. Lula determinou o apoio do governo federal \u00e0 regi\u00e3o metropolitana do Recife ap\u00f3s a cidade sofrer com fortes chuvas. Na Para\u00edba, entre os munic\u00edpios em alerta, destaque para Jo\u00e3o Pessoa, Cabedelo, Santa Rita, Bayeux, Conde, Mamanguape, Guarabira, Sap\u00e9, Rio Tinto, Alhandra, Areia e Bananeiras.<\/p>\n","protected":false},"excerpt":{"rendered":"<p>Equipes da Defesa Civil Nacional se deslocaram para apoiar o estado de Pernambuco atingido por fortes chuvas. A decis\u00e3o foi dada pelo Governo ap\u00f3s contato com as autoridades locais. As equipes atuar\u00e3o em conjunto com as defesas civis, estaduais e municipais. A determina\u00e7\u00e3o foi anunciada mais cedo pelo presidente Luiz In\u00e1cio Lula da Silva. A [&hellip;]<\/p>\n","protected":false},"author":2,"featured_media":393285,"comment_status":"closed","ping_status":"closed","sticky":false,"template":"","format":"standard","meta":{"_acf_changed":false,"footnotes":""},"categories":[165],"tags":[95],"class_list":["post-393284","post","type-post","status-publish","format-standard","has-post-thumbnail","hentry","category-nordeste","tag-capa"],"acf":[],"_links":{"self":[{"href":"https:\/\/www.notibras.com\/site\/wp-json\/wp\/v2\/posts\/393284","targetHints":{"allow":["GET"]}}],"collection":[{"href":"https:\/\/www.notibras.com\/site\/wp-json\/wp\/v2\/posts"}],"about":[{"href":"https:\/\/www.notibras.com\/site\/wp-json\/wp\/v2\/types\/post"}],"author":[{"embeddable":true,"href":"https:\/\/www.notibras.com\/site\/wp-json\/wp\/v2\/users\/2"}],"replies":[{"embeddable":true,"href":"https:\/\/www.notibras.com\/site\/wp-json\/wp\/v2\/comments?post=393284"}],"version-history":[{"count":4,"href":"https:\/\/www.notibras.com\/site\/wp-json\/wp\/v2\/posts\/393284\/revisions"}],"predecessor-version":[{"id":393289,"href":"https:\/\/www.notibras.com\/site\/wp-json\/wp\/v2\/posts\/393284\/revisions\/393289"}],"wp:featuredmedia":[{"embeddable":true,"href":"https:\/\/www.notibras.com\/site\/wp-json\/wp\/v2\/media\/393285"}],"wp:attachment":[{"href":"https:\/\/www.notibras.com\/site\/wp-json\/wp\/v2\/media?parent=393284"}],"wp:term":[{"taxonomy":"category","embeddable":true,"href":"https:\/\/www.notibras.com\/site\/wp-json\/wp\/v2\/categories?post=393284"},{"taxonomy":"post_tag","embeddable":true,"href":"https:\/\/www.notibras.com\/site\/wp-json\/wp\/v2\/tags?post=393284"}],"curies":[{"name":"wp","href":"https:\/\/api.w.org\/{rel}","templated":true}]}}