{"id":39329,"date":"2015-03-09T10:09:47","date_gmt":"2015-03-09T13:09:47","guid":{"rendered":"http:\/\/www.notibras.com\/site\/?p=39329"},"modified":"2015-03-09T14:11:45","modified_gmt":"2015-03-09T17:11:45","slug":"fim-de-semana-violento-deixa-tres-policiais-mortos-no-rio","status":"publish","type":"post","link":"https:\/\/www.notibras.com\/site\/fim-de-semana-violento-deixa-tres-policiais-mortos-no-rio\/","title":{"rendered":"Fim de semana violento deixa tr\u00eas policiais mortos no Rio"},"content":{"rendered":"<p>O assassinato de um soldado da Pol\u00edcia Militar em Nil\u00f3polis, na Baixada Fluminense, na noite de domingo (8), aumentou para tr\u00eas o n\u00famero de PMs mortos no Estado do Rio de Janeiro no \u00faltimo final de semana.<\/p>\n<p>De acordo com informa\u00e7\u00f5es do comandante do 39\u00ba Batalh\u00e3o (Belford Roxo), o policial Diego Montinho Silva Maia suspeitou de um homem que estava dentro do mesmo bar que ele e, ao fazer uma abordagem, houve troca de tiros.<\/p>\n<p>O homem conseguiu fugir e houve uma persegui\u00e7\u00e3o, quando o policial acabou sendo atingido numa emboscada. Maia foi socorrido e levado, pelo irm\u00e3o, para a UPA (Unidade de Pronto Atendimento) de Ricardo de Albuquerque, mas n\u00e3o resistiu aos ferimentos.<\/p>\n<p>Na madrugada de domingo, um sargento da PM, identificado como Tales, foi atingido por cinco tiros e morreu ap\u00f3s uma abordagem nas proximidades da comunidade do Juramento.<\/p>\n<blockquote><p>Outros dois PMs ficaram feridos na a\u00e7\u00e3o e foram levados para a mesma unidade, mas n\u00e3o correm risco de morte. Um sargento identificado como Moraes foi atingido na m\u00e3o por um dos disparos e foi transferido para o Hospital Central da PM, no bairro do Est\u00e1cio (no Centro).<\/p><\/blockquote>\n<p>No s\u00e1bado, o soldado Adson Nunes da Silva, lotado na Coordenadoria de Intelig\u00eancia da Pol\u00edcia Militar, foi morto por tiros e deixado neste s\u00e1bado na UPA de Edson Passos, em Mesquita, na Baixada Fluminense.<\/p>\n<p>Ainda no s\u00e1bado, tr\u00eas PMs foram feridos por disparos de armas de fogo em comunidades com UPPs (Unidades de Pol\u00edcia Pacificadora). No Complexo do Alem\u00e3o, na zona norte, PMs das UPPs da Fazendinha e de Nova Bras\u00edlia sa\u00edram em patrulha por volta das 15h quando um deles foi baleado na cabe\u00e7a.<\/p>\n<p>J\u00e1 no Largo da Alvorada, na favela de Nova Bras\u00edlia (pertencente ao Complexo do Alem\u00e3o), um policial da Unidade de Pol\u00edcia Pacificadora da comunidade levou um tiro de rasp\u00e3o no abdome durante um patrulhamento na madrugada deste s\u00e1bado.<\/p>\n<p>Um \u00faltimo caso foi registrado no s\u00e1bado no centro do Rio. Um policial pertencente \u00e0 UPP do Morro da Provid\u00eancia se feriu com estilha\u00e7os de bala durante um confronto com homens armados na comunidade.<\/p>\n","protected":false},"excerpt":{"rendered":"<p>O assassinato de um soldado da Pol\u00edcia Militar em Nil\u00f3polis, na Baixada Fluminense, na noite de domingo (8), aumentou para tr\u00eas o n\u00famero de PMs mortos no Estado do Rio de Janeiro no \u00faltimo final de semana. De acordo com informa\u00e7\u00f5es do comandante do 39\u00ba Batalh\u00e3o (Belford Roxo), o policial Diego Montinho Silva Maia suspeitou [&hellip;]<\/p>\n","protected":false},"author":2,"featured_media":39330,"comment_status":"open","ping_status":"closed","sticky":false,"template":"","format":"standard","meta":{"_acf_changed":false,"footnotes":""},"categories":[16],"tags":[],"class_list":["post-39329","post","type-post","status-publish","format-standard","has-post-thumbnail","hentry","category-brasil"],"acf":[],"yoast_head":"<!-- This site is optimized with the Yoast SEO plugin v27.2 - https:\/\/yoast.com\/product\/yoast-seo-wordpress\/ -->\n<title>Fim de semana violento deixa tr\u00eas policiais mortos no Rio - Notibras<\/title>\n<meta name=\"robots\" content=\"index, follow, max-snippet:-1, max-image-preview:large, max-video-preview:-1\" \/>\n<link rel=\"canonical\" href=\"https:\/\/www.notibras.com\/site\/fim-de-semana-violento-deixa-tres-policiais-mortos-no-rio\/\" \/>\n<meta property=\"og:locale\" content=\"pt_BR\" \/>\n<meta property=\"og:type\" content=\"article\" \/>\n<meta property=\"og:title\" content=\"Fim de semana violento deixa tr\u00eas policiais mortos no Rio - Notibras\" \/>\n<meta property=\"og:description\" content=\"O assassinato de um soldado da Pol\u00edcia Militar em Nil\u00f3polis, na Baixada Fluminense, na noite de domingo (8), aumentou para tr\u00eas o n\u00famero de PMs mortos no Estado do Rio de Janeiro no \u00faltimo final de semana. De acordo com informa\u00e7\u00f5es do comandante do 39\u00ba Batalh\u00e3o (Belford Roxo), o policial Diego Montinho Silva Maia suspeitou [&hellip;]\" \/>\n<meta property=\"og:url\" content=\"https:\/\/www.notibras.com\/site\/fim-de-semana-violento-deixa-tres-policiais-mortos-no-rio\/\" \/>\n<meta property=\"og:site_name\" content=\"Notibras\" \/>\n<meta property=\"article:publisher\" content=\"https:\/\/www.facebook.com\/notibras\/\" \/>\n<meta property=\"article:published_time\" content=\"2015-03-09T13:09:47+00:00\" \/>\n<meta property=\"article:modified_time\" content=\"2015-03-09T17:11:45+00:00\" \/>\n<meta property=\"og:image\" content=\"https:\/\/www.notibras.com\/site\/wp-content\/uploads\/2015\/03\/pmmorto.jpeg\" \/>\n\t<meta property=\"og:image:width\" content=\"240\" \/>\n\t<meta property=\"og:image:height\" content=\"160\" \/>\n\t<meta property=\"og:image:type\" content=\"image\/jpeg\" \/>\n<meta name=\"author\" content=\"Reda\u00e7\u00e3o\" \/>\n<meta name=\"twitter:card\" content=\"summary_large_image\" \/>\n<meta name=\"twitter:creator\" content=\"@Notibras\" \/>\n<meta name=\"twitter:site\" content=\"@Notibras\" \/>\n<meta name=\"twitter:label1\" content=\"Escrito por\" \/>\n\t<meta name=\"twitter:data1\" content=\"Reda\u00e7\u00e3o\" \/>\n\t<meta name=\"twitter:label2\" content=\"Est. tempo de leitura\" \/>\n\t<meta name=\"twitter:data2\" content=\"2 minutos\" \/>\n<script type=\"application\/ld+json\" class=\"yoast-schema-graph\">{\"@context\":\"https:\/\/schema.org\",\"@graph\":[{\"@type\":\"Article\",\"@id\":\"https:\/\/www.notibras.com\/site\/fim-de-semana-violento-deixa-tres-policiais-mortos-no-rio\/#article\",\"isPartOf\":{\"@id\":\"https:\/\/www.notibras.com\/site\/fim-de-semana-violento-deixa-tres-policiais-mortos-no-rio\/\"},\"author\":{\"name\":\"Reda\u00e7\u00e3o\",\"@id\":\"https:\/\/www.notibras.com\/site\/#\/schema\/person\/36ab0979449956132d3e5b517ea76ac8\"},\"headline\":\"Fim de semana violento deixa tr\u00eas policiais mortos no Rio\",\"datePublished\":\"2015-03-09T13:09:47+00:00\",\"dateModified\":\"2015-03-09T17:11:45+00:00\",\"mainEntityOfPage\":{\"@id\":\"https:\/\/www.notibras.com\/site\/fim-de-semana-violento-deixa-tres-policiais-mortos-no-rio\/\"},\"wordCount\":387,\"commentCount\":0,\"publisher\":{\"@id\":\"https:\/\/www.notibras.com\/site\/#organization\"},\"image\":{\"@id\":\"https:\/\/www.notibras.com\/site\/fim-de-semana-violento-deixa-tres-policiais-mortos-no-rio\/#primaryimage\"},\"thumbnailUrl\":\"https:\/\/www.notibras.com\/site\/wp-content\/uploads\/2015\/03\/pmmorto.jpeg\",\"articleSection\":[\"Brasil\"],\"inLanguage\":\"pt-BR\",\"potentialAction\":[{\"@type\":\"CommentAction\",\"name\":\"Comment\",\"target\":[\"https:\/\/www.notibras.com\/site\/fim-de-semana-violento-deixa-tres-policiais-mortos-no-rio\/#respond\"]}]},{\"@type\":\"WebPage\",\"@id\":\"https:\/\/www.notibras.com\/site\/fim-de-semana-violento-deixa-tres-policiais-mortos-no-rio\/\",\"url\":\"https:\/\/www.notibras.com\/site\/fim-de-semana-violento-deixa-tres-policiais-mortos-no-rio\/\",\"name\":\"Fim de semana violento deixa tr\u00eas policiais mortos no Rio - Notibras\",\"isPartOf\":{\"@id\":\"https:\/\/www.notibras.com\/site\/#website\"},\"primaryImageOfPage\":{\"@id\":\"https:\/\/www.notibras.com\/site\/fim-de-semana-violento-deixa-tres-policiais-mortos-no-rio\/#primaryimage\"},\"image\":{\"@id\":\"https:\/\/www.notibras.com\/site\/fim-de-semana-violento-deixa-tres-policiais-mortos-no-rio\/#primaryimage\"},\"thumbnailUrl\":\"https:\/\/www.notibras.com\/site\/wp-content\/uploads\/2015\/03\/pmmorto.jpeg\",\"datePublished\":\"2015-03-09T13:09:47+00:00\",\"dateModified\":\"2015-03-09T17:11:45+00:00\",\"breadcrumb\":{\"@id\":\"https:\/\/www.notibras.com\/site\/fim-de-semana-violento-deixa-tres-policiais-mortos-no-rio\/#breadcrumb\"},\"inLanguage\":\"pt-BR\",\"potentialAction\":[{\"@type\":\"ReadAction\",\"target\":[\"https:\/\/www.notibras.com\/site\/fim-de-semana-violento-deixa-tres-policiais-mortos-no-rio\/\"]}]},{\"@type\":\"ImageObject\",\"inLanguage\":\"pt-BR\",\"@id\":\"https:\/\/www.notibras.com\/site\/fim-de-semana-violento-deixa-tres-policiais-mortos-no-rio\/#primaryimage\",\"url\":\"https:\/\/www.notibras.com\/site\/wp-content\/uploads\/2015\/03\/pmmorto.jpeg\",\"contentUrl\":\"https:\/\/www.notibras.com\/site\/wp-content\/uploads\/2015\/03\/pmmorto.jpeg\",\"width\":240,\"height\":160},{\"@type\":\"BreadcrumbList\",\"@id\":\"https:\/\/www.notibras.com\/site\/fim-de-semana-violento-deixa-tres-policiais-mortos-no-rio\/#breadcrumb\",\"itemListElement\":[{\"@type\":\"ListItem\",\"position\":1,\"name\":\"In\u00edcio\",\"item\":\"https:\/\/www.notibras.com\/site\/\"},{\"@type\":\"ListItem\",\"position\":2,\"name\":\"Fim de semana violento deixa tr\u00eas policiais mortos no Rio\"}]},{\"@type\":\"WebSite\",\"@id\":\"https:\/\/www.notibras.com\/site\/#website\",\"url\":\"https:\/\/www.notibras.com\/site\/\",\"name\":\"Notibras\",\"description\":\"Not\u00edcias de Bras\u00edlia, do Brasil e do Mundo\",\"publisher\":{\"@id\":\"https:\/\/www.notibras.com\/site\/#organization\"},\"potentialAction\":[{\"@type\":\"SearchAction\",\"target\":{\"@type\":\"EntryPoint\",\"urlTemplate\":\"https:\/\/www.notibras.com\/site\/?s={search_term_string}\"},\"query-input\":{\"@type\":\"PropertyValueSpecification\",\"valueRequired\":true,\"valueName\":\"search_term_string\"}}],\"inLanguage\":\"pt-BR\"},{\"@type\":\"Organization\",\"@id\":\"https:\/\/www.notibras.com\/site\/#organization\",\"name\":\"Grupo Notibras de Comunica\u00e7\u00e3o\",\"url\":\"https:\/\/www.notibras.com\/site\/\",\"logo\":{\"@type\":\"ImageObject\",\"inLanguage\":\"pt-BR\",\"@id\":\"https:\/\/www.notibras.com\/site\/#\/schema\/logo\/image\/\",\"url\":\"https:\/\/www.notibras.com\/site\/wp-content\/uploads\/2023\/01\/notibras23.png\",\"contentUrl\":\"https:\/\/www.notibras.com\/site\/wp-content\/uploads\/2023\/01\/notibras23.png\",\"width\":350,\"height\":87,\"caption\":\"Grupo Notibras de Comunica\u00e7\u00e3o\"},\"image\":{\"@id\":\"https:\/\/www.notibras.com\/site\/#\/schema\/logo\/image\/\"},\"sameAs\":[\"https:\/\/www.facebook.com\/notibras\/\",\"https:\/\/x.com\/Notibras\",\"https:\/\/www.instagram.com\/notibras\/\"]},{\"@type\":\"Person\",\"@id\":\"https:\/\/www.notibras.com\/site\/#\/schema\/person\/36ab0979449956132d3e5b517ea76ac8\",\"name\":\"Reda\u00e7\u00e3o\",\"image\":{\"@type\":\"ImageObject\",\"inLanguage\":\"pt-BR\",\"@id\":\"https:\/\/secure.gravatar.com\/avatar\/e0a867bdedb85fd243eadf09663511f96fc81e0720a4a42581f334ad4303aa6b?s=96&d=mm&r=g\",\"url\":\"https:\/\/secure.gravatar.com\/avatar\/e0a867bdedb85fd243eadf09663511f96fc81e0720a4a42581f334ad4303aa6b?s=96&d=mm&r=g\",\"contentUrl\":\"https:\/\/secure.gravatar.com\/avatar\/e0a867bdedb85fd243eadf09663511f96fc81e0720a4a42581f334ad4303aa6b?s=96&d=mm&r=g\",\"caption\":\"Reda\u00e7\u00e3o\"}}]}<\/script>\n<!-- \/ Yoast SEO plugin. -->","yoast_head_json":{"title":"Fim de semana violento deixa tr\u00eas policiais mortos no Rio - Notibras","robots":{"index":"index","follow":"follow","max-snippet":"max-snippet:-1","max-image-preview":"max-image-preview:large","max-video-preview":"max-video-preview:-1"},"canonical":"https:\/\/www.notibras.com\/site\/fim-de-semana-violento-deixa-tres-policiais-mortos-no-rio\/","og_locale":"pt_BR","og_type":"article","og_title":"Fim de semana violento deixa tr\u00eas policiais mortos no Rio - Notibras","og_description":"O assassinato de um soldado da Pol\u00edcia Militar em Nil\u00f3polis, na Baixada Fluminense, na noite de domingo (8), aumentou para tr\u00eas o n\u00famero de PMs mortos no Estado do Rio de Janeiro no \u00faltimo final de semana. De acordo com informa\u00e7\u00f5es do comandante do 39\u00ba Batalh\u00e3o (Belford Roxo), o policial Diego Montinho Silva Maia suspeitou [&hellip;]","og_url":"https:\/\/www.notibras.com\/site\/fim-de-semana-violento-deixa-tres-policiais-mortos-no-rio\/","og_site_name":"Notibras","article_publisher":"https:\/\/www.facebook.com\/notibras\/","article_published_time":"2015-03-09T13:09:47+00:00","article_modified_time":"2015-03-09T17:11:45+00:00","og_image":[{"width":240,"height":160,"url":"https:\/\/www.notibras.com\/site\/wp-content\/uploads\/2015\/03\/pmmorto.jpeg","type":"image\/jpeg"}],"author":"Reda\u00e7\u00e3o","twitter_card":"summary_large_image","twitter_creator":"@Notibras","twitter_site":"@Notibras","twitter_misc":{"Escrito por":"Reda\u00e7\u00e3o","Est. tempo de leitura":"2 minutos"},"schema":{"@context":"https:\/\/schema.org","@graph":[{"@type":"Article","@id":"https:\/\/www.notibras.com\/site\/fim-de-semana-violento-deixa-tres-policiais-mortos-no-rio\/#article","isPartOf":{"@id":"https:\/\/www.notibras.com\/site\/fim-de-semana-violento-deixa-tres-policiais-mortos-no-rio\/"},"author":{"name":"Reda\u00e7\u00e3o","@id":"https:\/\/www.notibras.com\/site\/#\/schema\/person\/36ab0979449956132d3e5b517ea76ac8"},"headline":"Fim de semana violento deixa tr\u00eas policiais mortos no Rio","datePublished":"2015-03-09T13:09:47+00:00","dateModified":"2015-03-09T17:11:45+00:00","mainEntityOfPage":{"@id":"https:\/\/www.notibras.com\/site\/fim-de-semana-violento-deixa-tres-policiais-mortos-no-rio\/"},"wordCount":387,"commentCount":0,"publisher":{"@id":"https:\/\/www.notibras.com\/site\/#organization"},"image":{"@id":"https:\/\/www.notibras.com\/site\/fim-de-semana-violento-deixa-tres-policiais-mortos-no-rio\/#primaryimage"},"thumbnailUrl":"https:\/\/www.notibras.com\/site\/wp-content\/uploads\/2015\/03\/pmmorto.jpeg","articleSection":["Brasil"],"inLanguage":"pt-BR","potentialAction":[{"@type":"CommentAction","name":"Comment","target":["https:\/\/www.notibras.com\/site\/fim-de-semana-violento-deixa-tres-policiais-mortos-no-rio\/#respond"]}]},{"@type":"WebPage","@id":"https:\/\/www.notibras.com\/site\/fim-de-semana-violento-deixa-tres-policiais-mortos-no-rio\/","url":"https:\/\/www.notibras.com\/site\/fim-de-semana-violento-deixa-tres-policiais-mortos-no-rio\/","name":"Fim de semana violento deixa tr\u00eas policiais mortos no Rio - Notibras","isPartOf":{"@id":"https:\/\/www.notibras.com\/site\/#website"},"primaryImageOfPage":{"@id":"https:\/\/www.notibras.com\/site\/fim-de-semana-violento-deixa-tres-policiais-mortos-no-rio\/#primaryimage"},"image":{"@id":"https:\/\/www.notibras.com\/site\/fim-de-semana-violento-deixa-tres-policiais-mortos-no-rio\/#primaryimage"},"thumbnailUrl":"https:\/\/www.notibras.com\/site\/wp-content\/uploads\/2015\/03\/pmmorto.jpeg","datePublished":"2015-03-09T13:09:47+00:00","dateModified":"2015-03-09T17:11:45+00:00","breadcrumb":{"@id":"https:\/\/www.notibras.com\/site\/fim-de-semana-violento-deixa-tres-policiais-mortos-no-rio\/#breadcrumb"},"inLanguage":"pt-BR","potentialAction":[{"@type":"ReadAction","target":["https:\/\/www.notibras.com\/site\/fim-de-semana-violento-deixa-tres-policiais-mortos-no-rio\/"]}]},{"@type":"ImageObject","inLanguage":"pt-BR","@id":"https:\/\/www.notibras.com\/site\/fim-de-semana-violento-deixa-tres-policiais-mortos-no-rio\/#primaryimage","url":"https:\/\/www.notibras.com\/site\/wp-content\/uploads\/2015\/03\/pmmorto.jpeg","contentUrl":"https:\/\/www.notibras.com\/site\/wp-content\/uploads\/2015\/03\/pmmorto.jpeg","width":240,"height":160},{"@type":"BreadcrumbList","@id":"https:\/\/www.notibras.com\/site\/fim-de-semana-violento-deixa-tres-policiais-mortos-no-rio\/#breadcrumb","itemListElement":[{"@type":"ListItem","position":1,"name":"In\u00edcio","item":"https:\/\/www.notibras.com\/site\/"},{"@type":"ListItem","position":2,"name":"Fim de semana violento deixa tr\u00eas policiais mortos no Rio"}]},{"@type":"WebSite","@id":"https:\/\/www.notibras.com\/site\/#website","url":"https:\/\/www.notibras.com\/site\/","name":"Notibras","description":"Not\u00edcias de Bras\u00edlia, do Brasil e do Mundo","publisher":{"@id":"https:\/\/www.notibras.com\/site\/#organization"},"potentialAction":[{"@type":"SearchAction","target":{"@type":"EntryPoint","urlTemplate":"https:\/\/www.notibras.com\/site\/?s={search_term_string}"},"query-input":{"@type":"PropertyValueSpecification","valueRequired":true,"valueName":"search_term_string"}}],"inLanguage":"pt-BR"},{"@type":"Organization","@id":"https:\/\/www.notibras.com\/site\/#organization","name":"Grupo Notibras de Comunica\u00e7\u00e3o","url":"https:\/\/www.notibras.com\/site\/","logo":{"@type":"ImageObject","inLanguage":"pt-BR","@id":"https:\/\/www.notibras.com\/site\/#\/schema\/logo\/image\/","url":"https:\/\/www.notibras.com\/site\/wp-content\/uploads\/2023\/01\/notibras23.png","contentUrl":"https:\/\/www.notibras.com\/site\/wp-content\/uploads\/2023\/01\/notibras23.png","width":350,"height":87,"caption":"Grupo Notibras de Comunica\u00e7\u00e3o"},"image":{"@id":"https:\/\/www.notibras.com\/site\/#\/schema\/logo\/image\/"},"sameAs":["https:\/\/www.facebook.com\/notibras\/","https:\/\/x.com\/Notibras","https:\/\/www.instagram.com\/notibras\/"]},{"@type":"Person","@id":"https:\/\/www.notibras.com\/site\/#\/schema\/person\/36ab0979449956132d3e5b517ea76ac8","name":"Reda\u00e7\u00e3o","image":{"@type":"ImageObject","inLanguage":"pt-BR","@id":"https:\/\/secure.gravatar.com\/avatar\/e0a867bdedb85fd243eadf09663511f96fc81e0720a4a42581f334ad4303aa6b?s=96&d=mm&r=g","url":"https:\/\/secure.gravatar.com\/avatar\/e0a867bdedb85fd243eadf09663511f96fc81e0720a4a42581f334ad4303aa6b?s=96&d=mm&r=g","contentUrl":"https:\/\/secure.gravatar.com\/avatar\/e0a867bdedb85fd243eadf09663511f96fc81e0720a4a42581f334ad4303aa6b?s=96&d=mm&r=g","caption":"Reda\u00e7\u00e3o"}}]}},"amp_enabled":true,"_links":{"self":[{"href":"https:\/\/www.notibras.com\/site\/wp-json\/wp\/v2\/posts\/39329","targetHints":{"allow":["GET"]}}],"collection":[{"href":"https:\/\/www.notibras.com\/site\/wp-json\/wp\/v2\/posts"}],"about":[{"href":"https:\/\/www.notibras.com\/site\/wp-json\/wp\/v2\/types\/post"}],"author":[{"embeddable":true,"href":"https:\/\/www.notibras.com\/site\/wp-json\/wp\/v2\/users\/2"}],"replies":[{"embeddable":true,"href":"https:\/\/www.notibras.com\/site\/wp-json\/wp\/v2\/comments?post=39329"}],"version-history":[{"count":0,"href":"https:\/\/www.notibras.com\/site\/wp-json\/wp\/v2\/posts\/39329\/revisions"}],"wp:featuredmedia":[{"embeddable":true,"href":"https:\/\/www.notibras.com\/site\/wp-json\/wp\/v2\/media\/39330"}],"wp:attachment":[{"href":"https:\/\/www.notibras.com\/site\/wp-json\/wp\/v2\/media?parent=39329"}],"wp:term":[{"taxonomy":"category","embeddable":true,"href":"https:\/\/www.notibras.com\/site\/wp-json\/wp\/v2\/categories?post=39329"},{"taxonomy":"post_tag","embeddable":true,"href":"https:\/\/www.notibras.com\/site\/wp-json\/wp\/v2\/tags?post=39329"}],"curies":[{"name":"wp","href":"https:\/\/api.w.org\/{rel}","templated":true}]}}