{"id":393333,"date":"2026-05-03T01:00:00","date_gmt":"2026-05-03T04:00:00","guid":{"rendered":"https:\/\/www.notibras.com\/site\/?p=393333"},"modified":"2026-05-02T19:08:22","modified_gmt":"2026-05-02T22:08:22","slug":"despedidas","status":"publish","type":"post","link":"https:\/\/www.notibras.com\/site\/despedidas\/","title":{"rendered":"Despedidas"},"content":{"rendered":"<p>Custam-me as antev\u00e9speras das partidas,<br \/>\ntanto me constrangem na espera<br \/>\nas horas do sem fazer.<\/p>\n<p>Adianto \u00e2nsias de embarques,<br \/>\nembargo-me em saudades que at\u00e9 sinto,<br \/>\nmas que de verdade ainda est\u00e3o por vir.<\/p>\n<p>&#8211; \u0118 ent\u00e3o, quando vais? \u2013<br \/>\n\u00c9 pra j\u00e1. \u00c9 s\u00f3 um bocadinho.<\/p>\n<p>Ter que dizer adeus \u00e9 como estar presente<br \/>\nao pr\u00f3prio funeral.<br \/>\nE n\u00e3o fica bem a quem j\u00e1 se sabe longe<br \/>\nestar a comprar jornais,<br \/>\nbisbilhotar miudezas em tabacarias,<br \/>\ndobrar esquinas,<br \/>\nencontrar conhecidos:<\/p>\n<p>&#8211; N\u00e3o fostes, ainda?!<br \/>\nInc\u00f4moda ambiguidade esta<br \/>\nde estar sem j\u00e1 n\u00e3o ser.<br \/>\numa vez anunciado,<br \/>\n\u00e9-se obrigado a partir,<br \/>\nainda que os p\u00e9s se entortem para tr\u00e1s,<br \/>\nainda que possas virar est\u00e1tua de sal.<\/p>\n","protected":false},"excerpt":{"rendered":"<p>Custam-me as antev\u00e9speras das partidas, tanto me constrangem na espera as horas do sem fazer. Adianto \u00e2nsias de embarques, embargo-me em saudades que at\u00e9 sinto, mas que de verdade ainda est\u00e3o por vir. &#8211; \u0118 ent\u00e3o, quando vais? \u2013 \u00c9 pra j\u00e1. \u00c9 s\u00f3 um bocadinho. Ter que dizer adeus \u00e9 como estar presente ao [&hellip;]<\/p>\n","protected":false},"author":21,"featured_media":393334,"comment_status":"closed","ping_status":"closed","sticky":false,"template":"","format":"standard","meta":{"_acf_changed":false,"footnotes":""},"categories":[234],"tags":[],"class_list":["post-393333","post","type-post","status-publish","format-standard","has-post-thumbnail","hentry","category-cafe-literario"],"acf":[],"_links":{"self":[{"href":"https:\/\/www.notibras.com\/site\/wp-json\/wp\/v2\/posts\/393333","targetHints":{"allow":["GET"]}}],"collection":[{"href":"https:\/\/www.notibras.com\/site\/wp-json\/wp\/v2\/posts"}],"about":[{"href":"https:\/\/www.notibras.com\/site\/wp-json\/wp\/v2\/types\/post"}],"author":[{"embeddable":true,"href":"https:\/\/www.notibras.com\/site\/wp-json\/wp\/v2\/users\/21"}],"replies":[{"embeddable":true,"href":"https:\/\/www.notibras.com\/site\/wp-json\/wp\/v2\/comments?post=393333"}],"version-history":[{"count":2,"href":"https:\/\/www.notibras.com\/site\/wp-json\/wp\/v2\/posts\/393333\/revisions"}],"predecessor-version":[{"id":393336,"href":"https:\/\/www.notibras.com\/site\/wp-json\/wp\/v2\/posts\/393333\/revisions\/393336"}],"wp:featuredmedia":[{"embeddable":true,"href":"https:\/\/www.notibras.com\/site\/wp-json\/wp\/v2\/media\/393334"}],"wp:attachment":[{"href":"https:\/\/www.notibras.com\/site\/wp-json\/wp\/v2\/media?parent=393333"}],"wp:term":[{"taxonomy":"category","embeddable":true,"href":"https:\/\/www.notibras.com\/site\/wp-json\/wp\/v2\/categories?post=393333"},{"taxonomy":"post_tag","embeddable":true,"href":"https:\/\/www.notibras.com\/site\/wp-json\/wp\/v2\/tags?post=393333"}],"curies":[{"name":"wp","href":"https:\/\/api.w.org\/{rel}","templated":true}]}}