{"id":393337,"date":"2026-05-03T00:45:47","date_gmt":"2026-05-03T03:45:47","guid":{"rendered":"https:\/\/www.notibras.com\/site\/?p=393337"},"modified":"2026-05-02T19:16:19","modified_gmt":"2026-05-02T22:16:19","slug":"avo","status":"publish","type":"post","link":"https:\/\/www.notibras.com\/site\/avo\/","title":{"rendered":"Av\u00f3"},"content":{"rendered":"<p>PELA MANH\u00c3<\/p>\n<p>Av\u00f3 como pode ultrapassar esta quarentena?<\/p>\n<p>&#8220;Minha filha, a quarentena \u00e9 um per\u00edodo especial, misterioso e sagrado. Nos meus dias, os rec\u00e9m-nascidos s\u00f3 podiam sair de casa pela primeira vez ap\u00f3s o 40\u00ba dia de vida. \u00c9 um per\u00edodo de espera e prepara\u00e7\u00e3o para uma nova vida. \u00c9 o per\u00edodo que produz uma grande mudan\u00e7a.&#8221;<\/p>\n<p>\u00c0 TARDE<\/p>\n<p>E como a gente vive com essa pandemia e mudan\u00e7as?<\/p>\n<p>&#8220;Com a\u00e7\u00f5es simples, genu\u00ednas e amorosas. Todas as manh\u00e3s penteia os teus cabelos longos com dedica\u00e7\u00e3o e liberta todos os n\u00f3s, mesmo os mais ocultos que sempre negligenciaste. \u00c9 hora de colocar todos os n\u00f3s no pente. Depois, dedica-te a desembara\u00e7ar at\u00e9 os teus queridos novelos. Com paci\u00eancia, tentar\u00e1s encontrar o fim do novelo, o ponto de partida exato do fio. J\u00e1 com essas a\u00e7\u00f5es simples, mas poderosas, criar\u00e1s ordem fora e dentro de ti. Desfazendo n\u00f3s f\u00edsicos com as tuas m\u00e3os, vai-te permitir come\u00e7ar a tocar nos teus n\u00f3s internos.&#8221;<\/p>\n<p>\u00c0 NOITE<\/p>\n<p>E depois de desfazer os n\u00f3s, o que eu posso fazer, av\u00f3?<\/p>\n<p>&#8220;Remove todas as partes que j\u00e1 n\u00e3o s\u00e3o f\u00e9rteis. Em muitos ritos funer\u00e1rios dos povos antigos, acredita-se que o falecido deixa o corpo inteiramente no 40\u00ba dia ap\u00f3s a sua morte. Nesses 40 dias, minha filha, corta os cabelos, elimina as roupas que j\u00e1 n\u00e3o usas h\u00e1 muito tempo ou que n\u00e3o desejas usar mais, abre bem as janelas da tua casa para deixar sair o ar viciado, cultiva novos pensamentos abandonando o antigo, dedica-te a criar novos h\u00e1bitos, novos costumes, novas tradi\u00e7\u00f5es.&#8221;<\/p>\n<p>Av\u00f3, eu acho que a gente vai sobreviver; voc\u00ea est\u00e1 comigo, mas acho tamb\u00e9m que nada ir\u00e1 mudar&#8230; As pessoas se esquecem de tudo.<\/p>\n<p>E agora, av\u00f3?<\/p>\n<p>&#8220;Coragem&#8221;<\/p>\n<p><strong>&#8230;&#8230;&#8230;&#8230;&#8230;&#8230;&#8230;&#8230;&#8230;<\/strong><\/p>\n<p><strong>Pequena cr\u00f4nica inspirada em passagens do livro de Elena Bernab\u00e9, &#8220;Culturas de Povos Ind\u00edgenas&#8221;, Abril, 2020.<\/strong><\/p>\n<p><strong>Gilberto Motta \u00e9 escritor, jornalista, professor\/pesquisador e sobrevivente que jamais esquecer\u00e1 o inferno dos dias da pandemia covid19. Vive (gra\u00e7as!) na vila da Guarda do Emba\u00fa, litoral de SC.<\/strong><\/p>\n","protected":false},"excerpt":{"rendered":"<p>PELA MANH\u00c3 Av\u00f3 como pode ultrapassar esta quarentena? &#8220;Minha filha, a quarentena \u00e9 um per\u00edodo especial, misterioso e sagrado. Nos meus dias, os rec\u00e9m-nascidos s\u00f3 podiam sair de casa pela primeira vez ap\u00f3s o 40\u00ba dia de vida. \u00c9 um per\u00edodo de espera e prepara\u00e7\u00e3o para uma nova vida. \u00c9 o per\u00edodo que produz uma [&hellip;]<\/p>\n","protected":false},"author":21,"featured_media":393338,"comment_status":"closed","ping_status":"closed","sticky":false,"template":"","format":"standard","meta":{"_acf_changed":false,"footnotes":""},"categories":[234],"tags":[],"class_list":["post-393337","post","type-post","status-publish","format-standard","has-post-thumbnail","hentry","category-cafe-literario"],"acf":[],"_links":{"self":[{"href":"https:\/\/www.notibras.com\/site\/wp-json\/wp\/v2\/posts\/393337","targetHints":{"allow":["GET"]}}],"collection":[{"href":"https:\/\/www.notibras.com\/site\/wp-json\/wp\/v2\/posts"}],"about":[{"href":"https:\/\/www.notibras.com\/site\/wp-json\/wp\/v2\/types\/post"}],"author":[{"embeddable":true,"href":"https:\/\/www.notibras.com\/site\/wp-json\/wp\/v2\/users\/21"}],"replies":[{"embeddable":true,"href":"https:\/\/www.notibras.com\/site\/wp-json\/wp\/v2\/comments?post=393337"}],"version-history":[{"count":2,"href":"https:\/\/www.notibras.com\/site\/wp-json\/wp\/v2\/posts\/393337\/revisions"}],"predecessor-version":[{"id":393340,"href":"https:\/\/www.notibras.com\/site\/wp-json\/wp\/v2\/posts\/393337\/revisions\/393340"}],"wp:featuredmedia":[{"embeddable":true,"href":"https:\/\/www.notibras.com\/site\/wp-json\/wp\/v2\/media\/393338"}],"wp:attachment":[{"href":"https:\/\/www.notibras.com\/site\/wp-json\/wp\/v2\/media?parent=393337"}],"wp:term":[{"taxonomy":"category","embeddable":true,"href":"https:\/\/www.notibras.com\/site\/wp-json\/wp\/v2\/categories?post=393337"},{"taxonomy":"post_tag","embeddable":true,"href":"https:\/\/www.notibras.com\/site\/wp-json\/wp\/v2\/tags?post=393337"}],"curies":[{"name":"wp","href":"https:\/\/api.w.org\/{rel}","templated":true}]}}