{"id":393359,"date":"2026-05-03T02:15:01","date_gmt":"2026-05-03T05:15:01","guid":{"rendered":"https:\/\/www.notibras.com\/site\/?p=393359"},"modified":"2026-05-02T21:21:34","modified_gmt":"2026-05-03T00:21:34","slug":"brasilia-descobre-que-o-brasil-e-maior-que-o-gabinete-do-alcolumbre","status":"publish","type":"post","link":"https:\/\/www.notibras.com\/site\/brasilia-descobre-que-o-brasil-e-maior-que-o-gabinete-do-alcolumbre\/","title":{"rendered":"Bras\u00edlia descobre que o Brasil \u00e9 maior que o gabinete do Alcolumbre"},"content":{"rendered":"<p>H\u00e1 quem tente repetir 2022 como se 2026 fosse apenas uma continua\u00e7\u00e3o autom\u00e1tica daquele cen\u00e1rio, mas essa leitura ignora mudan\u00e7as importantes no ambiente pol\u00edtico e social. A milit\u00e2ncia progressista chega a este novo ciclo mais organizada, mais experiente e, sobretudo, mais mobilizada. Em 2022, Lula havia acabado de sair da cadeia e Jair Bolsonaro utilizava a m\u00e1quina p\u00fablica de forma intensa, com uma avalanche de aux\u00edlios liberados \u00e0s v\u00e9speras da elei\u00e7\u00e3o. Aquilo gerou n\u00e3o apenas impacto eleitoral, mas tamb\u00e9m des\u00e2nimo em setores da milit\u00e2ncia. Hoje, o contexto \u00e9 outro: h\u00e1 mais clareza sobre o jogo pol\u00edtico e mais disposi\u00e7\u00e3o para enfrent\u00e1-lo.<\/p>\n<p>\u00c9 evidente que o desgaste com o Congresso e especialmente com figuras como Davi Alcolumbre imp\u00f5e dificuldades ao governo. Mas h\u00e1 um erro de an\u00e1lise recorrente: confundir o poder institucional de articula\u00e7\u00e3o no Senado com a capacidade de definir uma elei\u00e7\u00e3o presidencial. N\u00e3o \u00e9 o Senado que vota para presidente. Existe, por parte de alguns atores pol\u00edticos, uma leitura excessivamente autocentrada, como se o humor de Bras\u00edlia refletisse automaticamente o sentimento do pa\u00eds. N\u00e3o reflete. O Brasil \u00e9 muito mais amplo, complexo e imprevis\u00edvel do que as bolhas de poder sugerem.<\/p>\n<p>Nesse contexto, a aposta em Fl\u00e1vio Bolsonaro como herdeiro natural de um projeto pol\u00edtico revela mais fragilidade do que for\u00e7a. Sua proje\u00e7\u00e3o est\u00e1 diretamente ligada ao sobrenome, e n\u00e3o a uma trajet\u00f3ria pr\u00f3pria robusta. H\u00e1 d\u00favidas reais sobre sua capacidade de sustentar uma campanha nacional consistente, especialmente diante de um eleitorado mais atento e de um cen\u00e1rio em que o bolsonarismo j\u00e1 n\u00e3o apresenta a mesma for\u00e7a homog\u00eanea de antes, inclusive em redutos historicamente conservadores, como Santa Catarina. Apostar que o Amap\u00e1 ou qualquer outro recorte isolado representa o Brasil \u00e9 um erro estrat\u00e9gico. Elei\u00e7\u00f5es nacionais exigem densidade pol\u00edtica, capilaridade e o, atributos que ainda est\u00e3o em disputa nesse campo.<\/p>\n","protected":false},"excerpt":{"rendered":"<p>H\u00e1 quem tente repetir 2022 como se 2026 fosse apenas uma continua\u00e7\u00e3o autom\u00e1tica daquele cen\u00e1rio, mas essa leitura ignora mudan\u00e7as importantes no ambiente pol\u00edtico e social. A milit\u00e2ncia progressista chega a este novo ciclo mais organizada, mais experiente e, sobretudo, mais mobilizada. Em 2022, Lula havia acabado de sair da cadeia e Jair Bolsonaro utilizava [&hellip;]<\/p>\n","protected":false},"author":21,"featured_media":393360,"comment_status":"closed","ping_status":"closed","sticky":false,"template":"","format":"standard","meta":{"_acf_changed":false,"footnotes":""},"categories":[235],"tags":[],"class_list":["post-393359","post","type-post","status-publish","format-standard","has-post-thumbnail","hentry","category-dona-irene"],"acf":[],"_links":{"self":[{"href":"https:\/\/www.notibras.com\/site\/wp-json\/wp\/v2\/posts\/393359","targetHints":{"allow":["GET"]}}],"collection":[{"href":"https:\/\/www.notibras.com\/site\/wp-json\/wp\/v2\/posts"}],"about":[{"href":"https:\/\/www.notibras.com\/site\/wp-json\/wp\/v2\/types\/post"}],"author":[{"embeddable":true,"href":"https:\/\/www.notibras.com\/site\/wp-json\/wp\/v2\/users\/21"}],"replies":[{"embeddable":true,"href":"https:\/\/www.notibras.com\/site\/wp-json\/wp\/v2\/comments?post=393359"}],"version-history":[{"count":1,"href":"https:\/\/www.notibras.com\/site\/wp-json\/wp\/v2\/posts\/393359\/revisions"}],"predecessor-version":[{"id":393361,"href":"https:\/\/www.notibras.com\/site\/wp-json\/wp\/v2\/posts\/393359\/revisions\/393361"}],"wp:featuredmedia":[{"embeddable":true,"href":"https:\/\/www.notibras.com\/site\/wp-json\/wp\/v2\/media\/393360"}],"wp:attachment":[{"href":"https:\/\/www.notibras.com\/site\/wp-json\/wp\/v2\/media?parent=393359"}],"wp:term":[{"taxonomy":"category","embeddable":true,"href":"https:\/\/www.notibras.com\/site\/wp-json\/wp\/v2\/categories?post=393359"},{"taxonomy":"post_tag","embeddable":true,"href":"https:\/\/www.notibras.com\/site\/wp-json\/wp\/v2\/tags?post=393359"}],"curies":[{"name":"wp","href":"https:\/\/api.w.org\/{rel}","templated":true}]}}