{"id":393375,"date":"2026-05-03T01:15:57","date_gmt":"2026-05-03T04:15:57","guid":{"rendered":"https:\/\/www.notibras.com\/site\/?p=393375"},"modified":"2026-05-02T22:24:50","modified_gmt":"2026-05-03T01:24:50","slug":"o-berco-vivo-que-o-tempo-nao-apagou","status":"publish","type":"post","link":"https:\/\/www.notibras.com\/site\/o-berco-vivo-que-o-tempo-nao-apagou\/","title":{"rendered":"O ber\u00e7o vivo que o tempo n\u00e3o apagou"},"content":{"rendered":"<p>A poucos quil\u00f4metros dos imponentes pal\u00e1cios da Esplanada dos Minist\u00e9rios, uma atmosfera distinta envolve quem transita entre o Pal\u00e1cio do Planalto e o da Alvorada. Ali, onde o concreto modernista d\u00e1 lugar a casas t\u00e9rreas, muitas de madeira, e ruas arborizadas sem o planejamento r\u00edgido do Plano Piloto, resiste a Vila Planalto. Ela n\u00e3o \u00e9 apenas um bairro; \u00e9 o primeiro lar da capital federal, o testemunho vivo dos candangos que ergueram Bras\u00edlia.<\/p>\n<p>Surgida em 1957, antes mesmo da inaugura\u00e7\u00e3o oficial da capital em 1960, a Vila Planalto funcionava como um conjunto de acampamentos de construtoras respons\u00e1veis pelas obras monumentais. Cerca de 22 construtoras, como a Pacheco Fernandes e a Rabelo, instalaram ali seus oper\u00e1rios, engenheiros e t\u00e9cnicos, criando uma verdadeira cidade provis\u00f3ria que, contra todas as expectativas de demoli\u00e7\u00e3o, se tornou permanente.<\/p>\n<p>A rotina era fren\u00e9tica. A Vila abrigava milhares de trabalhadores vindos de todos os cantos do Brasil, com destaque para a regi\u00e3o Nordeste, que buscavam um futuro melhor no cora\u00e7\u00e3o do Cerrado. Eram dormit\u00f3rios coletivos, refeit\u00f3rios lotados e condi\u00e7\u00f5es prec\u00e1rias, mas tamb\u00e9m um esp\u00edrito de uni\u00e3o e a cren\u00e7a de que estavam construindo a hist\u00f3ria do pa\u00eds.<\/p>\n<p>Entre as curiosidades da \u00e9poca, a Vila Planalto era dividida hierarquicamente. Enquanto os oper\u00e1rios viviam em alojamentos simples, os engenheiros ocupavam casas de madeira com melhores condi\u00e7\u00f5es. A estrutura da regi\u00e3o, no entanto, formou um n\u00facleo de conviv\u00eancia robusto, com servi\u00e7os essenciais e com\u00e9rcio que serviam aos oper\u00e1rios.<\/p>\n<p>O nascimento de Bras\u00edlia, em 21 de abril de 1960, trouxe incerteza. A ordem era demolir os acampamentos ap\u00f3s a inaugura\u00e7\u00e3o. No entanto, a Vila Planalto, gra\u00e7as \u00e0 sua localiza\u00e7\u00e3o estrat\u00e9gica e \u00e0 resist\u00eancia de seus pioneiros, permaneceu. Muitas fam\u00edlias permaneceram no local, adaptando as moradias provis\u00f3rias para casas definitivas.<\/p>\n<p>Um dos momentos mais marcantes de sua hist\u00f3ria ocorreu em fevereiro de 1959, conhecido como o &#8220;massacre da GEB&#8221;. Revoltados com a m\u00e1 qualidade da comida servida pela Construtora Pacheco Fernandes Dantas, oper\u00e1rios realizaram um quebra-quebra, sendo duramente reprimidos pela Guarda Especial de Bras\u00edlia (GEB). Esse epis\u00f3dio de resist\u00eancia \u00e9 parte da mem\u00f3ria da luta dos candangos.<\/p>\n<p>Atualmente, a Vila Planalto \u00e9 reconhecida como Patrim\u00f4nio Hist\u00f3rico e Cultural do Distrito Federal, tombada pelo IPHAN nos anos 80, garantindo a preserva\u00e7\u00e3o de sua arquitetura peculiar e de sua import\u00e2ncia cultural. A regi\u00e3o \u00e9 um contraste charmoso: de um lado, casas que relembram os anos 50; do outro, uma gastronomia vibrante e moderna.<\/p>\n<p>A gastronomia tornou-se o novo motor da Vila Planalto. O local \u00e9 considerado um dos principais polos gastron\u00f4micos do Distrito Federal, atraindo brasilienses de todas as regi\u00f5es com seus restaurantes acolhedores, comida caseira e op\u00e7\u00f5es sofisticadas, mantendo o charme interiorano.<\/p>\n<p>Entre os destaques culin\u00e1rios, restaurantes tradicionais como o Tia Z\u00e9lia, famoso pela feijoada, e o <a href=\"https:\/\/www.figueiralaparrilla.com.br\/\">Figueira da Villa<\/a> trazem sabores que conquistaram a capital. O ambiente r\u00fastico dos restaurantes, muitos localizados onde funcionavam os antigos acampamentos, refor\u00e7a a conex\u00e3o entre o passado e o presente.<\/p>\n<p>A vida cultural da Vila tamb\u00e9m \u00e9 ativa, com o <a href=\"https:\/\/www.facebook.com\/restaurantequintaldavila\/\">Quintal da Vila<\/a> e o <a href=\"https:\/\/www.instagram.com\/cattosvilla\/?hl=en\">Cattos Villa<\/a> oferecendo m\u00fasica ao vivo e ambientes familiares, onde rodas de samba e churrasco animam os fins de semana.<\/p>\n<p>Apesar do tombamento, a preserva\u00e7\u00e3o das casas originais de madeira enfrenta desafios. A degrada\u00e7\u00e3o do tempo e a ocupa\u00e7\u00e3o irregular exigem a\u00e7\u00f5es cont\u00ednuas de recupera\u00e7\u00e3o por parte do governo, buscando manter a autenticidade das moradias dos pioneiros.<\/p>\n<p>Investimentos recentes do Governo do Distrito Federal (GDF) t\u00eam focado na infraestrutura e na valoriza\u00e7\u00e3o do patrim\u00f4nio, incluindo projetos para a cria\u00e7\u00e3o de um parque urbano na regi\u00e3o, visando o turismo hist\u00f3rico e o lazer dos moradores.<\/p>\n<p>A comunidade da Vila Planalto \u00e9 unida. A Associa\u00e7\u00e3o de Moradores e a Par\u00f3quia Nossa Senhora do Ros\u00e1rio de Pompeia, uma das primeiras constru\u00e7\u00f5es da cidade, s\u00e3o pilares da vida social local.<\/p>\n<p>Para quem visita a Vila Planalto, \u00e9 uma oportunidade de caminhar pelas mesmas ruas onde Juscelino Kubitschek caminhou e sentir a energia dos pioneiros. \u00c9 um peda\u00e7o do &#8220;cora\u00e7\u00e3o&#8221; de Bras\u00edlia que insiste em manter a simplicidade e a alma do Brasil, mesmo cercado pelos pal\u00e1cios de poder.<\/p>\n<p>Em 2026, a Vila Planalto permanece como um exemplo de resili\u00eancia, um bairro que n\u00e3o foi planejado, mas que se tornou essencial. Ela prova que, atr\u00e1s da monumentalidade de Bras\u00edlia, existe uma hist\u00f3ria viva, feita de luta, comida boa e a mem\u00f3ria de um povo que veio do Brasil inteiro para construir o futuro.<\/p>\n","protected":false},"excerpt":{"rendered":"<p>A poucos quil\u00f4metros dos imponentes pal\u00e1cios da Esplanada dos Minist\u00e9rios, uma atmosfera distinta envolve quem transita entre o Pal\u00e1cio do Planalto e o da Alvorada. Ali, onde o concreto modernista d\u00e1 lugar a casas t\u00e9rreas, muitas de madeira, e ruas arborizadas sem o planejamento r\u00edgido do Plano Piloto, resiste a Vila Planalto. Ela n\u00e3o \u00e9 [&hellip;]<\/p>\n","protected":false},"author":21,"featured_media":393377,"comment_status":"closed","ping_status":"closed","sticky":false,"template":"","format":"standard","meta":{"_acf_changed":false,"footnotes":""},"categories":[161],"tags":[],"class_list":["post-393375","post","type-post","status-publish","format-standard","has-post-thumbnail","hentry","category-quadradinho-em-foco"],"acf":[],"_links":{"self":[{"href":"https:\/\/www.notibras.com\/site\/wp-json\/wp\/v2\/posts\/393375","targetHints":{"allow":["GET"]}}],"collection":[{"href":"https:\/\/www.notibras.com\/site\/wp-json\/wp\/v2\/posts"}],"about":[{"href":"https:\/\/www.notibras.com\/site\/wp-json\/wp\/v2\/types\/post"}],"author":[{"embeddable":true,"href":"https:\/\/www.notibras.com\/site\/wp-json\/wp\/v2\/users\/21"}],"replies":[{"embeddable":true,"href":"https:\/\/www.notibras.com\/site\/wp-json\/wp\/v2\/comments?post=393375"}],"version-history":[{"count":3,"href":"https:\/\/www.notibras.com\/site\/wp-json\/wp\/v2\/posts\/393375\/revisions"}],"predecessor-version":[{"id":393379,"href":"https:\/\/www.notibras.com\/site\/wp-json\/wp\/v2\/posts\/393375\/revisions\/393379"}],"wp:featuredmedia":[{"embeddable":true,"href":"https:\/\/www.notibras.com\/site\/wp-json\/wp\/v2\/media\/393377"}],"wp:attachment":[{"href":"https:\/\/www.notibras.com\/site\/wp-json\/wp\/v2\/media?parent=393375"}],"wp:term":[{"taxonomy":"category","embeddable":true,"href":"https:\/\/www.notibras.com\/site\/wp-json\/wp\/v2\/categories?post=393375"},{"taxonomy":"post_tag","embeddable":true,"href":"https:\/\/www.notibras.com\/site\/wp-json\/wp\/v2\/tags?post=393375"}],"curies":[{"name":"wp","href":"https:\/\/api.w.org\/{rel}","templated":true}]}}