{"id":393380,"date":"2026-05-03T01:00:42","date_gmt":"2026-05-03T04:00:42","guid":{"rendered":"https:\/\/www.notibras.com\/site\/?p=393380"},"modified":"2026-05-02T22:29:42","modified_gmt":"2026-05-03T01:29:42","slug":"campo-sintetico-comeca-a-receber-iluminacao-para-uso-noturno","status":"publish","type":"post","link":"https:\/\/www.notibras.com\/site\/campo-sintetico-comeca-a-receber-iluminacao-para-uso-noturno\/","title":{"rendered":"Campo sint\u00e9tico come\u00e7a a receber ilumina\u00e7\u00e3o para uso noturno"},"content":{"rendered":"<p>O campo sint\u00e9tico da AC 03, conjunto 4, no Riacho Fundo, come\u00e7ou a receber nova ilumina\u00e7\u00e3o p\u00fablica. A obra, executada pela Companhia Energ\u00e9tica de Bras\u00edlia Ilumina\u00e7\u00e3o P\u00fablica e Servi\u00e7os (CEB IPes), prev\u00ea a instala\u00e7\u00e3o de postes e 45 lumin\u00e1rias, ampliando a estrutura do espa\u00e7o esportivo.<\/p>\n<p>Com investimento superior a R$ 200 mil, a interven\u00e7\u00e3o vai permitir o uso do campo tamb\u00e9m no per\u00edodo noturno, ampliando o acesso ao esporte e ao lazer para moradores da regi\u00e3o. A expectativa \u00e9 de que a nova ilumina\u00e7\u00e3o incentive a pr\u00e1tica esportiva e aumente a frequ\u00eancia de usu\u00e1rios.<\/p>\n<p>Al\u00e9m de viabilizar atividades \u00e0 noite, a melhoria tamb\u00e9m traz mais sensa\u00e7\u00e3o de seguran\u00e7a para quem utiliza o espa\u00e7o e para quem circula nas proximidades, ao melhorar a visibilidade e reduzir \u00e1reas de sombra.<\/p>\n<p>A iniciativa faz parte do programa GDF na Sua Porta, que leva servi\u00e7os e melhorias diretamente \u00e0s regi\u00f5es administrativas do Distrito Federal, com foco na qualidade de vida da popula\u00e7\u00e3o.<\/p>\n","protected":false},"excerpt":{"rendered":"<p>O campo sint\u00e9tico da AC 03, conjunto 4, no Riacho Fundo, come\u00e7ou a receber nova ilumina\u00e7\u00e3o p\u00fablica. A obra, executada pela Companhia Energ\u00e9tica de Bras\u00edlia Ilumina\u00e7\u00e3o P\u00fablica e Servi\u00e7os (CEB IPes), prev\u00ea a instala\u00e7\u00e3o de postes e 45 lumin\u00e1rias, ampliando a estrutura do espa\u00e7o esportivo. Com investimento superior a R$ 200 mil, a interven\u00e7\u00e3o vai [&hellip;]<\/p>\n","protected":false},"author":21,"featured_media":393381,"comment_status":"closed","ping_status":"closed","sticky":false,"template":"","format":"standard","meta":{"_acf_changed":false,"footnotes":""},"categories":[161],"tags":[],"class_list":["post-393380","post","type-post","status-publish","format-standard","has-post-thumbnail","hentry","category-quadradinho-em-foco"],"acf":[],"_links":{"self":[{"href":"https:\/\/www.notibras.com\/site\/wp-json\/wp\/v2\/posts\/393380","targetHints":{"allow":["GET"]}}],"collection":[{"href":"https:\/\/www.notibras.com\/site\/wp-json\/wp\/v2\/posts"}],"about":[{"href":"https:\/\/www.notibras.com\/site\/wp-json\/wp\/v2\/types\/post"}],"author":[{"embeddable":true,"href":"https:\/\/www.notibras.com\/site\/wp-json\/wp\/v2\/users\/21"}],"replies":[{"embeddable":true,"href":"https:\/\/www.notibras.com\/site\/wp-json\/wp\/v2\/comments?post=393380"}],"version-history":[{"count":2,"href":"https:\/\/www.notibras.com\/site\/wp-json\/wp\/v2\/posts\/393380\/revisions"}],"predecessor-version":[{"id":393383,"href":"https:\/\/www.notibras.com\/site\/wp-json\/wp\/v2\/posts\/393380\/revisions\/393383"}],"wp:featuredmedia":[{"embeddable":true,"href":"https:\/\/www.notibras.com\/site\/wp-json\/wp\/v2\/media\/393381"}],"wp:attachment":[{"href":"https:\/\/www.notibras.com\/site\/wp-json\/wp\/v2\/media?parent=393380"}],"wp:term":[{"taxonomy":"category","embeddable":true,"href":"https:\/\/www.notibras.com\/site\/wp-json\/wp\/v2\/categories?post=393380"},{"taxonomy":"post_tag","embeddable":true,"href":"https:\/\/www.notibras.com\/site\/wp-json\/wp\/v2\/tags?post=393380"}],"curies":[{"name":"wp","href":"https:\/\/api.w.org\/{rel}","templated":true}]}}