{"id":393391,"date":"2026-05-03T01:10:19","date_gmt":"2026-05-03T04:10:19","guid":{"rendered":"https:\/\/www.notibras.com\/site\/?p=393391"},"modified":"2026-05-03T01:12:30","modified_gmt":"2026-05-03T04:12:30","slug":"acabar-com-vendilhoes-da-patria-e-obrigacao-do-povo","status":"publish","type":"post","link":"https:\/\/www.notibras.com\/site\/acabar-com-vendilhoes-da-patria-e-obrigacao-do-povo\/","title":{"rendered":"Acabar com vendilh\u00f5es da p\u00e1tria \u00e9 obriga\u00e7\u00e3o do povo"},"content":{"rendered":"<p style=\"font-weight: 400;\">A tend\u00eancia de apoiar, votar e, \u00e0s vezes, eleger os mais fracos come\u00e7a a tomar vulto ap\u00f3s as duas safadezas do Congresso bolsonarista contra o presidente Luiz In\u00e1cio Lula da Silva. Os parlamentares ligados \u00e0 sujeira pol\u00edtica precisam rever com a m\u00e1xima urg\u00eancia seus valores como cidad\u00e3os e, principalmente, como homens p\u00fablicos. Como a maioria n\u00e3o vale o que o gato enterra, tenho ouvido atrav\u00e9s das paredes dos \u201cpatriotas\u201d que o l\u00edder do petismo est\u00e1 abatido, derrotado e entregue \u00e0s baratas. Sugiro que os chamados conservadores n\u00e3o se arvorem a achar que a vit\u00f3ria do candidato que defendem s\u00e3o favas contadas.<\/p>\n<p style=\"font-weight: 400;\">Se acham isso, \u00e9 preciso recontar imediatamente as favas, os feij\u00f5es e as balas. Do outro lado da parede, o burburinho \u00e9 absolutamente inverso. Desde os prim\u00f3rdios, a base da civiliza\u00e7\u00e3o \u00e9 proteger os supostamente mais fracos. N\u00e3o \u00e9 o caso de Lula, mas \u00e9 assim que a massa que o conservadorismo ainda avalia como ignara o v\u00ea. Parece que, para o povo, defend\u00ea-lo da amea\u00e7a dos tiranos que usam o Parlamento como escudo \u00e9 uma quest\u00e3o de ordem. Segundo os representantes do pov\u00e3o, a agress\u00e3o dos mais fortes os obriga a passar para o lado do mais fraco.<\/p>\n<p style=\"font-weight: 400;\">N\u00e3o sou da massa e tamb\u00e9m n\u00e3o me acho pequeno, mas sou um dos que t\u00eam certeza de que, sob a dire\u00e7\u00e3o de um forte general, n\u00e3o haver\u00e1 soldados fracos. Ali\u00e1s, sobre ser forte ou fraco, algu\u00e9m precisa informar a Davi Alcolumbre que n\u00e3o faz muito tempo Donald Trump estava certo de que lhe bastaria um soldado, um cabo, uma baioneta e um bando de loucos para dominar o mundo. Perdeu o rebolado, o topete e certamente perder\u00e1 a maioria do no seu Congresso antes mesmo de o planeta reconhecer sua derrota para os aiatol\u00e1s iranianos.<\/p>\n<p style=\"font-weight: 400;\">Eleitoralmente, Lula n\u00e3o \u00e9, nunca foi e jamais ser\u00e1 t\u00e3o pequeno como os mesquinhos e indignos deputados e senadores que trabalham para tentar apequen\u00e1-lo. Lula \u00e9 grande, t\u00e3o grande que os vendilh\u00f5es da p\u00e1tria n\u00e3o sabem mais o que fazer para evit\u00e1-lo como advers\u00e1rio. Imposs\u00edvel, pois, ao inv\u00e9s do bolsonarismo e do alcolumbrismo, o lulismo n\u00e3o \u00e9 inc\u00f4modo algum para o povo brasileiro. Muito pelo contr\u00e1rio. Pelo menos at\u00e9 agora, Lula da Silva \u00e9 a certeza de que o Brasil permanecer\u00e1 como na\u00e7\u00e3o livre, s\u00f3lida, democr\u00e1tica, soberana e respeitada.<\/p>\n<p style=\"font-weight: 400;\">Quanto ao Congresso de Alcolumbre e de meia d\u00fazia de aloprados, a imagem \u00e9 p\u00e9ssima. De longe, \u00e9 a pior desde a Proclama\u00e7\u00e3o da Rep\u00fablica, em 1892. N\u00e3o tenho a inten\u00e7\u00e3o de generalizar a criminaliza\u00e7\u00e3o da atual pol\u00edtica brasileira. Entretanto, n\u00e3o h\u00e1 como negar que a tentativa de emparedar o governo petista deixou Alcolumbre e seus asseclas a reboque do radicalismo do bolsonarismo e, caso Lula seja reeleito, na rua da amargura dos cargos e recursos federais para o paup\u00e9rrimo Estado do Amap\u00e1.<\/p>\n<p style=\"font-weight: 400;\">Uma pena, porque os amapaenses nada t\u00eam a ver com a cavalice do senador que os representa, da mesma forma que o STF n\u00e3o deveria ser envolvido na rusga idiota pelo poder. Coitados de Davi Alcolumbre e de suas marionetes se eles acham que a rejei\u00e7\u00e3o de Messias obrigar\u00e1 o presidente Lula a indicar o senador Rodrigo Pacheco (PSD-MG) para a vaga de Lu\u00eds Roberto Barroso. Nunca! Jamais! Pelo menos o Brasil e o Amap\u00e1 foram apresentados ao car\u00e1ter desonroso do presidente do Senado e do Congresso. \u00c9 claro que haver\u00e1 volta. O povo n\u00e3o \u00e9 mais massa de manobra de pol\u00edtico algum. As elei\u00e7\u00f5es est\u00e3o bem pr\u00f3ximas. O dia 4 est\u00e1 chegando. Com ele, saberemos quem vai rir por \u00faltimo. Espero que a maioria dos brasileiros vote no ritmo de viver sorrindo e, \u00e0 noite, cante: \u00c9 a vida, \u00e9 bonita e \u00e9 bonita!<\/p>\n","protected":false},"excerpt":{"rendered":"<p>A tend\u00eancia de apoiar, votar e, \u00e0s vezes, eleger os mais fracos come\u00e7a a tomar vulto ap\u00f3s as duas safadezas do Congresso bolsonarista contra o presidente Luiz In\u00e1cio Lula da Silva. Os parlamentares ligados \u00e0 sujeira pol\u00edtica precisam rever com a m\u00e1xima urg\u00eancia seus valores como cidad\u00e3os e, principalmente, como homens p\u00fablicos. Como a maioria [&hellip;]<\/p>\n","protected":false},"author":2,"featured_media":393392,"comment_status":"closed","ping_status":"closed","sticky":false,"template":"","format":"standard","meta":{"_acf_changed":false,"footnotes":""},"categories":[16],"tags":[],"class_list":["post-393391","post","type-post","status-publish","format-standard","has-post-thumbnail","hentry","category-brasil"],"acf":[],"_links":{"self":[{"href":"https:\/\/www.notibras.com\/site\/wp-json\/wp\/v2\/posts\/393391","targetHints":{"allow":["GET"]}}],"collection":[{"href":"https:\/\/www.notibras.com\/site\/wp-json\/wp\/v2\/posts"}],"about":[{"href":"https:\/\/www.notibras.com\/site\/wp-json\/wp\/v2\/types\/post"}],"author":[{"embeddable":true,"href":"https:\/\/www.notibras.com\/site\/wp-json\/wp\/v2\/users\/2"}],"replies":[{"embeddable":true,"href":"https:\/\/www.notibras.com\/site\/wp-json\/wp\/v2\/comments?post=393391"}],"version-history":[{"count":3,"href":"https:\/\/www.notibras.com\/site\/wp-json\/wp\/v2\/posts\/393391\/revisions"}],"predecessor-version":[{"id":393395,"href":"https:\/\/www.notibras.com\/site\/wp-json\/wp\/v2\/posts\/393391\/revisions\/393395"}],"wp:featuredmedia":[{"embeddable":true,"href":"https:\/\/www.notibras.com\/site\/wp-json\/wp\/v2\/media\/393392"}],"wp:attachment":[{"href":"https:\/\/www.notibras.com\/site\/wp-json\/wp\/v2\/media?parent=393391"}],"wp:term":[{"taxonomy":"category","embeddable":true,"href":"https:\/\/www.notibras.com\/site\/wp-json\/wp\/v2\/categories?post=393391"},{"taxonomy":"post_tag","embeddable":true,"href":"https:\/\/www.notibras.com\/site\/wp-json\/wp\/v2\/tags?post=393391"}],"curies":[{"name":"wp","href":"https:\/\/api.w.org\/{rel}","templated":true}]}}