{"id":393404,"date":"2026-05-03T10:43:58","date_gmt":"2026-05-03T13:43:58","guid":{"rendered":"https:\/\/www.notibras.com\/site\/?p=393404"},"modified":"2026-05-03T10:45:21","modified_gmt":"2026-05-03T13:45:21","slug":"farmacias-vivas-quintais-medicinais-ganham-forca","status":"publish","type":"post","link":"https:\/\/www.notibras.com\/site\/farmacias-vivas-quintais-medicinais-ganham-forca\/","title":{"rendered":"\u201cFarm\u00e1cias vivas\u201d, quintais medicinais ganham for\u00e7a"},"content":{"rendered":"<p>Em comunidades rurais do interior da Bahia, um costume antigo vem se fortalecendo diante dos desafios de acesso \u00e0 sa\u00fade: os quintais medicinais, tamb\u00e9m conhecidos como \u201cfarm\u00e1cias vivas\u201d. Nesses espa\u00e7os, moradores cultivam plantas com propriedades terap\u00eauticas e mant\u00eam pr\u00e1ticas tradicionais de cuidado que atravessam gera\u00e7\u00f5es.<\/p>\n<p>Em cidades do semi\u00e1rido, \u00e9 comum encontrar hortas repletas de ervas como boldo, hortel\u00e3, erva-cidreira e mastruz. Essas plantas s\u00e3o utilizadas no preparo de ch\u00e1s, xaropes e infus\u00f5es caseiras, principalmente para tratar problemas simples, como dores, gripe e m\u00e1 digest\u00e3o.<\/p>\n<p>A pr\u00e1tica, que sempre fez parte da cultura popular, ganhou novo impulso nos \u00faltimos anos. A dificuldade de acesso a servi\u00e7os de sa\u00fade em \u00e1reas mais isoladas, somada ao aumento no custo de medicamentos, levou muitas fam\u00edlias a resgatarem esses conhecimentos tradicionais.<\/p>\n<p>Al\u00e9m do uso dom\u00e9stico, algumas comunidades t\u00eam organizado iniciativas coletivas para sistematizar e compartilhar esse saber. Grupos de moradores e agentes de sa\u00fade promovem oficinas sobre cultivo e uso seguro das plantas, unindo conhecimento popular e orienta\u00e7\u00e3o t\u00e9cnica.<\/p>\n<p>Especialistas ressaltam que, embora muitas dessas plantas tenham propriedades comprovadas, o uso deve ser feito com cuidado. A automedica\u00e7\u00e3o, mesmo com produtos naturais, pode trazer riscos se n\u00e3o houver orienta\u00e7\u00e3o adequada, especialmente em casos mais graves.<\/p>\n<p>Ainda assim, os quintais medicinais representam mais do que uma alternativa de tratamento. Eles refor\u00e7am a autonomia das comunidades, preservam a cultura local e promovem uma rela\u00e7\u00e3o mais pr\u00f3xima com a natureza.<\/p>\n<p>Entre folhas, ra\u00edzes e saberes antigos, as \u201cfarm\u00e1cias vivas\u201d mostram que, em meio \u00e0s dificuldades, o interior da Bahia encontra solu\u00e7\u00f5es dentro do pr\u00f3prio quintal \u2014 cultivando sa\u00fade a partir da tradi\u00e7\u00e3o.<\/p>\n","protected":false},"excerpt":{"rendered":"<p>Em comunidades rurais do interior da Bahia, um costume antigo vem se fortalecendo diante dos desafios de acesso \u00e0 sa\u00fade: os quintais medicinais, tamb\u00e9m conhecidos como \u201cfarm\u00e1cias vivas\u201d. Nesses espa\u00e7os, moradores cultivam plantas com propriedades terap\u00eauticas e mant\u00eam pr\u00e1ticas tradicionais de cuidado que atravessam gera\u00e7\u00f5es. Em cidades do semi\u00e1rido, \u00e9 comum encontrar hortas repletas de [&hellip;]<\/p>\n","protected":false},"author":2,"featured_media":393405,"comment_status":"closed","ping_status":"closed","sticky":false,"template":"","format":"standard","meta":{"_acf_changed":false,"footnotes":""},"categories":[165],"tags":[],"class_list":["post-393404","post","type-post","status-publish","format-standard","has-post-thumbnail","hentry","category-nordeste"],"acf":[],"_links":{"self":[{"href":"https:\/\/www.notibras.com\/site\/wp-json\/wp\/v2\/posts\/393404","targetHints":{"allow":["GET"]}}],"collection":[{"href":"https:\/\/www.notibras.com\/site\/wp-json\/wp\/v2\/posts"}],"about":[{"href":"https:\/\/www.notibras.com\/site\/wp-json\/wp\/v2\/types\/post"}],"author":[{"embeddable":true,"href":"https:\/\/www.notibras.com\/site\/wp-json\/wp\/v2\/users\/2"}],"replies":[{"embeddable":true,"href":"https:\/\/www.notibras.com\/site\/wp-json\/wp\/v2\/comments?post=393404"}],"version-history":[{"count":3,"href":"https:\/\/www.notibras.com\/site\/wp-json\/wp\/v2\/posts\/393404\/revisions"}],"predecessor-version":[{"id":393408,"href":"https:\/\/www.notibras.com\/site\/wp-json\/wp\/v2\/posts\/393404\/revisions\/393408"}],"wp:featuredmedia":[{"embeddable":true,"href":"https:\/\/www.notibras.com\/site\/wp-json\/wp\/v2\/media\/393405"}],"wp:attachment":[{"href":"https:\/\/www.notibras.com\/site\/wp-json\/wp\/v2\/media?parent=393404"}],"wp:term":[{"taxonomy":"category","embeddable":true,"href":"https:\/\/www.notibras.com\/site\/wp-json\/wp\/v2\/categories?post=393404"},{"taxonomy":"post_tag","embeddable":true,"href":"https:\/\/www.notibras.com\/site\/wp-json\/wp\/v2\/tags?post=393404"}],"curies":[{"name":"wp","href":"https:\/\/api.w.org\/{rel}","templated":true}]}}