{"id":39432,"date":"2015-03-10T05:10:47","date_gmt":"2015-03-10T08:10:47","guid":{"rendered":"http:\/\/www.notibras.com\/site\/?p=39432"},"modified":"2015-03-10T05:10:47","modified_gmt":"2015-03-10T08:10:47","slug":"beatles-stones-e-disco-de-inezita-ali-no-meio-dos-reis-do-pop","status":"publish","type":"post","link":"https:\/\/www.notibras.com\/site\/beatles-stones-e-disco-de-inezita-ali-no-meio-dos-reis-do-pop\/","title":{"rendered":"Beatles, Stones, e disco de Inezita ali, no meio dos reis do pop"},"content":{"rendered":"<p>Ainda na d\u00e9cada de 1960 eu comecei a formar uma discoteca pessoal, com LPs e compactos que ganhava ou conseguia comprar. Tinha muita MPB, mas o forte era o rock, de Beatles e Stones a Hendrix, Joplin e Mutantes. Mas, l\u00e1 no meio, um LP de capa branca, como uma pequena foto ao centro, se destacava: era um \u00e1lbum de Inezita Barroso.<\/p>\n<p>O caso serve apenas pra demonstrar o quanto a arte de Inezita est\u00e1 presente entre n\u00f3s, desde meados do s\u00e9culo passado e estar\u00e1 pra sempre. Ela faleceu ontem ao completar 90 anos de idade.<\/p>\n<p>Inezita talvez tenha ficado mais conhecida como cantora de m\u00fasica caipira, paulista que era. J\u00e1 estaria de bom tamanho, mas sua import\u00e2ncia na hist\u00f3ria das artes no Brasil vai muito al\u00e9m disso.<\/p>\n<p>Como pesquisadora incans\u00e1vel, sempre refor\u00e7ou e ajudou a preservar as mais diversas manifesta\u00e7\u00f5es culturais brasileiras. Ritmos, dan\u00e7as, cantorias e cantigas dos mais rec\u00f4nditos rinc\u00f5es desses brasis, dos pampas ga\u00fachos aos beirad\u00f5es amaz\u00f4nicos, foram o motor da sua vida.Sempre foi atr\u00e1s, a p\u00e9, em lombo de mula, barco, jipe, \u00f4nibus ou avi\u00e3o. Ao som de tambores e violas, ou em sil\u00eancio.<\/p>\n<p>A diversidade vem com ela do ber\u00e7o. Ela nasceu na cosmopolita S\u00e3o Paulo, em mar\u00e7o de 1925, com o nome de Ignez Madalena Aranha de Lima. Era filha da elite cafeeira paulista, pois embora seu pai tenha sido funcion\u00e1rio da Estrada-de-ferro Sorocabana, era essa sua atividade principal.<\/p>\n<p>Por isso, desde muito pequena ela andava pelas fazendas da fam\u00edlia, no interior, em contato com trabalhadores e popula\u00e7\u00f5es locais. S\u00e3o da\u00ed os primeiros encontros ao vivo com causos e cantorias. Ficava encantada, a menina.<\/p>\n<p>Apesar de se dizer avesso \u00e0 m\u00fasica caipira, e de em casa s\u00f3 ouvir m\u00fasica cl\u00e1ssica, seu pai era amigo de Raul Montes Torres, o cantor e compositor de alguns cl\u00e1ssicos, anos depois gravados por Inezita. Elao conhecia de uma fazenda de seu pai, pr\u00f3xima a Botucatu, que Torres costumava visitar. S\u00e3o dele, por exemplo, \u201cModa da Mula Preta\u201d, \u201cSaudades de Mat\u00e3o\u201d, \u201cColcha de Retalhos\u201d e \u201cA Moda da Pinga\u201d.<\/p>\n<p>Como toda mo\u00e7a da alta-roda de ent\u00e3o, ela estudou piano, o que despertou sua verve musical, logo transposta pra outros instrumentos, especialmente o viol\u00e3o. Desde os 7 anos de idade, j\u00e1 tocava em festinhas no Clube de Perdizes, bairro sofisticado da capital paulista. \u201cA fam\u00edlia torcia o nariz, porque era feio ser artista, ainda mais pra mulher\u201d, contou ela certa feita, em entrevista.<\/p>\n<p>Seu gosto pela pesquisa adveio, por certo, do curso de Biblioteconomia na Universidade de S\u00e3o Paulo (USP), em que se formou em 1953. Mas, sua biblioteca estava mesmo nesse mund\u00e3o, a c\u00e9u aberto ou barrac\u00f5es de festas populares. E era muito afinada com seu gosto por m\u00fasica.<\/p>\n<p>O sobrenome ela emprestou do advogado cearense Adolfo Cabral Barroso, com quem se casou em 1947, aos 22 anos, e tiveram uma filha. J\u00e1 o diminutivo Inezita era o jeito carinhoso com que a tratavam em casa e noutras rodas, pela sua baixa estatura e corpo franzino.<\/p>\n<p>Seu marido n\u00e3o era m\u00fasico, mas tinha um irm\u00e3o que era radialista e, tamb\u00e9m por isso, a incentivava a cultivar o veio das artes. Foi o apoio mais importante que teve na vida, segundo ela.<\/p>\n<p>Logo ap\u00f3s o casamento, os dois se mudaram pro Pernambuco, onde ela p\u00f4s pra fora sua \u00e2nsia art\u00edstica. O que os movia eram raz\u00f5es profissionais de Adolfo, mas Inezita se enturmou bem depressa no meio art\u00edstico pernambucano.<\/p>\n<blockquote><p>Assim, virou cantora profissional da potente R\u00e1dio Clube do Recife, nos programas de audit\u00f3rio que atraiam barulhentas plateias, j\u00e1 com o nome art\u00edstico que a acompanhou pelo resto da vida. Apesar do entusiasmo, contudo, as atividades do Recife ainda eram um ensaio para o que iria suceder nos anos seguintes, j\u00e1 de volta a S\u00e3o Paulo.<\/p><\/blockquote>\n<p>O cunhado Maur\u00edcio Barroso, al\u00e9m do r\u00e1dio, mexia tamb\u00e9m com TV e teatro, com gente como Paulo Autran e T\u00f4nia Carrero, e colocou Inezita na roda. Era a fina-flor do teatro moderno e dos primeiros passos da TV no Brasil, que ajuntava gente de todo canto, todo mundo interessado em cultura popular. E todos muito solid\u00e1rios, de modo que ela estava em ambiente prop\u00edcio para dar asas aos seus sonhos. E avoou.<\/p>\n<p>O primeiro grande salto foi estrear no cinema, como atriz. \u00c9 bom dizer que, desde logo, ela percebeu que essa n\u00e3o era bem a sua praia. Mas, de todo jeito, atuou em nove filmes de longa-metragem, num dos quais em papel principal. Foi em \u201cMulher de Verdade\u201d, de Alberto Cavalcanti, em que interpretou uma enfermeira b\u00edgama, pelo que foi agraciada com o Pr\u00eamio Saci de melhor atriz de 1955.<\/p>\n<p>A estreia mesmo, por\u00e9m, foi em papel de prostituta, em filme da Vera Cruz. Mas, foi interpretando ela mesma, como cantora, que atuou em maior n\u00famero de filmes, o que refor\u00e7ou sua liga\u00e7\u00e3o com a m\u00fasica. Era, de todo modo, uma atividade que denotava com for\u00e7a uma atitude de rebeldia aos padr\u00f5es elitistas da sua fam\u00edlia.<\/p>\n<p>A proje\u00e7\u00e3o maior de seu trabalho, entretanto, veio por meio do r\u00e1dio e do disco.O r\u00e1dio, naquela \u00e9poca, n\u00e3o era apenas tocador de discos. Eram as emissoras que promoviam as festas e os programas de audit\u00f3rio nas capitais e cidades do interior. Dividiam o cen\u00e1rio com os circos que peregrinavam de pra\u00e7a em pra\u00e7a.Isso significava estar o tempo todo com o p\u00e9 na estrada. Vestia roupas simples, botinas, cabelos pretos meio encaracolados, e chegava l\u00e1, fosse onde fosse.<\/p>\n<p>Nessas andan\u00e7as, ela conheceu todo mundo do meio musical, especialmente os caipiras. Os paulistas Tonico e Tinoco, por exemplo. Mas ela se apegou mais a Ti\u00e3o Carreiro, que fazia dupla com Pardinho. Ti\u00e3o era mineiro de Montes Claros, mas havia se estabelecido em S\u00e3o Paulo, incentivado por Teddy Vieira, um produtor musical e compositor de grande renome. \u00c9 autor de \u201cO Menino da Porteira\u201d, pra citar s\u00f3 uma.<\/p>\n<p>Mas Inezita considerava Ti\u00e3o o grande nome do caipira, porque ela sabia que esse g\u00eanero musical, embora colocado no mesmo saco, \u00e9 diferente de regi\u00e3o pra regi\u00e3o. A batida de viola em Minas Gerais era muito outra. E s\u00e3o mais de 30 afina\u00e7\u00f5es diferentes, segundo levantamento que ela fez.<\/p>\n<p>Ela admirava Ti\u00e3o porque ele misturou as pegadas e ponteios paulistas e mineiros e criou o pagode caipira, que gerou grande mudan\u00e7a no g\u00eanero. Al\u00e9m disso, ele retirou das duplas a predomin\u00e2ncia da segunda voz, estridente, valorizando a primeira voz, mais grave, cadenciada. E era, tamb\u00e9m, ex\u00edmio tocador de viola, tendo gravado v\u00e1rios discos instrumentais, com solos.<\/p>\n<blockquote><p>Quando passou a gravar, em 1953, logo de cara, Inezita arrebentou em audi\u00eancia com um disco que trazia as m\u00fasicas \u201cRonda\u201d, de Paulo Vanzolini, e \u201cA Moda da Pinga\u201d (conhecida como \u201cMarvada Pinga\u201d), de Ochelsis Laureano e Raul Torres. E a\u00ed, em meio a tantas andan\u00e7as, tem um caminh\u00e3o de hist\u00f3rias. Cada m\u00fasica foi gravada por algum motivo. Ela sabia de todas, mas, quando se punha a falar disso, rendia dias de conversa.<\/p><\/blockquote>\n<p>Uma das hist\u00f3rias, por\u00e9m, \u00e9 especial de boa, como ela dizia. Trata-se de \u201cLampi\u00e3o de G\u00e1s\u201d, que se tornou um de seus maiores sucessos,mas por acaso. A autora \u00e9 Zica B\u00e9rgami, uma senhora da alta sociedade paulistana, que procurou Inezita nos est\u00fadios da TV Record, s\u00f3 que n\u00e3o teve coragem de falar com ela.<\/p>\n<p>Acompanhada de uma amiga &#8212; ambas finamente vestidas, com colares de p\u00e9rolas e perfume franc\u00eas&#8211;, Zica se dirigiu ao maestro Herv\u00ea Cordovil, diretor musical, e disse que tinha uma m\u00fasica pra Inezita cantar. Ela cantarolou a melodia e entregou a letra a ele, que a guardou numa gaveta, com jeito de que ali iria mofar.<\/p>\n<p>Belo dia, no entanto, ao finalizar um novo disco de Inezita, havia espa\u00e7o pra mais uma m\u00fasica e Herv\u00ea se lembrou da tal composi\u00e7\u00e3o. Improvisou um arranjo, que ela adorou, e a pe\u00e7a foi gravada, como tapa-buraco. E deu no que deu.<\/p>\n<p>Essas hist\u00f3rias acabam vindo \u00e0 tona, at\u00e9 mesmo porque Inezita guardou meticuloso arquivo de toda sua carreira, desde menina, assim honrando seu diploma da USP. S\u00e3o recortes de jornais e revistas, fitas de r\u00e1dio e TV, cartazes, objetos diversos e o que mais se imaginar, tudo organizado, devidamente catalogado.<\/p>\n<p>Ademais, o programa Viola, Minha Viola, que ela apresentava semanalmente na TV Cultura de S\u00e3o Paulo, desde 1980, \u00e9 um ba\u00fa de informa\u00e7\u00f5es sobre a m\u00fasica de raiz no Brasil. Ela sempre se queixou de press\u00f5es para dar guarida a artistas da chamada \u201cnova m\u00fasica sertaneja\u201d, um estilo que incorpora outros ritmos, inclusive estrangeiros. Mas, sempre resistiu, com o benepl\u00e1cito da emissora. E sempre deu a palavra final sobre os convidados, por exemplo.<\/p>\n<p>Pois bem, mas recentemente um casal amigo me deu uma caixa com CDs remasterizados de Inezita Barroso, numa retrospectiva da sua carreira. Dentre esses discos, um deles me lembrou do passado. \u00c9 aquele de capa branca, com uma pequena foto dela ao centro.Mas continua muito atual, porque \u00e9 eterno.<\/p>\n<p><strong>Jaime Sautchuk<\/strong><\/p>\n","protected":false},"excerpt":{"rendered":"<p>Ainda na d\u00e9cada de 1960 eu comecei a formar uma discoteca pessoal, com LPs e compactos que ganhava ou conseguia comprar. Tinha muita MPB, mas o forte era o rock, de Beatles e Stones a Hendrix, Joplin e Mutantes. Mas, l\u00e1 no meio, um LP de capa branca, como uma pequena foto ao centro, se [&hellip;]<\/p>\n","protected":false},"author":2,"featured_media":39433,"comment_status":"open","ping_status":"closed","sticky":false,"template":"","format":"standard","meta":{"_acf_changed":false,"footnotes":""},"categories":[25],"tags":[],"class_list":["post-39432","post","type-post","status-publish","format-standard","has-post-thumbnail","hentry","category-opina-ai"],"acf":[],"yoast_head":"<!-- This site is optimized with the Yoast SEO plugin v27.2 - https:\/\/yoast.com\/product\/yoast-seo-wordpress\/ -->\n<title>Beatles, Stones, e disco de Inezita ali, no meio dos reis do pop - Notibras<\/title>\n<meta name=\"robots\" content=\"index, follow, max-snippet:-1, max-image-preview:large, max-video-preview:-1\" \/>\n<link rel=\"canonical\" href=\"https:\/\/www.notibras.com\/site\/beatles-stones-e-disco-de-inezita-ali-no-meio-dos-reis-do-pop\/\" \/>\n<meta property=\"og:locale\" content=\"pt_BR\" \/>\n<meta property=\"og:type\" content=\"article\" \/>\n<meta property=\"og:title\" content=\"Beatles, Stones, e disco de Inezita ali, no meio dos reis do pop - Notibras\" \/>\n<meta property=\"og:description\" content=\"Ainda na d\u00e9cada de 1960 eu comecei a formar uma discoteca pessoal, com LPs e compactos que ganhava ou conseguia comprar. Tinha muita MPB, mas o forte era o rock, de Beatles e Stones a Hendrix, Joplin e Mutantes. Mas, l\u00e1 no meio, um LP de capa branca, como uma pequena foto ao centro, se [&hellip;]\" \/>\n<meta property=\"og:url\" content=\"https:\/\/www.notibras.com\/site\/beatles-stones-e-disco-de-inezita-ali-no-meio-dos-reis-do-pop\/\" \/>\n<meta property=\"og:site_name\" content=\"Notibras\" \/>\n<meta property=\"article:publisher\" content=\"https:\/\/www.facebook.com\/notibras\/\" \/>\n<meta property=\"article:published_time\" content=\"2015-03-10T08:10:47+00:00\" \/>\n<meta property=\"og:image\" content=\"https:\/\/www.notibras.com\/site\/wp-content\/uploads\/2015\/03\/inc.jpg\" \/>\n\t<meta property=\"og:image:width\" content=\"640\" \/>\n\t<meta property=\"og:image:height\" content=\"384\" \/>\n\t<meta property=\"og:image:type\" content=\"image\/jpeg\" \/>\n<meta name=\"author\" content=\"Reda\u00e7\u00e3o\" \/>\n<meta name=\"twitter:card\" content=\"summary_large_image\" \/>\n<meta name=\"twitter:creator\" content=\"@Notibras\" \/>\n<meta name=\"twitter:site\" content=\"@Notibras\" \/>\n<meta name=\"twitter:label1\" content=\"Escrito por\" \/>\n\t<meta name=\"twitter:data1\" content=\"Reda\u00e7\u00e3o\" \/>\n\t<meta name=\"twitter:label2\" content=\"Est. tempo de leitura\" \/>\n\t<meta name=\"twitter:data2\" content=\"8 minutos\" \/>\n<script type=\"application\/ld+json\" class=\"yoast-schema-graph\">{\"@context\":\"https:\/\/schema.org\",\"@graph\":[{\"@type\":\"Article\",\"@id\":\"https:\/\/www.notibras.com\/site\/beatles-stones-e-disco-de-inezita-ali-no-meio-dos-reis-do-pop\/#article\",\"isPartOf\":{\"@id\":\"https:\/\/www.notibras.com\/site\/beatles-stones-e-disco-de-inezita-ali-no-meio-dos-reis-do-pop\/\"},\"author\":{\"name\":\"Reda\u00e7\u00e3o\",\"@id\":\"https:\/\/www.notibras.com\/site\/#\/schema\/person\/36ab0979449956132d3e5b517ea76ac8\"},\"headline\":\"Beatles, Stones, e disco de Inezita ali, no meio dos reis do pop\",\"datePublished\":\"2015-03-10T08:10:47+00:00\",\"mainEntityOfPage\":{\"@id\":\"https:\/\/www.notibras.com\/site\/beatles-stones-e-disco-de-inezita-ali-no-meio-dos-reis-do-pop\/\"},\"wordCount\":1596,\"commentCount\":0,\"publisher\":{\"@id\":\"https:\/\/www.notibras.com\/site\/#organization\"},\"image\":{\"@id\":\"https:\/\/www.notibras.com\/site\/beatles-stones-e-disco-de-inezita-ali-no-meio-dos-reis-do-pop\/#primaryimage\"},\"thumbnailUrl\":\"https:\/\/www.notibras.com\/site\/wp-content\/uploads\/2015\/03\/inc.jpg\",\"articleSection\":[\"Opina a\u00ed\"],\"inLanguage\":\"pt-BR\",\"potentialAction\":[{\"@type\":\"CommentAction\",\"name\":\"Comment\",\"target\":[\"https:\/\/www.notibras.com\/site\/beatles-stones-e-disco-de-inezita-ali-no-meio-dos-reis-do-pop\/#respond\"]}]},{\"@type\":\"WebPage\",\"@id\":\"https:\/\/www.notibras.com\/site\/beatles-stones-e-disco-de-inezita-ali-no-meio-dos-reis-do-pop\/\",\"url\":\"https:\/\/www.notibras.com\/site\/beatles-stones-e-disco-de-inezita-ali-no-meio-dos-reis-do-pop\/\",\"name\":\"Beatles, Stones, e disco de Inezita ali, no meio dos reis do pop - Notibras\",\"isPartOf\":{\"@id\":\"https:\/\/www.notibras.com\/site\/#website\"},\"primaryImageOfPage\":{\"@id\":\"https:\/\/www.notibras.com\/site\/beatles-stones-e-disco-de-inezita-ali-no-meio-dos-reis-do-pop\/#primaryimage\"},\"image\":{\"@id\":\"https:\/\/www.notibras.com\/site\/beatles-stones-e-disco-de-inezita-ali-no-meio-dos-reis-do-pop\/#primaryimage\"},\"thumbnailUrl\":\"https:\/\/www.notibras.com\/site\/wp-content\/uploads\/2015\/03\/inc.jpg\",\"datePublished\":\"2015-03-10T08:10:47+00:00\",\"breadcrumb\":{\"@id\":\"https:\/\/www.notibras.com\/site\/beatles-stones-e-disco-de-inezita-ali-no-meio-dos-reis-do-pop\/#breadcrumb\"},\"inLanguage\":\"pt-BR\",\"potentialAction\":[{\"@type\":\"ReadAction\",\"target\":[\"https:\/\/www.notibras.com\/site\/beatles-stones-e-disco-de-inezita-ali-no-meio-dos-reis-do-pop\/\"]}]},{\"@type\":\"ImageObject\",\"inLanguage\":\"pt-BR\",\"@id\":\"https:\/\/www.notibras.com\/site\/beatles-stones-e-disco-de-inezita-ali-no-meio-dos-reis-do-pop\/#primaryimage\",\"url\":\"https:\/\/www.notibras.com\/site\/wp-content\/uploads\/2015\/03\/inc.jpg\",\"contentUrl\":\"https:\/\/www.notibras.com\/site\/wp-content\/uploads\/2015\/03\/inc.jpg\",\"width\":640,\"height\":384},{\"@type\":\"BreadcrumbList\",\"@id\":\"https:\/\/www.notibras.com\/site\/beatles-stones-e-disco-de-inezita-ali-no-meio-dos-reis-do-pop\/#breadcrumb\",\"itemListElement\":[{\"@type\":\"ListItem\",\"position\":1,\"name\":\"In\u00edcio\",\"item\":\"https:\/\/www.notibras.com\/site\/\"},{\"@type\":\"ListItem\",\"position\":2,\"name\":\"Beatles, Stones, e disco de Inezita ali, no meio dos reis do pop\"}]},{\"@type\":\"WebSite\",\"@id\":\"https:\/\/www.notibras.com\/site\/#website\",\"url\":\"https:\/\/www.notibras.com\/site\/\",\"name\":\"Notibras\",\"description\":\"Not\u00edcias de Bras\u00edlia, do Brasil e do Mundo\",\"publisher\":{\"@id\":\"https:\/\/www.notibras.com\/site\/#organization\"},\"potentialAction\":[{\"@type\":\"SearchAction\",\"target\":{\"@type\":\"EntryPoint\",\"urlTemplate\":\"https:\/\/www.notibras.com\/site\/?s={search_term_string}\"},\"query-input\":{\"@type\":\"PropertyValueSpecification\",\"valueRequired\":true,\"valueName\":\"search_term_string\"}}],\"inLanguage\":\"pt-BR\"},{\"@type\":\"Organization\",\"@id\":\"https:\/\/www.notibras.com\/site\/#organization\",\"name\":\"Grupo Notibras de Comunica\u00e7\u00e3o\",\"url\":\"https:\/\/www.notibras.com\/site\/\",\"logo\":{\"@type\":\"ImageObject\",\"inLanguage\":\"pt-BR\",\"@id\":\"https:\/\/www.notibras.com\/site\/#\/schema\/logo\/image\/\",\"url\":\"https:\/\/www.notibras.com\/site\/wp-content\/uploads\/2023\/01\/notibras23.png\",\"contentUrl\":\"https:\/\/www.notibras.com\/site\/wp-content\/uploads\/2023\/01\/notibras23.png\",\"width\":350,\"height\":87,\"caption\":\"Grupo Notibras de Comunica\u00e7\u00e3o\"},\"image\":{\"@id\":\"https:\/\/www.notibras.com\/site\/#\/schema\/logo\/image\/\"},\"sameAs\":[\"https:\/\/www.facebook.com\/notibras\/\",\"https:\/\/x.com\/Notibras\",\"https:\/\/www.instagram.com\/notibras\/\"]},{\"@type\":\"Person\",\"@id\":\"https:\/\/www.notibras.com\/site\/#\/schema\/person\/36ab0979449956132d3e5b517ea76ac8\",\"name\":\"Reda\u00e7\u00e3o\",\"image\":{\"@type\":\"ImageObject\",\"inLanguage\":\"pt-BR\",\"@id\":\"https:\/\/secure.gravatar.com\/avatar\/e0a867bdedb85fd243eadf09663511f96fc81e0720a4a42581f334ad4303aa6b?s=96&d=mm&r=g\",\"url\":\"https:\/\/secure.gravatar.com\/avatar\/e0a867bdedb85fd243eadf09663511f96fc81e0720a4a42581f334ad4303aa6b?s=96&d=mm&r=g\",\"contentUrl\":\"https:\/\/secure.gravatar.com\/avatar\/e0a867bdedb85fd243eadf09663511f96fc81e0720a4a42581f334ad4303aa6b?s=96&d=mm&r=g\",\"caption\":\"Reda\u00e7\u00e3o\"}}]}<\/script>\n<!-- \/ Yoast SEO plugin. -->","yoast_head_json":{"title":"Beatles, Stones, e disco de Inezita ali, no meio dos reis do pop - Notibras","robots":{"index":"index","follow":"follow","max-snippet":"max-snippet:-1","max-image-preview":"max-image-preview:large","max-video-preview":"max-video-preview:-1"},"canonical":"https:\/\/www.notibras.com\/site\/beatles-stones-e-disco-de-inezita-ali-no-meio-dos-reis-do-pop\/","og_locale":"pt_BR","og_type":"article","og_title":"Beatles, Stones, e disco de Inezita ali, no meio dos reis do pop - Notibras","og_description":"Ainda na d\u00e9cada de 1960 eu comecei a formar uma discoteca pessoal, com LPs e compactos que ganhava ou conseguia comprar. Tinha muita MPB, mas o forte era o rock, de Beatles e Stones a Hendrix, Joplin e Mutantes. Mas, l\u00e1 no meio, um LP de capa branca, como uma pequena foto ao centro, se [&hellip;]","og_url":"https:\/\/www.notibras.com\/site\/beatles-stones-e-disco-de-inezita-ali-no-meio-dos-reis-do-pop\/","og_site_name":"Notibras","article_publisher":"https:\/\/www.facebook.com\/notibras\/","article_published_time":"2015-03-10T08:10:47+00:00","og_image":[{"width":640,"height":384,"url":"https:\/\/www.notibras.com\/site\/wp-content\/uploads\/2015\/03\/inc.jpg","type":"image\/jpeg"}],"author":"Reda\u00e7\u00e3o","twitter_card":"summary_large_image","twitter_creator":"@Notibras","twitter_site":"@Notibras","twitter_misc":{"Escrito por":"Reda\u00e7\u00e3o","Est. tempo de leitura":"8 minutos"},"schema":{"@context":"https:\/\/schema.org","@graph":[{"@type":"Article","@id":"https:\/\/www.notibras.com\/site\/beatles-stones-e-disco-de-inezita-ali-no-meio-dos-reis-do-pop\/#article","isPartOf":{"@id":"https:\/\/www.notibras.com\/site\/beatles-stones-e-disco-de-inezita-ali-no-meio-dos-reis-do-pop\/"},"author":{"name":"Reda\u00e7\u00e3o","@id":"https:\/\/www.notibras.com\/site\/#\/schema\/person\/36ab0979449956132d3e5b517ea76ac8"},"headline":"Beatles, Stones, e disco de Inezita ali, no meio dos reis do pop","datePublished":"2015-03-10T08:10:47+00:00","mainEntityOfPage":{"@id":"https:\/\/www.notibras.com\/site\/beatles-stones-e-disco-de-inezita-ali-no-meio-dos-reis-do-pop\/"},"wordCount":1596,"commentCount":0,"publisher":{"@id":"https:\/\/www.notibras.com\/site\/#organization"},"image":{"@id":"https:\/\/www.notibras.com\/site\/beatles-stones-e-disco-de-inezita-ali-no-meio-dos-reis-do-pop\/#primaryimage"},"thumbnailUrl":"https:\/\/www.notibras.com\/site\/wp-content\/uploads\/2015\/03\/inc.jpg","articleSection":["Opina a\u00ed"],"inLanguage":"pt-BR","potentialAction":[{"@type":"CommentAction","name":"Comment","target":["https:\/\/www.notibras.com\/site\/beatles-stones-e-disco-de-inezita-ali-no-meio-dos-reis-do-pop\/#respond"]}]},{"@type":"WebPage","@id":"https:\/\/www.notibras.com\/site\/beatles-stones-e-disco-de-inezita-ali-no-meio-dos-reis-do-pop\/","url":"https:\/\/www.notibras.com\/site\/beatles-stones-e-disco-de-inezita-ali-no-meio-dos-reis-do-pop\/","name":"Beatles, Stones, e disco de Inezita ali, no meio dos reis do pop - Notibras","isPartOf":{"@id":"https:\/\/www.notibras.com\/site\/#website"},"primaryImageOfPage":{"@id":"https:\/\/www.notibras.com\/site\/beatles-stones-e-disco-de-inezita-ali-no-meio-dos-reis-do-pop\/#primaryimage"},"image":{"@id":"https:\/\/www.notibras.com\/site\/beatles-stones-e-disco-de-inezita-ali-no-meio-dos-reis-do-pop\/#primaryimage"},"thumbnailUrl":"https:\/\/www.notibras.com\/site\/wp-content\/uploads\/2015\/03\/inc.jpg","datePublished":"2015-03-10T08:10:47+00:00","breadcrumb":{"@id":"https:\/\/www.notibras.com\/site\/beatles-stones-e-disco-de-inezita-ali-no-meio-dos-reis-do-pop\/#breadcrumb"},"inLanguage":"pt-BR","potentialAction":[{"@type":"ReadAction","target":["https:\/\/www.notibras.com\/site\/beatles-stones-e-disco-de-inezita-ali-no-meio-dos-reis-do-pop\/"]}]},{"@type":"ImageObject","inLanguage":"pt-BR","@id":"https:\/\/www.notibras.com\/site\/beatles-stones-e-disco-de-inezita-ali-no-meio-dos-reis-do-pop\/#primaryimage","url":"https:\/\/www.notibras.com\/site\/wp-content\/uploads\/2015\/03\/inc.jpg","contentUrl":"https:\/\/www.notibras.com\/site\/wp-content\/uploads\/2015\/03\/inc.jpg","width":640,"height":384},{"@type":"BreadcrumbList","@id":"https:\/\/www.notibras.com\/site\/beatles-stones-e-disco-de-inezita-ali-no-meio-dos-reis-do-pop\/#breadcrumb","itemListElement":[{"@type":"ListItem","position":1,"name":"In\u00edcio","item":"https:\/\/www.notibras.com\/site\/"},{"@type":"ListItem","position":2,"name":"Beatles, Stones, e disco de Inezita ali, no meio dos reis do pop"}]},{"@type":"WebSite","@id":"https:\/\/www.notibras.com\/site\/#website","url":"https:\/\/www.notibras.com\/site\/","name":"Notibras","description":"Not\u00edcias de Bras\u00edlia, do Brasil e do Mundo","publisher":{"@id":"https:\/\/www.notibras.com\/site\/#organization"},"potentialAction":[{"@type":"SearchAction","target":{"@type":"EntryPoint","urlTemplate":"https:\/\/www.notibras.com\/site\/?s={search_term_string}"},"query-input":{"@type":"PropertyValueSpecification","valueRequired":true,"valueName":"search_term_string"}}],"inLanguage":"pt-BR"},{"@type":"Organization","@id":"https:\/\/www.notibras.com\/site\/#organization","name":"Grupo Notibras de Comunica\u00e7\u00e3o","url":"https:\/\/www.notibras.com\/site\/","logo":{"@type":"ImageObject","inLanguage":"pt-BR","@id":"https:\/\/www.notibras.com\/site\/#\/schema\/logo\/image\/","url":"https:\/\/www.notibras.com\/site\/wp-content\/uploads\/2023\/01\/notibras23.png","contentUrl":"https:\/\/www.notibras.com\/site\/wp-content\/uploads\/2023\/01\/notibras23.png","width":350,"height":87,"caption":"Grupo Notibras de Comunica\u00e7\u00e3o"},"image":{"@id":"https:\/\/www.notibras.com\/site\/#\/schema\/logo\/image\/"},"sameAs":["https:\/\/www.facebook.com\/notibras\/","https:\/\/x.com\/Notibras","https:\/\/www.instagram.com\/notibras\/"]},{"@type":"Person","@id":"https:\/\/www.notibras.com\/site\/#\/schema\/person\/36ab0979449956132d3e5b517ea76ac8","name":"Reda\u00e7\u00e3o","image":{"@type":"ImageObject","inLanguage":"pt-BR","@id":"https:\/\/secure.gravatar.com\/avatar\/e0a867bdedb85fd243eadf09663511f96fc81e0720a4a42581f334ad4303aa6b?s=96&d=mm&r=g","url":"https:\/\/secure.gravatar.com\/avatar\/e0a867bdedb85fd243eadf09663511f96fc81e0720a4a42581f334ad4303aa6b?s=96&d=mm&r=g","contentUrl":"https:\/\/secure.gravatar.com\/avatar\/e0a867bdedb85fd243eadf09663511f96fc81e0720a4a42581f334ad4303aa6b?s=96&d=mm&r=g","caption":"Reda\u00e7\u00e3o"}}]}},"amp_enabled":true,"_links":{"self":[{"href":"https:\/\/www.notibras.com\/site\/wp-json\/wp\/v2\/posts\/39432","targetHints":{"allow":["GET"]}}],"collection":[{"href":"https:\/\/www.notibras.com\/site\/wp-json\/wp\/v2\/posts"}],"about":[{"href":"https:\/\/www.notibras.com\/site\/wp-json\/wp\/v2\/types\/post"}],"author":[{"embeddable":true,"href":"https:\/\/www.notibras.com\/site\/wp-json\/wp\/v2\/users\/2"}],"replies":[{"embeddable":true,"href":"https:\/\/www.notibras.com\/site\/wp-json\/wp\/v2\/comments?post=39432"}],"version-history":[{"count":0,"href":"https:\/\/www.notibras.com\/site\/wp-json\/wp\/v2\/posts\/39432\/revisions"}],"wp:featuredmedia":[{"embeddable":true,"href":"https:\/\/www.notibras.com\/site\/wp-json\/wp\/v2\/media\/39433"}],"wp:attachment":[{"href":"https:\/\/www.notibras.com\/site\/wp-json\/wp\/v2\/media?parent=39432"}],"wp:term":[{"taxonomy":"category","embeddable":true,"href":"https:\/\/www.notibras.com\/site\/wp-json\/wp\/v2\/categories?post=39432"},{"taxonomy":"post_tag","embeddable":true,"href":"https:\/\/www.notibras.com\/site\/wp-json\/wp\/v2\/tags?post=39432"}],"curies":[{"name":"wp","href":"https:\/\/api.w.org\/{rel}","templated":true}]}}