{"id":39436,"date":"2015-03-10T10:14:43","date_gmt":"2015-03-10T13:14:43","guid":{"rendered":"http:\/\/www.notibras.com\/site\/?p=39436"},"modified":"2015-03-10T10:14:43","modified_gmt":"2015-03-10T13:14:43","slug":"brasileiros-no-exterior-abracam-panelaco-e-incentivam-foradilma","status":"publish","type":"post","link":"https:\/\/www.notibras.com\/site\/brasileiros-no-exterior-abracam-panelaco-e-incentivam-foradilma\/","title":{"rendered":"Brasileiros no exterior abra\u00e7am panela\u00e7o e incentivam #foradilma"},"content":{"rendered":"<p>O panela\u00e7o que estampou capas dos principais jornais brasileiros nesta segunda-feira n\u00e3o foi uma rea\u00e7\u00e3o \u00e0s palavras ditas por Dilma Rousseff em seu discurso no Dia Internacional da Mulher.<\/p>\n<p class=\"text\">Registrado em diversas cidades, o barulho foi articulado na semana anterior por pelo menos tr\u00eas grupos: Revoltados Online, Vem pra Rua e Movimento Brasil Livre. Por meio de montagens fotogr\u00e1ficas com imagens de Dilma e Lula no Facebook, os grupos convidavam a popula\u00e7\u00e3o para o bate panela, independente do que a presidente dissesse em seu pronunciamento oficial.<\/p>\n<p class=\"text\">&#8220;Independente do que fosse dito ela tomaria o panela\u00e7o&#8221;, completa Marcello Reis, l\u00edder do Revoltados Online, movimento que reivindica a autoria da mobiliza\u00e7\u00e3o digital. &#8220;\u00c9 importante frisar que a iniciativa partiu da gente.&#8221;<\/p>\n<p class=\"text\">&#8220;(O panela\u00e7o) Teve comunica\u00e7\u00e3o pr\u00e9via, sim&#8221;, confirmou \u00e0 BBC Brasil Kim Kataguri, porta-voz do Brasil Livre. &#8220;Depois se espalhou de maneira espont\u00e2nea.&#8221;<\/p>\n<p class=\"text\">Os mesmos grupos est\u00e3o entre os principais articuladores dos protestos marcados para o pr\u00f3ximo 15 de mar\u00e7o a favor do impeachment de Dilma.<\/p>\n<p class=\"text\">&#8220;A gente queria preparar um esquenta para as manifesta\u00e7\u00f5es da semana&#8221;, explica Reis.<\/p>\n<p class=\"text\">O &#8220;esquenta&#8221; continua: desde o epis\u00f3dio, as p\u00e1ginas conclamam seus seguidores a enviarem fotos interagindo com a imagem da presidente em seu pronunciamento. A maior parte das imagens compartilhadas pela p\u00e1gina mostra gestos obscenos.<\/p>\n<blockquote>\n<p class=\"text\">&#8220;N\u00e3o orientamos ningu\u00e9m a fazer essa coisa do dedo&#8221;, diz Reis, do Revoltados Online. &#8220;Compartilhei a imagem de um m\u00e9dico amigo meu fazendo o gesto e as pessoas come\u00e7aram a repetir.&#8221;<\/p>\n<\/blockquote>\n<p class=\"text\">Em seu primeiro pronunciamento em rede nacional desde o in\u00edcio do segundo mandato, Dilma Rousseff pediu paci\u00eancia aos brasileiros e atribuiu os problemas enfrentados pelo Pa\u00eds ao que definiu como crise internacional.<\/p>\n<p class=\"text\">&#8220;Estamos na segunda etapa do combate \u00e0 mais grave crise internacional desde a grande depress\u00e3o em 1929&#8221;, disse a presidente.<\/p>\n<p class=\"text\">Em sua fala, Dilma afirmou que &#8220;n\u00e3o havia como prever que a crise internacional duraria tanto&#8221;. Durante o discurso de 15 minutos, destacou &#8220;a coincid\u00eancia de estarmos enfrentando a maior seca da nossa hist\u00f3ria, no Sudeste e no Nordeste&#8221; e fez breve men\u00e7\u00e3o \u00e0s investiga\u00e7\u00f5es da opera\u00e7\u00e3o Lava Jato.<\/p>\n<p class=\"text\">&#8220;A m\u00e3o da Justi\u00e7a vem se fortalecendo&#8221;, disse. &#8220;\u00c9 isso, por exemplo, que vem acontecendo na apura\u00e7\u00e3o ampla, livre e rigorosa nos epis\u00f3dios lament\u00e1veis contra a Petrobras.&#8221;<\/p>\n<p class=\"text\">Em meio a cr\u00edticas ao discurso \u2500 classificado por muitos como &#8220;desconectado da realidade&#8221; \u2500, o panela\u00e7o simult\u00e2neo trouxe visibilidade aos protestos marcados para o dia 15 em pelo menos 34 cidades \u2500 de Natal, no Rio Grande do Norte, a Blumenau, em Santa Catarina.<\/p>\n<p class=\"text\">Nas \u00faltimas 24 horas, segundo a ferramenta Topsy, o termo &#8220;panela\u00e7o&#8221; apareceu 44 mil vezes no Twitter. A palavra impeachment, por sua vez, foi compartilhada 14 mil vezes no mesmo per\u00edodo.<\/p>\n<p class=\"text\">As hashtags mais associadas a &#8220;panela\u00e7o&#8221; foram #foracardozo (refer\u00eancia ao ministro da Justi\u00e7a, Jos\u00e9 Eduardo Cardozo), #vaiadilma e #foradilma.<\/p>\n<p class=\"text\">Al\u00e9m do Brasil \u2500 que concentrou 89% das men\u00e7\u00f5es \u2500, o panela\u00e7o foi compartilhado nos Estados Unidos, em pa\u00edses europeus e na Austr\u00e1lia. 66% das publica\u00e7\u00f5es foram compartilhadas por homens.<\/p>\n","protected":false},"excerpt":{"rendered":"<p>O panela\u00e7o que estampou capas dos principais jornais brasileiros nesta segunda-feira n\u00e3o foi uma rea\u00e7\u00e3o \u00e0s palavras ditas por Dilma Rousseff em seu discurso no Dia Internacional da Mulher. Registrado em diversas cidades, o barulho foi articulado na semana anterior por pelo menos tr\u00eas grupos: Revoltados Online, Vem pra Rua e Movimento Brasil Livre. Por [&hellip;]<\/p>\n","protected":false},"author":2,"featured_media":39437,"comment_status":"open","ping_status":"closed","sticky":false,"template":"","format":"standard","meta":{"_acf_changed":false,"footnotes":""},"categories":[16],"tags":[],"class_list":["post-39436","post","type-post","status-publish","format-standard","has-post-thumbnail","hentry","category-brasil"],"acf":[],"yoast_head":"<!-- This site is optimized with the Yoast SEO plugin v27.2 - https:\/\/yoast.com\/product\/yoast-seo-wordpress\/ -->\n<title>Brasileiros no exterior abra\u00e7am panela\u00e7o e incentivam #foradilma - Notibras<\/title>\n<meta name=\"robots\" content=\"index, follow, max-snippet:-1, max-image-preview:large, max-video-preview:-1\" \/>\n<link rel=\"canonical\" href=\"https:\/\/www.notibras.com\/site\/brasileiros-no-exterior-abracam-panelaco-e-incentivam-foradilma\/\" \/>\n<meta property=\"og:locale\" content=\"pt_BR\" \/>\n<meta property=\"og:type\" content=\"article\" \/>\n<meta property=\"og:title\" content=\"Brasileiros no exterior abra\u00e7am panela\u00e7o e incentivam #foradilma - Notibras\" \/>\n<meta property=\"og:description\" content=\"O panela\u00e7o que estampou capas dos principais jornais brasileiros nesta segunda-feira n\u00e3o foi uma rea\u00e7\u00e3o \u00e0s palavras ditas por Dilma Rousseff em seu discurso no Dia Internacional da Mulher. Registrado em diversas cidades, o barulho foi articulado na semana anterior por pelo menos tr\u00eas grupos: Revoltados Online, Vem pra Rua e Movimento Brasil Livre. Por [&hellip;]\" \/>\n<meta property=\"og:url\" content=\"https:\/\/www.notibras.com\/site\/brasileiros-no-exterior-abracam-panelaco-e-incentivam-foradilma\/\" \/>\n<meta property=\"og:site_name\" content=\"Notibras\" \/>\n<meta property=\"article:publisher\" content=\"https:\/\/www.facebook.com\/notibras\/\" \/>\n<meta property=\"article:published_time\" content=\"2015-03-10T13:14:43+00:00\" \/>\n<meta property=\"og:image\" content=\"https:\/\/www.notibras.com\/site\/wp-content\/uploads\/2015\/03\/panelacodilmalulareprod.jpg\" \/>\n\t<meta property=\"og:image:width\" content=\"460\" \/>\n\t<meta property=\"og:image:height\" content=\"325\" \/>\n\t<meta property=\"og:image:type\" content=\"image\/jpeg\" \/>\n<meta name=\"author\" content=\"Reda\u00e7\u00e3o\" \/>\n<meta name=\"twitter:card\" content=\"summary_large_image\" \/>\n<meta name=\"twitter:creator\" content=\"@Notibras\" \/>\n<meta name=\"twitter:site\" content=\"@Notibras\" \/>\n<meta name=\"twitter:label1\" content=\"Escrito por\" \/>\n\t<meta name=\"twitter:data1\" content=\"Reda\u00e7\u00e3o\" \/>\n\t<meta name=\"twitter:label2\" content=\"Est. tempo de leitura\" \/>\n\t<meta name=\"twitter:data2\" content=\"3 minutos\" \/>\n<script type=\"application\/ld+json\" class=\"yoast-schema-graph\">{\"@context\":\"https:\/\/schema.org\",\"@graph\":[{\"@type\":\"Article\",\"@id\":\"https:\/\/www.notibras.com\/site\/brasileiros-no-exterior-abracam-panelaco-e-incentivam-foradilma\/#article\",\"isPartOf\":{\"@id\":\"https:\/\/www.notibras.com\/site\/brasileiros-no-exterior-abracam-panelaco-e-incentivam-foradilma\/\"},\"author\":{\"name\":\"Reda\u00e7\u00e3o\",\"@id\":\"https:\/\/www.notibras.com\/site\/#\/schema\/person\/36ab0979449956132d3e5b517ea76ac8\"},\"headline\":\"Brasileiros no exterior abra\u00e7am panela\u00e7o e incentivam #foradilma\",\"datePublished\":\"2015-03-10T13:14:43+00:00\",\"mainEntityOfPage\":{\"@id\":\"https:\/\/www.notibras.com\/site\/brasileiros-no-exterior-abracam-panelaco-e-incentivam-foradilma\/\"},\"wordCount\":539,\"commentCount\":0,\"publisher\":{\"@id\":\"https:\/\/www.notibras.com\/site\/#organization\"},\"image\":{\"@id\":\"https:\/\/www.notibras.com\/site\/brasileiros-no-exterior-abracam-panelaco-e-incentivam-foradilma\/#primaryimage\"},\"thumbnailUrl\":\"https:\/\/www.notibras.com\/site\/wp-content\/uploads\/2015\/03\/panelacodilmalulareprod.jpg\",\"articleSection\":[\"Brasil\"],\"inLanguage\":\"pt-BR\",\"potentialAction\":[{\"@type\":\"CommentAction\",\"name\":\"Comment\",\"target\":[\"https:\/\/www.notibras.com\/site\/brasileiros-no-exterior-abracam-panelaco-e-incentivam-foradilma\/#respond\"]}]},{\"@type\":\"WebPage\",\"@id\":\"https:\/\/www.notibras.com\/site\/brasileiros-no-exterior-abracam-panelaco-e-incentivam-foradilma\/\",\"url\":\"https:\/\/www.notibras.com\/site\/brasileiros-no-exterior-abracam-panelaco-e-incentivam-foradilma\/\",\"name\":\"Brasileiros no exterior abra\u00e7am panela\u00e7o e incentivam #foradilma - Notibras\",\"isPartOf\":{\"@id\":\"https:\/\/www.notibras.com\/site\/#website\"},\"primaryImageOfPage\":{\"@id\":\"https:\/\/www.notibras.com\/site\/brasileiros-no-exterior-abracam-panelaco-e-incentivam-foradilma\/#primaryimage\"},\"image\":{\"@id\":\"https:\/\/www.notibras.com\/site\/brasileiros-no-exterior-abracam-panelaco-e-incentivam-foradilma\/#primaryimage\"},\"thumbnailUrl\":\"https:\/\/www.notibras.com\/site\/wp-content\/uploads\/2015\/03\/panelacodilmalulareprod.jpg\",\"datePublished\":\"2015-03-10T13:14:43+00:00\",\"breadcrumb\":{\"@id\":\"https:\/\/www.notibras.com\/site\/brasileiros-no-exterior-abracam-panelaco-e-incentivam-foradilma\/#breadcrumb\"},\"inLanguage\":\"pt-BR\",\"potentialAction\":[{\"@type\":\"ReadAction\",\"target\":[\"https:\/\/www.notibras.com\/site\/brasileiros-no-exterior-abracam-panelaco-e-incentivam-foradilma\/\"]}]},{\"@type\":\"ImageObject\",\"inLanguage\":\"pt-BR\",\"@id\":\"https:\/\/www.notibras.com\/site\/brasileiros-no-exterior-abracam-panelaco-e-incentivam-foradilma\/#primaryimage\",\"url\":\"https:\/\/www.notibras.com\/site\/wp-content\/uploads\/2015\/03\/panelacodilmalulareprod.jpg\",\"contentUrl\":\"https:\/\/www.notibras.com\/site\/wp-content\/uploads\/2015\/03\/panelacodilmalulareprod.jpg\",\"width\":460,\"height\":325},{\"@type\":\"BreadcrumbList\",\"@id\":\"https:\/\/www.notibras.com\/site\/brasileiros-no-exterior-abracam-panelaco-e-incentivam-foradilma\/#breadcrumb\",\"itemListElement\":[{\"@type\":\"ListItem\",\"position\":1,\"name\":\"In\u00edcio\",\"item\":\"https:\/\/www.notibras.com\/site\/\"},{\"@type\":\"ListItem\",\"position\":2,\"name\":\"Brasileiros no exterior abra\u00e7am panela\u00e7o e incentivam #foradilma\"}]},{\"@type\":\"WebSite\",\"@id\":\"https:\/\/www.notibras.com\/site\/#website\",\"url\":\"https:\/\/www.notibras.com\/site\/\",\"name\":\"Notibras\",\"description\":\"Not\u00edcias de Bras\u00edlia, do Brasil e do Mundo\",\"publisher\":{\"@id\":\"https:\/\/www.notibras.com\/site\/#organization\"},\"potentialAction\":[{\"@type\":\"SearchAction\",\"target\":{\"@type\":\"EntryPoint\",\"urlTemplate\":\"https:\/\/www.notibras.com\/site\/?s={search_term_string}\"},\"query-input\":{\"@type\":\"PropertyValueSpecification\",\"valueRequired\":true,\"valueName\":\"search_term_string\"}}],\"inLanguage\":\"pt-BR\"},{\"@type\":\"Organization\",\"@id\":\"https:\/\/www.notibras.com\/site\/#organization\",\"name\":\"Grupo Notibras de Comunica\u00e7\u00e3o\",\"url\":\"https:\/\/www.notibras.com\/site\/\",\"logo\":{\"@type\":\"ImageObject\",\"inLanguage\":\"pt-BR\",\"@id\":\"https:\/\/www.notibras.com\/site\/#\/schema\/logo\/image\/\",\"url\":\"https:\/\/www.notibras.com\/site\/wp-content\/uploads\/2023\/01\/notibras23.png\",\"contentUrl\":\"https:\/\/www.notibras.com\/site\/wp-content\/uploads\/2023\/01\/notibras23.png\",\"width\":350,\"height\":87,\"caption\":\"Grupo Notibras de Comunica\u00e7\u00e3o\"},\"image\":{\"@id\":\"https:\/\/www.notibras.com\/site\/#\/schema\/logo\/image\/\"},\"sameAs\":[\"https:\/\/www.facebook.com\/notibras\/\",\"https:\/\/x.com\/Notibras\",\"https:\/\/www.instagram.com\/notibras\/\"]},{\"@type\":\"Person\",\"@id\":\"https:\/\/www.notibras.com\/site\/#\/schema\/person\/36ab0979449956132d3e5b517ea76ac8\",\"name\":\"Reda\u00e7\u00e3o\",\"image\":{\"@type\":\"ImageObject\",\"inLanguage\":\"pt-BR\",\"@id\":\"https:\/\/secure.gravatar.com\/avatar\/e0a867bdedb85fd243eadf09663511f96fc81e0720a4a42581f334ad4303aa6b?s=96&d=mm&r=g\",\"url\":\"https:\/\/secure.gravatar.com\/avatar\/e0a867bdedb85fd243eadf09663511f96fc81e0720a4a42581f334ad4303aa6b?s=96&d=mm&r=g\",\"contentUrl\":\"https:\/\/secure.gravatar.com\/avatar\/e0a867bdedb85fd243eadf09663511f96fc81e0720a4a42581f334ad4303aa6b?s=96&d=mm&r=g\",\"caption\":\"Reda\u00e7\u00e3o\"}}]}<\/script>\n<!-- \/ Yoast SEO plugin. -->","yoast_head_json":{"title":"Brasileiros no exterior abra\u00e7am panela\u00e7o e incentivam #foradilma - Notibras","robots":{"index":"index","follow":"follow","max-snippet":"max-snippet:-1","max-image-preview":"max-image-preview:large","max-video-preview":"max-video-preview:-1"},"canonical":"https:\/\/www.notibras.com\/site\/brasileiros-no-exterior-abracam-panelaco-e-incentivam-foradilma\/","og_locale":"pt_BR","og_type":"article","og_title":"Brasileiros no exterior abra\u00e7am panela\u00e7o e incentivam #foradilma - Notibras","og_description":"O panela\u00e7o que estampou capas dos principais jornais brasileiros nesta segunda-feira n\u00e3o foi uma rea\u00e7\u00e3o \u00e0s palavras ditas por Dilma Rousseff em seu discurso no Dia Internacional da Mulher. Registrado em diversas cidades, o barulho foi articulado na semana anterior por pelo menos tr\u00eas grupos: Revoltados Online, Vem pra Rua e Movimento Brasil Livre. Por [&hellip;]","og_url":"https:\/\/www.notibras.com\/site\/brasileiros-no-exterior-abracam-panelaco-e-incentivam-foradilma\/","og_site_name":"Notibras","article_publisher":"https:\/\/www.facebook.com\/notibras\/","article_published_time":"2015-03-10T13:14:43+00:00","og_image":[{"width":460,"height":325,"url":"https:\/\/www.notibras.com\/site\/wp-content\/uploads\/2015\/03\/panelacodilmalulareprod.jpg","type":"image\/jpeg"}],"author":"Reda\u00e7\u00e3o","twitter_card":"summary_large_image","twitter_creator":"@Notibras","twitter_site":"@Notibras","twitter_misc":{"Escrito por":"Reda\u00e7\u00e3o","Est. tempo de leitura":"3 minutos"},"schema":{"@context":"https:\/\/schema.org","@graph":[{"@type":"Article","@id":"https:\/\/www.notibras.com\/site\/brasileiros-no-exterior-abracam-panelaco-e-incentivam-foradilma\/#article","isPartOf":{"@id":"https:\/\/www.notibras.com\/site\/brasileiros-no-exterior-abracam-panelaco-e-incentivam-foradilma\/"},"author":{"name":"Reda\u00e7\u00e3o","@id":"https:\/\/www.notibras.com\/site\/#\/schema\/person\/36ab0979449956132d3e5b517ea76ac8"},"headline":"Brasileiros no exterior abra\u00e7am panela\u00e7o e incentivam #foradilma","datePublished":"2015-03-10T13:14:43+00:00","mainEntityOfPage":{"@id":"https:\/\/www.notibras.com\/site\/brasileiros-no-exterior-abracam-panelaco-e-incentivam-foradilma\/"},"wordCount":539,"commentCount":0,"publisher":{"@id":"https:\/\/www.notibras.com\/site\/#organization"},"image":{"@id":"https:\/\/www.notibras.com\/site\/brasileiros-no-exterior-abracam-panelaco-e-incentivam-foradilma\/#primaryimage"},"thumbnailUrl":"https:\/\/www.notibras.com\/site\/wp-content\/uploads\/2015\/03\/panelacodilmalulareprod.jpg","articleSection":["Brasil"],"inLanguage":"pt-BR","potentialAction":[{"@type":"CommentAction","name":"Comment","target":["https:\/\/www.notibras.com\/site\/brasileiros-no-exterior-abracam-panelaco-e-incentivam-foradilma\/#respond"]}]},{"@type":"WebPage","@id":"https:\/\/www.notibras.com\/site\/brasileiros-no-exterior-abracam-panelaco-e-incentivam-foradilma\/","url":"https:\/\/www.notibras.com\/site\/brasileiros-no-exterior-abracam-panelaco-e-incentivam-foradilma\/","name":"Brasileiros no exterior abra\u00e7am panela\u00e7o e incentivam #foradilma - Notibras","isPartOf":{"@id":"https:\/\/www.notibras.com\/site\/#website"},"primaryImageOfPage":{"@id":"https:\/\/www.notibras.com\/site\/brasileiros-no-exterior-abracam-panelaco-e-incentivam-foradilma\/#primaryimage"},"image":{"@id":"https:\/\/www.notibras.com\/site\/brasileiros-no-exterior-abracam-panelaco-e-incentivam-foradilma\/#primaryimage"},"thumbnailUrl":"https:\/\/www.notibras.com\/site\/wp-content\/uploads\/2015\/03\/panelacodilmalulareprod.jpg","datePublished":"2015-03-10T13:14:43+00:00","breadcrumb":{"@id":"https:\/\/www.notibras.com\/site\/brasileiros-no-exterior-abracam-panelaco-e-incentivam-foradilma\/#breadcrumb"},"inLanguage":"pt-BR","potentialAction":[{"@type":"ReadAction","target":["https:\/\/www.notibras.com\/site\/brasileiros-no-exterior-abracam-panelaco-e-incentivam-foradilma\/"]}]},{"@type":"ImageObject","inLanguage":"pt-BR","@id":"https:\/\/www.notibras.com\/site\/brasileiros-no-exterior-abracam-panelaco-e-incentivam-foradilma\/#primaryimage","url":"https:\/\/www.notibras.com\/site\/wp-content\/uploads\/2015\/03\/panelacodilmalulareprod.jpg","contentUrl":"https:\/\/www.notibras.com\/site\/wp-content\/uploads\/2015\/03\/panelacodilmalulareprod.jpg","width":460,"height":325},{"@type":"BreadcrumbList","@id":"https:\/\/www.notibras.com\/site\/brasileiros-no-exterior-abracam-panelaco-e-incentivam-foradilma\/#breadcrumb","itemListElement":[{"@type":"ListItem","position":1,"name":"In\u00edcio","item":"https:\/\/www.notibras.com\/site\/"},{"@type":"ListItem","position":2,"name":"Brasileiros no exterior abra\u00e7am panela\u00e7o e incentivam #foradilma"}]},{"@type":"WebSite","@id":"https:\/\/www.notibras.com\/site\/#website","url":"https:\/\/www.notibras.com\/site\/","name":"Notibras","description":"Not\u00edcias de Bras\u00edlia, do Brasil e do Mundo","publisher":{"@id":"https:\/\/www.notibras.com\/site\/#organization"},"potentialAction":[{"@type":"SearchAction","target":{"@type":"EntryPoint","urlTemplate":"https:\/\/www.notibras.com\/site\/?s={search_term_string}"},"query-input":{"@type":"PropertyValueSpecification","valueRequired":true,"valueName":"search_term_string"}}],"inLanguage":"pt-BR"},{"@type":"Organization","@id":"https:\/\/www.notibras.com\/site\/#organization","name":"Grupo Notibras de Comunica\u00e7\u00e3o","url":"https:\/\/www.notibras.com\/site\/","logo":{"@type":"ImageObject","inLanguage":"pt-BR","@id":"https:\/\/www.notibras.com\/site\/#\/schema\/logo\/image\/","url":"https:\/\/www.notibras.com\/site\/wp-content\/uploads\/2023\/01\/notibras23.png","contentUrl":"https:\/\/www.notibras.com\/site\/wp-content\/uploads\/2023\/01\/notibras23.png","width":350,"height":87,"caption":"Grupo Notibras de Comunica\u00e7\u00e3o"},"image":{"@id":"https:\/\/www.notibras.com\/site\/#\/schema\/logo\/image\/"},"sameAs":["https:\/\/www.facebook.com\/notibras\/","https:\/\/x.com\/Notibras","https:\/\/www.instagram.com\/notibras\/"]},{"@type":"Person","@id":"https:\/\/www.notibras.com\/site\/#\/schema\/person\/36ab0979449956132d3e5b517ea76ac8","name":"Reda\u00e7\u00e3o","image":{"@type":"ImageObject","inLanguage":"pt-BR","@id":"https:\/\/secure.gravatar.com\/avatar\/e0a867bdedb85fd243eadf09663511f96fc81e0720a4a42581f334ad4303aa6b?s=96&d=mm&r=g","url":"https:\/\/secure.gravatar.com\/avatar\/e0a867bdedb85fd243eadf09663511f96fc81e0720a4a42581f334ad4303aa6b?s=96&d=mm&r=g","contentUrl":"https:\/\/secure.gravatar.com\/avatar\/e0a867bdedb85fd243eadf09663511f96fc81e0720a4a42581f334ad4303aa6b?s=96&d=mm&r=g","caption":"Reda\u00e7\u00e3o"}}]}},"amp_enabled":true,"_links":{"self":[{"href":"https:\/\/www.notibras.com\/site\/wp-json\/wp\/v2\/posts\/39436","targetHints":{"allow":["GET"]}}],"collection":[{"href":"https:\/\/www.notibras.com\/site\/wp-json\/wp\/v2\/posts"}],"about":[{"href":"https:\/\/www.notibras.com\/site\/wp-json\/wp\/v2\/types\/post"}],"author":[{"embeddable":true,"href":"https:\/\/www.notibras.com\/site\/wp-json\/wp\/v2\/users\/2"}],"replies":[{"embeddable":true,"href":"https:\/\/www.notibras.com\/site\/wp-json\/wp\/v2\/comments?post=39436"}],"version-history":[{"count":0,"href":"https:\/\/www.notibras.com\/site\/wp-json\/wp\/v2\/posts\/39436\/revisions"}],"wp:featuredmedia":[{"embeddable":true,"href":"https:\/\/www.notibras.com\/site\/wp-json\/wp\/v2\/media\/39437"}],"wp:attachment":[{"href":"https:\/\/www.notibras.com\/site\/wp-json\/wp\/v2\/media?parent=39436"}],"wp:term":[{"taxonomy":"category","embeddable":true,"href":"https:\/\/www.notibras.com\/site\/wp-json\/wp\/v2\/categories?post=39436"},{"taxonomy":"post_tag","embeddable":true,"href":"https:\/\/www.notibras.com\/site\/wp-json\/wp\/v2\/tags?post=39436"}],"curies":[{"name":"wp","href":"https:\/\/api.w.org\/{rel}","templated":true}]}}