{"id":39448,"date":"2015-03-10T10:52:59","date_gmt":"2015-03-10T13:52:59","guid":{"rendered":"http:\/\/www.notibras.com\/site\/?p=39448"},"modified":"2015-03-10T17:57:27","modified_gmt":"2015-03-10T20:57:27","slug":"valente-bate-na-mesa-para-tirar-da-cpi-deputados-citados-na-lava-jato","status":"publish","type":"post","link":"https:\/\/www.notibras.com\/site\/valente-bate-na-mesa-para-tirar-da-cpi-deputados-citados-na-lava-jato\/","title":{"rendered":"Valente bate na mesa para tirar da CPI grupo da Lava Jato"},"content":{"rendered":"<div class=\"content\">\n<p>O deputado Ivan Valente (PSOL-SP) solicitou hoje (10) ao presidente da Comiss\u00e3o Parlamentar de Inqu\u00e9rito (CPI) da Petrobras, Hugo Motta (PMDB-RJ), que os deputados citados na lista encaminhada ao Supremo Tribunal Federal (STF) com pedido de abertura de inqu\u00e9ritos para investigar nomes citados nos depoimentos da Opera\u00e7\u00e3o Lava Jato, se afastem da comiss\u00e3o.<\/p>\n<p>\u201cQuem est\u00e1 sob investiga\u00e7\u00e3o n\u00e3o pode exercer o papel de investigador de si mesmo\u201d, objetou. O pedido foi apoiado pelos l\u00edderes do PPS, Rubens Bueno (PR) e do DEM, Mendon\u00e7a Filho (PE). \u201cQuem tiver o nome mencionado na lista do Janot, n\u00e3o deveria fazer parte da CPI [da Petrobras] e do Conselho de \u00c9tica, \u00e9 uma decis\u00e3o de bom senso e de \u00e9tica\u201d, complementou Filho.<\/p>\n<p>A lista traz nomes de ex-governadores, ex-ministros de Estado, senadores e deputados federais. Dois deles \u2013 os deputados L\u00e1zaro Botelho (PP-TO) e Sandes J\u00fanior (PP-GO), como suplente, integram a CPI da Petrobras.<\/p>\n<p>Ivan Valente disse que seu partido vai recorrer ao STF, caso os deputados n\u00e3o se afastem da comiss\u00e3o.\u00a0 De acordo com o relator da CPI da Petrobras, Luiz S\u00e9rgio (PT-RJ), cabe aos l\u00edderes partid\u00e1rios substituir os integrantes. \u201cEssa \u00e9 uma tarefa das lideran\u00e7as partid\u00e1rias. Nem eu nem o presidente temos poder de substituir membros desta comiss\u00e3o, disse.<\/p>\n<p>\u201c\u00c9 inconceb\u00edvel que quem est\u00e1 sob investiga\u00e7\u00e3o se mantenha como investigador. Isso pode colocar d\u00favidas no trabalho da comiss\u00e3o. Se as lideran\u00e7as n\u00e3o tomarem uma atitude at\u00e9 amanh\u00e3, n\u00f3s protocolaremos uma representa\u00e7\u00e3o na corregedoria\u201d, anunciou o l\u00edder do PSDB, Carlos Sampaio (PSDB-SP).<\/p>\n<p>o presidente da C\u00e2mara dos Deputados, Eduardo Cunha que j\u00e1 se disp\u00f4 s a falar na CPI. Cunha vai \u00e0 comiss\u00e3o na pr\u00f3xima quinta-feira (12).<\/p>\n<blockquote><p>Ainda de acordo com Valente, o partido protocolar\u00e1 na sess\u00e3o deliberativa do Plen\u00e1rio desta ter\u00e7a-feira, um projeto de Resolu\u00e7\u00e3o para que todos os membros da Mesa Diretora, do Conselho de \u00c9tica e presidentes de Comiss\u00e3o citados na lista sejam afastados imediatamente de suas fun\u00e7\u00f5es, durante o per\u00edodo de investiga\u00e7\u00e3o da CPI.<\/p><\/blockquote>\n<p>Na sess\u00e3o de instala\u00e7\u00e3o da CPI, o PSOL j\u00e1 havia protocolado uma quest\u00e3o de ordem pedindo que parlamentares que receberam doa\u00e7\u00f5es para a campanha eleitoral de empresas investigadas na Opera\u00e7\u00e3o Lava Jato fossem afastados da CPI. O pedido, contudo foi negado pelo deputado Arnaldo Faria de S\u00e1 (PTB-SP), que dirigiu os trabalhos por ser o parlamentar mais velho da comiss\u00e3o.<\/p>\n<p>Ontem (9), o PSOL e o PPS protocolaram requerimentos para que a CPI convoque para prestar esclarecimentos os pol\u00edticos que tiveram inqu\u00e9ritos abertos na \u00faltima sexta-feira. O PPS apresentou um pedido para ouvir 47 investigados \u2013 todos os listados pelo Procurador-Geral da Rep\u00fablica, Rodrigo Janot. J\u00e1 o Psol quer ouvir 34 parlamentares mencionados, al\u00e9m do tesoureiro do PT, Jo\u00e3o Vaccari Neto.<\/p>\n<header>\n<div class=\"node-info\"><strong>Luciano Nascimento, ABr<\/strong><strong><br \/>\n<\/strong><\/div>\n<\/header>\n<\/div>\n","protected":false},"excerpt":{"rendered":"<p>O deputado Ivan Valente (PSOL-SP) solicitou hoje (10) ao presidente da Comiss\u00e3o Parlamentar de Inqu\u00e9rito (CPI) da Petrobras, Hugo Motta (PMDB-RJ), que os deputados citados na lista encaminhada ao Supremo Tribunal Federal (STF) com pedido de abertura de inqu\u00e9ritos para investigar nomes citados nos depoimentos da Opera\u00e7\u00e3o Lava Jato, se afastem da comiss\u00e3o. \u201cQuem est\u00e1 [&hellip;]<\/p>\n","protected":false},"author":2,"featured_media":39449,"comment_status":"open","ping_status":"closed","sticky":false,"template":"","format":"standard","meta":{"_acf_changed":false,"footnotes":""},"categories":[16],"tags":[],"class_list":["post-39448","post","type-post","status-publish","format-standard","has-post-thumbnail","hentry","category-brasil"],"acf":[],"yoast_head":"<!-- This site is optimized with the Yoast SEO plugin v27.2 - https:\/\/yoast.com\/product\/yoast-seo-wordpress\/ -->\n<title>Valente bate na mesa para tirar da CPI grupo da Lava Jato - Notibras<\/title>\n<meta name=\"robots\" content=\"index, follow, max-snippet:-1, max-image-preview:large, max-video-preview:-1\" \/>\n<link rel=\"canonical\" href=\"https:\/\/www.notibras.com\/site\/valente-bate-na-mesa-para-tirar-da-cpi-deputados-citados-na-lava-jato\/\" \/>\n<meta property=\"og:locale\" content=\"pt_BR\" \/>\n<meta property=\"og:type\" content=\"article\" \/>\n<meta property=\"og:title\" content=\"Valente bate na mesa para tirar da CPI grupo da Lava Jato - Notibras\" \/>\n<meta property=\"og:description\" content=\"O deputado Ivan Valente (PSOL-SP) solicitou hoje (10) ao presidente da Comiss\u00e3o Parlamentar de Inqu\u00e9rito (CPI) da Petrobras, Hugo Motta (PMDB-RJ), que os deputados citados na lista encaminhada ao Supremo Tribunal Federal (STF) com pedido de abertura de inqu\u00e9ritos para investigar nomes citados nos depoimentos da Opera\u00e7\u00e3o Lava Jato, se afastem da comiss\u00e3o. \u201cQuem est\u00e1 [&hellip;]\" \/>\n<meta property=\"og:url\" content=\"https:\/\/www.notibras.com\/site\/valente-bate-na-mesa-para-tirar-da-cpi-deputados-citados-na-lava-jato\/\" \/>\n<meta property=\"og:site_name\" content=\"Notibras\" \/>\n<meta property=\"article:publisher\" content=\"https:\/\/www.facebook.com\/notibras\/\" \/>\n<meta property=\"article:published_time\" content=\"2015-03-10T13:52:59+00:00\" \/>\n<meta property=\"article:modified_time\" content=\"2015-03-10T20:57:27+00:00\" \/>\n<meta property=\"og:image\" content=\"https:\/\/www.notibras.com\/site\/wp-content\/uploads\/2015\/03\/valente.jpg\" \/>\n\t<meta property=\"og:image:width\" content=\"337\" \/>\n\t<meta property=\"og:image:height\" content=\"252\" \/>\n\t<meta property=\"og:image:type\" content=\"image\/jpeg\" \/>\n<meta name=\"author\" content=\"Reda\u00e7\u00e3o\" \/>\n<meta name=\"twitter:card\" content=\"summary_large_image\" \/>\n<meta name=\"twitter:creator\" content=\"@Notibras\" \/>\n<meta name=\"twitter:site\" content=\"@Notibras\" \/>\n<meta name=\"twitter:label1\" content=\"Escrito por\" \/>\n\t<meta name=\"twitter:data1\" content=\"Reda\u00e7\u00e3o\" \/>\n\t<meta name=\"twitter:label2\" content=\"Est. tempo de leitura\" \/>\n\t<meta name=\"twitter:data2\" content=\"2 minutos\" \/>\n<script type=\"application\/ld+json\" class=\"yoast-schema-graph\">{\"@context\":\"https:\/\/schema.org\",\"@graph\":[{\"@type\":\"Article\",\"@id\":\"https:\/\/www.notibras.com\/site\/valente-bate-na-mesa-para-tirar-da-cpi-deputados-citados-na-lava-jato\/#article\",\"isPartOf\":{\"@id\":\"https:\/\/www.notibras.com\/site\/valente-bate-na-mesa-para-tirar-da-cpi-deputados-citados-na-lava-jato\/\"},\"author\":{\"name\":\"Reda\u00e7\u00e3o\",\"@id\":\"https:\/\/www.notibras.com\/site\/#\/schema\/person\/36ab0979449956132d3e5b517ea76ac8\"},\"headline\":\"Valente bate na mesa para tirar da CPI grupo da Lava Jato\",\"datePublished\":\"2015-03-10T13:52:59+00:00\",\"dateModified\":\"2015-03-10T20:57:27+00:00\",\"mainEntityOfPage\":{\"@id\":\"https:\/\/www.notibras.com\/site\/valente-bate-na-mesa-para-tirar-da-cpi-deputados-citados-na-lava-jato\/\"},\"wordCount\":502,\"commentCount\":0,\"publisher\":{\"@id\":\"https:\/\/www.notibras.com\/site\/#organization\"},\"image\":{\"@id\":\"https:\/\/www.notibras.com\/site\/valente-bate-na-mesa-para-tirar-da-cpi-deputados-citados-na-lava-jato\/#primaryimage\"},\"thumbnailUrl\":\"https:\/\/www.notibras.com\/site\/wp-content\/uploads\/2015\/03\/valente.jpg\",\"articleSection\":[\"Brasil\"],\"inLanguage\":\"pt-BR\",\"potentialAction\":[{\"@type\":\"CommentAction\",\"name\":\"Comment\",\"target\":[\"https:\/\/www.notibras.com\/site\/valente-bate-na-mesa-para-tirar-da-cpi-deputados-citados-na-lava-jato\/#respond\"]}]},{\"@type\":\"WebPage\",\"@id\":\"https:\/\/www.notibras.com\/site\/valente-bate-na-mesa-para-tirar-da-cpi-deputados-citados-na-lava-jato\/\",\"url\":\"https:\/\/www.notibras.com\/site\/valente-bate-na-mesa-para-tirar-da-cpi-deputados-citados-na-lava-jato\/\",\"name\":\"Valente bate na mesa para tirar da CPI grupo da Lava Jato - Notibras\",\"isPartOf\":{\"@id\":\"https:\/\/www.notibras.com\/site\/#website\"},\"primaryImageOfPage\":{\"@id\":\"https:\/\/www.notibras.com\/site\/valente-bate-na-mesa-para-tirar-da-cpi-deputados-citados-na-lava-jato\/#primaryimage\"},\"image\":{\"@id\":\"https:\/\/www.notibras.com\/site\/valente-bate-na-mesa-para-tirar-da-cpi-deputados-citados-na-lava-jato\/#primaryimage\"},\"thumbnailUrl\":\"https:\/\/www.notibras.com\/site\/wp-content\/uploads\/2015\/03\/valente.jpg\",\"datePublished\":\"2015-03-10T13:52:59+00:00\",\"dateModified\":\"2015-03-10T20:57:27+00:00\",\"breadcrumb\":{\"@id\":\"https:\/\/www.notibras.com\/site\/valente-bate-na-mesa-para-tirar-da-cpi-deputados-citados-na-lava-jato\/#breadcrumb\"},\"inLanguage\":\"pt-BR\",\"potentialAction\":[{\"@type\":\"ReadAction\",\"target\":[\"https:\/\/www.notibras.com\/site\/valente-bate-na-mesa-para-tirar-da-cpi-deputados-citados-na-lava-jato\/\"]}]},{\"@type\":\"ImageObject\",\"inLanguage\":\"pt-BR\",\"@id\":\"https:\/\/www.notibras.com\/site\/valente-bate-na-mesa-para-tirar-da-cpi-deputados-citados-na-lava-jato\/#primaryimage\",\"url\":\"https:\/\/www.notibras.com\/site\/wp-content\/uploads\/2015\/03\/valente.jpg\",\"contentUrl\":\"https:\/\/www.notibras.com\/site\/wp-content\/uploads\/2015\/03\/valente.jpg\",\"width\":337,\"height\":252},{\"@type\":\"BreadcrumbList\",\"@id\":\"https:\/\/www.notibras.com\/site\/valente-bate-na-mesa-para-tirar-da-cpi-deputados-citados-na-lava-jato\/#breadcrumb\",\"itemListElement\":[{\"@type\":\"ListItem\",\"position\":1,\"name\":\"In\u00edcio\",\"item\":\"https:\/\/www.notibras.com\/site\/\"},{\"@type\":\"ListItem\",\"position\":2,\"name\":\"Valente bate na mesa para tirar da CPI grupo da Lava Jato\"}]},{\"@type\":\"WebSite\",\"@id\":\"https:\/\/www.notibras.com\/site\/#website\",\"url\":\"https:\/\/www.notibras.com\/site\/\",\"name\":\"Notibras\",\"description\":\"Not\u00edcias de Bras\u00edlia, do Brasil e do Mundo\",\"publisher\":{\"@id\":\"https:\/\/www.notibras.com\/site\/#organization\"},\"potentialAction\":[{\"@type\":\"SearchAction\",\"target\":{\"@type\":\"EntryPoint\",\"urlTemplate\":\"https:\/\/www.notibras.com\/site\/?s={search_term_string}\"},\"query-input\":{\"@type\":\"PropertyValueSpecification\",\"valueRequired\":true,\"valueName\":\"search_term_string\"}}],\"inLanguage\":\"pt-BR\"},{\"@type\":\"Organization\",\"@id\":\"https:\/\/www.notibras.com\/site\/#organization\",\"name\":\"Grupo Notibras de Comunica\u00e7\u00e3o\",\"url\":\"https:\/\/www.notibras.com\/site\/\",\"logo\":{\"@type\":\"ImageObject\",\"inLanguage\":\"pt-BR\",\"@id\":\"https:\/\/www.notibras.com\/site\/#\/schema\/logo\/image\/\",\"url\":\"https:\/\/www.notibras.com\/site\/wp-content\/uploads\/2023\/01\/notibras23.png\",\"contentUrl\":\"https:\/\/www.notibras.com\/site\/wp-content\/uploads\/2023\/01\/notibras23.png\",\"width\":350,\"height\":87,\"caption\":\"Grupo Notibras de Comunica\u00e7\u00e3o\"},\"image\":{\"@id\":\"https:\/\/www.notibras.com\/site\/#\/schema\/logo\/image\/\"},\"sameAs\":[\"https:\/\/www.facebook.com\/notibras\/\",\"https:\/\/x.com\/Notibras\",\"https:\/\/www.instagram.com\/notibras\/\"]},{\"@type\":\"Person\",\"@id\":\"https:\/\/www.notibras.com\/site\/#\/schema\/person\/36ab0979449956132d3e5b517ea76ac8\",\"name\":\"Reda\u00e7\u00e3o\",\"image\":{\"@type\":\"ImageObject\",\"inLanguage\":\"pt-BR\",\"@id\":\"https:\/\/secure.gravatar.com\/avatar\/e0a867bdedb85fd243eadf09663511f96fc81e0720a4a42581f334ad4303aa6b?s=96&d=mm&r=g\",\"url\":\"https:\/\/secure.gravatar.com\/avatar\/e0a867bdedb85fd243eadf09663511f96fc81e0720a4a42581f334ad4303aa6b?s=96&d=mm&r=g\",\"contentUrl\":\"https:\/\/secure.gravatar.com\/avatar\/e0a867bdedb85fd243eadf09663511f96fc81e0720a4a42581f334ad4303aa6b?s=96&d=mm&r=g\",\"caption\":\"Reda\u00e7\u00e3o\"}}]}<\/script>\n<!-- \/ Yoast SEO plugin. -->","yoast_head_json":{"title":"Valente bate na mesa para tirar da CPI grupo da Lava Jato - Notibras","robots":{"index":"index","follow":"follow","max-snippet":"max-snippet:-1","max-image-preview":"max-image-preview:large","max-video-preview":"max-video-preview:-1"},"canonical":"https:\/\/www.notibras.com\/site\/valente-bate-na-mesa-para-tirar-da-cpi-deputados-citados-na-lava-jato\/","og_locale":"pt_BR","og_type":"article","og_title":"Valente bate na mesa para tirar da CPI grupo da Lava Jato - Notibras","og_description":"O deputado Ivan Valente (PSOL-SP) solicitou hoje (10) ao presidente da Comiss\u00e3o Parlamentar de Inqu\u00e9rito (CPI) da Petrobras, Hugo Motta (PMDB-RJ), que os deputados citados na lista encaminhada ao Supremo Tribunal Federal (STF) com pedido de abertura de inqu\u00e9ritos para investigar nomes citados nos depoimentos da Opera\u00e7\u00e3o Lava Jato, se afastem da comiss\u00e3o. \u201cQuem est\u00e1 [&hellip;]","og_url":"https:\/\/www.notibras.com\/site\/valente-bate-na-mesa-para-tirar-da-cpi-deputados-citados-na-lava-jato\/","og_site_name":"Notibras","article_publisher":"https:\/\/www.facebook.com\/notibras\/","article_published_time":"2015-03-10T13:52:59+00:00","article_modified_time":"2015-03-10T20:57:27+00:00","og_image":[{"width":337,"height":252,"url":"https:\/\/www.notibras.com\/site\/wp-content\/uploads\/2015\/03\/valente.jpg","type":"image\/jpeg"}],"author":"Reda\u00e7\u00e3o","twitter_card":"summary_large_image","twitter_creator":"@Notibras","twitter_site":"@Notibras","twitter_misc":{"Escrito por":"Reda\u00e7\u00e3o","Est. tempo de leitura":"2 minutos"},"schema":{"@context":"https:\/\/schema.org","@graph":[{"@type":"Article","@id":"https:\/\/www.notibras.com\/site\/valente-bate-na-mesa-para-tirar-da-cpi-deputados-citados-na-lava-jato\/#article","isPartOf":{"@id":"https:\/\/www.notibras.com\/site\/valente-bate-na-mesa-para-tirar-da-cpi-deputados-citados-na-lava-jato\/"},"author":{"name":"Reda\u00e7\u00e3o","@id":"https:\/\/www.notibras.com\/site\/#\/schema\/person\/36ab0979449956132d3e5b517ea76ac8"},"headline":"Valente bate na mesa para tirar da CPI grupo da Lava Jato","datePublished":"2015-03-10T13:52:59+00:00","dateModified":"2015-03-10T20:57:27+00:00","mainEntityOfPage":{"@id":"https:\/\/www.notibras.com\/site\/valente-bate-na-mesa-para-tirar-da-cpi-deputados-citados-na-lava-jato\/"},"wordCount":502,"commentCount":0,"publisher":{"@id":"https:\/\/www.notibras.com\/site\/#organization"},"image":{"@id":"https:\/\/www.notibras.com\/site\/valente-bate-na-mesa-para-tirar-da-cpi-deputados-citados-na-lava-jato\/#primaryimage"},"thumbnailUrl":"https:\/\/www.notibras.com\/site\/wp-content\/uploads\/2015\/03\/valente.jpg","articleSection":["Brasil"],"inLanguage":"pt-BR","potentialAction":[{"@type":"CommentAction","name":"Comment","target":["https:\/\/www.notibras.com\/site\/valente-bate-na-mesa-para-tirar-da-cpi-deputados-citados-na-lava-jato\/#respond"]}]},{"@type":"WebPage","@id":"https:\/\/www.notibras.com\/site\/valente-bate-na-mesa-para-tirar-da-cpi-deputados-citados-na-lava-jato\/","url":"https:\/\/www.notibras.com\/site\/valente-bate-na-mesa-para-tirar-da-cpi-deputados-citados-na-lava-jato\/","name":"Valente bate na mesa para tirar da CPI grupo da Lava Jato - Notibras","isPartOf":{"@id":"https:\/\/www.notibras.com\/site\/#website"},"primaryImageOfPage":{"@id":"https:\/\/www.notibras.com\/site\/valente-bate-na-mesa-para-tirar-da-cpi-deputados-citados-na-lava-jato\/#primaryimage"},"image":{"@id":"https:\/\/www.notibras.com\/site\/valente-bate-na-mesa-para-tirar-da-cpi-deputados-citados-na-lava-jato\/#primaryimage"},"thumbnailUrl":"https:\/\/www.notibras.com\/site\/wp-content\/uploads\/2015\/03\/valente.jpg","datePublished":"2015-03-10T13:52:59+00:00","dateModified":"2015-03-10T20:57:27+00:00","breadcrumb":{"@id":"https:\/\/www.notibras.com\/site\/valente-bate-na-mesa-para-tirar-da-cpi-deputados-citados-na-lava-jato\/#breadcrumb"},"inLanguage":"pt-BR","potentialAction":[{"@type":"ReadAction","target":["https:\/\/www.notibras.com\/site\/valente-bate-na-mesa-para-tirar-da-cpi-deputados-citados-na-lava-jato\/"]}]},{"@type":"ImageObject","inLanguage":"pt-BR","@id":"https:\/\/www.notibras.com\/site\/valente-bate-na-mesa-para-tirar-da-cpi-deputados-citados-na-lava-jato\/#primaryimage","url":"https:\/\/www.notibras.com\/site\/wp-content\/uploads\/2015\/03\/valente.jpg","contentUrl":"https:\/\/www.notibras.com\/site\/wp-content\/uploads\/2015\/03\/valente.jpg","width":337,"height":252},{"@type":"BreadcrumbList","@id":"https:\/\/www.notibras.com\/site\/valente-bate-na-mesa-para-tirar-da-cpi-deputados-citados-na-lava-jato\/#breadcrumb","itemListElement":[{"@type":"ListItem","position":1,"name":"In\u00edcio","item":"https:\/\/www.notibras.com\/site\/"},{"@type":"ListItem","position":2,"name":"Valente bate na mesa para tirar da CPI grupo da Lava Jato"}]},{"@type":"WebSite","@id":"https:\/\/www.notibras.com\/site\/#website","url":"https:\/\/www.notibras.com\/site\/","name":"Notibras","description":"Not\u00edcias de Bras\u00edlia, do Brasil e do Mundo","publisher":{"@id":"https:\/\/www.notibras.com\/site\/#organization"},"potentialAction":[{"@type":"SearchAction","target":{"@type":"EntryPoint","urlTemplate":"https:\/\/www.notibras.com\/site\/?s={search_term_string}"},"query-input":{"@type":"PropertyValueSpecification","valueRequired":true,"valueName":"search_term_string"}}],"inLanguage":"pt-BR"},{"@type":"Organization","@id":"https:\/\/www.notibras.com\/site\/#organization","name":"Grupo Notibras de Comunica\u00e7\u00e3o","url":"https:\/\/www.notibras.com\/site\/","logo":{"@type":"ImageObject","inLanguage":"pt-BR","@id":"https:\/\/www.notibras.com\/site\/#\/schema\/logo\/image\/","url":"https:\/\/www.notibras.com\/site\/wp-content\/uploads\/2023\/01\/notibras23.png","contentUrl":"https:\/\/www.notibras.com\/site\/wp-content\/uploads\/2023\/01\/notibras23.png","width":350,"height":87,"caption":"Grupo Notibras de Comunica\u00e7\u00e3o"},"image":{"@id":"https:\/\/www.notibras.com\/site\/#\/schema\/logo\/image\/"},"sameAs":["https:\/\/www.facebook.com\/notibras\/","https:\/\/x.com\/Notibras","https:\/\/www.instagram.com\/notibras\/"]},{"@type":"Person","@id":"https:\/\/www.notibras.com\/site\/#\/schema\/person\/36ab0979449956132d3e5b517ea76ac8","name":"Reda\u00e7\u00e3o","image":{"@type":"ImageObject","inLanguage":"pt-BR","@id":"https:\/\/secure.gravatar.com\/avatar\/e0a867bdedb85fd243eadf09663511f96fc81e0720a4a42581f334ad4303aa6b?s=96&d=mm&r=g","url":"https:\/\/secure.gravatar.com\/avatar\/e0a867bdedb85fd243eadf09663511f96fc81e0720a4a42581f334ad4303aa6b?s=96&d=mm&r=g","contentUrl":"https:\/\/secure.gravatar.com\/avatar\/e0a867bdedb85fd243eadf09663511f96fc81e0720a4a42581f334ad4303aa6b?s=96&d=mm&r=g","caption":"Reda\u00e7\u00e3o"}}]}},"amp_enabled":true,"_links":{"self":[{"href":"https:\/\/www.notibras.com\/site\/wp-json\/wp\/v2\/posts\/39448","targetHints":{"allow":["GET"]}}],"collection":[{"href":"https:\/\/www.notibras.com\/site\/wp-json\/wp\/v2\/posts"}],"about":[{"href":"https:\/\/www.notibras.com\/site\/wp-json\/wp\/v2\/types\/post"}],"author":[{"embeddable":true,"href":"https:\/\/www.notibras.com\/site\/wp-json\/wp\/v2\/users\/2"}],"replies":[{"embeddable":true,"href":"https:\/\/www.notibras.com\/site\/wp-json\/wp\/v2\/comments?post=39448"}],"version-history":[{"count":0,"href":"https:\/\/www.notibras.com\/site\/wp-json\/wp\/v2\/posts\/39448\/revisions"}],"wp:featuredmedia":[{"embeddable":true,"href":"https:\/\/www.notibras.com\/site\/wp-json\/wp\/v2\/media\/39449"}],"wp:attachment":[{"href":"https:\/\/www.notibras.com\/site\/wp-json\/wp\/v2\/media?parent=39448"}],"wp:term":[{"taxonomy":"category","embeddable":true,"href":"https:\/\/www.notibras.com\/site\/wp-json\/wp\/v2\/categories?post=39448"},{"taxonomy":"post_tag","embeddable":true,"href":"https:\/\/www.notibras.com\/site\/wp-json\/wp\/v2\/tags?post=39448"}],"curies":[{"name":"wp","href":"https:\/\/api.w.org\/{rel}","templated":true}]}}