{"id":39697,"date":"2015-03-12T03:22:10","date_gmt":"2015-03-12T06:22:10","guid":{"rendered":"http:\/\/www.notibras.com\/site\/?p=39697"},"modified":"2015-03-12T03:22:10","modified_gmt":"2015-03-12T06:22:10","slug":"pacote-de-maldades-do-governo-manda-industria-para-a-uti","status":"publish","type":"post","link":"https:\/\/www.notibras.com\/site\/pacote-de-maldades-do-governo-manda-industria-para-a-uti\/","title":{"rendered":"Pacote de maldades do governo manda ind\u00fastria para a UTI"},"content":{"rendered":"<p>No m\u00eas passado cham\u00e1vamos a aten\u00e7\u00e3o para as primeiras medidas anunciadas pelo governo que, em busca do ajuste fiscal, j\u00e1 havia anunciado a eleva\u00e7\u00e3o de IOF nos financiamentos, o aumento dos juros para financiamento da casa pr\u00f3pria, a volta da Cide nos combust\u00edveis e a n\u00e3o corre\u00e7\u00e3o plena da tabela do imposto de renda.<\/p>\n<p>E n\u00e3o \u00e9 que, passado menos de um m\u00eas, veio mais um pacote de maldades? Desta vez, pegou em cheio a j\u00e1 combalida ind\u00fastria de transforma\u00e7\u00e3o. Agora, a bola da vez foi a desonera\u00e7\u00e3o da folha de pagamento (a al\u00edquota foi de 1% para 2,5% do faturamento, o que representa um aumento de 150%) e a redu\u00e7\u00e3o do Reintegra.<\/p>\n<p>O percentual que era devolvido \u00e0s empresas exportadoras, para compensar aqueles impostos n\u00e3o recuper\u00e1veis que incidem na cadeia produtiva, caiu de 3% para 1%. Ressalte-se que a devolu\u00e7\u00e3o do Reintegra, para compensar minimamente os impostos que se pagam ao longo da nossa cadeia, deveria ser de no m\u00ednimo 6%, e a subida da al\u00edquota na desonera\u00e7\u00e3o da folha praticamente neutralizou seu efeito ben\u00e9fico.<\/p>\n<p>Vale ressaltar ainda que a desonera\u00e7\u00e3o da folha, o PSI-Finame e o Reintegra eram as mais importantes medidas que foram implementadas por este mesmo governo para minimizar a perda de competitividade da ind\u00fastria nacional. Se a ind\u00fastria j\u00e1 vinha capengando com essas importantes e acertadas medidas, podemos afirmar que o cen\u00e1rio daqui para frente ser\u00e1 tenebroso!<\/p>\n<blockquote><p>Se o ajuste fiscal \u00e9 necess\u00e1rio, e acreditamos que seja, a pergunta que se faz \u00e9: ser\u00e1 que ele s\u00f3 \u00e9 vi\u00e1vel \u00e0s custas da sociedade e da ind\u00fastria brasileira? Ser\u00e1 que n\u00e3o h\u00e1 outras formas n\u00e3o t\u00e3o recessivas, que penalizem menos a produ\u00e7\u00e3o e o emprego?<\/p><\/blockquote>\n<p>N\u00f3s, da Abimaq (Associa\u00e7\u00e3o Brasileira da Ind\u00fastria de M\u00e1quinas e Equipamentos), estamos convictos que sim, afinal, qual est\u00e1 sendo a contribui\u00e7\u00e3o do governo para este ajuste? Onde est\u00e1 o an\u00fancio de um programa de redu\u00e7\u00e3o de gastos do governo, de melhoria da efici\u00eancia da m\u00e1quina p\u00fablica, por exemplo, da diminui\u00e7\u00e3o dos cargos comissionados (que \u00e9 um cabide de empregos para atender partidos pol\u00edticos), diminui\u00e7\u00e3o do n\u00famero de minist\u00e9rios, privatiza\u00e7\u00e3o de servi\u00e7os p\u00fablicos e redu\u00e7\u00e3o de tantas outras despesas poss\u00edveis?<\/p>\n<p>E o que se gasta, ent\u00e3o, com o pagamento de juros da d\u00edvida p\u00fablica? Cada ponto percentual de aumento da Selic representa um gasto adicional anual da ordem de R$ 10 bilh\u00f5es para os cofres p\u00fablicos. No ano, o governo gasta cerca de R$ 300 bilh\u00f5es s\u00f3 com o pagamento de juros.<\/p>\n<p>Lamentavelmente, n\u00e3o h\u00e1 nada nessa dire\u00e7\u00e3o, n\u00e3o h\u00e1 nada que sinalize o in\u00edcio das reformas estruturais que tanto o pa\u00eds necessita, n\u00e3o h\u00e1 nenhuma proposta de pol\u00edtica industrial que possa recolocar o pa\u00eds no rumo da competitividade.<\/p>\n<p>H\u00e1, sim, uma desarticula\u00e7\u00e3o entre os Poderes Executivo e Legislativo, claramente sem rumo, preocupados mais em preservar e at\u00e9 aumentar suas benesses \u2013 a C\u00e2mara dos Deputados teve o desplante de aprovar, no meio desta crise, \u00a0aumento de verbas para os parlamentares levarem suas esposas em viagens oficiais,\u00a0 mergulhando o pa\u00eds na desesperan\u00e7a.<\/p>\n<p>E, na falta de dire\u00e7\u00e3o para onde seguir o governo faz o mais f\u00e1cil para ele, e isso exige menos trabalho, comprometimento e sacrif\u00edcio: o aumento de impostos sobre as pessoas e sobre as empresas.<\/p>\n<p>Ser\u00e1 que o governo n\u00e3o se d\u00e1 conta de que a sociedade j\u00e1 n\u00e3o aguenta mais pagar essa conta? Ser\u00e1 que o governo n\u00e3o compreende que esse ajuste, somente \u00e0 base de aumento de impostos jogar\u00e1 o pa\u00eds numa espiral recessiva, com mais retra\u00e7\u00e3o da atividade produtiva, aumento do desemprego e, consequentemente, diminui\u00e7\u00e3o da arrecada\u00e7\u00e3o para o pr\u00f3prio governo?<\/p>\n<p>\u00c9 preciso compreender que a ind\u00fastria, respons\u00e1vel por 38% da arrecada\u00e7\u00e3o de impostos, est\u00e1 agonizando, est\u00e1 na UTI. Ser\u00e1 que n\u00e3o h\u00e1 outras sa\u00eddas para o governo, que n\u00e3o seja matar a galinha dos ovos de ouro? Acreditamos que sim, mas tem que haver coragem e vontade pol\u00edtica, e tem que ser r\u00e1pido, antes que a galinha morra!<\/p>\n<p><strong>Carlos Pastoriza<\/strong><\/p>\n","protected":false},"excerpt":{"rendered":"<p>No m\u00eas passado cham\u00e1vamos a aten\u00e7\u00e3o para as primeiras medidas anunciadas pelo governo que, em busca do ajuste fiscal, j\u00e1 havia anunciado a eleva\u00e7\u00e3o de IOF nos financiamentos, o aumento dos juros para financiamento da casa pr\u00f3pria, a volta da Cide nos combust\u00edveis e a n\u00e3o corre\u00e7\u00e3o plena da tabela do imposto de renda. E [&hellip;]<\/p>\n","protected":false},"author":2,"featured_media":39698,"comment_status":"open","ping_status":"closed","sticky":false,"template":"","format":"standard","meta":{"_acf_changed":false,"footnotes":""},"categories":[25],"tags":[],"class_list":["post-39697","post","type-post","status-publish","format-standard","has-post-thumbnail","hentry","category-opina-ai"],"acf":[],"yoast_head":"<!-- This site is optimized with the Yoast SEO plugin v27.5 - https:\/\/yoast.com\/product\/yoast-seo-wordpress\/ -->\n<title>Pacote de maldades do governo manda ind\u00fastria para a UTI - Notibras<\/title>\n<meta name=\"robots\" content=\"index, follow, max-snippet:-1, max-image-preview:large, max-video-preview:-1\" \/>\n<link rel=\"canonical\" href=\"https:\/\/www.notibras.com\/site\/pacote-de-maldades-do-governo-manda-industria-para-a-uti\/\" \/>\n<meta property=\"og:locale\" content=\"pt_BR\" \/>\n<meta property=\"og:type\" content=\"article\" \/>\n<meta property=\"og:title\" content=\"Pacote de maldades do governo manda ind\u00fastria para a UTI - Notibras\" \/>\n<meta property=\"og:description\" content=\"No m\u00eas passado cham\u00e1vamos a aten\u00e7\u00e3o para as primeiras medidas anunciadas pelo governo que, em busca do ajuste fiscal, j\u00e1 havia anunciado a eleva\u00e7\u00e3o de IOF nos financiamentos, o aumento dos juros para financiamento da casa pr\u00f3pria, a volta da Cide nos combust\u00edveis e a n\u00e3o corre\u00e7\u00e3o plena da tabela do imposto de renda. E [&hellip;]\" \/>\n<meta property=\"og:url\" content=\"https:\/\/www.notibras.com\/site\/pacote-de-maldades-do-governo-manda-industria-para-a-uti\/\" \/>\n<meta property=\"og:site_name\" content=\"Notibras\" \/>\n<meta property=\"article:publisher\" content=\"https:\/\/www.facebook.com\/notibras\/\" \/>\n<meta property=\"article:published_time\" content=\"2015-03-12T06:22:10+00:00\" \/>\n<meta property=\"og:image\" content=\"https:\/\/www.notibras.com\/site\/wp-content\/uploads\/2015\/03\/producao_industrial71.jpg\" \/>\n\t<meta property=\"og:image:width\" content=\"518\" \/>\n\t<meta property=\"og:image:height\" content=\"344\" \/>\n\t<meta property=\"og:image:type\" content=\"image\/jpeg\" \/>\n<meta name=\"author\" content=\"Reda\u00e7\u00e3o\" \/>\n<meta name=\"twitter:card\" content=\"summary_large_image\" \/>\n<meta name=\"twitter:creator\" content=\"@Notibras\" \/>\n<meta name=\"twitter:site\" content=\"@Notibras\" \/>\n<meta name=\"twitter:label1\" content=\"Escrito por\" \/>\n\t<meta name=\"twitter:data1\" content=\"Reda\u00e7\u00e3o\" \/>\n\t<meta name=\"twitter:label2\" content=\"Est. tempo de leitura\" \/>\n\t<meta name=\"twitter:data2\" content=\"4 minutos\" \/>\n<script type=\"application\/ld+json\" class=\"yoast-schema-graph\">{\"@context\":\"https:\\\/\\\/schema.org\",\"@graph\":[{\"@type\":\"Article\",\"@id\":\"https:\\\/\\\/www.notibras.com\\\/site\\\/pacote-de-maldades-do-governo-manda-industria-para-a-uti\\\/#article\",\"isPartOf\":{\"@id\":\"https:\\\/\\\/www.notibras.com\\\/site\\\/pacote-de-maldades-do-governo-manda-industria-para-a-uti\\\/\"},\"author\":{\"name\":\"Reda\u00e7\u00e3o\",\"@id\":\"https:\\\/\\\/www.notibras.com\\\/site\\\/#\\\/schema\\\/person\\\/36ab0979449956132d3e5b517ea76ac8\"},\"headline\":\"Pacote de maldades do governo manda ind\u00fastria para a UTI\",\"datePublished\":\"2015-03-12T06:22:10+00:00\",\"mainEntityOfPage\":{\"@id\":\"https:\\\/\\\/www.notibras.com\\\/site\\\/pacote-de-maldades-do-governo-manda-industria-para-a-uti\\\/\"},\"wordCount\":738,\"commentCount\":0,\"publisher\":{\"@id\":\"https:\\\/\\\/www.notibras.com\\\/site\\\/#organization\"},\"image\":{\"@id\":\"https:\\\/\\\/www.notibras.com\\\/site\\\/pacote-de-maldades-do-governo-manda-industria-para-a-uti\\\/#primaryimage\"},\"thumbnailUrl\":\"https:\\\/\\\/www.notibras.com\\\/site\\\/wp-content\\\/uploads\\\/2015\\\/03\\\/producao_industrial71.jpg\",\"articleSection\":[\"Opina a\u00ed\"],\"inLanguage\":\"pt-BR\",\"potentialAction\":[{\"@type\":\"CommentAction\",\"name\":\"Comment\",\"target\":[\"https:\\\/\\\/www.notibras.com\\\/site\\\/pacote-de-maldades-do-governo-manda-industria-para-a-uti\\\/#respond\"]}]},{\"@type\":\"WebPage\",\"@id\":\"https:\\\/\\\/www.notibras.com\\\/site\\\/pacote-de-maldades-do-governo-manda-industria-para-a-uti\\\/\",\"url\":\"https:\\\/\\\/www.notibras.com\\\/site\\\/pacote-de-maldades-do-governo-manda-industria-para-a-uti\\\/\",\"name\":\"Pacote de maldades do governo manda ind\u00fastria para a UTI - Notibras\",\"isPartOf\":{\"@id\":\"https:\\\/\\\/www.notibras.com\\\/site\\\/#website\"},\"primaryImageOfPage\":{\"@id\":\"https:\\\/\\\/www.notibras.com\\\/site\\\/pacote-de-maldades-do-governo-manda-industria-para-a-uti\\\/#primaryimage\"},\"image\":{\"@id\":\"https:\\\/\\\/www.notibras.com\\\/site\\\/pacote-de-maldades-do-governo-manda-industria-para-a-uti\\\/#primaryimage\"},\"thumbnailUrl\":\"https:\\\/\\\/www.notibras.com\\\/site\\\/wp-content\\\/uploads\\\/2015\\\/03\\\/producao_industrial71.jpg\",\"datePublished\":\"2015-03-12T06:22:10+00:00\",\"breadcrumb\":{\"@id\":\"https:\\\/\\\/www.notibras.com\\\/site\\\/pacote-de-maldades-do-governo-manda-industria-para-a-uti\\\/#breadcrumb\"},\"inLanguage\":\"pt-BR\",\"potentialAction\":[{\"@type\":\"ReadAction\",\"target\":[\"https:\\\/\\\/www.notibras.com\\\/site\\\/pacote-de-maldades-do-governo-manda-industria-para-a-uti\\\/\"]}]},{\"@type\":\"ImageObject\",\"inLanguage\":\"pt-BR\",\"@id\":\"https:\\\/\\\/www.notibras.com\\\/site\\\/pacote-de-maldades-do-governo-manda-industria-para-a-uti\\\/#primaryimage\",\"url\":\"https:\\\/\\\/www.notibras.com\\\/site\\\/wp-content\\\/uploads\\\/2015\\\/03\\\/producao_industrial71.jpg\",\"contentUrl\":\"https:\\\/\\\/www.notibras.com\\\/site\\\/wp-content\\\/uploads\\\/2015\\\/03\\\/producao_industrial71.jpg\",\"width\":518,\"height\":344},{\"@type\":\"BreadcrumbList\",\"@id\":\"https:\\\/\\\/www.notibras.com\\\/site\\\/pacote-de-maldades-do-governo-manda-industria-para-a-uti\\\/#breadcrumb\",\"itemListElement\":[{\"@type\":\"ListItem\",\"position\":1,\"name\":\"In\u00edcio\",\"item\":\"https:\\\/\\\/www.notibras.com\\\/site\\\/\"},{\"@type\":\"ListItem\",\"position\":2,\"name\":\"Pacote de maldades do governo manda ind\u00fastria para a UTI\"}]},{\"@type\":\"WebSite\",\"@id\":\"https:\\\/\\\/www.notibras.com\\\/site\\\/#website\",\"url\":\"https:\\\/\\\/www.notibras.com\\\/site\\\/\",\"name\":\"Notibras\",\"description\":\"Not\u00edcias de Bras\u00edlia, do Brasil e do Mundo\",\"publisher\":{\"@id\":\"https:\\\/\\\/www.notibras.com\\\/site\\\/#organization\"},\"potentialAction\":[{\"@type\":\"SearchAction\",\"target\":{\"@type\":\"EntryPoint\",\"urlTemplate\":\"https:\\\/\\\/www.notibras.com\\\/site\\\/?s={search_term_string}\"},\"query-input\":{\"@type\":\"PropertyValueSpecification\",\"valueRequired\":true,\"valueName\":\"search_term_string\"}}],\"inLanguage\":\"pt-BR\"},{\"@type\":\"Organization\",\"@id\":\"https:\\\/\\\/www.notibras.com\\\/site\\\/#organization\",\"name\":\"Grupo Notibras de Comunica\u00e7\u00e3o\",\"url\":\"https:\\\/\\\/www.notibras.com\\\/site\\\/\",\"logo\":{\"@type\":\"ImageObject\",\"inLanguage\":\"pt-BR\",\"@id\":\"https:\\\/\\\/www.notibras.com\\\/site\\\/#\\\/schema\\\/logo\\\/image\\\/\",\"url\":\"https:\\\/\\\/www.notibras.com\\\/site\\\/wp-content\\\/uploads\\\/2023\\\/01\\\/notibras23.png\",\"contentUrl\":\"https:\\\/\\\/www.notibras.com\\\/site\\\/wp-content\\\/uploads\\\/2023\\\/01\\\/notibras23.png\",\"width\":350,\"height\":87,\"caption\":\"Grupo Notibras de Comunica\u00e7\u00e3o\"},\"image\":{\"@id\":\"https:\\\/\\\/www.notibras.com\\\/site\\\/#\\\/schema\\\/logo\\\/image\\\/\"},\"sameAs\":[\"https:\\\/\\\/www.facebook.com\\\/notibras\\\/\",\"https:\\\/\\\/x.com\\\/Notibras\",\"https:\\\/\\\/www.instagram.com\\\/notibras\\\/\"]},{\"@type\":\"Person\",\"@id\":\"https:\\\/\\\/www.notibras.com\\\/site\\\/#\\\/schema\\\/person\\\/36ab0979449956132d3e5b517ea76ac8\",\"name\":\"Reda\u00e7\u00e3o\",\"image\":{\"@type\":\"ImageObject\",\"inLanguage\":\"pt-BR\",\"@id\":\"https:\\\/\\\/secure.gravatar.com\\\/avatar\\\/e0a867bdedb85fd243eadf09663511f96fc81e0720a4a42581f334ad4303aa6b?s=96&d=mm&r=g\",\"url\":\"https:\\\/\\\/secure.gravatar.com\\\/avatar\\\/e0a867bdedb85fd243eadf09663511f96fc81e0720a4a42581f334ad4303aa6b?s=96&d=mm&r=g\",\"contentUrl\":\"https:\\\/\\\/secure.gravatar.com\\\/avatar\\\/e0a867bdedb85fd243eadf09663511f96fc81e0720a4a42581f334ad4303aa6b?s=96&d=mm&r=g\",\"caption\":\"Reda\u00e7\u00e3o\"}}]}<\/script>\n<!-- \/ Yoast SEO plugin. -->","yoast_head_json":{"title":"Pacote de maldades do governo manda ind\u00fastria para a UTI - Notibras","robots":{"index":"index","follow":"follow","max-snippet":"max-snippet:-1","max-image-preview":"max-image-preview:large","max-video-preview":"max-video-preview:-1"},"canonical":"https:\/\/www.notibras.com\/site\/pacote-de-maldades-do-governo-manda-industria-para-a-uti\/","og_locale":"pt_BR","og_type":"article","og_title":"Pacote de maldades do governo manda ind\u00fastria para a UTI - Notibras","og_description":"No m\u00eas passado cham\u00e1vamos a aten\u00e7\u00e3o para as primeiras medidas anunciadas pelo governo que, em busca do ajuste fiscal, j\u00e1 havia anunciado a eleva\u00e7\u00e3o de IOF nos financiamentos, o aumento dos juros para financiamento da casa pr\u00f3pria, a volta da Cide nos combust\u00edveis e a n\u00e3o corre\u00e7\u00e3o plena da tabela do imposto de renda. E [&hellip;]","og_url":"https:\/\/www.notibras.com\/site\/pacote-de-maldades-do-governo-manda-industria-para-a-uti\/","og_site_name":"Notibras","article_publisher":"https:\/\/www.facebook.com\/notibras\/","article_published_time":"2015-03-12T06:22:10+00:00","og_image":[{"width":518,"height":344,"url":"https:\/\/www.notibras.com\/site\/wp-content\/uploads\/2015\/03\/producao_industrial71.jpg","type":"image\/jpeg"}],"author":"Reda\u00e7\u00e3o","twitter_card":"summary_large_image","twitter_creator":"@Notibras","twitter_site":"@Notibras","twitter_misc":{"Escrito por":"Reda\u00e7\u00e3o","Est. tempo de leitura":"4 minutos"},"schema":{"@context":"https:\/\/schema.org","@graph":[{"@type":"Article","@id":"https:\/\/www.notibras.com\/site\/pacote-de-maldades-do-governo-manda-industria-para-a-uti\/#article","isPartOf":{"@id":"https:\/\/www.notibras.com\/site\/pacote-de-maldades-do-governo-manda-industria-para-a-uti\/"},"author":{"name":"Reda\u00e7\u00e3o","@id":"https:\/\/www.notibras.com\/site\/#\/schema\/person\/36ab0979449956132d3e5b517ea76ac8"},"headline":"Pacote de maldades do governo manda ind\u00fastria para a UTI","datePublished":"2015-03-12T06:22:10+00:00","mainEntityOfPage":{"@id":"https:\/\/www.notibras.com\/site\/pacote-de-maldades-do-governo-manda-industria-para-a-uti\/"},"wordCount":738,"commentCount":0,"publisher":{"@id":"https:\/\/www.notibras.com\/site\/#organization"},"image":{"@id":"https:\/\/www.notibras.com\/site\/pacote-de-maldades-do-governo-manda-industria-para-a-uti\/#primaryimage"},"thumbnailUrl":"https:\/\/www.notibras.com\/site\/wp-content\/uploads\/2015\/03\/producao_industrial71.jpg","articleSection":["Opina a\u00ed"],"inLanguage":"pt-BR","potentialAction":[{"@type":"CommentAction","name":"Comment","target":["https:\/\/www.notibras.com\/site\/pacote-de-maldades-do-governo-manda-industria-para-a-uti\/#respond"]}]},{"@type":"WebPage","@id":"https:\/\/www.notibras.com\/site\/pacote-de-maldades-do-governo-manda-industria-para-a-uti\/","url":"https:\/\/www.notibras.com\/site\/pacote-de-maldades-do-governo-manda-industria-para-a-uti\/","name":"Pacote de maldades do governo manda ind\u00fastria para a UTI - Notibras","isPartOf":{"@id":"https:\/\/www.notibras.com\/site\/#website"},"primaryImageOfPage":{"@id":"https:\/\/www.notibras.com\/site\/pacote-de-maldades-do-governo-manda-industria-para-a-uti\/#primaryimage"},"image":{"@id":"https:\/\/www.notibras.com\/site\/pacote-de-maldades-do-governo-manda-industria-para-a-uti\/#primaryimage"},"thumbnailUrl":"https:\/\/www.notibras.com\/site\/wp-content\/uploads\/2015\/03\/producao_industrial71.jpg","datePublished":"2015-03-12T06:22:10+00:00","breadcrumb":{"@id":"https:\/\/www.notibras.com\/site\/pacote-de-maldades-do-governo-manda-industria-para-a-uti\/#breadcrumb"},"inLanguage":"pt-BR","potentialAction":[{"@type":"ReadAction","target":["https:\/\/www.notibras.com\/site\/pacote-de-maldades-do-governo-manda-industria-para-a-uti\/"]}]},{"@type":"ImageObject","inLanguage":"pt-BR","@id":"https:\/\/www.notibras.com\/site\/pacote-de-maldades-do-governo-manda-industria-para-a-uti\/#primaryimage","url":"https:\/\/www.notibras.com\/site\/wp-content\/uploads\/2015\/03\/producao_industrial71.jpg","contentUrl":"https:\/\/www.notibras.com\/site\/wp-content\/uploads\/2015\/03\/producao_industrial71.jpg","width":518,"height":344},{"@type":"BreadcrumbList","@id":"https:\/\/www.notibras.com\/site\/pacote-de-maldades-do-governo-manda-industria-para-a-uti\/#breadcrumb","itemListElement":[{"@type":"ListItem","position":1,"name":"In\u00edcio","item":"https:\/\/www.notibras.com\/site\/"},{"@type":"ListItem","position":2,"name":"Pacote de maldades do governo manda ind\u00fastria para a UTI"}]},{"@type":"WebSite","@id":"https:\/\/www.notibras.com\/site\/#website","url":"https:\/\/www.notibras.com\/site\/","name":"Notibras","description":"Not\u00edcias de Bras\u00edlia, do Brasil e do Mundo","publisher":{"@id":"https:\/\/www.notibras.com\/site\/#organization"},"potentialAction":[{"@type":"SearchAction","target":{"@type":"EntryPoint","urlTemplate":"https:\/\/www.notibras.com\/site\/?s={search_term_string}"},"query-input":{"@type":"PropertyValueSpecification","valueRequired":true,"valueName":"search_term_string"}}],"inLanguage":"pt-BR"},{"@type":"Organization","@id":"https:\/\/www.notibras.com\/site\/#organization","name":"Grupo Notibras de Comunica\u00e7\u00e3o","url":"https:\/\/www.notibras.com\/site\/","logo":{"@type":"ImageObject","inLanguage":"pt-BR","@id":"https:\/\/www.notibras.com\/site\/#\/schema\/logo\/image\/","url":"https:\/\/www.notibras.com\/site\/wp-content\/uploads\/2023\/01\/notibras23.png","contentUrl":"https:\/\/www.notibras.com\/site\/wp-content\/uploads\/2023\/01\/notibras23.png","width":350,"height":87,"caption":"Grupo Notibras de Comunica\u00e7\u00e3o"},"image":{"@id":"https:\/\/www.notibras.com\/site\/#\/schema\/logo\/image\/"},"sameAs":["https:\/\/www.facebook.com\/notibras\/","https:\/\/x.com\/Notibras","https:\/\/www.instagram.com\/notibras\/"]},{"@type":"Person","@id":"https:\/\/www.notibras.com\/site\/#\/schema\/person\/36ab0979449956132d3e5b517ea76ac8","name":"Reda\u00e7\u00e3o","image":{"@type":"ImageObject","inLanguage":"pt-BR","@id":"https:\/\/secure.gravatar.com\/avatar\/e0a867bdedb85fd243eadf09663511f96fc81e0720a4a42581f334ad4303aa6b?s=96&d=mm&r=g","url":"https:\/\/secure.gravatar.com\/avatar\/e0a867bdedb85fd243eadf09663511f96fc81e0720a4a42581f334ad4303aa6b?s=96&d=mm&r=g","contentUrl":"https:\/\/secure.gravatar.com\/avatar\/e0a867bdedb85fd243eadf09663511f96fc81e0720a4a42581f334ad4303aa6b?s=96&d=mm&r=g","caption":"Reda\u00e7\u00e3o"}}]}},"amp_enabled":true,"_links":{"self":[{"href":"https:\/\/www.notibras.com\/site\/wp-json\/wp\/v2\/posts\/39697","targetHints":{"allow":["GET"]}}],"collection":[{"href":"https:\/\/www.notibras.com\/site\/wp-json\/wp\/v2\/posts"}],"about":[{"href":"https:\/\/www.notibras.com\/site\/wp-json\/wp\/v2\/types\/post"}],"author":[{"embeddable":true,"href":"https:\/\/www.notibras.com\/site\/wp-json\/wp\/v2\/users\/2"}],"replies":[{"embeddable":true,"href":"https:\/\/www.notibras.com\/site\/wp-json\/wp\/v2\/comments?post=39697"}],"version-history":[{"count":0,"href":"https:\/\/www.notibras.com\/site\/wp-json\/wp\/v2\/posts\/39697\/revisions"}],"wp:featuredmedia":[{"embeddable":true,"href":"https:\/\/www.notibras.com\/site\/wp-json\/wp\/v2\/media\/39698"}],"wp:attachment":[{"href":"https:\/\/www.notibras.com\/site\/wp-json\/wp\/v2\/media?parent=39697"}],"wp:term":[{"taxonomy":"category","embeddable":true,"href":"https:\/\/www.notibras.com\/site\/wp-json\/wp\/v2\/categories?post=39697"},{"taxonomy":"post_tag","embeddable":true,"href":"https:\/\/www.notibras.com\/site\/wp-json\/wp\/v2\/tags?post=39697"}],"curies":[{"name":"wp","href":"https:\/\/api.w.org\/{rel}","templated":true}]}}