{"id":3970,"date":"2014-03-10T18:25:16","date_gmt":"2014-03-10T21:25:16","guid":{"rendered":"http:\/\/www.notibras.com\/site\/?p=3970"},"modified":"2014-03-10T18:26:15","modified_gmt":"2014-03-10T21:26:15","slug":"a-lweitura-como-protagonista-no-processo-de-reinsercao-social","status":"publish","type":"post","link":"https:\/\/www.notibras.com\/site\/a-lweitura-como-protagonista-no-processo-de-reinsercao-social\/","title":{"rendered":"A leitura como protagonista no processo de reinser\u00e7\u00e3o social"},"content":{"rendered":"<p>\u00c9 extremamente ben\u00e9fico trazer \u00e0 popula\u00e7\u00e3o neste momento o debate sobre a remi\u00e7\u00e3o de senten\u00e7as por meio do estudo, j\u00e1 que a mesma, conforme tem sido constantemente noticiado, pode beneficiar justamente os recentes detentos do mensal\u00e3o do Partido dos Trabalhadores. E tantos outros, j\u00e1 que a lei vale para todos.<\/p>\n<p>Com muito conhecimento de causa, o senador e doutor Cristovam Buarque (PDT) idealizou a lei, que j\u00e1 est\u00e1 em vigor, para ter no estudo uma das formas de redu\u00e7\u00e3o da senten\u00e7a dos condenados pela Justi\u00e7a. Todos sabemos, e o senador Cristovam sabe como ningu\u00e9m, da import\u00e2ncia da educa\u00e7\u00e3o como inclus\u00e3o social e, mais ainda, na forma\u00e7\u00e3o de um cidad\u00e3o pleno e em perfeita harmonia com a sociedade.<\/p>\n<p>Aqui no Distrito Federal, inspirada no projeto do senador e em seus resultados positivos j\u00e1 conhecidos, apresentei proposta semelhante, para que amplie o beneficio do estudo tamb\u00e9m aos que decidem ler alguma obra liter\u00e1ria, filos\u00f3fica ou cient\u00edfica, de forma volunt\u00e1ria. A proposta ainda aguarda um parecer da Comiss\u00e3o de Constitui\u00e7\u00e3o e Justi\u00e7a, antes de seguir ao Plen\u00e1rio.<\/p>\n<p>Para efeitos pr\u00e1ticos, a remi\u00e7\u00e3o da pena pela leitura j\u00e1 ocorre no Paran\u00e1 desde 2012, pouco antes de meu projeto ter sido apresentado na C\u00e2mara Legislativa. S\u00e3o Paulo aprovou tamb\u00e9m a lei no ano passado. Em todos os textos, a proposta prev\u00ea aos apenados alfabetizados, a cada m\u00eas, 01 (um) livro de obra liter\u00e1ria cl\u00e1ssica, cient\u00edfica ou filos\u00f3fica, inclusive livros did\u00e1ticos da \u00e1rea de sa\u00fade, dentre outros, que s\u00e3o previamente selecionados por uma comiss\u00e3o de professores. O resultado tem sido elogiado.<\/p>\n<p>Pelo que est\u00e1 previsto no texto, a cada 30 dias os penitenci\u00e1rios realizam a leitura de um livro e, para fins de remi\u00e7\u00e3o, produzem um relat\u00f3rio de leitura e ou resenha, conforme o n\u00edvel de escolariza\u00e7\u00e3o. Esse trabalho \u00e9 avaliado e conta com um aproveitamento de 00 a 100 e pode variar de acordo com a institui\u00e7\u00e3o penitenci\u00e1ria.<\/p>\n<p>A escrita \u00e9 feita em tr\u00eas momentos e de forma presencial. Na primeira vers\u00e3o do trabalho, o texto \u00e9 avaliado pelo professor de l\u00edngua portuguesa e, num segundo momento, \u00e9 produzida a reescrita e novamente corrigido para elabora\u00e7\u00e3o da vers\u00e3o final do material.<\/p>\n<p>Na minha avalia\u00e7\u00e3o, a remi\u00e7\u00e3o da pena pela leitura instiga a dissemina\u00e7\u00e3o da literatura nos espa\u00e7os prisionais e, sem d\u00favida, \u00e9 uma das melhores formas de proporcionar o resgate da autoestima, trocando momentos ociosos pelos livros e pelo estudo. Como elemento de inclus\u00e3o social, a leitura estimula a constru\u00e7\u00e3o de pensamentos que vislumbrem melhor a conviv\u00eancia na sociedade e ainda forma leitores mais preparados para concluir a escolariza\u00e7\u00e3o b\u00e1sica e ingressar nas etapas posteriores de ensino, favorecendo ainda a inser\u00e7\u00e3o no mercado de trabalho. Esse, sem d\u00favida, \u00e9 o maior objetivo de nossa proposta.<\/p>\n<p><strong>Liliane Roriz, deputada distrital e presidente da Comiss\u00e3o de Educa\u00e7\u00e3o da C\u00e2mara Legislativa do DF<\/strong><\/p>\n","protected":false},"excerpt":{"rendered":"<p>\u00c9 extremamente ben\u00e9fico trazer \u00e0 popula\u00e7\u00e3o neste momento o debate sobre a remi\u00e7\u00e3o de senten\u00e7as por meio do estudo, j\u00e1 que a mesma, conforme tem sido constantemente noticiado, pode beneficiar justamente os recentes detentos do mensal\u00e3o do Partido dos Trabalhadores. E tantos outros, j\u00e1 que a lei vale para todos. Com muito conhecimento de causa, [&hellip;]<\/p>\n","protected":false},"author":2,"featured_media":3971,"comment_status":"open","ping_status":"closed","sticky":false,"template":"","format":"standard","meta":{"_acf_changed":false,"footnotes":""},"categories":[25],"tags":[],"class_list":["post-3970","post","type-post","status-publish","format-standard","has-post-thumbnail","hentry","category-opina-ai"],"acf":[],"yoast_head":"<!-- This site is optimized with the Yoast SEO plugin v27.5 - https:\/\/yoast.com\/product\/yoast-seo-wordpress\/ -->\n<title>A leitura como protagonista no processo de reinser\u00e7\u00e3o social - Notibras<\/title>\n<meta name=\"robots\" content=\"index, follow, max-snippet:-1, max-image-preview:large, max-video-preview:-1\" \/>\n<link rel=\"canonical\" href=\"https:\/\/www.notibras.com\/site\/a-lweitura-como-protagonista-no-processo-de-reinsercao-social\/\" \/>\n<meta property=\"og:locale\" content=\"pt_BR\" \/>\n<meta property=\"og:type\" content=\"article\" \/>\n<meta property=\"og:title\" content=\"A leitura como protagonista no processo de reinser\u00e7\u00e3o social - Notibras\" \/>\n<meta property=\"og:description\" content=\"\u00c9 extremamente ben\u00e9fico trazer \u00e0 popula\u00e7\u00e3o neste momento o debate sobre a remi\u00e7\u00e3o de senten\u00e7as por meio do estudo, j\u00e1 que a mesma, conforme tem sido constantemente noticiado, pode beneficiar justamente os recentes detentos do mensal\u00e3o do Partido dos Trabalhadores. E tantos outros, j\u00e1 que a lei vale para todos. Com muito conhecimento de causa, [&hellip;]\" \/>\n<meta property=\"og:url\" content=\"https:\/\/www.notibras.com\/site\/a-lweitura-como-protagonista-no-processo-de-reinsercao-social\/\" \/>\n<meta property=\"og:site_name\" content=\"Notibras\" \/>\n<meta property=\"article:publisher\" content=\"https:\/\/www.facebook.com\/notibras\/\" \/>\n<meta property=\"article:published_time\" content=\"2014-03-10T21:25:16+00:00\" \/>\n<meta property=\"article:modified_time\" content=\"2014-03-10T21:26:15+00:00\" \/>\n<meta property=\"og:image\" content=\"https:\/\/www.notibras.com\/site\/wp-content\/uploads\/2014\/03\/opi1.jpg\" \/>\n\t<meta property=\"og:image:width\" content=\"400\" \/>\n\t<meta property=\"og:image:height\" content=\"320\" \/>\n\t<meta property=\"og:image:type\" content=\"image\/jpeg\" \/>\n<meta name=\"author\" content=\"Reda\u00e7\u00e3o\" \/>\n<meta name=\"twitter:card\" content=\"summary_large_image\" \/>\n<meta name=\"twitter:creator\" content=\"@Notibras\" \/>\n<meta name=\"twitter:site\" content=\"@Notibras\" \/>\n<meta name=\"twitter:label1\" content=\"Escrito por\" \/>\n\t<meta name=\"twitter:data1\" content=\"Reda\u00e7\u00e3o\" \/>\n\t<meta name=\"twitter:label2\" content=\"Est. tempo de leitura\" \/>\n\t<meta name=\"twitter:data2\" content=\"3 minutos\" \/>\n<script type=\"application\/ld+json\" class=\"yoast-schema-graph\">{\"@context\":\"https:\\\/\\\/schema.org\",\"@graph\":[{\"@type\":\"Article\",\"@id\":\"https:\\\/\\\/www.notibras.com\\\/site\\\/a-lweitura-como-protagonista-no-processo-de-reinsercao-social\\\/#article\",\"isPartOf\":{\"@id\":\"https:\\\/\\\/www.notibras.com\\\/site\\\/a-lweitura-como-protagonista-no-processo-de-reinsercao-social\\\/\"},\"author\":{\"name\":\"Reda\u00e7\u00e3o\",\"@id\":\"https:\\\/\\\/www.notibras.com\\\/site\\\/#\\\/schema\\\/person\\\/36ab0979449956132d3e5b517ea76ac8\"},\"headline\":\"A leitura como protagonista no processo de reinser\u00e7\u00e3o social\",\"datePublished\":\"2014-03-10T21:25:16+00:00\",\"dateModified\":\"2014-03-10T21:26:15+00:00\",\"mainEntityOfPage\":{\"@id\":\"https:\\\/\\\/www.notibras.com\\\/site\\\/a-lweitura-como-protagonista-no-processo-de-reinsercao-social\\\/\"},\"wordCount\":526,\"commentCount\":0,\"publisher\":{\"@id\":\"https:\\\/\\\/www.notibras.com\\\/site\\\/#organization\"},\"image\":{\"@id\":\"https:\\\/\\\/www.notibras.com\\\/site\\\/a-lweitura-como-protagonista-no-processo-de-reinsercao-social\\\/#primaryimage\"},\"thumbnailUrl\":\"https:\\\/\\\/www.notibras.com\\\/site\\\/wp-content\\\/uploads\\\/2014\\\/03\\\/opi1.jpg\",\"articleSection\":[\"Opina a\u00ed\"],\"inLanguage\":\"pt-BR\",\"potentialAction\":[{\"@type\":\"CommentAction\",\"name\":\"Comment\",\"target\":[\"https:\\\/\\\/www.notibras.com\\\/site\\\/a-lweitura-como-protagonista-no-processo-de-reinsercao-social\\\/#respond\"]}]},{\"@type\":\"WebPage\",\"@id\":\"https:\\\/\\\/www.notibras.com\\\/site\\\/a-lweitura-como-protagonista-no-processo-de-reinsercao-social\\\/\",\"url\":\"https:\\\/\\\/www.notibras.com\\\/site\\\/a-lweitura-como-protagonista-no-processo-de-reinsercao-social\\\/\",\"name\":\"A leitura como protagonista no processo de reinser\u00e7\u00e3o social - Notibras\",\"isPartOf\":{\"@id\":\"https:\\\/\\\/www.notibras.com\\\/site\\\/#website\"},\"primaryImageOfPage\":{\"@id\":\"https:\\\/\\\/www.notibras.com\\\/site\\\/a-lweitura-como-protagonista-no-processo-de-reinsercao-social\\\/#primaryimage\"},\"image\":{\"@id\":\"https:\\\/\\\/www.notibras.com\\\/site\\\/a-lweitura-como-protagonista-no-processo-de-reinsercao-social\\\/#primaryimage\"},\"thumbnailUrl\":\"https:\\\/\\\/www.notibras.com\\\/site\\\/wp-content\\\/uploads\\\/2014\\\/03\\\/opi1.jpg\",\"datePublished\":\"2014-03-10T21:25:16+00:00\",\"dateModified\":\"2014-03-10T21:26:15+00:00\",\"breadcrumb\":{\"@id\":\"https:\\\/\\\/www.notibras.com\\\/site\\\/a-lweitura-como-protagonista-no-processo-de-reinsercao-social\\\/#breadcrumb\"},\"inLanguage\":\"pt-BR\",\"potentialAction\":[{\"@type\":\"ReadAction\",\"target\":[\"https:\\\/\\\/www.notibras.com\\\/site\\\/a-lweitura-como-protagonista-no-processo-de-reinsercao-social\\\/\"]}]},{\"@type\":\"ImageObject\",\"inLanguage\":\"pt-BR\",\"@id\":\"https:\\\/\\\/www.notibras.com\\\/site\\\/a-lweitura-como-protagonista-no-processo-de-reinsercao-social\\\/#primaryimage\",\"url\":\"https:\\\/\\\/www.notibras.com\\\/site\\\/wp-content\\\/uploads\\\/2014\\\/03\\\/opi1.jpg\",\"contentUrl\":\"https:\\\/\\\/www.notibras.com\\\/site\\\/wp-content\\\/uploads\\\/2014\\\/03\\\/opi1.jpg\",\"width\":400,\"height\":320},{\"@type\":\"BreadcrumbList\",\"@id\":\"https:\\\/\\\/www.notibras.com\\\/site\\\/a-lweitura-como-protagonista-no-processo-de-reinsercao-social\\\/#breadcrumb\",\"itemListElement\":[{\"@type\":\"ListItem\",\"position\":1,\"name\":\"In\u00edcio\",\"item\":\"https:\\\/\\\/www.notibras.com\\\/site\\\/\"},{\"@type\":\"ListItem\",\"position\":2,\"name\":\"A leitura como protagonista no processo de reinser\u00e7\u00e3o social\"}]},{\"@type\":\"WebSite\",\"@id\":\"https:\\\/\\\/www.notibras.com\\\/site\\\/#website\",\"url\":\"https:\\\/\\\/www.notibras.com\\\/site\\\/\",\"name\":\"Notibras\",\"description\":\"Not\u00edcias de Bras\u00edlia, do Brasil e do Mundo\",\"publisher\":{\"@id\":\"https:\\\/\\\/www.notibras.com\\\/site\\\/#organization\"},\"potentialAction\":[{\"@type\":\"SearchAction\",\"target\":{\"@type\":\"EntryPoint\",\"urlTemplate\":\"https:\\\/\\\/www.notibras.com\\\/site\\\/?s={search_term_string}\"},\"query-input\":{\"@type\":\"PropertyValueSpecification\",\"valueRequired\":true,\"valueName\":\"search_term_string\"}}],\"inLanguage\":\"pt-BR\"},{\"@type\":\"Organization\",\"@id\":\"https:\\\/\\\/www.notibras.com\\\/site\\\/#organization\",\"name\":\"Grupo Notibras de Comunica\u00e7\u00e3o\",\"url\":\"https:\\\/\\\/www.notibras.com\\\/site\\\/\",\"logo\":{\"@type\":\"ImageObject\",\"inLanguage\":\"pt-BR\",\"@id\":\"https:\\\/\\\/www.notibras.com\\\/site\\\/#\\\/schema\\\/logo\\\/image\\\/\",\"url\":\"https:\\\/\\\/www.notibras.com\\\/site\\\/wp-content\\\/uploads\\\/2023\\\/01\\\/notibras23.png\",\"contentUrl\":\"https:\\\/\\\/www.notibras.com\\\/site\\\/wp-content\\\/uploads\\\/2023\\\/01\\\/notibras23.png\",\"width\":350,\"height\":87,\"caption\":\"Grupo Notibras de Comunica\u00e7\u00e3o\"},\"image\":{\"@id\":\"https:\\\/\\\/www.notibras.com\\\/site\\\/#\\\/schema\\\/logo\\\/image\\\/\"},\"sameAs\":[\"https:\\\/\\\/www.facebook.com\\\/notibras\\\/\",\"https:\\\/\\\/x.com\\\/Notibras\",\"https:\\\/\\\/www.instagram.com\\\/notibras\\\/\"]},{\"@type\":\"Person\",\"@id\":\"https:\\\/\\\/www.notibras.com\\\/site\\\/#\\\/schema\\\/person\\\/36ab0979449956132d3e5b517ea76ac8\",\"name\":\"Reda\u00e7\u00e3o\",\"image\":{\"@type\":\"ImageObject\",\"inLanguage\":\"pt-BR\",\"@id\":\"https:\\\/\\\/secure.gravatar.com\\\/avatar\\\/e0a867bdedb85fd243eadf09663511f96fc81e0720a4a42581f334ad4303aa6b?s=96&d=mm&r=g\",\"url\":\"https:\\\/\\\/secure.gravatar.com\\\/avatar\\\/e0a867bdedb85fd243eadf09663511f96fc81e0720a4a42581f334ad4303aa6b?s=96&d=mm&r=g\",\"contentUrl\":\"https:\\\/\\\/secure.gravatar.com\\\/avatar\\\/e0a867bdedb85fd243eadf09663511f96fc81e0720a4a42581f334ad4303aa6b?s=96&d=mm&r=g\",\"caption\":\"Reda\u00e7\u00e3o\"}}]}<\/script>\n<!-- \/ Yoast SEO plugin. -->","yoast_head_json":{"title":"A leitura como protagonista no processo de reinser\u00e7\u00e3o social - Notibras","robots":{"index":"index","follow":"follow","max-snippet":"max-snippet:-1","max-image-preview":"max-image-preview:large","max-video-preview":"max-video-preview:-1"},"canonical":"https:\/\/www.notibras.com\/site\/a-lweitura-como-protagonista-no-processo-de-reinsercao-social\/","og_locale":"pt_BR","og_type":"article","og_title":"A leitura como protagonista no processo de reinser\u00e7\u00e3o social - Notibras","og_description":"\u00c9 extremamente ben\u00e9fico trazer \u00e0 popula\u00e7\u00e3o neste momento o debate sobre a remi\u00e7\u00e3o de senten\u00e7as por meio do estudo, j\u00e1 que a mesma, conforme tem sido constantemente noticiado, pode beneficiar justamente os recentes detentos do mensal\u00e3o do Partido dos Trabalhadores. E tantos outros, j\u00e1 que a lei vale para todos. Com muito conhecimento de causa, [&hellip;]","og_url":"https:\/\/www.notibras.com\/site\/a-lweitura-como-protagonista-no-processo-de-reinsercao-social\/","og_site_name":"Notibras","article_publisher":"https:\/\/www.facebook.com\/notibras\/","article_published_time":"2014-03-10T21:25:16+00:00","article_modified_time":"2014-03-10T21:26:15+00:00","og_image":[{"width":400,"height":320,"url":"https:\/\/www.notibras.com\/site\/wp-content\/uploads\/2014\/03\/opi1.jpg","type":"image\/jpeg"}],"author":"Reda\u00e7\u00e3o","twitter_card":"summary_large_image","twitter_creator":"@Notibras","twitter_site":"@Notibras","twitter_misc":{"Escrito por":"Reda\u00e7\u00e3o","Est. tempo de leitura":"3 minutos"},"schema":{"@context":"https:\/\/schema.org","@graph":[{"@type":"Article","@id":"https:\/\/www.notibras.com\/site\/a-lweitura-como-protagonista-no-processo-de-reinsercao-social\/#article","isPartOf":{"@id":"https:\/\/www.notibras.com\/site\/a-lweitura-como-protagonista-no-processo-de-reinsercao-social\/"},"author":{"name":"Reda\u00e7\u00e3o","@id":"https:\/\/www.notibras.com\/site\/#\/schema\/person\/36ab0979449956132d3e5b517ea76ac8"},"headline":"A leitura como protagonista no processo de reinser\u00e7\u00e3o social","datePublished":"2014-03-10T21:25:16+00:00","dateModified":"2014-03-10T21:26:15+00:00","mainEntityOfPage":{"@id":"https:\/\/www.notibras.com\/site\/a-lweitura-como-protagonista-no-processo-de-reinsercao-social\/"},"wordCount":526,"commentCount":0,"publisher":{"@id":"https:\/\/www.notibras.com\/site\/#organization"},"image":{"@id":"https:\/\/www.notibras.com\/site\/a-lweitura-como-protagonista-no-processo-de-reinsercao-social\/#primaryimage"},"thumbnailUrl":"https:\/\/www.notibras.com\/site\/wp-content\/uploads\/2014\/03\/opi1.jpg","articleSection":["Opina a\u00ed"],"inLanguage":"pt-BR","potentialAction":[{"@type":"CommentAction","name":"Comment","target":["https:\/\/www.notibras.com\/site\/a-lweitura-como-protagonista-no-processo-de-reinsercao-social\/#respond"]}]},{"@type":"WebPage","@id":"https:\/\/www.notibras.com\/site\/a-lweitura-como-protagonista-no-processo-de-reinsercao-social\/","url":"https:\/\/www.notibras.com\/site\/a-lweitura-como-protagonista-no-processo-de-reinsercao-social\/","name":"A leitura como protagonista no processo de reinser\u00e7\u00e3o social - Notibras","isPartOf":{"@id":"https:\/\/www.notibras.com\/site\/#website"},"primaryImageOfPage":{"@id":"https:\/\/www.notibras.com\/site\/a-lweitura-como-protagonista-no-processo-de-reinsercao-social\/#primaryimage"},"image":{"@id":"https:\/\/www.notibras.com\/site\/a-lweitura-como-protagonista-no-processo-de-reinsercao-social\/#primaryimage"},"thumbnailUrl":"https:\/\/www.notibras.com\/site\/wp-content\/uploads\/2014\/03\/opi1.jpg","datePublished":"2014-03-10T21:25:16+00:00","dateModified":"2014-03-10T21:26:15+00:00","breadcrumb":{"@id":"https:\/\/www.notibras.com\/site\/a-lweitura-como-protagonista-no-processo-de-reinsercao-social\/#breadcrumb"},"inLanguage":"pt-BR","potentialAction":[{"@type":"ReadAction","target":["https:\/\/www.notibras.com\/site\/a-lweitura-como-protagonista-no-processo-de-reinsercao-social\/"]}]},{"@type":"ImageObject","inLanguage":"pt-BR","@id":"https:\/\/www.notibras.com\/site\/a-lweitura-como-protagonista-no-processo-de-reinsercao-social\/#primaryimage","url":"https:\/\/www.notibras.com\/site\/wp-content\/uploads\/2014\/03\/opi1.jpg","contentUrl":"https:\/\/www.notibras.com\/site\/wp-content\/uploads\/2014\/03\/opi1.jpg","width":400,"height":320},{"@type":"BreadcrumbList","@id":"https:\/\/www.notibras.com\/site\/a-lweitura-como-protagonista-no-processo-de-reinsercao-social\/#breadcrumb","itemListElement":[{"@type":"ListItem","position":1,"name":"In\u00edcio","item":"https:\/\/www.notibras.com\/site\/"},{"@type":"ListItem","position":2,"name":"A leitura como protagonista no processo de reinser\u00e7\u00e3o social"}]},{"@type":"WebSite","@id":"https:\/\/www.notibras.com\/site\/#website","url":"https:\/\/www.notibras.com\/site\/","name":"Notibras","description":"Not\u00edcias de Bras\u00edlia, do Brasil e do Mundo","publisher":{"@id":"https:\/\/www.notibras.com\/site\/#organization"},"potentialAction":[{"@type":"SearchAction","target":{"@type":"EntryPoint","urlTemplate":"https:\/\/www.notibras.com\/site\/?s={search_term_string}"},"query-input":{"@type":"PropertyValueSpecification","valueRequired":true,"valueName":"search_term_string"}}],"inLanguage":"pt-BR"},{"@type":"Organization","@id":"https:\/\/www.notibras.com\/site\/#organization","name":"Grupo Notibras de Comunica\u00e7\u00e3o","url":"https:\/\/www.notibras.com\/site\/","logo":{"@type":"ImageObject","inLanguage":"pt-BR","@id":"https:\/\/www.notibras.com\/site\/#\/schema\/logo\/image\/","url":"https:\/\/www.notibras.com\/site\/wp-content\/uploads\/2023\/01\/notibras23.png","contentUrl":"https:\/\/www.notibras.com\/site\/wp-content\/uploads\/2023\/01\/notibras23.png","width":350,"height":87,"caption":"Grupo Notibras de Comunica\u00e7\u00e3o"},"image":{"@id":"https:\/\/www.notibras.com\/site\/#\/schema\/logo\/image\/"},"sameAs":["https:\/\/www.facebook.com\/notibras\/","https:\/\/x.com\/Notibras","https:\/\/www.instagram.com\/notibras\/"]},{"@type":"Person","@id":"https:\/\/www.notibras.com\/site\/#\/schema\/person\/36ab0979449956132d3e5b517ea76ac8","name":"Reda\u00e7\u00e3o","image":{"@type":"ImageObject","inLanguage":"pt-BR","@id":"https:\/\/secure.gravatar.com\/avatar\/e0a867bdedb85fd243eadf09663511f96fc81e0720a4a42581f334ad4303aa6b?s=96&d=mm&r=g","url":"https:\/\/secure.gravatar.com\/avatar\/e0a867bdedb85fd243eadf09663511f96fc81e0720a4a42581f334ad4303aa6b?s=96&d=mm&r=g","contentUrl":"https:\/\/secure.gravatar.com\/avatar\/e0a867bdedb85fd243eadf09663511f96fc81e0720a4a42581f334ad4303aa6b?s=96&d=mm&r=g","caption":"Reda\u00e7\u00e3o"}}]}},"amp_enabled":true,"_links":{"self":[{"href":"https:\/\/www.notibras.com\/site\/wp-json\/wp\/v2\/posts\/3970","targetHints":{"allow":["GET"]}}],"collection":[{"href":"https:\/\/www.notibras.com\/site\/wp-json\/wp\/v2\/posts"}],"about":[{"href":"https:\/\/www.notibras.com\/site\/wp-json\/wp\/v2\/types\/post"}],"author":[{"embeddable":true,"href":"https:\/\/www.notibras.com\/site\/wp-json\/wp\/v2\/users\/2"}],"replies":[{"embeddable":true,"href":"https:\/\/www.notibras.com\/site\/wp-json\/wp\/v2\/comments?post=3970"}],"version-history":[{"count":0,"href":"https:\/\/www.notibras.com\/site\/wp-json\/wp\/v2\/posts\/3970\/revisions"}],"wp:featuredmedia":[{"embeddable":true,"href":"https:\/\/www.notibras.com\/site\/wp-json\/wp\/v2\/media\/3971"}],"wp:attachment":[{"href":"https:\/\/www.notibras.com\/site\/wp-json\/wp\/v2\/media?parent=3970"}],"wp:term":[{"taxonomy":"category","embeddable":true,"href":"https:\/\/www.notibras.com\/site\/wp-json\/wp\/v2\/categories?post=3970"},{"taxonomy":"post_tag","embeddable":true,"href":"https:\/\/www.notibras.com\/site\/wp-json\/wp\/v2\/tags?post=3970"}],"curies":[{"name":"wp","href":"https:\/\/api.w.org\/{rel}","templated":true}]}}