{"id":39724,"date":"2015-03-12T16:51:07","date_gmt":"2015-03-12T19:51:07","guid":{"rendered":"http:\/\/www.notibras.com\/site\/?p=39724"},"modified":"2015-03-12T23:51:40","modified_gmt":"2015-03-13T02:51:40","slug":"lava-jato-vira-estouro-de-boiada-para-atropelar-todo-mundo","status":"publish","type":"post","link":"https:\/\/www.notibras.com\/site\/lava-jato-vira-estouro-de-boiada-para-atropelar-todo-mundo\/","title":{"rendered":"Lava Jato vira estouro de boiada que atropela tudo pela frente"},"content":{"rendered":"<p>Pensamento un\u00e2nime no Congresso Nacional: daqui pr\u00e1 frente, tanto na C\u00e2mara dos Deputados como no Senado Federal, os trabalhos legislativos se desenvolver\u00e3o em clima de alta temperatura. N\u00e3o haver\u00e1 amizade, confian\u00e7a, lealdade, cordialidade, podendo ocorrer impreca\u00e7\u00f5es entre os parlamentares. Tudo por conta do desfecho da Opera\u00e7\u00e3o Lava Jato anunciado no final da semana.<\/p>\n<p>Os presidentes da C\u00e2mara (Deputado Eduardo Cunha) e do Senado (Renan Calheiros) foram colocados em suspei\u00e7\u00e3o por envolvimento nas roubalheiras milion\u00e1rias na Petrobras. Ser\u00e3o julgados pelo Supremo Tribunal Federal. Na mesma situa\u00e7\u00e3o deles est\u00e3o 12 senadores e 22 deputados federais, que fazem parte da base aliada do governo e s\u00e3o ligados ao PT, PMDB e PP. Da oposi\u00e7\u00e3o, foi colocado na lista de suspeitos o ex-governador de Minas Gerais e hoje senador Antonio Anastasia (PSDB).<\/p>\n<p>Todos eles ser\u00e3o investigados em 23 inqu\u00e9ritos, que re\u00fanem 50 ind\u00edcios de corrup\u00e7\u00e3o passiva, 50 de lavagem de dinheiro, 28 forma\u00e7\u00e3o de quadrilha e uma evas\u00e3o de divisas (senador Fernando Collor). Outros 14 pol\u00edticos, sem privil\u00e9gios do foro especial, ser\u00e3o tamb\u00e9m investigados por desvios na Petrobras, mas em outros tribunais. Na lista, o ex-ministro Antonio Palocci.<\/p>\n<p>Esse imbr\u00f3glio todo serviu para distanciar mais ainda o PMDB do PT, que vinham sustentando o governo no Congresso.<\/p>\n<blockquote><p>Quem perde mais com este div\u00f3rcio \u00e9 a presidente Dilma, que ficar\u00e1 sem for\u00e7a para a aprova\u00e7\u00e3o dos projetos do governo, entre eles as medidas impopulares necess\u00e1rias para viabilizar o acerto de contas do Executivo. S\u00f3 com este ajuste ela poder\u00e1 pensar em sair do fundo do po\u00e7o, onde ela mesma se jogou pelo seu primeiro desastrado governo.<\/p><\/blockquote>\n<p>Houve estouro da boiada no Congresso Nacional. A vaca n\u00e3o est\u00e1 reconhecendo seu bezerro. O pr\u00f3prio presidente da C\u00e2mara, Eduardo Cunha, depois de relacionado como um dos beneficiados dos roubos na Petrobras, anunciou que jogar\u00e1 duro contra o Pal\u00e1cio do Planalto. Ele acusa a presidente Dilma de envolv\u00ea-lo neste esc\u00e2ndalo.<\/p>\n<p>A presidente vai precisar gastar muita saliva para agrupar seus antigos apoiadores. Precisar\u00e1 de um milagre para promover uma reviravolta na economia. A infla\u00e7\u00e3o est\u00e1 pr\u00f3xima de 10%, a taxa de juros em alta, d\u00f3lar ultrapassando os tr\u00eas reais e as contas p\u00fablicas sem controle. A popularidade da presidente caindo dia ap\u00f3s dia. E, para piorar esse calv\u00e1rio, tem as manifesta\u00e7\u00f5es populares por todo pa\u00eds, previstas para amanh\u00e3, domingo (15), com mensagens pedindo seu <em>impeachment.<\/em><\/p>\n<p>Um aperitivo dessas manifesta\u00e7\u00f5es aconteceu domingo passado, \u00e0 noite pelas ruas das principais capitais do pa\u00eds: vaias em meio a panela\u00e7os e buzina\u00e7os contra a presidente. Isso ocorreu justamente durante seu pronunciamento em cadeia nacional de r\u00e1dio e TV, em defesa do ajuste fiscal. Ela fazia um apelo \u00e0 popula\u00e7\u00e3o para ajud\u00e1-la a vencer o atual momento de crise. O protesto foi convocado pelas redes sociais.<\/p>\n<blockquote><p>Ser\u00e1 lenta, tortuosa e \u00e1spera a caminhada dos 34 pol\u00edticos apontados como, supostamente, envolvidos nas roubalheiras milion\u00e1rias na Petrobras. Estima-se que os trabalhos dos cinco ministros da 2\u00b0 turma do Supremo Tribunal Federal durem mais de um ano, podendo chegar a dois anos. A qualquer a\u00e7\u00e3o desses ministros, os envolvidos no processo estar\u00e3o no centro do notici\u00e1rio da imprensa. Sempre de forma negativa, lembrados como enroscados em malfeitos. A opini\u00e3o p\u00fablica os olhar\u00e1 de forma enviesada. Os apontar\u00e1 como \u201cculpados\u201d pela pr\u00e1tica de um crime. Embora, ainda n\u00e3o comprovado. Assim funciona no Brasil.<\/p><\/blockquote>\n<p>Nos meios pol\u00edticos e jur\u00eddicos h\u00e1 duras cr\u00edticas ao Procurador-Geral da Rep\u00fablica, Rodrigo Janot. Ele \u00e9 acusado de ter adotado uma posi\u00e7\u00e3o \u201cconfort\u00e1vel\u201d ao sugerir abertura de 28 inqu\u00e9ritos contra todos os acusados. \u00c9 que, em alguns casos, j\u00e1 existem elementos para o oferecimento direto da den\u00fancia. Rodrigo Janot preferiu ficar em cima muro, olhando o circo pegar fogo.<\/p>\n<p><strong>Cl\u00e1udio Coletti<\/strong><\/p>\n","protected":false},"excerpt":{"rendered":"<p>Pensamento un\u00e2nime no Congresso Nacional: daqui pr\u00e1 frente, tanto na C\u00e2mara dos Deputados como no Senado Federal, os trabalhos legislativos se desenvolver\u00e3o em clima de alta temperatura. N\u00e3o haver\u00e1 amizade, confian\u00e7a, lealdade, cordialidade, podendo ocorrer impreca\u00e7\u00f5es entre os parlamentares. Tudo por conta do desfecho da Opera\u00e7\u00e3o Lava Jato anunciado no final da semana. Os presidentes [&hellip;]<\/p>\n","protected":false},"author":2,"featured_media":39725,"comment_status":"open","ping_status":"closed","sticky":false,"template":"","format":"standard","meta":{"_acf_changed":false,"footnotes":""},"categories":[25],"tags":[],"class_list":["post-39724","post","type-post","status-publish","format-standard","has-post-thumbnail","hentry","category-opina-ai"],"acf":[],"yoast_head":"<!-- This site is optimized with the Yoast SEO plugin v27.5 - https:\/\/yoast.com\/product\/yoast-seo-wordpress\/ -->\n<title>Lava Jato vira estouro de boiada que atropela tudo pela frente - Notibras<\/title>\n<meta name=\"robots\" content=\"index, follow, max-snippet:-1, max-image-preview:large, max-video-preview:-1\" \/>\n<link rel=\"canonical\" href=\"https:\/\/www.notibras.com\/site\/lava-jato-vira-estouro-de-boiada-para-atropelar-todo-mundo\/\" \/>\n<meta property=\"og:locale\" content=\"pt_BR\" \/>\n<meta property=\"og:type\" content=\"article\" \/>\n<meta property=\"og:title\" content=\"Lava Jato vira estouro de boiada que atropela tudo pela frente - Notibras\" \/>\n<meta property=\"og:description\" content=\"Pensamento un\u00e2nime no Congresso Nacional: daqui pr\u00e1 frente, tanto na C\u00e2mara dos Deputados como no Senado Federal, os trabalhos legislativos se desenvolver\u00e3o em clima de alta temperatura. N\u00e3o haver\u00e1 amizade, confian\u00e7a, lealdade, cordialidade, podendo ocorrer impreca\u00e7\u00f5es entre os parlamentares. Tudo por conta do desfecho da Opera\u00e7\u00e3o Lava Jato anunciado no final da semana. Os presidentes [&hellip;]\" \/>\n<meta property=\"og:url\" content=\"https:\/\/www.notibras.com\/site\/lava-jato-vira-estouro-de-boiada-para-atropelar-todo-mundo\/\" \/>\n<meta property=\"og:site_name\" content=\"Notibras\" \/>\n<meta property=\"article:publisher\" content=\"https:\/\/www.facebook.com\/notibras\/\" \/>\n<meta property=\"article:published_time\" content=\"2015-03-12T19:51:07+00:00\" \/>\n<meta property=\"article:modified_time\" content=\"2015-03-13T02:51:40+00:00\" \/>\n<meta property=\"og:image\" content=\"https:\/\/www.notibras.com\/site\/wp-content\/uploads\/2015\/03\/lja.jpeg\" \/>\n\t<meta property=\"og:image:width\" content=\"268\" \/>\n\t<meta property=\"og:image:height\" content=\"188\" \/>\n\t<meta property=\"og:image:type\" content=\"image\/jpeg\" \/>\n<meta name=\"author\" content=\"Reda\u00e7\u00e3o\" \/>\n<meta name=\"twitter:card\" content=\"summary_large_image\" \/>\n<meta name=\"twitter:creator\" content=\"@Notibras\" \/>\n<meta name=\"twitter:site\" content=\"@Notibras\" \/>\n<meta name=\"twitter:label1\" content=\"Escrito por\" \/>\n\t<meta name=\"twitter:data1\" content=\"Reda\u00e7\u00e3o\" \/>\n\t<meta name=\"twitter:label2\" content=\"Est. tempo de leitura\" \/>\n\t<meta name=\"twitter:data2\" content=\"3 minutos\" \/>\n<script type=\"application\/ld+json\" class=\"yoast-schema-graph\">{\"@context\":\"https:\\\/\\\/schema.org\",\"@graph\":[{\"@type\":\"Article\",\"@id\":\"https:\\\/\\\/www.notibras.com\\\/site\\\/lava-jato-vira-estouro-de-boiada-para-atropelar-todo-mundo\\\/#article\",\"isPartOf\":{\"@id\":\"https:\\\/\\\/www.notibras.com\\\/site\\\/lava-jato-vira-estouro-de-boiada-para-atropelar-todo-mundo\\\/\"},\"author\":{\"name\":\"Reda\u00e7\u00e3o\",\"@id\":\"https:\\\/\\\/www.notibras.com\\\/site\\\/#\\\/schema\\\/person\\\/36ab0979449956132d3e5b517ea76ac8\"},\"headline\":\"Lava Jato vira estouro de boiada que atropela tudo pela frente\",\"datePublished\":\"2015-03-12T19:51:07+00:00\",\"dateModified\":\"2015-03-13T02:51:40+00:00\",\"mainEntityOfPage\":{\"@id\":\"https:\\\/\\\/www.notibras.com\\\/site\\\/lava-jato-vira-estouro-de-boiada-para-atropelar-todo-mundo\\\/\"},\"wordCount\":672,\"commentCount\":0,\"publisher\":{\"@id\":\"https:\\\/\\\/www.notibras.com\\\/site\\\/#organization\"},\"image\":{\"@id\":\"https:\\\/\\\/www.notibras.com\\\/site\\\/lava-jato-vira-estouro-de-boiada-para-atropelar-todo-mundo\\\/#primaryimage\"},\"thumbnailUrl\":\"https:\\\/\\\/www.notibras.com\\\/site\\\/wp-content\\\/uploads\\\/2015\\\/03\\\/lja.jpeg\",\"articleSection\":[\"Opina a\u00ed\"],\"inLanguage\":\"pt-BR\",\"potentialAction\":[{\"@type\":\"CommentAction\",\"name\":\"Comment\",\"target\":[\"https:\\\/\\\/www.notibras.com\\\/site\\\/lava-jato-vira-estouro-de-boiada-para-atropelar-todo-mundo\\\/#respond\"]}]},{\"@type\":\"WebPage\",\"@id\":\"https:\\\/\\\/www.notibras.com\\\/site\\\/lava-jato-vira-estouro-de-boiada-para-atropelar-todo-mundo\\\/\",\"url\":\"https:\\\/\\\/www.notibras.com\\\/site\\\/lava-jato-vira-estouro-de-boiada-para-atropelar-todo-mundo\\\/\",\"name\":\"Lava Jato vira estouro de boiada que atropela tudo pela frente - Notibras\",\"isPartOf\":{\"@id\":\"https:\\\/\\\/www.notibras.com\\\/site\\\/#website\"},\"primaryImageOfPage\":{\"@id\":\"https:\\\/\\\/www.notibras.com\\\/site\\\/lava-jato-vira-estouro-de-boiada-para-atropelar-todo-mundo\\\/#primaryimage\"},\"image\":{\"@id\":\"https:\\\/\\\/www.notibras.com\\\/site\\\/lava-jato-vira-estouro-de-boiada-para-atropelar-todo-mundo\\\/#primaryimage\"},\"thumbnailUrl\":\"https:\\\/\\\/www.notibras.com\\\/site\\\/wp-content\\\/uploads\\\/2015\\\/03\\\/lja.jpeg\",\"datePublished\":\"2015-03-12T19:51:07+00:00\",\"dateModified\":\"2015-03-13T02:51:40+00:00\",\"breadcrumb\":{\"@id\":\"https:\\\/\\\/www.notibras.com\\\/site\\\/lava-jato-vira-estouro-de-boiada-para-atropelar-todo-mundo\\\/#breadcrumb\"},\"inLanguage\":\"pt-BR\",\"potentialAction\":[{\"@type\":\"ReadAction\",\"target\":[\"https:\\\/\\\/www.notibras.com\\\/site\\\/lava-jato-vira-estouro-de-boiada-para-atropelar-todo-mundo\\\/\"]}]},{\"@type\":\"ImageObject\",\"inLanguage\":\"pt-BR\",\"@id\":\"https:\\\/\\\/www.notibras.com\\\/site\\\/lava-jato-vira-estouro-de-boiada-para-atropelar-todo-mundo\\\/#primaryimage\",\"url\":\"https:\\\/\\\/www.notibras.com\\\/site\\\/wp-content\\\/uploads\\\/2015\\\/03\\\/lja.jpeg\",\"contentUrl\":\"https:\\\/\\\/www.notibras.com\\\/site\\\/wp-content\\\/uploads\\\/2015\\\/03\\\/lja.jpeg\",\"width\":268,\"height\":188},{\"@type\":\"BreadcrumbList\",\"@id\":\"https:\\\/\\\/www.notibras.com\\\/site\\\/lava-jato-vira-estouro-de-boiada-para-atropelar-todo-mundo\\\/#breadcrumb\",\"itemListElement\":[{\"@type\":\"ListItem\",\"position\":1,\"name\":\"In\u00edcio\",\"item\":\"https:\\\/\\\/www.notibras.com\\\/site\\\/\"},{\"@type\":\"ListItem\",\"position\":2,\"name\":\"Lava Jato vira estouro de boiada que atropela tudo pela frente\"}]},{\"@type\":\"WebSite\",\"@id\":\"https:\\\/\\\/www.notibras.com\\\/site\\\/#website\",\"url\":\"https:\\\/\\\/www.notibras.com\\\/site\\\/\",\"name\":\"Notibras\",\"description\":\"Not\u00edcias de Bras\u00edlia, do Brasil e do Mundo\",\"publisher\":{\"@id\":\"https:\\\/\\\/www.notibras.com\\\/site\\\/#organization\"},\"potentialAction\":[{\"@type\":\"SearchAction\",\"target\":{\"@type\":\"EntryPoint\",\"urlTemplate\":\"https:\\\/\\\/www.notibras.com\\\/site\\\/?s={search_term_string}\"},\"query-input\":{\"@type\":\"PropertyValueSpecification\",\"valueRequired\":true,\"valueName\":\"search_term_string\"}}],\"inLanguage\":\"pt-BR\"},{\"@type\":\"Organization\",\"@id\":\"https:\\\/\\\/www.notibras.com\\\/site\\\/#organization\",\"name\":\"Grupo Notibras de Comunica\u00e7\u00e3o\",\"url\":\"https:\\\/\\\/www.notibras.com\\\/site\\\/\",\"logo\":{\"@type\":\"ImageObject\",\"inLanguage\":\"pt-BR\",\"@id\":\"https:\\\/\\\/www.notibras.com\\\/site\\\/#\\\/schema\\\/logo\\\/image\\\/\",\"url\":\"https:\\\/\\\/www.notibras.com\\\/site\\\/wp-content\\\/uploads\\\/2023\\\/01\\\/notibras23.png\",\"contentUrl\":\"https:\\\/\\\/www.notibras.com\\\/site\\\/wp-content\\\/uploads\\\/2023\\\/01\\\/notibras23.png\",\"width\":350,\"height\":87,\"caption\":\"Grupo Notibras de Comunica\u00e7\u00e3o\"},\"image\":{\"@id\":\"https:\\\/\\\/www.notibras.com\\\/site\\\/#\\\/schema\\\/logo\\\/image\\\/\"},\"sameAs\":[\"https:\\\/\\\/www.facebook.com\\\/notibras\\\/\",\"https:\\\/\\\/x.com\\\/Notibras\",\"https:\\\/\\\/www.instagram.com\\\/notibras\\\/\"]},{\"@type\":\"Person\",\"@id\":\"https:\\\/\\\/www.notibras.com\\\/site\\\/#\\\/schema\\\/person\\\/36ab0979449956132d3e5b517ea76ac8\",\"name\":\"Reda\u00e7\u00e3o\",\"image\":{\"@type\":\"ImageObject\",\"inLanguage\":\"pt-BR\",\"@id\":\"https:\\\/\\\/secure.gravatar.com\\\/avatar\\\/e0a867bdedb85fd243eadf09663511f96fc81e0720a4a42581f334ad4303aa6b?s=96&d=mm&r=g\",\"url\":\"https:\\\/\\\/secure.gravatar.com\\\/avatar\\\/e0a867bdedb85fd243eadf09663511f96fc81e0720a4a42581f334ad4303aa6b?s=96&d=mm&r=g\",\"contentUrl\":\"https:\\\/\\\/secure.gravatar.com\\\/avatar\\\/e0a867bdedb85fd243eadf09663511f96fc81e0720a4a42581f334ad4303aa6b?s=96&d=mm&r=g\",\"caption\":\"Reda\u00e7\u00e3o\"}}]}<\/script>\n<!-- \/ Yoast SEO plugin. -->","yoast_head_json":{"title":"Lava Jato vira estouro de boiada que atropela tudo pela frente - Notibras","robots":{"index":"index","follow":"follow","max-snippet":"max-snippet:-1","max-image-preview":"max-image-preview:large","max-video-preview":"max-video-preview:-1"},"canonical":"https:\/\/www.notibras.com\/site\/lava-jato-vira-estouro-de-boiada-para-atropelar-todo-mundo\/","og_locale":"pt_BR","og_type":"article","og_title":"Lava Jato vira estouro de boiada que atropela tudo pela frente - Notibras","og_description":"Pensamento un\u00e2nime no Congresso Nacional: daqui pr\u00e1 frente, tanto na C\u00e2mara dos Deputados como no Senado Federal, os trabalhos legislativos se desenvolver\u00e3o em clima de alta temperatura. N\u00e3o haver\u00e1 amizade, confian\u00e7a, lealdade, cordialidade, podendo ocorrer impreca\u00e7\u00f5es entre os parlamentares. Tudo por conta do desfecho da Opera\u00e7\u00e3o Lava Jato anunciado no final da semana. Os presidentes [&hellip;]","og_url":"https:\/\/www.notibras.com\/site\/lava-jato-vira-estouro-de-boiada-para-atropelar-todo-mundo\/","og_site_name":"Notibras","article_publisher":"https:\/\/www.facebook.com\/notibras\/","article_published_time":"2015-03-12T19:51:07+00:00","article_modified_time":"2015-03-13T02:51:40+00:00","og_image":[{"width":268,"height":188,"url":"https:\/\/www.notibras.com\/site\/wp-content\/uploads\/2015\/03\/lja.jpeg","type":"image\/jpeg"}],"author":"Reda\u00e7\u00e3o","twitter_card":"summary_large_image","twitter_creator":"@Notibras","twitter_site":"@Notibras","twitter_misc":{"Escrito por":"Reda\u00e7\u00e3o","Est. tempo de leitura":"3 minutos"},"schema":{"@context":"https:\/\/schema.org","@graph":[{"@type":"Article","@id":"https:\/\/www.notibras.com\/site\/lava-jato-vira-estouro-de-boiada-para-atropelar-todo-mundo\/#article","isPartOf":{"@id":"https:\/\/www.notibras.com\/site\/lava-jato-vira-estouro-de-boiada-para-atropelar-todo-mundo\/"},"author":{"name":"Reda\u00e7\u00e3o","@id":"https:\/\/www.notibras.com\/site\/#\/schema\/person\/36ab0979449956132d3e5b517ea76ac8"},"headline":"Lava Jato vira estouro de boiada que atropela tudo pela frente","datePublished":"2015-03-12T19:51:07+00:00","dateModified":"2015-03-13T02:51:40+00:00","mainEntityOfPage":{"@id":"https:\/\/www.notibras.com\/site\/lava-jato-vira-estouro-de-boiada-para-atropelar-todo-mundo\/"},"wordCount":672,"commentCount":0,"publisher":{"@id":"https:\/\/www.notibras.com\/site\/#organization"},"image":{"@id":"https:\/\/www.notibras.com\/site\/lava-jato-vira-estouro-de-boiada-para-atropelar-todo-mundo\/#primaryimage"},"thumbnailUrl":"https:\/\/www.notibras.com\/site\/wp-content\/uploads\/2015\/03\/lja.jpeg","articleSection":["Opina a\u00ed"],"inLanguage":"pt-BR","potentialAction":[{"@type":"CommentAction","name":"Comment","target":["https:\/\/www.notibras.com\/site\/lava-jato-vira-estouro-de-boiada-para-atropelar-todo-mundo\/#respond"]}]},{"@type":"WebPage","@id":"https:\/\/www.notibras.com\/site\/lava-jato-vira-estouro-de-boiada-para-atropelar-todo-mundo\/","url":"https:\/\/www.notibras.com\/site\/lava-jato-vira-estouro-de-boiada-para-atropelar-todo-mundo\/","name":"Lava Jato vira estouro de boiada que atropela tudo pela frente - Notibras","isPartOf":{"@id":"https:\/\/www.notibras.com\/site\/#website"},"primaryImageOfPage":{"@id":"https:\/\/www.notibras.com\/site\/lava-jato-vira-estouro-de-boiada-para-atropelar-todo-mundo\/#primaryimage"},"image":{"@id":"https:\/\/www.notibras.com\/site\/lava-jato-vira-estouro-de-boiada-para-atropelar-todo-mundo\/#primaryimage"},"thumbnailUrl":"https:\/\/www.notibras.com\/site\/wp-content\/uploads\/2015\/03\/lja.jpeg","datePublished":"2015-03-12T19:51:07+00:00","dateModified":"2015-03-13T02:51:40+00:00","breadcrumb":{"@id":"https:\/\/www.notibras.com\/site\/lava-jato-vira-estouro-de-boiada-para-atropelar-todo-mundo\/#breadcrumb"},"inLanguage":"pt-BR","potentialAction":[{"@type":"ReadAction","target":["https:\/\/www.notibras.com\/site\/lava-jato-vira-estouro-de-boiada-para-atropelar-todo-mundo\/"]}]},{"@type":"ImageObject","inLanguage":"pt-BR","@id":"https:\/\/www.notibras.com\/site\/lava-jato-vira-estouro-de-boiada-para-atropelar-todo-mundo\/#primaryimage","url":"https:\/\/www.notibras.com\/site\/wp-content\/uploads\/2015\/03\/lja.jpeg","contentUrl":"https:\/\/www.notibras.com\/site\/wp-content\/uploads\/2015\/03\/lja.jpeg","width":268,"height":188},{"@type":"BreadcrumbList","@id":"https:\/\/www.notibras.com\/site\/lava-jato-vira-estouro-de-boiada-para-atropelar-todo-mundo\/#breadcrumb","itemListElement":[{"@type":"ListItem","position":1,"name":"In\u00edcio","item":"https:\/\/www.notibras.com\/site\/"},{"@type":"ListItem","position":2,"name":"Lava Jato vira estouro de boiada que atropela tudo pela frente"}]},{"@type":"WebSite","@id":"https:\/\/www.notibras.com\/site\/#website","url":"https:\/\/www.notibras.com\/site\/","name":"Notibras","description":"Not\u00edcias de Bras\u00edlia, do Brasil e do Mundo","publisher":{"@id":"https:\/\/www.notibras.com\/site\/#organization"},"potentialAction":[{"@type":"SearchAction","target":{"@type":"EntryPoint","urlTemplate":"https:\/\/www.notibras.com\/site\/?s={search_term_string}"},"query-input":{"@type":"PropertyValueSpecification","valueRequired":true,"valueName":"search_term_string"}}],"inLanguage":"pt-BR"},{"@type":"Organization","@id":"https:\/\/www.notibras.com\/site\/#organization","name":"Grupo Notibras de Comunica\u00e7\u00e3o","url":"https:\/\/www.notibras.com\/site\/","logo":{"@type":"ImageObject","inLanguage":"pt-BR","@id":"https:\/\/www.notibras.com\/site\/#\/schema\/logo\/image\/","url":"https:\/\/www.notibras.com\/site\/wp-content\/uploads\/2023\/01\/notibras23.png","contentUrl":"https:\/\/www.notibras.com\/site\/wp-content\/uploads\/2023\/01\/notibras23.png","width":350,"height":87,"caption":"Grupo Notibras de Comunica\u00e7\u00e3o"},"image":{"@id":"https:\/\/www.notibras.com\/site\/#\/schema\/logo\/image\/"},"sameAs":["https:\/\/www.facebook.com\/notibras\/","https:\/\/x.com\/Notibras","https:\/\/www.instagram.com\/notibras\/"]},{"@type":"Person","@id":"https:\/\/www.notibras.com\/site\/#\/schema\/person\/36ab0979449956132d3e5b517ea76ac8","name":"Reda\u00e7\u00e3o","image":{"@type":"ImageObject","inLanguage":"pt-BR","@id":"https:\/\/secure.gravatar.com\/avatar\/e0a867bdedb85fd243eadf09663511f96fc81e0720a4a42581f334ad4303aa6b?s=96&d=mm&r=g","url":"https:\/\/secure.gravatar.com\/avatar\/e0a867bdedb85fd243eadf09663511f96fc81e0720a4a42581f334ad4303aa6b?s=96&d=mm&r=g","contentUrl":"https:\/\/secure.gravatar.com\/avatar\/e0a867bdedb85fd243eadf09663511f96fc81e0720a4a42581f334ad4303aa6b?s=96&d=mm&r=g","caption":"Reda\u00e7\u00e3o"}}]}},"amp_enabled":true,"_links":{"self":[{"href":"https:\/\/www.notibras.com\/site\/wp-json\/wp\/v2\/posts\/39724","targetHints":{"allow":["GET"]}}],"collection":[{"href":"https:\/\/www.notibras.com\/site\/wp-json\/wp\/v2\/posts"}],"about":[{"href":"https:\/\/www.notibras.com\/site\/wp-json\/wp\/v2\/types\/post"}],"author":[{"embeddable":true,"href":"https:\/\/www.notibras.com\/site\/wp-json\/wp\/v2\/users\/2"}],"replies":[{"embeddable":true,"href":"https:\/\/www.notibras.com\/site\/wp-json\/wp\/v2\/comments?post=39724"}],"version-history":[{"count":0,"href":"https:\/\/www.notibras.com\/site\/wp-json\/wp\/v2\/posts\/39724\/revisions"}],"wp:featuredmedia":[{"embeddable":true,"href":"https:\/\/www.notibras.com\/site\/wp-json\/wp\/v2\/media\/39725"}],"wp:attachment":[{"href":"https:\/\/www.notibras.com\/site\/wp-json\/wp\/v2\/media?parent=39724"}],"wp:term":[{"taxonomy":"category","embeddable":true,"href":"https:\/\/www.notibras.com\/site\/wp-json\/wp\/v2\/categories?post=39724"},{"taxonomy":"post_tag","embeddable":true,"href":"https:\/\/www.notibras.com\/site\/wp-json\/wp\/v2\/tags?post=39724"}],"curies":[{"name":"wp","href":"https:\/\/api.w.org\/{rel}","templated":true}]}}