{"id":3974,"date":"2014-03-10T16:29:36","date_gmt":"2014-03-10T19:29:36","guid":{"rendered":"http:\/\/www.notibras.com\/site\/?p=3974"},"modified":"2014-03-10T18:29:49","modified_gmt":"2014-03-10T21:29:49","slug":"questao-nuclear-uma-carta-aberta-ao-premie-do-japao","status":"publish","type":"post","link":"https:\/\/www.notibras.com\/site\/questao-nuclear-uma-carta-aberta-ao-premie-do-japao\/","title":{"rendered":"Quest\u00e3o nuclear &#8211; uma carta aberta ao premi\u00ea do Jap\u00e3o"},"content":{"rendered":"<p>Excelent\u00edssimo\u00a0 Sr. Shinzo Abe,<br \/>\nMD Primeiro Ministro do Jap\u00e3o<\/p>\n<p>Em 13 de setembro de 2013, completava 26 anos\u00a0 o acidente com o C\u00e9sio-137, maior trag\u00e9dia at\u00f4mica ocorrida em \u00e1rea urbana que vitimou milhares de pessoas em Goi\u00e2nia, capital de Goi\u00e1s (Brasil).<\/p>\n<p>Nessa mesma data, 114 organiza\u00e7\u00f5es japonesas, 107 organiza\u00e7\u00f5es brasileiras, 32 Pr\u00eamios Nobel Alternativo e outras entidades dirigiram \u00e0 autoridades diplom\u00e1ticas e governamentais, japonesas e brasileiras, uma Declara\u00e7\u00e3o (abaixo reproduzida) contra um acordo nuclear Brasil\/Jap\u00e3o, em defesa de um tratado de coopera\u00e7\u00e3o para o uso de energias renov\u00e1veis entre os dois pa\u00edses.<\/p>\n<p>O sil\u00eancio das autoridades referidas acima, frente a essa iniciativa, n\u00e3o abalou nossa convic\u00e7\u00e3o de que o di\u00e1logo \u00e9 o melhor caminho para a consolida\u00e7\u00e3o da paz no mundo!<\/p>\n<p>Por isto mesmo, no terceiro ano do colapso de Fukushima, voltamos a nos dirigir a V. Exa, manifestando preocupa\u00e7\u00e3o com os preju\u00edzos que o Jap\u00e3o vem causando \u00e0 humanidade, pelas dificuldades de controlar a radioatividade liberada pelas avariadas usinas Daiichi que, por 3 anos, contamina trabalhadores, popula\u00e7\u00f5es e o meio ambiente. Material radioativo segue fluindo das usinas para \u00e1guas subterr\u00e2neas, desembocando no Oceano Pac\u00edfico.<\/p>\n<p>Desde que a imprensa noticiou, em outubro passado, que V. Exa,\u00a0 reconhecendo a gravidade da situa\u00e7\u00e3o, pediu ajuda tecnol\u00f3gica qualificada ao mundo todo para solucionar os impactos do acidente de Fukushima, aumenta por toda parte o temor pelo futuro do planeta, pois sabemos, todos, que usinas nucleares s\u00e3o mortais e a radia\u00e7\u00e3o at\u00f4mica n\u00e3o respeita fronteiras. Apesar do apoio dos EUA e dos bilh\u00f5es de d\u00f3lares j\u00e1 gastos na \u201cdescontamina\u00e7\u00e3o\u201d, o fracasso para evitar o vazamento de radioatividade em Fukushima evidencia a incompet\u00eancia da tecnologia nuclear japonesa. Mas o governo continua exportando esta perigosa tecnologia para pa\u00edses, como \u00cdndia, Turquia e Vietn\u00e3, ampliando o raio de amea\u00e7a para outros povos.<\/p>\n<p>Mais preocupante ainda \u00e9 que o governo est\u00e1 apoiando leis de sigilo que criminalizam autores de noticias sobre supostos &#8220;segredos&#8221; nucleares. Toda a m\u00eddia do Jap\u00e3o e at\u00e9 o New York Times se op\u00f5em a esta repressiva legisla\u00e7\u00e3o, que poder\u00e1 transformar em crime informa\u00e7\u00e3o sobre vazamentos radioativos e perigos em usinas nucleares japonesas.<\/p>\n<p>Nesta oportunidade, estamos nos dirigindo a V. Exa. para, mais uma vez, manifestar nossa solidariedade \u00e0s vitimas da tecnologia at\u00f4mica, em todo o mundo, e nosso apoio \u00e0s exig\u00eancias dos japoneses que anseiam pela imediata indeniza\u00e7\u00e3o de todos os trabalhadores e das popula\u00e7\u00f5es afetadas pela trag\u00e9dia de Fukushima; pela evacua\u00e7\u00e3o imediata das crian\u00e7as e comunidades da regi\u00e3o; pela revoga\u00e7\u00e3o da lei que amea\u00e7a a liberdade e o direito \u00e0 informa\u00e7\u00e3o; pelo fechamento das usinas nucleares e pela n\u00e3o exporta\u00e7\u00e3o desta tecnologia para outras partes do Planeta!<\/p>\n<p>Receba, Sr. Ministro, a express\u00e3o de nossa mais alta estima.<\/p>\n<p><strong>Zoraide Villasboas<\/strong><br \/>\nArticula\u00e7\u00e3o Antinuclear Brasileira<br \/>\nwww.brasilantinuclear.ning.com<\/p>\n<p><strong>Francisco Whitacker<\/strong><br \/>\nCoaliz\u00e3o por um Brasil Livre de Usinas Nucleares www.brasilcontrausinanuclear.com.br<\/p>\n","protected":false},"excerpt":{"rendered":"<p>Excelent\u00edssimo\u00a0 Sr. Shinzo Abe, MD Primeiro Ministro do Jap\u00e3o Em 13 de setembro de 2013, completava 26 anos\u00a0 o acidente com o C\u00e9sio-137, maior trag\u00e9dia at\u00f4mica ocorrida em \u00e1rea urbana que vitimou milhares de pessoas em Goi\u00e2nia, capital de Goi\u00e1s (Brasil). Nessa mesma data, 114 organiza\u00e7\u00f5es japonesas, 107 organiza\u00e7\u00f5es brasileiras, 32 Pr\u00eamios Nobel Alternativo e [&hellip;]<\/p>\n","protected":false},"author":2,"featured_media":3975,"comment_status":"open","ping_status":"closed","sticky":false,"template":"","format":"standard","meta":{"_acf_changed":false,"footnotes":""},"categories":[25],"tags":[],"class_list":["post-3974","post","type-post","status-publish","format-standard","has-post-thumbnail","hentry","category-opina-ai"],"acf":[],"yoast_head":"<!-- This site is optimized with the Yoast SEO plugin v27.5 - https:\/\/yoast.com\/product\/yoast-seo-wordpress\/ -->\n<title>Quest\u00e3o nuclear - uma carta aberta ao premi\u00ea do Jap\u00e3o - Notibras<\/title>\n<meta name=\"robots\" content=\"index, follow, max-snippet:-1, max-image-preview:large, max-video-preview:-1\" \/>\n<link rel=\"canonical\" href=\"https:\/\/www.notibras.com\/site\/questao-nuclear-uma-carta-aberta-ao-premie-do-japao\/\" \/>\n<meta property=\"og:locale\" content=\"pt_BR\" \/>\n<meta property=\"og:type\" content=\"article\" \/>\n<meta property=\"og:title\" content=\"Quest\u00e3o nuclear - uma carta aberta ao premi\u00ea do Jap\u00e3o - Notibras\" \/>\n<meta property=\"og:description\" content=\"Excelent\u00edssimo\u00a0 Sr. Shinzo Abe, MD Primeiro Ministro do Jap\u00e3o Em 13 de setembro de 2013, completava 26 anos\u00a0 o acidente com o C\u00e9sio-137, maior trag\u00e9dia at\u00f4mica ocorrida em \u00e1rea urbana que vitimou milhares de pessoas em Goi\u00e2nia, capital de Goi\u00e1s (Brasil). Nessa mesma data, 114 organiza\u00e7\u00f5es japonesas, 107 organiza\u00e7\u00f5es brasileiras, 32 Pr\u00eamios Nobel Alternativo e [&hellip;]\" \/>\n<meta property=\"og:url\" content=\"https:\/\/www.notibras.com\/site\/questao-nuclear-uma-carta-aberta-ao-premie-do-japao\/\" \/>\n<meta property=\"og:site_name\" content=\"Notibras\" \/>\n<meta property=\"article:publisher\" content=\"https:\/\/www.facebook.com\/notibras\/\" \/>\n<meta property=\"article:published_time\" content=\"2014-03-10T19:29:36+00:00\" \/>\n<meta property=\"article:modified_time\" content=\"2014-03-10T21:29:49+00:00\" \/>\n<meta property=\"og:image\" content=\"https:\/\/www.notibras.com\/site\/wp-content\/uploads\/2014\/03\/opi11.jpg\" \/>\n\t<meta property=\"og:image:width\" content=\"700\" \/>\n\t<meta property=\"og:image:height\" content=\"451\" \/>\n\t<meta property=\"og:image:type\" content=\"image\/jpeg\" \/>\n<meta name=\"author\" content=\"Reda\u00e7\u00e3o\" \/>\n<meta name=\"twitter:card\" content=\"summary_large_image\" \/>\n<meta name=\"twitter:creator\" content=\"@Notibras\" \/>\n<meta name=\"twitter:site\" content=\"@Notibras\" \/>\n<meta name=\"twitter:label1\" content=\"Escrito por\" \/>\n\t<meta name=\"twitter:data1\" content=\"Reda\u00e7\u00e3o\" \/>\n\t<meta name=\"twitter:label2\" content=\"Est. tempo de leitura\" \/>\n\t<meta name=\"twitter:data2\" content=\"3 minutos\" \/>\n<script type=\"application\/ld+json\" class=\"yoast-schema-graph\">{\"@context\":\"https:\\\/\\\/schema.org\",\"@graph\":[{\"@type\":\"Article\",\"@id\":\"https:\\\/\\\/www.notibras.com\\\/site\\\/questao-nuclear-uma-carta-aberta-ao-premie-do-japao\\\/#article\",\"isPartOf\":{\"@id\":\"https:\\\/\\\/www.notibras.com\\\/site\\\/questao-nuclear-uma-carta-aberta-ao-premie-do-japao\\\/\"},\"author\":{\"name\":\"Reda\u00e7\u00e3o\",\"@id\":\"https:\\\/\\\/www.notibras.com\\\/site\\\/#\\\/schema\\\/person\\\/36ab0979449956132d3e5b517ea76ac8\"},\"headline\":\"Quest\u00e3o nuclear &#8211; uma carta aberta ao premi\u00ea do Jap\u00e3o\",\"datePublished\":\"2014-03-10T19:29:36+00:00\",\"dateModified\":\"2014-03-10T21:29:49+00:00\",\"mainEntityOfPage\":{\"@id\":\"https:\\\/\\\/www.notibras.com\\\/site\\\/questao-nuclear-uma-carta-aberta-ao-premie-do-japao\\\/\"},\"wordCount\":528,\"commentCount\":0,\"publisher\":{\"@id\":\"https:\\\/\\\/www.notibras.com\\\/site\\\/#organization\"},\"image\":{\"@id\":\"https:\\\/\\\/www.notibras.com\\\/site\\\/questao-nuclear-uma-carta-aberta-ao-premie-do-japao\\\/#primaryimage\"},\"thumbnailUrl\":\"https:\\\/\\\/www.notibras.com\\\/site\\\/wp-content\\\/uploads\\\/2014\\\/03\\\/opi11.jpg\",\"articleSection\":[\"Opina a\u00ed\"],\"inLanguage\":\"pt-BR\",\"potentialAction\":[{\"@type\":\"CommentAction\",\"name\":\"Comment\",\"target\":[\"https:\\\/\\\/www.notibras.com\\\/site\\\/questao-nuclear-uma-carta-aberta-ao-premie-do-japao\\\/#respond\"]}]},{\"@type\":\"WebPage\",\"@id\":\"https:\\\/\\\/www.notibras.com\\\/site\\\/questao-nuclear-uma-carta-aberta-ao-premie-do-japao\\\/\",\"url\":\"https:\\\/\\\/www.notibras.com\\\/site\\\/questao-nuclear-uma-carta-aberta-ao-premie-do-japao\\\/\",\"name\":\"Quest\u00e3o nuclear - uma carta aberta ao premi\u00ea do Jap\u00e3o - Notibras\",\"isPartOf\":{\"@id\":\"https:\\\/\\\/www.notibras.com\\\/site\\\/#website\"},\"primaryImageOfPage\":{\"@id\":\"https:\\\/\\\/www.notibras.com\\\/site\\\/questao-nuclear-uma-carta-aberta-ao-premie-do-japao\\\/#primaryimage\"},\"image\":{\"@id\":\"https:\\\/\\\/www.notibras.com\\\/site\\\/questao-nuclear-uma-carta-aberta-ao-premie-do-japao\\\/#primaryimage\"},\"thumbnailUrl\":\"https:\\\/\\\/www.notibras.com\\\/site\\\/wp-content\\\/uploads\\\/2014\\\/03\\\/opi11.jpg\",\"datePublished\":\"2014-03-10T19:29:36+00:00\",\"dateModified\":\"2014-03-10T21:29:49+00:00\",\"breadcrumb\":{\"@id\":\"https:\\\/\\\/www.notibras.com\\\/site\\\/questao-nuclear-uma-carta-aberta-ao-premie-do-japao\\\/#breadcrumb\"},\"inLanguage\":\"pt-BR\",\"potentialAction\":[{\"@type\":\"ReadAction\",\"target\":[\"https:\\\/\\\/www.notibras.com\\\/site\\\/questao-nuclear-uma-carta-aberta-ao-premie-do-japao\\\/\"]}]},{\"@type\":\"ImageObject\",\"inLanguage\":\"pt-BR\",\"@id\":\"https:\\\/\\\/www.notibras.com\\\/site\\\/questao-nuclear-uma-carta-aberta-ao-premie-do-japao\\\/#primaryimage\",\"url\":\"https:\\\/\\\/www.notibras.com\\\/site\\\/wp-content\\\/uploads\\\/2014\\\/03\\\/opi11.jpg\",\"contentUrl\":\"https:\\\/\\\/www.notibras.com\\\/site\\\/wp-content\\\/uploads\\\/2014\\\/03\\\/opi11.jpg\",\"width\":700,\"height\":451},{\"@type\":\"BreadcrumbList\",\"@id\":\"https:\\\/\\\/www.notibras.com\\\/site\\\/questao-nuclear-uma-carta-aberta-ao-premie-do-japao\\\/#breadcrumb\",\"itemListElement\":[{\"@type\":\"ListItem\",\"position\":1,\"name\":\"In\u00edcio\",\"item\":\"https:\\\/\\\/www.notibras.com\\\/site\\\/\"},{\"@type\":\"ListItem\",\"position\":2,\"name\":\"Quest\u00e3o nuclear &#8211; uma carta aberta ao premi\u00ea do Jap\u00e3o\"}]},{\"@type\":\"WebSite\",\"@id\":\"https:\\\/\\\/www.notibras.com\\\/site\\\/#website\",\"url\":\"https:\\\/\\\/www.notibras.com\\\/site\\\/\",\"name\":\"Notibras\",\"description\":\"Not\u00edcias de Bras\u00edlia, do Brasil e do Mundo\",\"publisher\":{\"@id\":\"https:\\\/\\\/www.notibras.com\\\/site\\\/#organization\"},\"potentialAction\":[{\"@type\":\"SearchAction\",\"target\":{\"@type\":\"EntryPoint\",\"urlTemplate\":\"https:\\\/\\\/www.notibras.com\\\/site\\\/?s={search_term_string}\"},\"query-input\":{\"@type\":\"PropertyValueSpecification\",\"valueRequired\":true,\"valueName\":\"search_term_string\"}}],\"inLanguage\":\"pt-BR\"},{\"@type\":\"Organization\",\"@id\":\"https:\\\/\\\/www.notibras.com\\\/site\\\/#organization\",\"name\":\"Grupo Notibras de Comunica\u00e7\u00e3o\",\"url\":\"https:\\\/\\\/www.notibras.com\\\/site\\\/\",\"logo\":{\"@type\":\"ImageObject\",\"inLanguage\":\"pt-BR\",\"@id\":\"https:\\\/\\\/www.notibras.com\\\/site\\\/#\\\/schema\\\/logo\\\/image\\\/\",\"url\":\"https:\\\/\\\/www.notibras.com\\\/site\\\/wp-content\\\/uploads\\\/2023\\\/01\\\/notibras23.png\",\"contentUrl\":\"https:\\\/\\\/www.notibras.com\\\/site\\\/wp-content\\\/uploads\\\/2023\\\/01\\\/notibras23.png\",\"width\":350,\"height\":87,\"caption\":\"Grupo Notibras de Comunica\u00e7\u00e3o\"},\"image\":{\"@id\":\"https:\\\/\\\/www.notibras.com\\\/site\\\/#\\\/schema\\\/logo\\\/image\\\/\"},\"sameAs\":[\"https:\\\/\\\/www.facebook.com\\\/notibras\\\/\",\"https:\\\/\\\/x.com\\\/Notibras\",\"https:\\\/\\\/www.instagram.com\\\/notibras\\\/\"]},{\"@type\":\"Person\",\"@id\":\"https:\\\/\\\/www.notibras.com\\\/site\\\/#\\\/schema\\\/person\\\/36ab0979449956132d3e5b517ea76ac8\",\"name\":\"Reda\u00e7\u00e3o\",\"image\":{\"@type\":\"ImageObject\",\"inLanguage\":\"pt-BR\",\"@id\":\"https:\\\/\\\/secure.gravatar.com\\\/avatar\\\/e0a867bdedb85fd243eadf09663511f96fc81e0720a4a42581f334ad4303aa6b?s=96&d=mm&r=g\",\"url\":\"https:\\\/\\\/secure.gravatar.com\\\/avatar\\\/e0a867bdedb85fd243eadf09663511f96fc81e0720a4a42581f334ad4303aa6b?s=96&d=mm&r=g\",\"contentUrl\":\"https:\\\/\\\/secure.gravatar.com\\\/avatar\\\/e0a867bdedb85fd243eadf09663511f96fc81e0720a4a42581f334ad4303aa6b?s=96&d=mm&r=g\",\"caption\":\"Reda\u00e7\u00e3o\"}}]}<\/script>\n<!-- \/ Yoast SEO plugin. -->","yoast_head_json":{"title":"Quest\u00e3o nuclear - uma carta aberta ao premi\u00ea do Jap\u00e3o - Notibras","robots":{"index":"index","follow":"follow","max-snippet":"max-snippet:-1","max-image-preview":"max-image-preview:large","max-video-preview":"max-video-preview:-1"},"canonical":"https:\/\/www.notibras.com\/site\/questao-nuclear-uma-carta-aberta-ao-premie-do-japao\/","og_locale":"pt_BR","og_type":"article","og_title":"Quest\u00e3o nuclear - uma carta aberta ao premi\u00ea do Jap\u00e3o - Notibras","og_description":"Excelent\u00edssimo\u00a0 Sr. Shinzo Abe, MD Primeiro Ministro do Jap\u00e3o Em 13 de setembro de 2013, completava 26 anos\u00a0 o acidente com o C\u00e9sio-137, maior trag\u00e9dia at\u00f4mica ocorrida em \u00e1rea urbana que vitimou milhares de pessoas em Goi\u00e2nia, capital de Goi\u00e1s (Brasil). Nessa mesma data, 114 organiza\u00e7\u00f5es japonesas, 107 organiza\u00e7\u00f5es brasileiras, 32 Pr\u00eamios Nobel Alternativo e [&hellip;]","og_url":"https:\/\/www.notibras.com\/site\/questao-nuclear-uma-carta-aberta-ao-premie-do-japao\/","og_site_name":"Notibras","article_publisher":"https:\/\/www.facebook.com\/notibras\/","article_published_time":"2014-03-10T19:29:36+00:00","article_modified_time":"2014-03-10T21:29:49+00:00","og_image":[{"width":700,"height":451,"url":"https:\/\/www.notibras.com\/site\/wp-content\/uploads\/2014\/03\/opi11.jpg","type":"image\/jpeg"}],"author":"Reda\u00e7\u00e3o","twitter_card":"summary_large_image","twitter_creator":"@Notibras","twitter_site":"@Notibras","twitter_misc":{"Escrito por":"Reda\u00e7\u00e3o","Est. tempo de leitura":"3 minutos"},"schema":{"@context":"https:\/\/schema.org","@graph":[{"@type":"Article","@id":"https:\/\/www.notibras.com\/site\/questao-nuclear-uma-carta-aberta-ao-premie-do-japao\/#article","isPartOf":{"@id":"https:\/\/www.notibras.com\/site\/questao-nuclear-uma-carta-aberta-ao-premie-do-japao\/"},"author":{"name":"Reda\u00e7\u00e3o","@id":"https:\/\/www.notibras.com\/site\/#\/schema\/person\/36ab0979449956132d3e5b517ea76ac8"},"headline":"Quest\u00e3o nuclear &#8211; uma carta aberta ao premi\u00ea do Jap\u00e3o","datePublished":"2014-03-10T19:29:36+00:00","dateModified":"2014-03-10T21:29:49+00:00","mainEntityOfPage":{"@id":"https:\/\/www.notibras.com\/site\/questao-nuclear-uma-carta-aberta-ao-premie-do-japao\/"},"wordCount":528,"commentCount":0,"publisher":{"@id":"https:\/\/www.notibras.com\/site\/#organization"},"image":{"@id":"https:\/\/www.notibras.com\/site\/questao-nuclear-uma-carta-aberta-ao-premie-do-japao\/#primaryimage"},"thumbnailUrl":"https:\/\/www.notibras.com\/site\/wp-content\/uploads\/2014\/03\/opi11.jpg","articleSection":["Opina a\u00ed"],"inLanguage":"pt-BR","potentialAction":[{"@type":"CommentAction","name":"Comment","target":["https:\/\/www.notibras.com\/site\/questao-nuclear-uma-carta-aberta-ao-premie-do-japao\/#respond"]}]},{"@type":"WebPage","@id":"https:\/\/www.notibras.com\/site\/questao-nuclear-uma-carta-aberta-ao-premie-do-japao\/","url":"https:\/\/www.notibras.com\/site\/questao-nuclear-uma-carta-aberta-ao-premie-do-japao\/","name":"Quest\u00e3o nuclear - uma carta aberta ao premi\u00ea do Jap\u00e3o - Notibras","isPartOf":{"@id":"https:\/\/www.notibras.com\/site\/#website"},"primaryImageOfPage":{"@id":"https:\/\/www.notibras.com\/site\/questao-nuclear-uma-carta-aberta-ao-premie-do-japao\/#primaryimage"},"image":{"@id":"https:\/\/www.notibras.com\/site\/questao-nuclear-uma-carta-aberta-ao-premie-do-japao\/#primaryimage"},"thumbnailUrl":"https:\/\/www.notibras.com\/site\/wp-content\/uploads\/2014\/03\/opi11.jpg","datePublished":"2014-03-10T19:29:36+00:00","dateModified":"2014-03-10T21:29:49+00:00","breadcrumb":{"@id":"https:\/\/www.notibras.com\/site\/questao-nuclear-uma-carta-aberta-ao-premie-do-japao\/#breadcrumb"},"inLanguage":"pt-BR","potentialAction":[{"@type":"ReadAction","target":["https:\/\/www.notibras.com\/site\/questao-nuclear-uma-carta-aberta-ao-premie-do-japao\/"]}]},{"@type":"ImageObject","inLanguage":"pt-BR","@id":"https:\/\/www.notibras.com\/site\/questao-nuclear-uma-carta-aberta-ao-premie-do-japao\/#primaryimage","url":"https:\/\/www.notibras.com\/site\/wp-content\/uploads\/2014\/03\/opi11.jpg","contentUrl":"https:\/\/www.notibras.com\/site\/wp-content\/uploads\/2014\/03\/opi11.jpg","width":700,"height":451},{"@type":"BreadcrumbList","@id":"https:\/\/www.notibras.com\/site\/questao-nuclear-uma-carta-aberta-ao-premie-do-japao\/#breadcrumb","itemListElement":[{"@type":"ListItem","position":1,"name":"In\u00edcio","item":"https:\/\/www.notibras.com\/site\/"},{"@type":"ListItem","position":2,"name":"Quest\u00e3o nuclear &#8211; uma carta aberta ao premi\u00ea do Jap\u00e3o"}]},{"@type":"WebSite","@id":"https:\/\/www.notibras.com\/site\/#website","url":"https:\/\/www.notibras.com\/site\/","name":"Notibras","description":"Not\u00edcias de Bras\u00edlia, do Brasil e do Mundo","publisher":{"@id":"https:\/\/www.notibras.com\/site\/#organization"},"potentialAction":[{"@type":"SearchAction","target":{"@type":"EntryPoint","urlTemplate":"https:\/\/www.notibras.com\/site\/?s={search_term_string}"},"query-input":{"@type":"PropertyValueSpecification","valueRequired":true,"valueName":"search_term_string"}}],"inLanguage":"pt-BR"},{"@type":"Organization","@id":"https:\/\/www.notibras.com\/site\/#organization","name":"Grupo Notibras de Comunica\u00e7\u00e3o","url":"https:\/\/www.notibras.com\/site\/","logo":{"@type":"ImageObject","inLanguage":"pt-BR","@id":"https:\/\/www.notibras.com\/site\/#\/schema\/logo\/image\/","url":"https:\/\/www.notibras.com\/site\/wp-content\/uploads\/2023\/01\/notibras23.png","contentUrl":"https:\/\/www.notibras.com\/site\/wp-content\/uploads\/2023\/01\/notibras23.png","width":350,"height":87,"caption":"Grupo Notibras de Comunica\u00e7\u00e3o"},"image":{"@id":"https:\/\/www.notibras.com\/site\/#\/schema\/logo\/image\/"},"sameAs":["https:\/\/www.facebook.com\/notibras\/","https:\/\/x.com\/Notibras","https:\/\/www.instagram.com\/notibras\/"]},{"@type":"Person","@id":"https:\/\/www.notibras.com\/site\/#\/schema\/person\/36ab0979449956132d3e5b517ea76ac8","name":"Reda\u00e7\u00e3o","image":{"@type":"ImageObject","inLanguage":"pt-BR","@id":"https:\/\/secure.gravatar.com\/avatar\/e0a867bdedb85fd243eadf09663511f96fc81e0720a4a42581f334ad4303aa6b?s=96&d=mm&r=g","url":"https:\/\/secure.gravatar.com\/avatar\/e0a867bdedb85fd243eadf09663511f96fc81e0720a4a42581f334ad4303aa6b?s=96&d=mm&r=g","contentUrl":"https:\/\/secure.gravatar.com\/avatar\/e0a867bdedb85fd243eadf09663511f96fc81e0720a4a42581f334ad4303aa6b?s=96&d=mm&r=g","caption":"Reda\u00e7\u00e3o"}}]}},"amp_enabled":true,"_links":{"self":[{"href":"https:\/\/www.notibras.com\/site\/wp-json\/wp\/v2\/posts\/3974","targetHints":{"allow":["GET"]}}],"collection":[{"href":"https:\/\/www.notibras.com\/site\/wp-json\/wp\/v2\/posts"}],"about":[{"href":"https:\/\/www.notibras.com\/site\/wp-json\/wp\/v2\/types\/post"}],"author":[{"embeddable":true,"href":"https:\/\/www.notibras.com\/site\/wp-json\/wp\/v2\/users\/2"}],"replies":[{"embeddable":true,"href":"https:\/\/www.notibras.com\/site\/wp-json\/wp\/v2\/comments?post=3974"}],"version-history":[{"count":0,"href":"https:\/\/www.notibras.com\/site\/wp-json\/wp\/v2\/posts\/3974\/revisions"}],"wp:featuredmedia":[{"embeddable":true,"href":"https:\/\/www.notibras.com\/site\/wp-json\/wp\/v2\/media\/3975"}],"wp:attachment":[{"href":"https:\/\/www.notibras.com\/site\/wp-json\/wp\/v2\/media?parent=3974"}],"wp:term":[{"taxonomy":"category","embeddable":true,"href":"https:\/\/www.notibras.com\/site\/wp-json\/wp\/v2\/categories?post=3974"},{"taxonomy":"post_tag","embeddable":true,"href":"https:\/\/www.notibras.com\/site\/wp-json\/wp\/v2\/tags?post=3974"}],"curies":[{"name":"wp","href":"https:\/\/api.w.org\/{rel}","templated":true}]}}