{"id":39780,"date":"2015-03-13T05:33:45","date_gmt":"2015-03-13T08:33:45","guid":{"rendered":"http:\/\/www.notibras.com\/site\/?p=39780"},"modified":"2015-03-13T05:35:46","modified_gmt":"2015-03-13T08:35:46","slug":"desembargador-da-liberdade-a-battisti-preso-por-ordem-de-juiza","status":"publish","type":"post","link":"https:\/\/www.notibras.com\/site\/desembargador-da-liberdade-a-battisti-preso-por-ordem-de-juiza\/","title":{"rendered":"Desembargador d\u00e1 liberdade a Battisti, ap\u00f3s 8 horas preso"},"content":{"rendered":"<p>N\u00e3o mais que oito horas. Esse o tempo que o\u00a0 ex-ativista italiano Cesare Battisti passou preso nas instala\u00e7\u00f5es da Pol\u00edcia Federal, nesta quinta-feira 12, ap\u00f3s ordem expedida pela Justi\u00e7a Federal em Bras\u00edlia. Detido em Embu das Artes, na Grande S\u00e3o Paulo, ele foi solto no in\u00edcio da noite, gra\u00e7as a um habeas corpus.<\/p>\n<p>Battisti foi condenado na It\u00e1lia \u00e0 pris\u00e3o perp\u00e9tua por 4 homic\u00eddios, mas ele nega os crimes. Na quinta 12, ap\u00f3s a pris\u00e3o, ele foi beneficiado por um habeas corpus, obtido no Tribunal Regional Federal da 1\u00aa Regi\u00e3o. O desembargador federal C\u00e2ndido Ribeiro determinou a liberta\u00e7\u00e3o do italiano.<\/p>\n<blockquote><p>O ex-ativista deixou o pr\u00e9dio da PF, na Zona Oeste de S\u00e3o Paulo, pela porta da frente. Saiu andando, n\u00e3o falou com os jornalistas e entrou em um t\u00e1xi. Segundo seu advogado, Igor Sant&#8217;Anna Tamasauskas, Battisti foi deixado em casa por volta de 1h10 desta sexta e est\u00e1 satisfeito com a decis\u00e3o.<\/p><\/blockquote>\n<p>\u201cBasicamente, o presidente do Tribunal Regional Federal (TRF) da 1\u00aa Regi\u00e3o compreendeu que a decis\u00e3o da ju\u00edza de primeiro grau estava subvertendo a ordem jur\u00eddica, na medida em que ela estava passando por cima da decis\u00e3o do Supremo Tribunal Federal (STF) e da Presid\u00eancia da Rep\u00fablica quando determinou a perman\u00eancia do senhor Cesare Battisti aqui no Brasil\u201d, disse Tamasauskas.<\/p>\n<p>O advogado disse que ir\u00e1 \u00e0 Corregedoria do TRF e do Conselho Nacional da Justi\u00e7a por considerar que a decis\u00e3o da ju\u00edza &#8220;foi uma viola\u00e7\u00e3o grave aos deveres do magistrado&#8221;.<\/p>\n","protected":false},"excerpt":{"rendered":"<p>N\u00e3o mais que oito horas. Esse o tempo que o\u00a0 ex-ativista italiano Cesare Battisti passou preso nas instala\u00e7\u00f5es da Pol\u00edcia Federal, nesta quinta-feira 12, ap\u00f3s ordem expedida pela Justi\u00e7a Federal em Bras\u00edlia. Detido em Embu das Artes, na Grande S\u00e3o Paulo, ele foi solto no in\u00edcio da noite, gra\u00e7as a um habeas corpus. Battisti foi [&hellip;]<\/p>\n","protected":false},"author":2,"featured_media":39781,"comment_status":"open","ping_status":"closed","sticky":false,"template":"","format":"standard","meta":{"_acf_changed":false,"footnotes":""},"categories":[16],"tags":[],"class_list":["post-39780","post","type-post","status-publish","format-standard","has-post-thumbnail","hentry","category-brasil"],"acf":[],"yoast_head":"<!-- This site is optimized with the Yoast SEO plugin v27.5 - https:\/\/yoast.com\/product\/yoast-seo-wordpress\/ -->\n<title>Desembargador d\u00e1 liberdade a Battisti, ap\u00f3s 8 horas preso - Notibras<\/title>\n<meta name=\"robots\" content=\"index, follow, max-snippet:-1, max-image-preview:large, max-video-preview:-1\" \/>\n<link rel=\"canonical\" href=\"https:\/\/www.notibras.com\/site\/desembargador-da-liberdade-a-battisti-preso-por-ordem-de-juiza\/\" \/>\n<meta property=\"og:locale\" content=\"pt_BR\" \/>\n<meta property=\"og:type\" content=\"article\" \/>\n<meta property=\"og:title\" content=\"Desembargador d\u00e1 liberdade a Battisti, ap\u00f3s 8 horas preso - Notibras\" \/>\n<meta property=\"og:description\" content=\"N\u00e3o mais que oito horas. Esse o tempo que o\u00a0 ex-ativista italiano Cesare Battisti passou preso nas instala\u00e7\u00f5es da Pol\u00edcia Federal, nesta quinta-feira 12, ap\u00f3s ordem expedida pela Justi\u00e7a Federal em Bras\u00edlia. Detido em Embu das Artes, na Grande S\u00e3o Paulo, ele foi solto no in\u00edcio da noite, gra\u00e7as a um habeas corpus. Battisti foi [&hellip;]\" \/>\n<meta property=\"og:url\" content=\"https:\/\/www.notibras.com\/site\/desembargador-da-liberdade-a-battisti-preso-por-ordem-de-juiza\/\" \/>\n<meta property=\"og:site_name\" content=\"Notibras\" \/>\n<meta property=\"article:publisher\" content=\"https:\/\/www.facebook.com\/notibras\/\" \/>\n<meta property=\"article:published_time\" content=\"2015-03-13T08:33:45+00:00\" \/>\n<meta property=\"article:modified_time\" content=\"2015-03-13T08:35:46+00:00\" \/>\n<meta property=\"og:image\" content=\"https:\/\/www.notibras.com\/site\/wp-content\/uploads\/2015\/03\/13cesare-gb.jpg\" \/>\n\t<meta property=\"og:image:width\" content=\"300\" \/>\n\t<meta property=\"og:image:height\" content=\"200\" \/>\n\t<meta property=\"og:image:type\" content=\"image\/jpeg\" \/>\n<meta name=\"author\" content=\"Reda\u00e7\u00e3o\" \/>\n<meta name=\"twitter:card\" content=\"summary_large_image\" \/>\n<meta name=\"twitter:creator\" content=\"@Notibras\" \/>\n<meta name=\"twitter:site\" content=\"@Notibras\" \/>\n<meta name=\"twitter:label1\" content=\"Escrito por\" \/>\n\t<meta name=\"twitter:data1\" content=\"Reda\u00e7\u00e3o\" \/>\n\t<meta name=\"twitter:label2\" content=\"Est. tempo de leitura\" \/>\n\t<meta name=\"twitter:data2\" content=\"1 minuto\" \/>\n<script type=\"application\/ld+json\" class=\"yoast-schema-graph\">{\"@context\":\"https:\\\/\\\/schema.org\",\"@graph\":[{\"@type\":\"Article\",\"@id\":\"https:\\\/\\\/www.notibras.com\\\/site\\\/desembargador-da-liberdade-a-battisti-preso-por-ordem-de-juiza\\\/#article\",\"isPartOf\":{\"@id\":\"https:\\\/\\\/www.notibras.com\\\/site\\\/desembargador-da-liberdade-a-battisti-preso-por-ordem-de-juiza\\\/\"},\"author\":{\"name\":\"Reda\u00e7\u00e3o\",\"@id\":\"https:\\\/\\\/www.notibras.com\\\/site\\\/#\\\/schema\\\/person\\\/36ab0979449956132d3e5b517ea76ac8\"},\"headline\":\"Desembargador d\u00e1 liberdade a Battisti, ap\u00f3s 8 horas preso\",\"datePublished\":\"2015-03-13T08:33:45+00:00\",\"dateModified\":\"2015-03-13T08:35:46+00:00\",\"mainEntityOfPage\":{\"@id\":\"https:\\\/\\\/www.notibras.com\\\/site\\\/desembargador-da-liberdade-a-battisti-preso-por-ordem-de-juiza\\\/\"},\"wordCount\":278,\"commentCount\":0,\"publisher\":{\"@id\":\"https:\\\/\\\/www.notibras.com\\\/site\\\/#organization\"},\"image\":{\"@id\":\"https:\\\/\\\/www.notibras.com\\\/site\\\/desembargador-da-liberdade-a-battisti-preso-por-ordem-de-juiza\\\/#primaryimage\"},\"thumbnailUrl\":\"https:\\\/\\\/www.notibras.com\\\/site\\\/wp-content\\\/uploads\\\/2015\\\/03\\\/13cesare-gb.jpg\",\"articleSection\":[\"Brasil\"],\"inLanguage\":\"pt-BR\",\"potentialAction\":[{\"@type\":\"CommentAction\",\"name\":\"Comment\",\"target\":[\"https:\\\/\\\/www.notibras.com\\\/site\\\/desembargador-da-liberdade-a-battisti-preso-por-ordem-de-juiza\\\/#respond\"]}]},{\"@type\":\"WebPage\",\"@id\":\"https:\\\/\\\/www.notibras.com\\\/site\\\/desembargador-da-liberdade-a-battisti-preso-por-ordem-de-juiza\\\/\",\"url\":\"https:\\\/\\\/www.notibras.com\\\/site\\\/desembargador-da-liberdade-a-battisti-preso-por-ordem-de-juiza\\\/\",\"name\":\"Desembargador d\u00e1 liberdade a Battisti, ap\u00f3s 8 horas preso - Notibras\",\"isPartOf\":{\"@id\":\"https:\\\/\\\/www.notibras.com\\\/site\\\/#website\"},\"primaryImageOfPage\":{\"@id\":\"https:\\\/\\\/www.notibras.com\\\/site\\\/desembargador-da-liberdade-a-battisti-preso-por-ordem-de-juiza\\\/#primaryimage\"},\"image\":{\"@id\":\"https:\\\/\\\/www.notibras.com\\\/site\\\/desembargador-da-liberdade-a-battisti-preso-por-ordem-de-juiza\\\/#primaryimage\"},\"thumbnailUrl\":\"https:\\\/\\\/www.notibras.com\\\/site\\\/wp-content\\\/uploads\\\/2015\\\/03\\\/13cesare-gb.jpg\",\"datePublished\":\"2015-03-13T08:33:45+00:00\",\"dateModified\":\"2015-03-13T08:35:46+00:00\",\"breadcrumb\":{\"@id\":\"https:\\\/\\\/www.notibras.com\\\/site\\\/desembargador-da-liberdade-a-battisti-preso-por-ordem-de-juiza\\\/#breadcrumb\"},\"inLanguage\":\"pt-BR\",\"potentialAction\":[{\"@type\":\"ReadAction\",\"target\":[\"https:\\\/\\\/www.notibras.com\\\/site\\\/desembargador-da-liberdade-a-battisti-preso-por-ordem-de-juiza\\\/\"]}]},{\"@type\":\"ImageObject\",\"inLanguage\":\"pt-BR\",\"@id\":\"https:\\\/\\\/www.notibras.com\\\/site\\\/desembargador-da-liberdade-a-battisti-preso-por-ordem-de-juiza\\\/#primaryimage\",\"url\":\"https:\\\/\\\/www.notibras.com\\\/site\\\/wp-content\\\/uploads\\\/2015\\\/03\\\/13cesare-gb.jpg\",\"contentUrl\":\"https:\\\/\\\/www.notibras.com\\\/site\\\/wp-content\\\/uploads\\\/2015\\\/03\\\/13cesare-gb.jpg\",\"width\":300,\"height\":200},{\"@type\":\"BreadcrumbList\",\"@id\":\"https:\\\/\\\/www.notibras.com\\\/site\\\/desembargador-da-liberdade-a-battisti-preso-por-ordem-de-juiza\\\/#breadcrumb\",\"itemListElement\":[{\"@type\":\"ListItem\",\"position\":1,\"name\":\"In\u00edcio\",\"item\":\"https:\\\/\\\/www.notibras.com\\\/site\\\/\"},{\"@type\":\"ListItem\",\"position\":2,\"name\":\"Desembargador d\u00e1 liberdade a Battisti, ap\u00f3s 8 horas preso\"}]},{\"@type\":\"WebSite\",\"@id\":\"https:\\\/\\\/www.notibras.com\\\/site\\\/#website\",\"url\":\"https:\\\/\\\/www.notibras.com\\\/site\\\/\",\"name\":\"Notibras\",\"description\":\"Not\u00edcias de Bras\u00edlia, do Brasil e do Mundo\",\"publisher\":{\"@id\":\"https:\\\/\\\/www.notibras.com\\\/site\\\/#organization\"},\"potentialAction\":[{\"@type\":\"SearchAction\",\"target\":{\"@type\":\"EntryPoint\",\"urlTemplate\":\"https:\\\/\\\/www.notibras.com\\\/site\\\/?s={search_term_string}\"},\"query-input\":{\"@type\":\"PropertyValueSpecification\",\"valueRequired\":true,\"valueName\":\"search_term_string\"}}],\"inLanguage\":\"pt-BR\"},{\"@type\":\"Organization\",\"@id\":\"https:\\\/\\\/www.notibras.com\\\/site\\\/#organization\",\"name\":\"Grupo Notibras de Comunica\u00e7\u00e3o\",\"url\":\"https:\\\/\\\/www.notibras.com\\\/site\\\/\",\"logo\":{\"@type\":\"ImageObject\",\"inLanguage\":\"pt-BR\",\"@id\":\"https:\\\/\\\/www.notibras.com\\\/site\\\/#\\\/schema\\\/logo\\\/image\\\/\",\"url\":\"https:\\\/\\\/www.notibras.com\\\/site\\\/wp-content\\\/uploads\\\/2023\\\/01\\\/notibras23.png\",\"contentUrl\":\"https:\\\/\\\/www.notibras.com\\\/site\\\/wp-content\\\/uploads\\\/2023\\\/01\\\/notibras23.png\",\"width\":350,\"height\":87,\"caption\":\"Grupo Notibras de Comunica\u00e7\u00e3o\"},\"image\":{\"@id\":\"https:\\\/\\\/www.notibras.com\\\/site\\\/#\\\/schema\\\/logo\\\/image\\\/\"},\"sameAs\":[\"https:\\\/\\\/www.facebook.com\\\/notibras\\\/\",\"https:\\\/\\\/x.com\\\/Notibras\",\"https:\\\/\\\/www.instagram.com\\\/notibras\\\/\"]},{\"@type\":\"Person\",\"@id\":\"https:\\\/\\\/www.notibras.com\\\/site\\\/#\\\/schema\\\/person\\\/36ab0979449956132d3e5b517ea76ac8\",\"name\":\"Reda\u00e7\u00e3o\",\"image\":{\"@type\":\"ImageObject\",\"inLanguage\":\"pt-BR\",\"@id\":\"https:\\\/\\\/secure.gravatar.com\\\/avatar\\\/e0a867bdedb85fd243eadf09663511f96fc81e0720a4a42581f334ad4303aa6b?s=96&d=mm&r=g\",\"url\":\"https:\\\/\\\/secure.gravatar.com\\\/avatar\\\/e0a867bdedb85fd243eadf09663511f96fc81e0720a4a42581f334ad4303aa6b?s=96&d=mm&r=g\",\"contentUrl\":\"https:\\\/\\\/secure.gravatar.com\\\/avatar\\\/e0a867bdedb85fd243eadf09663511f96fc81e0720a4a42581f334ad4303aa6b?s=96&d=mm&r=g\",\"caption\":\"Reda\u00e7\u00e3o\"}}]}<\/script>\n<!-- \/ Yoast SEO plugin. -->","yoast_head_json":{"title":"Desembargador d\u00e1 liberdade a Battisti, ap\u00f3s 8 horas preso - Notibras","robots":{"index":"index","follow":"follow","max-snippet":"max-snippet:-1","max-image-preview":"max-image-preview:large","max-video-preview":"max-video-preview:-1"},"canonical":"https:\/\/www.notibras.com\/site\/desembargador-da-liberdade-a-battisti-preso-por-ordem-de-juiza\/","og_locale":"pt_BR","og_type":"article","og_title":"Desembargador d\u00e1 liberdade a Battisti, ap\u00f3s 8 horas preso - Notibras","og_description":"N\u00e3o mais que oito horas. Esse o tempo que o\u00a0 ex-ativista italiano Cesare Battisti passou preso nas instala\u00e7\u00f5es da Pol\u00edcia Federal, nesta quinta-feira 12, ap\u00f3s ordem expedida pela Justi\u00e7a Federal em Bras\u00edlia. Detido em Embu das Artes, na Grande S\u00e3o Paulo, ele foi solto no in\u00edcio da noite, gra\u00e7as a um habeas corpus. Battisti foi [&hellip;]","og_url":"https:\/\/www.notibras.com\/site\/desembargador-da-liberdade-a-battisti-preso-por-ordem-de-juiza\/","og_site_name":"Notibras","article_publisher":"https:\/\/www.facebook.com\/notibras\/","article_published_time":"2015-03-13T08:33:45+00:00","article_modified_time":"2015-03-13T08:35:46+00:00","og_image":[{"width":300,"height":200,"url":"https:\/\/www.notibras.com\/site\/wp-content\/uploads\/2015\/03\/13cesare-gb.jpg","type":"image\/jpeg"}],"author":"Reda\u00e7\u00e3o","twitter_card":"summary_large_image","twitter_creator":"@Notibras","twitter_site":"@Notibras","twitter_misc":{"Escrito por":"Reda\u00e7\u00e3o","Est. tempo de leitura":"1 minuto"},"schema":{"@context":"https:\/\/schema.org","@graph":[{"@type":"Article","@id":"https:\/\/www.notibras.com\/site\/desembargador-da-liberdade-a-battisti-preso-por-ordem-de-juiza\/#article","isPartOf":{"@id":"https:\/\/www.notibras.com\/site\/desembargador-da-liberdade-a-battisti-preso-por-ordem-de-juiza\/"},"author":{"name":"Reda\u00e7\u00e3o","@id":"https:\/\/www.notibras.com\/site\/#\/schema\/person\/36ab0979449956132d3e5b517ea76ac8"},"headline":"Desembargador d\u00e1 liberdade a Battisti, ap\u00f3s 8 horas preso","datePublished":"2015-03-13T08:33:45+00:00","dateModified":"2015-03-13T08:35:46+00:00","mainEntityOfPage":{"@id":"https:\/\/www.notibras.com\/site\/desembargador-da-liberdade-a-battisti-preso-por-ordem-de-juiza\/"},"wordCount":278,"commentCount":0,"publisher":{"@id":"https:\/\/www.notibras.com\/site\/#organization"},"image":{"@id":"https:\/\/www.notibras.com\/site\/desembargador-da-liberdade-a-battisti-preso-por-ordem-de-juiza\/#primaryimage"},"thumbnailUrl":"https:\/\/www.notibras.com\/site\/wp-content\/uploads\/2015\/03\/13cesare-gb.jpg","articleSection":["Brasil"],"inLanguage":"pt-BR","potentialAction":[{"@type":"CommentAction","name":"Comment","target":["https:\/\/www.notibras.com\/site\/desembargador-da-liberdade-a-battisti-preso-por-ordem-de-juiza\/#respond"]}]},{"@type":"WebPage","@id":"https:\/\/www.notibras.com\/site\/desembargador-da-liberdade-a-battisti-preso-por-ordem-de-juiza\/","url":"https:\/\/www.notibras.com\/site\/desembargador-da-liberdade-a-battisti-preso-por-ordem-de-juiza\/","name":"Desembargador d\u00e1 liberdade a Battisti, ap\u00f3s 8 horas preso - Notibras","isPartOf":{"@id":"https:\/\/www.notibras.com\/site\/#website"},"primaryImageOfPage":{"@id":"https:\/\/www.notibras.com\/site\/desembargador-da-liberdade-a-battisti-preso-por-ordem-de-juiza\/#primaryimage"},"image":{"@id":"https:\/\/www.notibras.com\/site\/desembargador-da-liberdade-a-battisti-preso-por-ordem-de-juiza\/#primaryimage"},"thumbnailUrl":"https:\/\/www.notibras.com\/site\/wp-content\/uploads\/2015\/03\/13cesare-gb.jpg","datePublished":"2015-03-13T08:33:45+00:00","dateModified":"2015-03-13T08:35:46+00:00","breadcrumb":{"@id":"https:\/\/www.notibras.com\/site\/desembargador-da-liberdade-a-battisti-preso-por-ordem-de-juiza\/#breadcrumb"},"inLanguage":"pt-BR","potentialAction":[{"@type":"ReadAction","target":["https:\/\/www.notibras.com\/site\/desembargador-da-liberdade-a-battisti-preso-por-ordem-de-juiza\/"]}]},{"@type":"ImageObject","inLanguage":"pt-BR","@id":"https:\/\/www.notibras.com\/site\/desembargador-da-liberdade-a-battisti-preso-por-ordem-de-juiza\/#primaryimage","url":"https:\/\/www.notibras.com\/site\/wp-content\/uploads\/2015\/03\/13cesare-gb.jpg","contentUrl":"https:\/\/www.notibras.com\/site\/wp-content\/uploads\/2015\/03\/13cesare-gb.jpg","width":300,"height":200},{"@type":"BreadcrumbList","@id":"https:\/\/www.notibras.com\/site\/desembargador-da-liberdade-a-battisti-preso-por-ordem-de-juiza\/#breadcrumb","itemListElement":[{"@type":"ListItem","position":1,"name":"In\u00edcio","item":"https:\/\/www.notibras.com\/site\/"},{"@type":"ListItem","position":2,"name":"Desembargador d\u00e1 liberdade a Battisti, ap\u00f3s 8 horas preso"}]},{"@type":"WebSite","@id":"https:\/\/www.notibras.com\/site\/#website","url":"https:\/\/www.notibras.com\/site\/","name":"Notibras","description":"Not\u00edcias de Bras\u00edlia, do Brasil e do Mundo","publisher":{"@id":"https:\/\/www.notibras.com\/site\/#organization"},"potentialAction":[{"@type":"SearchAction","target":{"@type":"EntryPoint","urlTemplate":"https:\/\/www.notibras.com\/site\/?s={search_term_string}"},"query-input":{"@type":"PropertyValueSpecification","valueRequired":true,"valueName":"search_term_string"}}],"inLanguage":"pt-BR"},{"@type":"Organization","@id":"https:\/\/www.notibras.com\/site\/#organization","name":"Grupo Notibras de Comunica\u00e7\u00e3o","url":"https:\/\/www.notibras.com\/site\/","logo":{"@type":"ImageObject","inLanguage":"pt-BR","@id":"https:\/\/www.notibras.com\/site\/#\/schema\/logo\/image\/","url":"https:\/\/www.notibras.com\/site\/wp-content\/uploads\/2023\/01\/notibras23.png","contentUrl":"https:\/\/www.notibras.com\/site\/wp-content\/uploads\/2023\/01\/notibras23.png","width":350,"height":87,"caption":"Grupo Notibras de Comunica\u00e7\u00e3o"},"image":{"@id":"https:\/\/www.notibras.com\/site\/#\/schema\/logo\/image\/"},"sameAs":["https:\/\/www.facebook.com\/notibras\/","https:\/\/x.com\/Notibras","https:\/\/www.instagram.com\/notibras\/"]},{"@type":"Person","@id":"https:\/\/www.notibras.com\/site\/#\/schema\/person\/36ab0979449956132d3e5b517ea76ac8","name":"Reda\u00e7\u00e3o","image":{"@type":"ImageObject","inLanguage":"pt-BR","@id":"https:\/\/secure.gravatar.com\/avatar\/e0a867bdedb85fd243eadf09663511f96fc81e0720a4a42581f334ad4303aa6b?s=96&d=mm&r=g","url":"https:\/\/secure.gravatar.com\/avatar\/e0a867bdedb85fd243eadf09663511f96fc81e0720a4a42581f334ad4303aa6b?s=96&d=mm&r=g","contentUrl":"https:\/\/secure.gravatar.com\/avatar\/e0a867bdedb85fd243eadf09663511f96fc81e0720a4a42581f334ad4303aa6b?s=96&d=mm&r=g","caption":"Reda\u00e7\u00e3o"}}]}},"amp_enabled":true,"_links":{"self":[{"href":"https:\/\/www.notibras.com\/site\/wp-json\/wp\/v2\/posts\/39780","targetHints":{"allow":["GET"]}}],"collection":[{"href":"https:\/\/www.notibras.com\/site\/wp-json\/wp\/v2\/posts"}],"about":[{"href":"https:\/\/www.notibras.com\/site\/wp-json\/wp\/v2\/types\/post"}],"author":[{"embeddable":true,"href":"https:\/\/www.notibras.com\/site\/wp-json\/wp\/v2\/users\/2"}],"replies":[{"embeddable":true,"href":"https:\/\/www.notibras.com\/site\/wp-json\/wp\/v2\/comments?post=39780"}],"version-history":[{"count":0,"href":"https:\/\/www.notibras.com\/site\/wp-json\/wp\/v2\/posts\/39780\/revisions"}],"wp:featuredmedia":[{"embeddable":true,"href":"https:\/\/www.notibras.com\/site\/wp-json\/wp\/v2\/media\/39781"}],"wp:attachment":[{"href":"https:\/\/www.notibras.com\/site\/wp-json\/wp\/v2\/media?parent=39780"}],"wp:term":[{"taxonomy":"category","embeddable":true,"href":"https:\/\/www.notibras.com\/site\/wp-json\/wp\/v2\/categories?post=39780"},{"taxonomy":"post_tag","embeddable":true,"href":"https:\/\/www.notibras.com\/site\/wp-json\/wp\/v2\/tags?post=39780"}],"curies":[{"name":"wp","href":"https:\/\/api.w.org\/{rel}","templated":true}]}}