{"id":39820,"date":"2015-03-13T13:30:29","date_gmt":"2015-03-13T16:30:29","guid":{"rendered":"http:\/\/www.notibras.com\/site\/?p=39820"},"modified":"2015-03-13T18:11:41","modified_gmt":"2015-03-13T21:11:41","slug":"atos-em-defesa-da-petrobras-ocorrem-sem-violencia","status":"publish","type":"post","link":"https:\/\/www.notibras.com\/site\/atos-em-defesa-da-petrobras-ocorrem-sem-violencia\/","title":{"rendered":"Atos em defesa da Petrobras ocorrem sem viol\u00eancia nas principais cidades do Pa\u00eds"},"content":{"rendered":"<p>Petistas e outros partid\u00e1rios de Dilma Rousseff tomaram as ruas de v\u00e1rias cidades brasileiras nesta sexta-feira, em atos em defesa da Petrobras e contr\u00e1rios a um eventual pedido de impeachment da presidente da Rep\u00fablica. Os atos foram convocados pela CUT, MST e UNE e n\u00e3o tinham registrado nenhum incidente grave at\u00e9 o in\u00edcio da tarde.<\/p>\n<p>O &#8220;Dia Nacional de Lutas&#8221;, como tamb\u00e9m est\u00e1 sendo chamada a s\u00e9rie de manifesta\u00e7\u00f5es, al\u00e9m de ressaltar uma &#8220;defesa&#8221; \u00e0 estatal e \u00e0 democracia, supostamente amea\u00e7ada por conta da campanha pelo impeachment da presidente Dilma, tamb\u00e9m tem por objetivo pressionar o governo federal a reverter as decis\u00f5es que restringem os direitos trabalhistas, al\u00e9m de pression\u00e1-lo a realizar a Reforma Pol\u00edtica.<\/p>\n<p>Para J\u00falio Turra, da Executiva Nacional da CUT, &#8220;o ato se contrap\u00f5e ao movimento de domingo a partir do momento em que \u00e9 contra a quebra da legalidade no que diz respeito aos resultados eleitorais e se choca com a pol\u00edtica atual do governo uma vez que se coloca contra o ajuste fiscal.&#8221;<\/p>\n<blockquote><p>Em v\u00e1rios Estados, os atos foram realizados pela manh\u00e3. Em Minas Gerais, manifestantes da Federa\u00e7\u00e3o \u00danica dos Petroleiros (FUP) e da CUT ocuparam os port\u00f5es de entrada da Regap (Refinaria Gabriel Passos), em Betim (MG), na regi\u00e3o metropolitana de Belo Horizonte. Antes, os ativistas bloquearam a rodovia Fern\u00e3o Dias por cerca de duas horas, na altura do km 479, no sentido S\u00e3o Paulo, gerando lentid\u00e3o de quatro quil\u00f4metros. A via foi liberada por volta das 7h.<\/p><\/blockquote>\n<p>A PM (Pol\u00edcia Militar) de Minas Gerais estimou em 500 pessoas os participantes do protesto, mas a PRF (Pol\u00edcia Rodovi\u00e1ria Federal) calculou em mil esse n\u00famero. Representantes do movimento, por sua vez, falam em 2.000 ativistas. O ato encerrou-se por volta das 9h30, mas um grupo de cerca de 300 pessoas permaneceram concentradas em frente \u00e0 entrada da refinaria, deslocando-se, posteriormente, em um \u00f4nibus, para Belo Horizonte, com o intuito de participar do ato que ser\u00e1 realizado em Belo Horizonte, marcado para as 16h, na pra\u00e7a Afonso Arinos.<\/p>\n<p>Na Baixada Fluminense, trabalhadores da Refinaria de Duque de Caxias (Reduc) realizaram uma paralisa\u00e7\u00e3o de quatro horas, entre 5h e 9h.<\/p>\n<p>Em Paul\u00ednia, na regi\u00e3o metropolitana de Campinas (SP), um grupo de cerca de 500 pessoas, segundo a r\u00e1dio CBN, protestou em frente a Replan (Refinaria de Paul\u00ednia), no ato organizado pela Sindicato dos Petroleiros Unificados. A unidade \u00e9 a maior em quantidade de refino de petr\u00f3leo da Petrobras.<\/p>\n<p>Em Arauc\u00e1ria (PR), na regi\u00e3o metropolitana de Curitiba, cerca de 200 representantes do Sindicato dos Petroleiros de Curitiba (Sindipetro) protestaram em frente \u00e0 entrada principal da Refinaria Presidente Get\u00falio Vargas (Repar).<\/p>\n<p>O ato marcado para \u00e0s 15h em S\u00e3o Lu\u00eds, que consistir\u00e1 em uma passeata com sa\u00edda da pra\u00e7a Jo\u00e3o Lisboa, contou com uma panfletagem pela manh\u00e3, na pra\u00e7a Deodoro.<\/p>\n<p>Em Fortaleza, a concentra\u00e7\u00e3o dos manifestantes se deu na pra\u00e7a da Imprensa, no bairro Aldeota, e teve in\u00edcio por volta das 8h. Segundo a CUT, cerca de mil pessoas participam do protesto. A PM, por sua vez. estimou em 400 o n\u00famero de manifestantes.<\/p>\n<p>No Recife, cerca de mil manifestantes, de acordo com a Companhia de Tr\u00e2nsito e Transporte Urbano (CTTU), realizam uma passeata, que saiu da rua do Hosp\u00edcio, ao lado parque 13 de Maio, pr\u00f3ximo \u00e0 C\u00e2mara de Vereadores, com destino \u00e0 avenida Guararapes.<\/p>\n<p>Em Macei\u00f3, a manifesta\u00e7\u00e3o organizada pela CTB (Central dos Trabalhadores e Trabalhadoras do Brasil) e pela\u00a0 CUT teve concentra\u00e7\u00e3o na Pra\u00e7a Sinimbu, no centro da cidade. Segundo a Pol\u00edcia Militar, cerca de 300 participam do ato, que se encerrar\u00e1 na pra\u00e7a Dom Pedro 2\u00ba, no centro, em frente \u00e0 Assembleia Legislativa.<\/p>\n<p>Em Salvador, a mobiliza\u00e7\u00e3o teve in\u00edcio por volta das 7h, quando manifestantes se reuniram em frente \u00e0 sede da Petrobras, no bairro de Itaigara. Em seguida, uma passeata percorreu as ruas do bairro, retornando ao local de concentra\u00e7\u00e3o \u00e0s 9h30. O ex-presidente da estatal, S\u00e9rgio Gabrielli, esteve presente no ato, que contou com a participa\u00e7\u00e3o de cerca de 800 pessoas, segundo a Pol\u00edcia Militar, e foi encerrado por volta das 11h.<\/p>\n<p>Em Campo Grande, cerca de 4.000 pessoas participam do evento, segundo a CUT. A Pol\u00edcia Militar, por sua vez, afirma que s\u00e3o 1.800 manifestantes. O ato teve in\u00edcio na pra\u00e7a do R\u00e1dio Clube e, por volta das 12h, seguia em dire\u00e7\u00e3o \u00e0 avenida Afonso Pena.<\/p>\n<p>Em Goi\u00e2nia, o protesto \u00e9 realizado na pra\u00e7a C\u00edvica, no centro da cidade. De acordo com os organizadores, cerca de 300 pessoas participam do ato, mesmo n\u00famero estimado pela Pol\u00edcia Militar.<\/p>\n<p>Em Macap\u00e1, cerca de 100 pessoas, de acordo com a CUT, concentram-se na Pra\u00e7a da Bandeira, no regi\u00e3o central da cidade. A PM estima em 60 o n\u00famero de manifestantes. A caminhada que seria realizada at\u00e9 o Parque do Forte foi cancelado por conta da chuva. Em Cuiab\u00e1, uma passeata \u00e9 realizada pele centro da cidade, ainda sem estimativa do n\u00famero de participantes.<\/p>\n","protected":false},"excerpt":{"rendered":"<p>Petistas e outros partid\u00e1rios de Dilma Rousseff tomaram as ruas de v\u00e1rias cidades brasileiras nesta sexta-feira, em atos em defesa da Petrobras e contr\u00e1rios a um eventual pedido de impeachment da presidente da Rep\u00fablica. Os atos foram convocados pela CUT, MST e UNE e n\u00e3o tinham registrado nenhum incidente grave at\u00e9 o in\u00edcio da tarde. [&hellip;]<\/p>\n","protected":false},"author":2,"featured_media":39821,"comment_status":"open","ping_status":"closed","sticky":false,"template":"","format":"standard","meta":{"_acf_changed":false,"footnotes":""},"categories":[16],"tags":[],"class_list":["post-39820","post","type-post","status-publish","format-standard","has-post-thumbnail","hentry","category-brasil"],"acf":[],"yoast_head":"<!-- This site is optimized with the Yoast SEO plugin v27.5 - https:\/\/yoast.com\/product\/yoast-seo-wordpress\/ -->\n<title>Atos em defesa da Petrobras ocorrem sem viol\u00eancia nas principais cidades do Pa\u00eds - Notibras<\/title>\n<meta name=\"robots\" content=\"index, follow, max-snippet:-1, max-image-preview:large, max-video-preview:-1\" \/>\n<link rel=\"canonical\" href=\"https:\/\/www.notibras.com\/site\/atos-em-defesa-da-petrobras-ocorrem-sem-violencia\/\" \/>\n<meta property=\"og:locale\" content=\"pt_BR\" \/>\n<meta property=\"og:type\" content=\"article\" \/>\n<meta property=\"og:title\" content=\"Atos em defesa da Petrobras ocorrem sem viol\u00eancia nas principais cidades do Pa\u00eds - Notibras\" \/>\n<meta property=\"og:description\" content=\"Petistas e outros partid\u00e1rios de Dilma Rousseff tomaram as ruas de v\u00e1rias cidades brasileiras nesta sexta-feira, em atos em defesa da Petrobras e contr\u00e1rios a um eventual pedido de impeachment da presidente da Rep\u00fablica. Os atos foram convocados pela CUT, MST e UNE e n\u00e3o tinham registrado nenhum incidente grave at\u00e9 o in\u00edcio da tarde. [&hellip;]\" \/>\n<meta property=\"og:url\" content=\"https:\/\/www.notibras.com\/site\/atos-em-defesa-da-petrobras-ocorrem-sem-violencia\/\" \/>\n<meta property=\"og:site_name\" content=\"Notibras\" \/>\n<meta property=\"article:publisher\" content=\"https:\/\/www.facebook.com\/notibras\/\" \/>\n<meta property=\"article:published_time\" content=\"2015-03-13T16:30:29+00:00\" \/>\n<meta property=\"article:modified_time\" content=\"2015-03-13T21:11:41+00:00\" \/>\n<meta property=\"og:image\" content=\"https:\/\/www.notibras.com\/site\/wp-content\/uploads\/2015\/03\/13gabrielli-g.jpg\" \/>\n\t<meta property=\"og:image:width\" content=\"300\" \/>\n\t<meta property=\"og:image:height\" content=\"200\" \/>\n\t<meta property=\"og:image:type\" content=\"image\/jpeg\" \/>\n<meta name=\"author\" content=\"Reda\u00e7\u00e3o\" \/>\n<meta name=\"twitter:card\" content=\"summary_large_image\" \/>\n<meta name=\"twitter:creator\" content=\"@Notibras\" \/>\n<meta name=\"twitter:site\" content=\"@Notibras\" \/>\n<meta name=\"twitter:label1\" content=\"Escrito por\" \/>\n\t<meta name=\"twitter:data1\" content=\"Reda\u00e7\u00e3o\" \/>\n\t<meta name=\"twitter:label2\" content=\"Est. tempo de leitura\" \/>\n\t<meta name=\"twitter:data2\" content=\"4 minutos\" \/>\n<script type=\"application\/ld+json\" class=\"yoast-schema-graph\">{\"@context\":\"https:\\\/\\\/schema.org\",\"@graph\":[{\"@type\":\"Article\",\"@id\":\"https:\\\/\\\/www.notibras.com\\\/site\\\/atos-em-defesa-da-petrobras-ocorrem-sem-violencia\\\/#article\",\"isPartOf\":{\"@id\":\"https:\\\/\\\/www.notibras.com\\\/site\\\/atos-em-defesa-da-petrobras-ocorrem-sem-violencia\\\/\"},\"author\":{\"name\":\"Reda\u00e7\u00e3o\",\"@id\":\"https:\\\/\\\/www.notibras.com\\\/site\\\/#\\\/schema\\\/person\\\/36ab0979449956132d3e5b517ea76ac8\"},\"headline\":\"Atos em defesa da Petrobras ocorrem sem viol\u00eancia nas principais cidades do Pa\u00eds\",\"datePublished\":\"2015-03-13T16:30:29+00:00\",\"dateModified\":\"2015-03-13T21:11:41+00:00\",\"mainEntityOfPage\":{\"@id\":\"https:\\\/\\\/www.notibras.com\\\/site\\\/atos-em-defesa-da-petrobras-ocorrem-sem-violencia\\\/\"},\"wordCount\":875,\"commentCount\":0,\"publisher\":{\"@id\":\"https:\\\/\\\/www.notibras.com\\\/site\\\/#organization\"},\"image\":{\"@id\":\"https:\\\/\\\/www.notibras.com\\\/site\\\/atos-em-defesa-da-petrobras-ocorrem-sem-violencia\\\/#primaryimage\"},\"thumbnailUrl\":\"https:\\\/\\\/www.notibras.com\\\/site\\\/wp-content\\\/uploads\\\/2015\\\/03\\\/13gabrielli-g.jpg\",\"articleSection\":[\"Brasil\"],\"inLanguage\":\"pt-BR\",\"potentialAction\":[{\"@type\":\"CommentAction\",\"name\":\"Comment\",\"target\":[\"https:\\\/\\\/www.notibras.com\\\/site\\\/atos-em-defesa-da-petrobras-ocorrem-sem-violencia\\\/#respond\"]}]},{\"@type\":\"WebPage\",\"@id\":\"https:\\\/\\\/www.notibras.com\\\/site\\\/atos-em-defesa-da-petrobras-ocorrem-sem-violencia\\\/\",\"url\":\"https:\\\/\\\/www.notibras.com\\\/site\\\/atos-em-defesa-da-petrobras-ocorrem-sem-violencia\\\/\",\"name\":\"Atos em defesa da Petrobras ocorrem sem viol\u00eancia nas principais cidades do Pa\u00eds - Notibras\",\"isPartOf\":{\"@id\":\"https:\\\/\\\/www.notibras.com\\\/site\\\/#website\"},\"primaryImageOfPage\":{\"@id\":\"https:\\\/\\\/www.notibras.com\\\/site\\\/atos-em-defesa-da-petrobras-ocorrem-sem-violencia\\\/#primaryimage\"},\"image\":{\"@id\":\"https:\\\/\\\/www.notibras.com\\\/site\\\/atos-em-defesa-da-petrobras-ocorrem-sem-violencia\\\/#primaryimage\"},\"thumbnailUrl\":\"https:\\\/\\\/www.notibras.com\\\/site\\\/wp-content\\\/uploads\\\/2015\\\/03\\\/13gabrielli-g.jpg\",\"datePublished\":\"2015-03-13T16:30:29+00:00\",\"dateModified\":\"2015-03-13T21:11:41+00:00\",\"breadcrumb\":{\"@id\":\"https:\\\/\\\/www.notibras.com\\\/site\\\/atos-em-defesa-da-petrobras-ocorrem-sem-violencia\\\/#breadcrumb\"},\"inLanguage\":\"pt-BR\",\"potentialAction\":[{\"@type\":\"ReadAction\",\"target\":[\"https:\\\/\\\/www.notibras.com\\\/site\\\/atos-em-defesa-da-petrobras-ocorrem-sem-violencia\\\/\"]}]},{\"@type\":\"ImageObject\",\"inLanguage\":\"pt-BR\",\"@id\":\"https:\\\/\\\/www.notibras.com\\\/site\\\/atos-em-defesa-da-petrobras-ocorrem-sem-violencia\\\/#primaryimage\",\"url\":\"https:\\\/\\\/www.notibras.com\\\/site\\\/wp-content\\\/uploads\\\/2015\\\/03\\\/13gabrielli-g.jpg\",\"contentUrl\":\"https:\\\/\\\/www.notibras.com\\\/site\\\/wp-content\\\/uploads\\\/2015\\\/03\\\/13gabrielli-g.jpg\",\"width\":300,\"height\":200},{\"@type\":\"BreadcrumbList\",\"@id\":\"https:\\\/\\\/www.notibras.com\\\/site\\\/atos-em-defesa-da-petrobras-ocorrem-sem-violencia\\\/#breadcrumb\",\"itemListElement\":[{\"@type\":\"ListItem\",\"position\":1,\"name\":\"In\u00edcio\",\"item\":\"https:\\\/\\\/www.notibras.com\\\/site\\\/\"},{\"@type\":\"ListItem\",\"position\":2,\"name\":\"Atos em defesa da Petrobras ocorrem sem viol\u00eancia nas principais cidades do Pa\u00eds\"}]},{\"@type\":\"WebSite\",\"@id\":\"https:\\\/\\\/www.notibras.com\\\/site\\\/#website\",\"url\":\"https:\\\/\\\/www.notibras.com\\\/site\\\/\",\"name\":\"Notibras\",\"description\":\"Not\u00edcias de Bras\u00edlia, do Brasil e do Mundo\",\"publisher\":{\"@id\":\"https:\\\/\\\/www.notibras.com\\\/site\\\/#organization\"},\"potentialAction\":[{\"@type\":\"SearchAction\",\"target\":{\"@type\":\"EntryPoint\",\"urlTemplate\":\"https:\\\/\\\/www.notibras.com\\\/site\\\/?s={search_term_string}\"},\"query-input\":{\"@type\":\"PropertyValueSpecification\",\"valueRequired\":true,\"valueName\":\"search_term_string\"}}],\"inLanguage\":\"pt-BR\"},{\"@type\":\"Organization\",\"@id\":\"https:\\\/\\\/www.notibras.com\\\/site\\\/#organization\",\"name\":\"Grupo Notibras de Comunica\u00e7\u00e3o\",\"url\":\"https:\\\/\\\/www.notibras.com\\\/site\\\/\",\"logo\":{\"@type\":\"ImageObject\",\"inLanguage\":\"pt-BR\",\"@id\":\"https:\\\/\\\/www.notibras.com\\\/site\\\/#\\\/schema\\\/logo\\\/image\\\/\",\"url\":\"https:\\\/\\\/www.notibras.com\\\/site\\\/wp-content\\\/uploads\\\/2023\\\/01\\\/notibras23.png\",\"contentUrl\":\"https:\\\/\\\/www.notibras.com\\\/site\\\/wp-content\\\/uploads\\\/2023\\\/01\\\/notibras23.png\",\"width\":350,\"height\":87,\"caption\":\"Grupo Notibras de Comunica\u00e7\u00e3o\"},\"image\":{\"@id\":\"https:\\\/\\\/www.notibras.com\\\/site\\\/#\\\/schema\\\/logo\\\/image\\\/\"},\"sameAs\":[\"https:\\\/\\\/www.facebook.com\\\/notibras\\\/\",\"https:\\\/\\\/x.com\\\/Notibras\",\"https:\\\/\\\/www.instagram.com\\\/notibras\\\/\"]},{\"@type\":\"Person\",\"@id\":\"https:\\\/\\\/www.notibras.com\\\/site\\\/#\\\/schema\\\/person\\\/36ab0979449956132d3e5b517ea76ac8\",\"name\":\"Reda\u00e7\u00e3o\",\"image\":{\"@type\":\"ImageObject\",\"inLanguage\":\"pt-BR\",\"@id\":\"https:\\\/\\\/secure.gravatar.com\\\/avatar\\\/e0a867bdedb85fd243eadf09663511f96fc81e0720a4a42581f334ad4303aa6b?s=96&d=mm&r=g\",\"url\":\"https:\\\/\\\/secure.gravatar.com\\\/avatar\\\/e0a867bdedb85fd243eadf09663511f96fc81e0720a4a42581f334ad4303aa6b?s=96&d=mm&r=g\",\"contentUrl\":\"https:\\\/\\\/secure.gravatar.com\\\/avatar\\\/e0a867bdedb85fd243eadf09663511f96fc81e0720a4a42581f334ad4303aa6b?s=96&d=mm&r=g\",\"caption\":\"Reda\u00e7\u00e3o\"}}]}<\/script>\n<!-- \/ Yoast SEO plugin. -->","yoast_head_json":{"title":"Atos em defesa da Petrobras ocorrem sem viol\u00eancia nas principais cidades do Pa\u00eds - Notibras","robots":{"index":"index","follow":"follow","max-snippet":"max-snippet:-1","max-image-preview":"max-image-preview:large","max-video-preview":"max-video-preview:-1"},"canonical":"https:\/\/www.notibras.com\/site\/atos-em-defesa-da-petrobras-ocorrem-sem-violencia\/","og_locale":"pt_BR","og_type":"article","og_title":"Atos em defesa da Petrobras ocorrem sem viol\u00eancia nas principais cidades do Pa\u00eds - Notibras","og_description":"Petistas e outros partid\u00e1rios de Dilma Rousseff tomaram as ruas de v\u00e1rias cidades brasileiras nesta sexta-feira, em atos em defesa da Petrobras e contr\u00e1rios a um eventual pedido de impeachment da presidente da Rep\u00fablica. Os atos foram convocados pela CUT, MST e UNE e n\u00e3o tinham registrado nenhum incidente grave at\u00e9 o in\u00edcio da tarde. [&hellip;]","og_url":"https:\/\/www.notibras.com\/site\/atos-em-defesa-da-petrobras-ocorrem-sem-violencia\/","og_site_name":"Notibras","article_publisher":"https:\/\/www.facebook.com\/notibras\/","article_published_time":"2015-03-13T16:30:29+00:00","article_modified_time":"2015-03-13T21:11:41+00:00","og_image":[{"width":300,"height":200,"url":"https:\/\/www.notibras.com\/site\/wp-content\/uploads\/2015\/03\/13gabrielli-g.jpg","type":"image\/jpeg"}],"author":"Reda\u00e7\u00e3o","twitter_card":"summary_large_image","twitter_creator":"@Notibras","twitter_site":"@Notibras","twitter_misc":{"Escrito por":"Reda\u00e7\u00e3o","Est. tempo de leitura":"4 minutos"},"schema":{"@context":"https:\/\/schema.org","@graph":[{"@type":"Article","@id":"https:\/\/www.notibras.com\/site\/atos-em-defesa-da-petrobras-ocorrem-sem-violencia\/#article","isPartOf":{"@id":"https:\/\/www.notibras.com\/site\/atos-em-defesa-da-petrobras-ocorrem-sem-violencia\/"},"author":{"name":"Reda\u00e7\u00e3o","@id":"https:\/\/www.notibras.com\/site\/#\/schema\/person\/36ab0979449956132d3e5b517ea76ac8"},"headline":"Atos em defesa da Petrobras ocorrem sem viol\u00eancia nas principais cidades do Pa\u00eds","datePublished":"2015-03-13T16:30:29+00:00","dateModified":"2015-03-13T21:11:41+00:00","mainEntityOfPage":{"@id":"https:\/\/www.notibras.com\/site\/atos-em-defesa-da-petrobras-ocorrem-sem-violencia\/"},"wordCount":875,"commentCount":0,"publisher":{"@id":"https:\/\/www.notibras.com\/site\/#organization"},"image":{"@id":"https:\/\/www.notibras.com\/site\/atos-em-defesa-da-petrobras-ocorrem-sem-violencia\/#primaryimage"},"thumbnailUrl":"https:\/\/www.notibras.com\/site\/wp-content\/uploads\/2015\/03\/13gabrielli-g.jpg","articleSection":["Brasil"],"inLanguage":"pt-BR","potentialAction":[{"@type":"CommentAction","name":"Comment","target":["https:\/\/www.notibras.com\/site\/atos-em-defesa-da-petrobras-ocorrem-sem-violencia\/#respond"]}]},{"@type":"WebPage","@id":"https:\/\/www.notibras.com\/site\/atos-em-defesa-da-petrobras-ocorrem-sem-violencia\/","url":"https:\/\/www.notibras.com\/site\/atos-em-defesa-da-petrobras-ocorrem-sem-violencia\/","name":"Atos em defesa da Petrobras ocorrem sem viol\u00eancia nas principais cidades do Pa\u00eds - Notibras","isPartOf":{"@id":"https:\/\/www.notibras.com\/site\/#website"},"primaryImageOfPage":{"@id":"https:\/\/www.notibras.com\/site\/atos-em-defesa-da-petrobras-ocorrem-sem-violencia\/#primaryimage"},"image":{"@id":"https:\/\/www.notibras.com\/site\/atos-em-defesa-da-petrobras-ocorrem-sem-violencia\/#primaryimage"},"thumbnailUrl":"https:\/\/www.notibras.com\/site\/wp-content\/uploads\/2015\/03\/13gabrielli-g.jpg","datePublished":"2015-03-13T16:30:29+00:00","dateModified":"2015-03-13T21:11:41+00:00","breadcrumb":{"@id":"https:\/\/www.notibras.com\/site\/atos-em-defesa-da-petrobras-ocorrem-sem-violencia\/#breadcrumb"},"inLanguage":"pt-BR","potentialAction":[{"@type":"ReadAction","target":["https:\/\/www.notibras.com\/site\/atos-em-defesa-da-petrobras-ocorrem-sem-violencia\/"]}]},{"@type":"ImageObject","inLanguage":"pt-BR","@id":"https:\/\/www.notibras.com\/site\/atos-em-defesa-da-petrobras-ocorrem-sem-violencia\/#primaryimage","url":"https:\/\/www.notibras.com\/site\/wp-content\/uploads\/2015\/03\/13gabrielli-g.jpg","contentUrl":"https:\/\/www.notibras.com\/site\/wp-content\/uploads\/2015\/03\/13gabrielli-g.jpg","width":300,"height":200},{"@type":"BreadcrumbList","@id":"https:\/\/www.notibras.com\/site\/atos-em-defesa-da-petrobras-ocorrem-sem-violencia\/#breadcrumb","itemListElement":[{"@type":"ListItem","position":1,"name":"In\u00edcio","item":"https:\/\/www.notibras.com\/site\/"},{"@type":"ListItem","position":2,"name":"Atos em defesa da Petrobras ocorrem sem viol\u00eancia nas principais cidades do Pa\u00eds"}]},{"@type":"WebSite","@id":"https:\/\/www.notibras.com\/site\/#website","url":"https:\/\/www.notibras.com\/site\/","name":"Notibras","description":"Not\u00edcias de Bras\u00edlia, do Brasil e do Mundo","publisher":{"@id":"https:\/\/www.notibras.com\/site\/#organization"},"potentialAction":[{"@type":"SearchAction","target":{"@type":"EntryPoint","urlTemplate":"https:\/\/www.notibras.com\/site\/?s={search_term_string}"},"query-input":{"@type":"PropertyValueSpecification","valueRequired":true,"valueName":"search_term_string"}}],"inLanguage":"pt-BR"},{"@type":"Organization","@id":"https:\/\/www.notibras.com\/site\/#organization","name":"Grupo Notibras de Comunica\u00e7\u00e3o","url":"https:\/\/www.notibras.com\/site\/","logo":{"@type":"ImageObject","inLanguage":"pt-BR","@id":"https:\/\/www.notibras.com\/site\/#\/schema\/logo\/image\/","url":"https:\/\/www.notibras.com\/site\/wp-content\/uploads\/2023\/01\/notibras23.png","contentUrl":"https:\/\/www.notibras.com\/site\/wp-content\/uploads\/2023\/01\/notibras23.png","width":350,"height":87,"caption":"Grupo Notibras de Comunica\u00e7\u00e3o"},"image":{"@id":"https:\/\/www.notibras.com\/site\/#\/schema\/logo\/image\/"},"sameAs":["https:\/\/www.facebook.com\/notibras\/","https:\/\/x.com\/Notibras","https:\/\/www.instagram.com\/notibras\/"]},{"@type":"Person","@id":"https:\/\/www.notibras.com\/site\/#\/schema\/person\/36ab0979449956132d3e5b517ea76ac8","name":"Reda\u00e7\u00e3o","image":{"@type":"ImageObject","inLanguage":"pt-BR","@id":"https:\/\/secure.gravatar.com\/avatar\/e0a867bdedb85fd243eadf09663511f96fc81e0720a4a42581f334ad4303aa6b?s=96&d=mm&r=g","url":"https:\/\/secure.gravatar.com\/avatar\/e0a867bdedb85fd243eadf09663511f96fc81e0720a4a42581f334ad4303aa6b?s=96&d=mm&r=g","contentUrl":"https:\/\/secure.gravatar.com\/avatar\/e0a867bdedb85fd243eadf09663511f96fc81e0720a4a42581f334ad4303aa6b?s=96&d=mm&r=g","caption":"Reda\u00e7\u00e3o"}}]}},"amp_enabled":true,"_links":{"self":[{"href":"https:\/\/www.notibras.com\/site\/wp-json\/wp\/v2\/posts\/39820","targetHints":{"allow":["GET"]}}],"collection":[{"href":"https:\/\/www.notibras.com\/site\/wp-json\/wp\/v2\/posts"}],"about":[{"href":"https:\/\/www.notibras.com\/site\/wp-json\/wp\/v2\/types\/post"}],"author":[{"embeddable":true,"href":"https:\/\/www.notibras.com\/site\/wp-json\/wp\/v2\/users\/2"}],"replies":[{"embeddable":true,"href":"https:\/\/www.notibras.com\/site\/wp-json\/wp\/v2\/comments?post=39820"}],"version-history":[{"count":0,"href":"https:\/\/www.notibras.com\/site\/wp-json\/wp\/v2\/posts\/39820\/revisions"}],"wp:featuredmedia":[{"embeddable":true,"href":"https:\/\/www.notibras.com\/site\/wp-json\/wp\/v2\/media\/39821"}],"wp:attachment":[{"href":"https:\/\/www.notibras.com\/site\/wp-json\/wp\/v2\/media?parent=39820"}],"wp:term":[{"taxonomy":"category","embeddable":true,"href":"https:\/\/www.notibras.com\/site\/wp-json\/wp\/v2\/categories?post=39820"},{"taxonomy":"post_tag","embeddable":true,"href":"https:\/\/www.notibras.com\/site\/wp-json\/wp\/v2\/tags?post=39820"}],"curies":[{"name":"wp","href":"https:\/\/api.w.org\/{rel}","templated":true}]}}