{"id":39857,"date":"2015-03-13T22:50:15","date_gmt":"2015-03-14T01:50:15","guid":{"rendered":"http:\/\/www.notibras.com\/site\/?p=39857"},"modified":"2015-03-13T22:50:15","modified_gmt":"2015-03-14T01:50:15","slug":"descaso-cria-o-muro-das-lamentacoes-brasiliense","status":"publish","type":"post","link":"https:\/\/www.notibras.com\/site\/descaso-cria-o-muro-das-lamentacoes-brasiliense\/","title":{"rendered":"Descaso cria o Muro das Lamenta\u00e7\u00f5es brasiliense"},"content":{"rendered":"<p>A decis\u00e3o de se liberar minguados recursos para a Via Sacra do Morro da Capelinha revoltou a organiza\u00e7\u00e3o do espet\u00e1culo, afirma o jornalista Celson Bianchi em sua \u2018Voz da Verdade\u2019. Diz ele que \u201cfoi um golpe duro. Depois da repercuss\u00e3o negativa dando conta da poss\u00edvel n\u00e3o realiza\u00e7\u00e3o do evento\u201d, houve quem se sensibilizasse e liberasse um ter\u00e7o do valor necess\u00e1rio. E observa Celson, ir\u00f4nico: \u201c\u00c9 como se a Via Sacra pudesse ser cortada em peda\u00e7os\u201d.<\/p>\n","protected":false},"excerpt":{"rendered":"<p>A decis\u00e3o de se liberar minguados recursos para a Via Sacra do Morro da Capelinha revoltou a organiza\u00e7\u00e3o do espet\u00e1culo, afirma o jornalista Celson Bianchi em sua \u2018Voz da Verdade\u2019. Diz ele que \u201cfoi um golpe duro. Depois da repercuss\u00e3o negativa dando conta da poss\u00edvel n\u00e3o realiza\u00e7\u00e3o do evento\u201d, houve quem se sensibilizasse e liberasse [&hellip;]<\/p>\n","protected":false},"author":2,"featured_media":39858,"comment_status":"open","ping_status":"closed","sticky":false,"template":"","format":"standard","meta":{"_acf_changed":false,"footnotes":""},"categories":[26],"tags":[],"class_list":["post-39857","post","type-post","status-publish","format-standard","has-post-thumbnail","hentry","category-eleicoes-2022"],"acf":[],"yoast_head":"<!-- This site is optimized with the Yoast SEO plugin v27.5 - https:\/\/yoast.com\/product\/yoast-seo-wordpress\/ -->\n<title>Descaso cria o Muro das Lamenta\u00e7\u00f5es brasiliense - Notibras<\/title>\n<meta name=\"robots\" content=\"index, follow, max-snippet:-1, max-image-preview:large, max-video-preview:-1\" \/>\n<link rel=\"canonical\" href=\"https:\/\/www.notibras.com\/site\/descaso-cria-o-muro-das-lamentacoes-brasiliense\/\" \/>\n<meta property=\"og:locale\" content=\"pt_BR\" \/>\n<meta property=\"og:type\" content=\"article\" \/>\n<meta property=\"og:title\" content=\"Descaso cria o Muro das Lamenta\u00e7\u00f5es brasiliense - Notibras\" \/>\n<meta property=\"og:description\" content=\"A decis\u00e3o de se liberar minguados recursos para a Via Sacra do Morro da Capelinha revoltou a organiza\u00e7\u00e3o do espet\u00e1culo, afirma o jornalista Celson Bianchi em sua \u2018Voz da Verdade\u2019. Diz ele que \u201cfoi um golpe duro. Depois da repercuss\u00e3o negativa dando conta da poss\u00edvel n\u00e3o realiza\u00e7\u00e3o do evento\u201d, houve quem se sensibilizasse e liberasse [&hellip;]\" \/>\n<meta property=\"og:url\" content=\"https:\/\/www.notibras.com\/site\/descaso-cria-o-muro-das-lamentacoes-brasiliense\/\" \/>\n<meta property=\"og:site_name\" content=\"Notibras\" \/>\n<meta property=\"article:publisher\" content=\"https:\/\/www.facebook.com\/notibras\/\" \/>\n<meta property=\"article:published_time\" content=\"2015-03-14T01:50:15+00:00\" \/>\n<meta property=\"og:image\" content=\"https:\/\/www.notibras.com\/site\/wp-content\/uploads\/2015\/03\/mla.jpeg\" \/>\n\t<meta property=\"og:image:width\" content=\"277\" \/>\n\t<meta property=\"og:image:height\" content=\"182\" \/>\n\t<meta property=\"og:image:type\" content=\"image\/jpeg\" \/>\n<meta name=\"author\" content=\"Reda\u00e7\u00e3o\" \/>\n<meta name=\"twitter:card\" content=\"summary_large_image\" \/>\n<meta name=\"twitter:creator\" content=\"@Notibras\" \/>\n<meta name=\"twitter:site\" content=\"@Notibras\" \/>\n<meta name=\"twitter:label1\" content=\"Escrito por\" \/>\n\t<meta name=\"twitter:data1\" content=\"Reda\u00e7\u00e3o\" \/>\n<script type=\"application\/ld+json\" class=\"yoast-schema-graph\">{\"@context\":\"https:\\\/\\\/schema.org\",\"@graph\":[{\"@type\":\"Article\",\"@id\":\"https:\\\/\\\/www.notibras.com\\\/site\\\/descaso-cria-o-muro-das-lamentacoes-brasiliense\\\/#article\",\"isPartOf\":{\"@id\":\"https:\\\/\\\/www.notibras.com\\\/site\\\/descaso-cria-o-muro-das-lamentacoes-brasiliense\\\/\"},\"author\":{\"name\":\"Reda\u00e7\u00e3o\",\"@id\":\"https:\\\/\\\/www.notibras.com\\\/site\\\/#\\\/schema\\\/person\\\/36ab0979449956132d3e5b517ea76ac8\"},\"headline\":\"Descaso cria o Muro das Lamenta\u00e7\u00f5es brasiliense\",\"datePublished\":\"2015-03-14T01:50:15+00:00\",\"mainEntityOfPage\":{\"@id\":\"https:\\\/\\\/www.notibras.com\\\/site\\\/descaso-cria-o-muro-das-lamentacoes-brasiliense\\\/\"},\"wordCount\":93,\"commentCount\":0,\"publisher\":{\"@id\":\"https:\\\/\\\/www.notibras.com\\\/site\\\/#organization\"},\"image\":{\"@id\":\"https:\\\/\\\/www.notibras.com\\\/site\\\/descaso-cria-o-muro-das-lamentacoes-brasiliense\\\/#primaryimage\"},\"thumbnailUrl\":\"https:\\\/\\\/www.notibras.com\\\/site\\\/wp-content\\\/uploads\\\/2015\\\/03\\\/mla.jpeg\",\"articleSection\":[\"Elei\u00e7\u00f5es 2022\"],\"inLanguage\":\"pt-BR\",\"potentialAction\":[{\"@type\":\"CommentAction\",\"name\":\"Comment\",\"target\":[\"https:\\\/\\\/www.notibras.com\\\/site\\\/descaso-cria-o-muro-das-lamentacoes-brasiliense\\\/#respond\"]}]},{\"@type\":\"WebPage\",\"@id\":\"https:\\\/\\\/www.notibras.com\\\/site\\\/descaso-cria-o-muro-das-lamentacoes-brasiliense\\\/\",\"url\":\"https:\\\/\\\/www.notibras.com\\\/site\\\/descaso-cria-o-muro-das-lamentacoes-brasiliense\\\/\",\"name\":\"Descaso cria o Muro das Lamenta\u00e7\u00f5es brasiliense - Notibras\",\"isPartOf\":{\"@id\":\"https:\\\/\\\/www.notibras.com\\\/site\\\/#website\"},\"primaryImageOfPage\":{\"@id\":\"https:\\\/\\\/www.notibras.com\\\/site\\\/descaso-cria-o-muro-das-lamentacoes-brasiliense\\\/#primaryimage\"},\"image\":{\"@id\":\"https:\\\/\\\/www.notibras.com\\\/site\\\/descaso-cria-o-muro-das-lamentacoes-brasiliense\\\/#primaryimage\"},\"thumbnailUrl\":\"https:\\\/\\\/www.notibras.com\\\/site\\\/wp-content\\\/uploads\\\/2015\\\/03\\\/mla.jpeg\",\"datePublished\":\"2015-03-14T01:50:15+00:00\",\"breadcrumb\":{\"@id\":\"https:\\\/\\\/www.notibras.com\\\/site\\\/descaso-cria-o-muro-das-lamentacoes-brasiliense\\\/#breadcrumb\"},\"inLanguage\":\"pt-BR\",\"potentialAction\":[{\"@type\":\"ReadAction\",\"target\":[\"https:\\\/\\\/www.notibras.com\\\/site\\\/descaso-cria-o-muro-das-lamentacoes-brasiliense\\\/\"]}]},{\"@type\":\"ImageObject\",\"inLanguage\":\"pt-BR\",\"@id\":\"https:\\\/\\\/www.notibras.com\\\/site\\\/descaso-cria-o-muro-das-lamentacoes-brasiliense\\\/#primaryimage\",\"url\":\"https:\\\/\\\/www.notibras.com\\\/site\\\/wp-content\\\/uploads\\\/2015\\\/03\\\/mla.jpeg\",\"contentUrl\":\"https:\\\/\\\/www.notibras.com\\\/site\\\/wp-content\\\/uploads\\\/2015\\\/03\\\/mla.jpeg\",\"width\":277,\"height\":182},{\"@type\":\"BreadcrumbList\",\"@id\":\"https:\\\/\\\/www.notibras.com\\\/site\\\/descaso-cria-o-muro-das-lamentacoes-brasiliense\\\/#breadcrumb\",\"itemListElement\":[{\"@type\":\"ListItem\",\"position\":1,\"name\":\"In\u00edcio\",\"item\":\"https:\\\/\\\/www.notibras.com\\\/site\\\/\"},{\"@type\":\"ListItem\",\"position\":2,\"name\":\"Descaso cria o Muro das Lamenta\u00e7\u00f5es brasiliense\"}]},{\"@type\":\"WebSite\",\"@id\":\"https:\\\/\\\/www.notibras.com\\\/site\\\/#website\",\"url\":\"https:\\\/\\\/www.notibras.com\\\/site\\\/\",\"name\":\"Notibras\",\"description\":\"Not\u00edcias de Bras\u00edlia, do Brasil e do Mundo\",\"publisher\":{\"@id\":\"https:\\\/\\\/www.notibras.com\\\/site\\\/#organization\"},\"potentialAction\":[{\"@type\":\"SearchAction\",\"target\":{\"@type\":\"EntryPoint\",\"urlTemplate\":\"https:\\\/\\\/www.notibras.com\\\/site\\\/?s={search_term_string}\"},\"query-input\":{\"@type\":\"PropertyValueSpecification\",\"valueRequired\":true,\"valueName\":\"search_term_string\"}}],\"inLanguage\":\"pt-BR\"},{\"@type\":\"Organization\",\"@id\":\"https:\\\/\\\/www.notibras.com\\\/site\\\/#organization\",\"name\":\"Grupo Notibras de Comunica\u00e7\u00e3o\",\"url\":\"https:\\\/\\\/www.notibras.com\\\/site\\\/\",\"logo\":{\"@type\":\"ImageObject\",\"inLanguage\":\"pt-BR\",\"@id\":\"https:\\\/\\\/www.notibras.com\\\/site\\\/#\\\/schema\\\/logo\\\/image\\\/\",\"url\":\"https:\\\/\\\/www.notibras.com\\\/site\\\/wp-content\\\/uploads\\\/2023\\\/01\\\/notibras23.png\",\"contentUrl\":\"https:\\\/\\\/www.notibras.com\\\/site\\\/wp-content\\\/uploads\\\/2023\\\/01\\\/notibras23.png\",\"width\":350,\"height\":87,\"caption\":\"Grupo Notibras de Comunica\u00e7\u00e3o\"},\"image\":{\"@id\":\"https:\\\/\\\/www.notibras.com\\\/site\\\/#\\\/schema\\\/logo\\\/image\\\/\"},\"sameAs\":[\"https:\\\/\\\/www.facebook.com\\\/notibras\\\/\",\"https:\\\/\\\/x.com\\\/Notibras\",\"https:\\\/\\\/www.instagram.com\\\/notibras\\\/\"]},{\"@type\":\"Person\",\"@id\":\"https:\\\/\\\/www.notibras.com\\\/site\\\/#\\\/schema\\\/person\\\/36ab0979449956132d3e5b517ea76ac8\",\"name\":\"Reda\u00e7\u00e3o\",\"image\":{\"@type\":\"ImageObject\",\"inLanguage\":\"pt-BR\",\"@id\":\"https:\\\/\\\/secure.gravatar.com\\\/avatar\\\/e0a867bdedb85fd243eadf09663511f96fc81e0720a4a42581f334ad4303aa6b?s=96&d=mm&r=g\",\"url\":\"https:\\\/\\\/secure.gravatar.com\\\/avatar\\\/e0a867bdedb85fd243eadf09663511f96fc81e0720a4a42581f334ad4303aa6b?s=96&d=mm&r=g\",\"contentUrl\":\"https:\\\/\\\/secure.gravatar.com\\\/avatar\\\/e0a867bdedb85fd243eadf09663511f96fc81e0720a4a42581f334ad4303aa6b?s=96&d=mm&r=g\",\"caption\":\"Reda\u00e7\u00e3o\"}}]}<\/script>\n<!-- \/ Yoast SEO plugin. -->","yoast_head_json":{"title":"Descaso cria o Muro das Lamenta\u00e7\u00f5es brasiliense - Notibras","robots":{"index":"index","follow":"follow","max-snippet":"max-snippet:-1","max-image-preview":"max-image-preview:large","max-video-preview":"max-video-preview:-1"},"canonical":"https:\/\/www.notibras.com\/site\/descaso-cria-o-muro-das-lamentacoes-brasiliense\/","og_locale":"pt_BR","og_type":"article","og_title":"Descaso cria o Muro das Lamenta\u00e7\u00f5es brasiliense - Notibras","og_description":"A decis\u00e3o de se liberar minguados recursos para a Via Sacra do Morro da Capelinha revoltou a organiza\u00e7\u00e3o do espet\u00e1culo, afirma o jornalista Celson Bianchi em sua \u2018Voz da Verdade\u2019. Diz ele que \u201cfoi um golpe duro. Depois da repercuss\u00e3o negativa dando conta da poss\u00edvel n\u00e3o realiza\u00e7\u00e3o do evento\u201d, houve quem se sensibilizasse e liberasse [&hellip;]","og_url":"https:\/\/www.notibras.com\/site\/descaso-cria-o-muro-das-lamentacoes-brasiliense\/","og_site_name":"Notibras","article_publisher":"https:\/\/www.facebook.com\/notibras\/","article_published_time":"2015-03-14T01:50:15+00:00","og_image":[{"width":277,"height":182,"url":"https:\/\/www.notibras.com\/site\/wp-content\/uploads\/2015\/03\/mla.jpeg","type":"image\/jpeg"}],"author":"Reda\u00e7\u00e3o","twitter_card":"summary_large_image","twitter_creator":"@Notibras","twitter_site":"@Notibras","twitter_misc":{"Escrito por":"Reda\u00e7\u00e3o"},"schema":{"@context":"https:\/\/schema.org","@graph":[{"@type":"Article","@id":"https:\/\/www.notibras.com\/site\/descaso-cria-o-muro-das-lamentacoes-brasiliense\/#article","isPartOf":{"@id":"https:\/\/www.notibras.com\/site\/descaso-cria-o-muro-das-lamentacoes-brasiliense\/"},"author":{"name":"Reda\u00e7\u00e3o","@id":"https:\/\/www.notibras.com\/site\/#\/schema\/person\/36ab0979449956132d3e5b517ea76ac8"},"headline":"Descaso cria o Muro das Lamenta\u00e7\u00f5es brasiliense","datePublished":"2015-03-14T01:50:15+00:00","mainEntityOfPage":{"@id":"https:\/\/www.notibras.com\/site\/descaso-cria-o-muro-das-lamentacoes-brasiliense\/"},"wordCount":93,"commentCount":0,"publisher":{"@id":"https:\/\/www.notibras.com\/site\/#organization"},"image":{"@id":"https:\/\/www.notibras.com\/site\/descaso-cria-o-muro-das-lamentacoes-brasiliense\/#primaryimage"},"thumbnailUrl":"https:\/\/www.notibras.com\/site\/wp-content\/uploads\/2015\/03\/mla.jpeg","articleSection":["Elei\u00e7\u00f5es 2022"],"inLanguage":"pt-BR","potentialAction":[{"@type":"CommentAction","name":"Comment","target":["https:\/\/www.notibras.com\/site\/descaso-cria-o-muro-das-lamentacoes-brasiliense\/#respond"]}]},{"@type":"WebPage","@id":"https:\/\/www.notibras.com\/site\/descaso-cria-o-muro-das-lamentacoes-brasiliense\/","url":"https:\/\/www.notibras.com\/site\/descaso-cria-o-muro-das-lamentacoes-brasiliense\/","name":"Descaso cria o Muro das Lamenta\u00e7\u00f5es brasiliense - Notibras","isPartOf":{"@id":"https:\/\/www.notibras.com\/site\/#website"},"primaryImageOfPage":{"@id":"https:\/\/www.notibras.com\/site\/descaso-cria-o-muro-das-lamentacoes-brasiliense\/#primaryimage"},"image":{"@id":"https:\/\/www.notibras.com\/site\/descaso-cria-o-muro-das-lamentacoes-brasiliense\/#primaryimage"},"thumbnailUrl":"https:\/\/www.notibras.com\/site\/wp-content\/uploads\/2015\/03\/mla.jpeg","datePublished":"2015-03-14T01:50:15+00:00","breadcrumb":{"@id":"https:\/\/www.notibras.com\/site\/descaso-cria-o-muro-das-lamentacoes-brasiliense\/#breadcrumb"},"inLanguage":"pt-BR","potentialAction":[{"@type":"ReadAction","target":["https:\/\/www.notibras.com\/site\/descaso-cria-o-muro-das-lamentacoes-brasiliense\/"]}]},{"@type":"ImageObject","inLanguage":"pt-BR","@id":"https:\/\/www.notibras.com\/site\/descaso-cria-o-muro-das-lamentacoes-brasiliense\/#primaryimage","url":"https:\/\/www.notibras.com\/site\/wp-content\/uploads\/2015\/03\/mla.jpeg","contentUrl":"https:\/\/www.notibras.com\/site\/wp-content\/uploads\/2015\/03\/mla.jpeg","width":277,"height":182},{"@type":"BreadcrumbList","@id":"https:\/\/www.notibras.com\/site\/descaso-cria-o-muro-das-lamentacoes-brasiliense\/#breadcrumb","itemListElement":[{"@type":"ListItem","position":1,"name":"In\u00edcio","item":"https:\/\/www.notibras.com\/site\/"},{"@type":"ListItem","position":2,"name":"Descaso cria o Muro das Lamenta\u00e7\u00f5es brasiliense"}]},{"@type":"WebSite","@id":"https:\/\/www.notibras.com\/site\/#website","url":"https:\/\/www.notibras.com\/site\/","name":"Notibras","description":"Not\u00edcias de Bras\u00edlia, do Brasil e do Mundo","publisher":{"@id":"https:\/\/www.notibras.com\/site\/#organization"},"potentialAction":[{"@type":"SearchAction","target":{"@type":"EntryPoint","urlTemplate":"https:\/\/www.notibras.com\/site\/?s={search_term_string}"},"query-input":{"@type":"PropertyValueSpecification","valueRequired":true,"valueName":"search_term_string"}}],"inLanguage":"pt-BR"},{"@type":"Organization","@id":"https:\/\/www.notibras.com\/site\/#organization","name":"Grupo Notibras de Comunica\u00e7\u00e3o","url":"https:\/\/www.notibras.com\/site\/","logo":{"@type":"ImageObject","inLanguage":"pt-BR","@id":"https:\/\/www.notibras.com\/site\/#\/schema\/logo\/image\/","url":"https:\/\/www.notibras.com\/site\/wp-content\/uploads\/2023\/01\/notibras23.png","contentUrl":"https:\/\/www.notibras.com\/site\/wp-content\/uploads\/2023\/01\/notibras23.png","width":350,"height":87,"caption":"Grupo Notibras de Comunica\u00e7\u00e3o"},"image":{"@id":"https:\/\/www.notibras.com\/site\/#\/schema\/logo\/image\/"},"sameAs":["https:\/\/www.facebook.com\/notibras\/","https:\/\/x.com\/Notibras","https:\/\/www.instagram.com\/notibras\/"]},{"@type":"Person","@id":"https:\/\/www.notibras.com\/site\/#\/schema\/person\/36ab0979449956132d3e5b517ea76ac8","name":"Reda\u00e7\u00e3o","image":{"@type":"ImageObject","inLanguage":"pt-BR","@id":"https:\/\/secure.gravatar.com\/avatar\/e0a867bdedb85fd243eadf09663511f96fc81e0720a4a42581f334ad4303aa6b?s=96&d=mm&r=g","url":"https:\/\/secure.gravatar.com\/avatar\/e0a867bdedb85fd243eadf09663511f96fc81e0720a4a42581f334ad4303aa6b?s=96&d=mm&r=g","contentUrl":"https:\/\/secure.gravatar.com\/avatar\/e0a867bdedb85fd243eadf09663511f96fc81e0720a4a42581f334ad4303aa6b?s=96&d=mm&r=g","caption":"Reda\u00e7\u00e3o"}}]}},"amp_enabled":true,"_links":{"self":[{"href":"https:\/\/www.notibras.com\/site\/wp-json\/wp\/v2\/posts\/39857","targetHints":{"allow":["GET"]}}],"collection":[{"href":"https:\/\/www.notibras.com\/site\/wp-json\/wp\/v2\/posts"}],"about":[{"href":"https:\/\/www.notibras.com\/site\/wp-json\/wp\/v2\/types\/post"}],"author":[{"embeddable":true,"href":"https:\/\/www.notibras.com\/site\/wp-json\/wp\/v2\/users\/2"}],"replies":[{"embeddable":true,"href":"https:\/\/www.notibras.com\/site\/wp-json\/wp\/v2\/comments?post=39857"}],"version-history":[{"count":0,"href":"https:\/\/www.notibras.com\/site\/wp-json\/wp\/v2\/posts\/39857\/revisions"}],"wp:featuredmedia":[{"embeddable":true,"href":"https:\/\/www.notibras.com\/site\/wp-json\/wp\/v2\/media\/39858"}],"wp:attachment":[{"href":"https:\/\/www.notibras.com\/site\/wp-json\/wp\/v2\/media?parent=39857"}],"wp:term":[{"taxonomy":"category","embeddable":true,"href":"https:\/\/www.notibras.com\/site\/wp-json\/wp\/v2\/categories?post=39857"},{"taxonomy":"post_tag","embeddable":true,"href":"https:\/\/www.notibras.com\/site\/wp-json\/wp\/v2\/tags?post=39857"}],"curies":[{"name":"wp","href":"https:\/\/api.w.org\/{rel}","templated":true}]}}