{"id":39881,"date":"2015-03-14T05:17:26","date_gmt":"2015-03-14T08:17:26","guid":{"rendered":"http:\/\/www.notibras.com\/site\/?p=39881"},"modified":"2015-03-14T09:20:05","modified_gmt":"2015-03-14T12:20:05","slug":"bottas-reclama-de-dores-nas-costas-e-larga-em-sexto","status":"publish","type":"post","link":"https:\/\/www.notibras.com\/site\/bottas-reclama-de-dores-nas-costas-e-larga-em-sexto\/","title":{"rendered":"Bottas reclama de dores nas costas e larga em sexto"},"content":{"rendered":"<p>O finland\u00eas Valtteri Bottas sofreu um problema incomum durante a sess\u00e3o de classifica\u00e7\u00e3o para o GP da Austr\u00e1lia. O companheiro de Felipe Massa reclamou de dores nas costas no meio do treino, mas a equipe Williams n\u00e3o sabe explicar o que aconteceu.<\/p>\n<p>O piloto vinha bem no final de semana, mas cometeu erros nas suas voltas mais importantes, na parte final do treino, e se classificou apenas em sexto, 369 mil\u00e9simos atr\u00e1s de Massa, que foi o terceiro no grid.<\/p>\n<p>&#8220;Valtteri estava sofrendo com suas costas e perdeu muito tempo na \u00faltima curva&#8221;, revelou o chefe de performance veicular da Williams, Rob Smedley.<\/p>\n<blockquote><p>&#8220;N\u00e3o sabemos o que era, ele come\u00e7ou a reclamar no meio da segunda parte da classifica\u00e7\u00e3o, dizendo que estava sentindo dores nas costas. Demos uma olhada na parte de tr\u00e1s de seu assento, mas n\u00e3o havia nada de errado. Ent\u00e3o n\u00e3o sei se ele travou as costas ou algo do tipo.&#8221;<\/p><\/blockquote>\n<p>O problema fez com que o quarto colocado do campeonato do ano passado sequer desse entrevistas ap\u00f3s o treino. Bottas chegou a ser atendido no Centro M\u00e9dico do circuito.<\/p>\n","protected":false},"excerpt":{"rendered":"<p>O finland\u00eas Valtteri Bottas sofreu um problema incomum durante a sess\u00e3o de classifica\u00e7\u00e3o para o GP da Austr\u00e1lia. O companheiro de Felipe Massa reclamou de dores nas costas no meio do treino, mas a equipe Williams n\u00e3o sabe explicar o que aconteceu. O piloto vinha bem no final de semana, mas cometeu erros nas suas [&hellip;]<\/p>\n","protected":false},"author":2,"featured_media":39882,"comment_status":"open","ping_status":"closed","sticky":false,"template":"","format":"standard","meta":{"_acf_changed":false,"footnotes":""},"categories":[27,19],"tags":[],"class_list":["post-39881","post","type-post","status-publish","format-standard","has-post-thumbnail","hentry","category-automobilismo","category-esportes"],"acf":[],"yoast_head":"<!-- This site is optimized with the Yoast SEO plugin v27.5 - https:\/\/yoast.com\/product\/yoast-seo-wordpress\/ -->\n<title>Bottas reclama de dores nas costas e larga em sexto - Notibras<\/title>\n<meta name=\"robots\" content=\"index, follow, max-snippet:-1, max-image-preview:large, max-video-preview:-1\" \/>\n<link rel=\"canonical\" href=\"https:\/\/www.notibras.com\/site\/bottas-reclama-de-dores-nas-costas-e-larga-em-sexto\/\" \/>\n<meta property=\"og:locale\" content=\"pt_BR\" \/>\n<meta property=\"og:type\" content=\"article\" \/>\n<meta property=\"og:title\" content=\"Bottas reclama de dores nas costas e larga em sexto - Notibras\" \/>\n<meta property=\"og:description\" content=\"O finland\u00eas Valtteri Bottas sofreu um problema incomum durante a sess\u00e3o de classifica\u00e7\u00e3o para o GP da Austr\u00e1lia. O companheiro de Felipe Massa reclamou de dores nas costas no meio do treino, mas a equipe Williams n\u00e3o sabe explicar o que aconteceu. O piloto vinha bem no final de semana, mas cometeu erros nas suas [&hellip;]\" \/>\n<meta property=\"og:url\" content=\"https:\/\/www.notibras.com\/site\/bottas-reclama-de-dores-nas-costas-e-larga-em-sexto\/\" \/>\n<meta property=\"og:site_name\" content=\"Notibras\" \/>\n<meta property=\"article:publisher\" content=\"https:\/\/www.facebook.com\/notibras\/\" \/>\n<meta property=\"article:published_time\" content=\"2015-03-14T08:17:26+00:00\" \/>\n<meta property=\"article:modified_time\" content=\"2015-03-14T12:20:05+00:00\" \/>\n<meta property=\"og:image\" content=\"https:\/\/www.notibras.com\/site\/wp-content\/uploads\/2015\/03\/vb.jpg\" \/>\n\t<meta property=\"og:image:width\" content=\"615\" \/>\n\t<meta property=\"og:image:height\" content=\"470\" \/>\n\t<meta property=\"og:image:type\" content=\"image\/jpeg\" \/>\n<meta name=\"author\" content=\"Reda\u00e7\u00e3o\" \/>\n<meta name=\"twitter:card\" content=\"summary_large_image\" \/>\n<meta name=\"twitter:creator\" content=\"@Notibras\" \/>\n<meta name=\"twitter:site\" content=\"@Notibras\" \/>\n<meta name=\"twitter:label1\" content=\"Escrito por\" \/>\n\t<meta name=\"twitter:data1\" content=\"Reda\u00e7\u00e3o\" \/>\n\t<meta name=\"twitter:label2\" content=\"Est. tempo de leitura\" \/>\n\t<meta name=\"twitter:data2\" content=\"1 minuto\" \/>\n<script type=\"application\/ld+json\" class=\"yoast-schema-graph\">{\"@context\":\"https:\\\/\\\/schema.org\",\"@graph\":[{\"@type\":\"Article\",\"@id\":\"https:\\\/\\\/www.notibras.com\\\/site\\\/bottas-reclama-de-dores-nas-costas-e-larga-em-sexto\\\/#article\",\"isPartOf\":{\"@id\":\"https:\\\/\\\/www.notibras.com\\\/site\\\/bottas-reclama-de-dores-nas-costas-e-larga-em-sexto\\\/\"},\"author\":{\"name\":\"Reda\u00e7\u00e3o\",\"@id\":\"https:\\\/\\\/www.notibras.com\\\/site\\\/#\\\/schema\\\/person\\\/36ab0979449956132d3e5b517ea76ac8\"},\"headline\":\"Bottas reclama de dores nas costas e larga em sexto\",\"datePublished\":\"2015-03-14T08:17:26+00:00\",\"dateModified\":\"2015-03-14T12:20:05+00:00\",\"mainEntityOfPage\":{\"@id\":\"https:\\\/\\\/www.notibras.com\\\/site\\\/bottas-reclama-de-dores-nas-costas-e-larga-em-sexto\\\/\"},\"wordCount\":208,\"commentCount\":0,\"publisher\":{\"@id\":\"https:\\\/\\\/www.notibras.com\\\/site\\\/#organization\"},\"image\":{\"@id\":\"https:\\\/\\\/www.notibras.com\\\/site\\\/bottas-reclama-de-dores-nas-costas-e-larga-em-sexto\\\/#primaryimage\"},\"thumbnailUrl\":\"https:\\\/\\\/www.notibras.com\\\/site\\\/wp-content\\\/uploads\\\/2015\\\/03\\\/vb.jpg\",\"articleSection\":[\"Automobilismo\",\"Esportes\"],\"inLanguage\":\"pt-BR\",\"potentialAction\":[{\"@type\":\"CommentAction\",\"name\":\"Comment\",\"target\":[\"https:\\\/\\\/www.notibras.com\\\/site\\\/bottas-reclama-de-dores-nas-costas-e-larga-em-sexto\\\/#respond\"]}]},{\"@type\":\"WebPage\",\"@id\":\"https:\\\/\\\/www.notibras.com\\\/site\\\/bottas-reclama-de-dores-nas-costas-e-larga-em-sexto\\\/\",\"url\":\"https:\\\/\\\/www.notibras.com\\\/site\\\/bottas-reclama-de-dores-nas-costas-e-larga-em-sexto\\\/\",\"name\":\"Bottas reclama de dores nas costas e larga em sexto - Notibras\",\"isPartOf\":{\"@id\":\"https:\\\/\\\/www.notibras.com\\\/site\\\/#website\"},\"primaryImageOfPage\":{\"@id\":\"https:\\\/\\\/www.notibras.com\\\/site\\\/bottas-reclama-de-dores-nas-costas-e-larga-em-sexto\\\/#primaryimage\"},\"image\":{\"@id\":\"https:\\\/\\\/www.notibras.com\\\/site\\\/bottas-reclama-de-dores-nas-costas-e-larga-em-sexto\\\/#primaryimage\"},\"thumbnailUrl\":\"https:\\\/\\\/www.notibras.com\\\/site\\\/wp-content\\\/uploads\\\/2015\\\/03\\\/vb.jpg\",\"datePublished\":\"2015-03-14T08:17:26+00:00\",\"dateModified\":\"2015-03-14T12:20:05+00:00\",\"breadcrumb\":{\"@id\":\"https:\\\/\\\/www.notibras.com\\\/site\\\/bottas-reclama-de-dores-nas-costas-e-larga-em-sexto\\\/#breadcrumb\"},\"inLanguage\":\"pt-BR\",\"potentialAction\":[{\"@type\":\"ReadAction\",\"target\":[\"https:\\\/\\\/www.notibras.com\\\/site\\\/bottas-reclama-de-dores-nas-costas-e-larga-em-sexto\\\/\"]}]},{\"@type\":\"ImageObject\",\"inLanguage\":\"pt-BR\",\"@id\":\"https:\\\/\\\/www.notibras.com\\\/site\\\/bottas-reclama-de-dores-nas-costas-e-larga-em-sexto\\\/#primaryimage\",\"url\":\"https:\\\/\\\/www.notibras.com\\\/site\\\/wp-content\\\/uploads\\\/2015\\\/03\\\/vb.jpg\",\"contentUrl\":\"https:\\\/\\\/www.notibras.com\\\/site\\\/wp-content\\\/uploads\\\/2015\\\/03\\\/vb.jpg\",\"width\":615,\"height\":470},{\"@type\":\"BreadcrumbList\",\"@id\":\"https:\\\/\\\/www.notibras.com\\\/site\\\/bottas-reclama-de-dores-nas-costas-e-larga-em-sexto\\\/#breadcrumb\",\"itemListElement\":[{\"@type\":\"ListItem\",\"position\":1,\"name\":\"In\u00edcio\",\"item\":\"https:\\\/\\\/www.notibras.com\\\/site\\\/\"},{\"@type\":\"ListItem\",\"position\":2,\"name\":\"Bottas reclama de dores nas costas e larga em sexto\"}]},{\"@type\":\"WebSite\",\"@id\":\"https:\\\/\\\/www.notibras.com\\\/site\\\/#website\",\"url\":\"https:\\\/\\\/www.notibras.com\\\/site\\\/\",\"name\":\"Notibras\",\"description\":\"Not\u00edcias de Bras\u00edlia, do Brasil e do Mundo\",\"publisher\":{\"@id\":\"https:\\\/\\\/www.notibras.com\\\/site\\\/#organization\"},\"potentialAction\":[{\"@type\":\"SearchAction\",\"target\":{\"@type\":\"EntryPoint\",\"urlTemplate\":\"https:\\\/\\\/www.notibras.com\\\/site\\\/?s={search_term_string}\"},\"query-input\":{\"@type\":\"PropertyValueSpecification\",\"valueRequired\":true,\"valueName\":\"search_term_string\"}}],\"inLanguage\":\"pt-BR\"},{\"@type\":\"Organization\",\"@id\":\"https:\\\/\\\/www.notibras.com\\\/site\\\/#organization\",\"name\":\"Grupo Notibras de Comunica\u00e7\u00e3o\",\"url\":\"https:\\\/\\\/www.notibras.com\\\/site\\\/\",\"logo\":{\"@type\":\"ImageObject\",\"inLanguage\":\"pt-BR\",\"@id\":\"https:\\\/\\\/www.notibras.com\\\/site\\\/#\\\/schema\\\/logo\\\/image\\\/\",\"url\":\"https:\\\/\\\/www.notibras.com\\\/site\\\/wp-content\\\/uploads\\\/2023\\\/01\\\/notibras23.png\",\"contentUrl\":\"https:\\\/\\\/www.notibras.com\\\/site\\\/wp-content\\\/uploads\\\/2023\\\/01\\\/notibras23.png\",\"width\":350,\"height\":87,\"caption\":\"Grupo Notibras de Comunica\u00e7\u00e3o\"},\"image\":{\"@id\":\"https:\\\/\\\/www.notibras.com\\\/site\\\/#\\\/schema\\\/logo\\\/image\\\/\"},\"sameAs\":[\"https:\\\/\\\/www.facebook.com\\\/notibras\\\/\",\"https:\\\/\\\/x.com\\\/Notibras\",\"https:\\\/\\\/www.instagram.com\\\/notibras\\\/\"]},{\"@type\":\"Person\",\"@id\":\"https:\\\/\\\/www.notibras.com\\\/site\\\/#\\\/schema\\\/person\\\/36ab0979449956132d3e5b517ea76ac8\",\"name\":\"Reda\u00e7\u00e3o\",\"image\":{\"@type\":\"ImageObject\",\"inLanguage\":\"pt-BR\",\"@id\":\"https:\\\/\\\/secure.gravatar.com\\\/avatar\\\/e0a867bdedb85fd243eadf09663511f96fc81e0720a4a42581f334ad4303aa6b?s=96&d=mm&r=g\",\"url\":\"https:\\\/\\\/secure.gravatar.com\\\/avatar\\\/e0a867bdedb85fd243eadf09663511f96fc81e0720a4a42581f334ad4303aa6b?s=96&d=mm&r=g\",\"contentUrl\":\"https:\\\/\\\/secure.gravatar.com\\\/avatar\\\/e0a867bdedb85fd243eadf09663511f96fc81e0720a4a42581f334ad4303aa6b?s=96&d=mm&r=g\",\"caption\":\"Reda\u00e7\u00e3o\"}}]}<\/script>\n<!-- \/ Yoast SEO plugin. -->","yoast_head_json":{"title":"Bottas reclama de dores nas costas e larga em sexto - Notibras","robots":{"index":"index","follow":"follow","max-snippet":"max-snippet:-1","max-image-preview":"max-image-preview:large","max-video-preview":"max-video-preview:-1"},"canonical":"https:\/\/www.notibras.com\/site\/bottas-reclama-de-dores-nas-costas-e-larga-em-sexto\/","og_locale":"pt_BR","og_type":"article","og_title":"Bottas reclama de dores nas costas e larga em sexto - Notibras","og_description":"O finland\u00eas Valtteri Bottas sofreu um problema incomum durante a sess\u00e3o de classifica\u00e7\u00e3o para o GP da Austr\u00e1lia. O companheiro de Felipe Massa reclamou de dores nas costas no meio do treino, mas a equipe Williams n\u00e3o sabe explicar o que aconteceu. O piloto vinha bem no final de semana, mas cometeu erros nas suas [&hellip;]","og_url":"https:\/\/www.notibras.com\/site\/bottas-reclama-de-dores-nas-costas-e-larga-em-sexto\/","og_site_name":"Notibras","article_publisher":"https:\/\/www.facebook.com\/notibras\/","article_published_time":"2015-03-14T08:17:26+00:00","article_modified_time":"2015-03-14T12:20:05+00:00","og_image":[{"width":615,"height":470,"url":"https:\/\/www.notibras.com\/site\/wp-content\/uploads\/2015\/03\/vb.jpg","type":"image\/jpeg"}],"author":"Reda\u00e7\u00e3o","twitter_card":"summary_large_image","twitter_creator":"@Notibras","twitter_site":"@Notibras","twitter_misc":{"Escrito por":"Reda\u00e7\u00e3o","Est. tempo de leitura":"1 minuto"},"schema":{"@context":"https:\/\/schema.org","@graph":[{"@type":"Article","@id":"https:\/\/www.notibras.com\/site\/bottas-reclama-de-dores-nas-costas-e-larga-em-sexto\/#article","isPartOf":{"@id":"https:\/\/www.notibras.com\/site\/bottas-reclama-de-dores-nas-costas-e-larga-em-sexto\/"},"author":{"name":"Reda\u00e7\u00e3o","@id":"https:\/\/www.notibras.com\/site\/#\/schema\/person\/36ab0979449956132d3e5b517ea76ac8"},"headline":"Bottas reclama de dores nas costas e larga em sexto","datePublished":"2015-03-14T08:17:26+00:00","dateModified":"2015-03-14T12:20:05+00:00","mainEntityOfPage":{"@id":"https:\/\/www.notibras.com\/site\/bottas-reclama-de-dores-nas-costas-e-larga-em-sexto\/"},"wordCount":208,"commentCount":0,"publisher":{"@id":"https:\/\/www.notibras.com\/site\/#organization"},"image":{"@id":"https:\/\/www.notibras.com\/site\/bottas-reclama-de-dores-nas-costas-e-larga-em-sexto\/#primaryimage"},"thumbnailUrl":"https:\/\/www.notibras.com\/site\/wp-content\/uploads\/2015\/03\/vb.jpg","articleSection":["Automobilismo","Esportes"],"inLanguage":"pt-BR","potentialAction":[{"@type":"CommentAction","name":"Comment","target":["https:\/\/www.notibras.com\/site\/bottas-reclama-de-dores-nas-costas-e-larga-em-sexto\/#respond"]}]},{"@type":"WebPage","@id":"https:\/\/www.notibras.com\/site\/bottas-reclama-de-dores-nas-costas-e-larga-em-sexto\/","url":"https:\/\/www.notibras.com\/site\/bottas-reclama-de-dores-nas-costas-e-larga-em-sexto\/","name":"Bottas reclama de dores nas costas e larga em sexto - Notibras","isPartOf":{"@id":"https:\/\/www.notibras.com\/site\/#website"},"primaryImageOfPage":{"@id":"https:\/\/www.notibras.com\/site\/bottas-reclama-de-dores-nas-costas-e-larga-em-sexto\/#primaryimage"},"image":{"@id":"https:\/\/www.notibras.com\/site\/bottas-reclama-de-dores-nas-costas-e-larga-em-sexto\/#primaryimage"},"thumbnailUrl":"https:\/\/www.notibras.com\/site\/wp-content\/uploads\/2015\/03\/vb.jpg","datePublished":"2015-03-14T08:17:26+00:00","dateModified":"2015-03-14T12:20:05+00:00","breadcrumb":{"@id":"https:\/\/www.notibras.com\/site\/bottas-reclama-de-dores-nas-costas-e-larga-em-sexto\/#breadcrumb"},"inLanguage":"pt-BR","potentialAction":[{"@type":"ReadAction","target":["https:\/\/www.notibras.com\/site\/bottas-reclama-de-dores-nas-costas-e-larga-em-sexto\/"]}]},{"@type":"ImageObject","inLanguage":"pt-BR","@id":"https:\/\/www.notibras.com\/site\/bottas-reclama-de-dores-nas-costas-e-larga-em-sexto\/#primaryimage","url":"https:\/\/www.notibras.com\/site\/wp-content\/uploads\/2015\/03\/vb.jpg","contentUrl":"https:\/\/www.notibras.com\/site\/wp-content\/uploads\/2015\/03\/vb.jpg","width":615,"height":470},{"@type":"BreadcrumbList","@id":"https:\/\/www.notibras.com\/site\/bottas-reclama-de-dores-nas-costas-e-larga-em-sexto\/#breadcrumb","itemListElement":[{"@type":"ListItem","position":1,"name":"In\u00edcio","item":"https:\/\/www.notibras.com\/site\/"},{"@type":"ListItem","position":2,"name":"Bottas reclama de dores nas costas e larga em sexto"}]},{"@type":"WebSite","@id":"https:\/\/www.notibras.com\/site\/#website","url":"https:\/\/www.notibras.com\/site\/","name":"Notibras","description":"Not\u00edcias de Bras\u00edlia, do Brasil e do Mundo","publisher":{"@id":"https:\/\/www.notibras.com\/site\/#organization"},"potentialAction":[{"@type":"SearchAction","target":{"@type":"EntryPoint","urlTemplate":"https:\/\/www.notibras.com\/site\/?s={search_term_string}"},"query-input":{"@type":"PropertyValueSpecification","valueRequired":true,"valueName":"search_term_string"}}],"inLanguage":"pt-BR"},{"@type":"Organization","@id":"https:\/\/www.notibras.com\/site\/#organization","name":"Grupo Notibras de Comunica\u00e7\u00e3o","url":"https:\/\/www.notibras.com\/site\/","logo":{"@type":"ImageObject","inLanguage":"pt-BR","@id":"https:\/\/www.notibras.com\/site\/#\/schema\/logo\/image\/","url":"https:\/\/www.notibras.com\/site\/wp-content\/uploads\/2023\/01\/notibras23.png","contentUrl":"https:\/\/www.notibras.com\/site\/wp-content\/uploads\/2023\/01\/notibras23.png","width":350,"height":87,"caption":"Grupo Notibras de Comunica\u00e7\u00e3o"},"image":{"@id":"https:\/\/www.notibras.com\/site\/#\/schema\/logo\/image\/"},"sameAs":["https:\/\/www.facebook.com\/notibras\/","https:\/\/x.com\/Notibras","https:\/\/www.instagram.com\/notibras\/"]},{"@type":"Person","@id":"https:\/\/www.notibras.com\/site\/#\/schema\/person\/36ab0979449956132d3e5b517ea76ac8","name":"Reda\u00e7\u00e3o","image":{"@type":"ImageObject","inLanguage":"pt-BR","@id":"https:\/\/secure.gravatar.com\/avatar\/e0a867bdedb85fd243eadf09663511f96fc81e0720a4a42581f334ad4303aa6b?s=96&d=mm&r=g","url":"https:\/\/secure.gravatar.com\/avatar\/e0a867bdedb85fd243eadf09663511f96fc81e0720a4a42581f334ad4303aa6b?s=96&d=mm&r=g","contentUrl":"https:\/\/secure.gravatar.com\/avatar\/e0a867bdedb85fd243eadf09663511f96fc81e0720a4a42581f334ad4303aa6b?s=96&d=mm&r=g","caption":"Reda\u00e7\u00e3o"}}]}},"amp_enabled":true,"_links":{"self":[{"href":"https:\/\/www.notibras.com\/site\/wp-json\/wp\/v2\/posts\/39881","targetHints":{"allow":["GET"]}}],"collection":[{"href":"https:\/\/www.notibras.com\/site\/wp-json\/wp\/v2\/posts"}],"about":[{"href":"https:\/\/www.notibras.com\/site\/wp-json\/wp\/v2\/types\/post"}],"author":[{"embeddable":true,"href":"https:\/\/www.notibras.com\/site\/wp-json\/wp\/v2\/users\/2"}],"replies":[{"embeddable":true,"href":"https:\/\/www.notibras.com\/site\/wp-json\/wp\/v2\/comments?post=39881"}],"version-history":[{"count":0,"href":"https:\/\/www.notibras.com\/site\/wp-json\/wp\/v2\/posts\/39881\/revisions"}],"wp:featuredmedia":[{"embeddable":true,"href":"https:\/\/www.notibras.com\/site\/wp-json\/wp\/v2\/media\/39882"}],"wp:attachment":[{"href":"https:\/\/www.notibras.com\/site\/wp-json\/wp\/v2\/media?parent=39881"}],"wp:term":[{"taxonomy":"category","embeddable":true,"href":"https:\/\/www.notibras.com\/site\/wp-json\/wp\/v2\/categories?post=39881"},{"taxonomy":"post_tag","embeddable":true,"href":"https:\/\/www.notibras.com\/site\/wp-json\/wp\/v2\/tags?post=39881"}],"curies":[{"name":"wp","href":"https:\/\/api.w.org\/{rel}","templated":true}]}}