{"id":39929,"date":"2015-03-14T18:36:21","date_gmt":"2015-03-14T21:36:21","guid":{"rendered":"http:\/\/www.notibras.com\/site\/?p=39929"},"modified":"2015-03-14T20:39:09","modified_gmt":"2015-03-14T23:39:09","slug":"flamengo-passa-pelo-tigres-e-dorme-lider-entre-os-cariocas","status":"publish","type":"post","link":"https:\/\/www.notibras.com\/site\/flamengo-passa-pelo-tigres-e-dorme-lider-entre-os-cariocas\/","title":{"rendered":"Flamengo passa pelo Tigres e dorme l\u00edder entre os cariocas"},"content":{"rendered":"<p class=\"text\">O Flamengo sofreu com uma marca\u00e7\u00e3o dura e um gramado em p\u00e9ssimas condi\u00e7\u00f5es no Est\u00e1dio Los Larios, em Xer\u00e9m, mas conseguiu vencer o Tigres por 3 a 1 gra\u00e7as a dois gola\u00e7os do artilheiro Marcelo Cirino, e vai dormir na lideran\u00e7a do Campeonato Carioca.<\/p>\n<p class=\"text\">A equipe rubro-negra, que havia aberto o placar com Alecsandro, tomou um susto no segundo tempo ao sofrer o empate com a cria flamenguista Fabiano Oliveira. Pouco depois, por\u00e9m, dois belos lances de Cirino resolveram\u00a0a partida.<\/p>\n<blockquote>\n<p class=\"text\">O resultado levou o time de Vanderlei Luxemburgo aos 23 pontos, superando o Vasco da Gama pelos crit\u00e9rios de desempate. O Flamengo pode perder a lideran\u00e7a neste domingo, com chances de ser ultrapassado por Vasco, Botafogo (22 pontos), Fluminense (21) e at\u00e9 Madureira (20). J\u00e1 o Tigres, com a derrota, parou nos sete pontos, tr\u00eas acima da zona do rebaixamento.<\/p>\n<\/blockquote>\n<p class=\"text\">Em um primeiro tempo de muita marca\u00e7\u00e3o e algumas entradas feias, o Flamengo dominou a posse de bola, mas n\u00e3o conseguiu criar muita coisa. O Tigres marcava todo no campo de defesa, e os v\u00e1rios buracos no gramado atrapalhavam a troca de passes. Depois de assustar com cabe\u00e7ada de Marcelo Cirino e chute para fora de Par\u00e1, o time rubro-negro\u00a0enfim balan\u00e7ou a rede com Alecsandro.<\/p>\n<p class=\"text\">Luxemburgo agiu no intervalo com uma substitui\u00e7\u00e3o dupla, lan\u00e7ando Luiz Ant\u00f4nio e C\u00e1ceres nas vagas de Jonas e Canteros. Com Luiz Ant\u00f4nio abrindo o jogo pela direita, o Flamengo come\u00e7ou a incomodar o Tigres com cruzamentos. A torcida tamb\u00e9m pediu a entrada do atacante Paulinho, de boa atua\u00e7\u00e3o na \u00faltima partida contra o Volta Redonda, e o t\u00e9cnico tamb\u00e9m atendeu, sacando Alecsandro e passando Cirino para a fun\u00e7\u00e3o de centroavante.<\/p>\n<p class=\"text\">Mas foi o time da casa quem empatou com um gol de cabe\u00e7a de Fabiano Oliveira, antiga promessa da base do Fla, que n\u00e3o conseguiu deslanchar no time de cima. Nem deu tempo de comemorar: no minuto seguinte, Cirino limpou a marca\u00e7\u00e3o pela esquerda da \u00e1rea e\u00a0acertou uma bomba no \u00e2ngulo. Depois, o camisa 7 recebeu lan\u00e7amento, passou por dois advers\u00e1rios e tocou para as redes, chegando a oito gols no Campeonato Carioca.<\/p>\n","protected":false},"excerpt":{"rendered":"<p>O Flamengo sofreu com uma marca\u00e7\u00e3o dura e um gramado em p\u00e9ssimas condi\u00e7\u00f5es no Est\u00e1dio Los Larios, em Xer\u00e9m, mas conseguiu vencer o Tigres por 3 a 1 gra\u00e7as a dois gola\u00e7os do artilheiro Marcelo Cirino, e vai dormir na lideran\u00e7a do Campeonato Carioca. A equipe rubro-negra, que havia aberto o placar com Alecsandro, tomou [&hellip;]<\/p>\n","protected":false},"author":2,"featured_media":39930,"comment_status":"open","ping_status":"closed","sticky":false,"template":"","format":"standard","meta":{"_acf_changed":false,"footnotes":""},"categories":[19,29],"tags":[],"class_list":["post-39929","post","type-post","status-publish","format-standard","has-post-thumbnail","hentry","category-esportes","category-futebol"],"acf":[],"yoast_head":"<!-- This site is optimized with the Yoast SEO plugin v27.2 - https:\/\/yoast.com\/product\/yoast-seo-wordpress\/ -->\n<title>Flamengo passa pelo Tigres e dorme l\u00edder entre os cariocas - Notibras<\/title>\n<meta name=\"robots\" content=\"index, follow, max-snippet:-1, max-image-preview:large, max-video-preview:-1\" \/>\n<link rel=\"canonical\" href=\"https:\/\/www.notibras.com\/site\/flamengo-passa-pelo-tigres-e-dorme-lider-entre-os-cariocas\/\" \/>\n<meta property=\"og:locale\" content=\"pt_BR\" \/>\n<meta property=\"og:type\" content=\"article\" \/>\n<meta property=\"og:title\" content=\"Flamengo passa pelo Tigres e dorme l\u00edder entre os cariocas - Notibras\" \/>\n<meta property=\"og:description\" content=\"O Flamengo sofreu com uma marca\u00e7\u00e3o dura e um gramado em p\u00e9ssimas condi\u00e7\u00f5es no Est\u00e1dio Los Larios, em Xer\u00e9m, mas conseguiu vencer o Tigres por 3 a 1 gra\u00e7as a dois gola\u00e7os do artilheiro Marcelo Cirino, e vai dormir na lideran\u00e7a do Campeonato Carioca. A equipe rubro-negra, que havia aberto o placar com Alecsandro, tomou [&hellip;]\" \/>\n<meta property=\"og:url\" content=\"https:\/\/www.notibras.com\/site\/flamengo-passa-pelo-tigres-e-dorme-lider-entre-os-cariocas\/\" \/>\n<meta property=\"og:site_name\" content=\"Notibras\" \/>\n<meta property=\"article:publisher\" content=\"https:\/\/www.facebook.com\/notibras\/\" \/>\n<meta property=\"article:published_time\" content=\"2015-03-14T21:36:21+00:00\" \/>\n<meta property=\"article:modified_time\" content=\"2015-03-14T23:39:09+00:00\" \/>\n<meta property=\"og:image\" content=\"https:\/\/www.notibras.com\/site\/wp-content\/uploads\/2015\/03\/alecgolfestalucianobelfordagenciaelevengazeta.jpg\" \/>\n\t<meta property=\"og:image:width\" content=\"460\" \/>\n\t<meta property=\"og:image:height\" content=\"307\" \/>\n\t<meta property=\"og:image:type\" content=\"image\/jpeg\" \/>\n<meta name=\"author\" content=\"Reda\u00e7\u00e3o\" \/>\n<meta name=\"twitter:card\" content=\"summary_large_image\" \/>\n<meta name=\"twitter:creator\" content=\"@Notibras\" \/>\n<meta name=\"twitter:site\" content=\"@Notibras\" \/>\n<meta name=\"twitter:label1\" content=\"Escrito por\" \/>\n\t<meta name=\"twitter:data1\" content=\"Reda\u00e7\u00e3o\" \/>\n\t<meta name=\"twitter:label2\" content=\"Est. tempo de leitura\" \/>\n\t<meta name=\"twitter:data2\" content=\"2 minutos\" \/>\n<script type=\"application\/ld+json\" class=\"yoast-schema-graph\">{\"@context\":\"https:\/\/schema.org\",\"@graph\":[{\"@type\":\"Article\",\"@id\":\"https:\/\/www.notibras.com\/site\/flamengo-passa-pelo-tigres-e-dorme-lider-entre-os-cariocas\/#article\",\"isPartOf\":{\"@id\":\"https:\/\/www.notibras.com\/site\/flamengo-passa-pelo-tigres-e-dorme-lider-entre-os-cariocas\/\"},\"author\":{\"name\":\"Reda\u00e7\u00e3o\",\"@id\":\"https:\/\/www.notibras.com\/site\/#\/schema\/person\/36ab0979449956132d3e5b517ea76ac8\"},\"headline\":\"Flamengo passa pelo Tigres e dorme l\u00edder entre os cariocas\",\"datePublished\":\"2015-03-14T21:36:21+00:00\",\"dateModified\":\"2015-03-14T23:39:09+00:00\",\"mainEntityOfPage\":{\"@id\":\"https:\/\/www.notibras.com\/site\/flamengo-passa-pelo-tigres-e-dorme-lider-entre-os-cariocas\/\"},\"wordCount\":388,\"commentCount\":0,\"publisher\":{\"@id\":\"https:\/\/www.notibras.com\/site\/#organization\"},\"image\":{\"@id\":\"https:\/\/www.notibras.com\/site\/flamengo-passa-pelo-tigres-e-dorme-lider-entre-os-cariocas\/#primaryimage\"},\"thumbnailUrl\":\"https:\/\/www.notibras.com\/site\/wp-content\/uploads\/2015\/03\/alecgolfestalucianobelfordagenciaelevengazeta.jpg\",\"articleSection\":[\"Esportes\",\"Futebol\"],\"inLanguage\":\"pt-BR\",\"potentialAction\":[{\"@type\":\"CommentAction\",\"name\":\"Comment\",\"target\":[\"https:\/\/www.notibras.com\/site\/flamengo-passa-pelo-tigres-e-dorme-lider-entre-os-cariocas\/#respond\"]}]},{\"@type\":\"WebPage\",\"@id\":\"https:\/\/www.notibras.com\/site\/flamengo-passa-pelo-tigres-e-dorme-lider-entre-os-cariocas\/\",\"url\":\"https:\/\/www.notibras.com\/site\/flamengo-passa-pelo-tigres-e-dorme-lider-entre-os-cariocas\/\",\"name\":\"Flamengo passa pelo Tigres e dorme l\u00edder entre os cariocas - Notibras\",\"isPartOf\":{\"@id\":\"https:\/\/www.notibras.com\/site\/#website\"},\"primaryImageOfPage\":{\"@id\":\"https:\/\/www.notibras.com\/site\/flamengo-passa-pelo-tigres-e-dorme-lider-entre-os-cariocas\/#primaryimage\"},\"image\":{\"@id\":\"https:\/\/www.notibras.com\/site\/flamengo-passa-pelo-tigres-e-dorme-lider-entre-os-cariocas\/#primaryimage\"},\"thumbnailUrl\":\"https:\/\/www.notibras.com\/site\/wp-content\/uploads\/2015\/03\/alecgolfestalucianobelfordagenciaelevengazeta.jpg\",\"datePublished\":\"2015-03-14T21:36:21+00:00\",\"dateModified\":\"2015-03-14T23:39:09+00:00\",\"breadcrumb\":{\"@id\":\"https:\/\/www.notibras.com\/site\/flamengo-passa-pelo-tigres-e-dorme-lider-entre-os-cariocas\/#breadcrumb\"},\"inLanguage\":\"pt-BR\",\"potentialAction\":[{\"@type\":\"ReadAction\",\"target\":[\"https:\/\/www.notibras.com\/site\/flamengo-passa-pelo-tigres-e-dorme-lider-entre-os-cariocas\/\"]}]},{\"@type\":\"ImageObject\",\"inLanguage\":\"pt-BR\",\"@id\":\"https:\/\/www.notibras.com\/site\/flamengo-passa-pelo-tigres-e-dorme-lider-entre-os-cariocas\/#primaryimage\",\"url\":\"https:\/\/www.notibras.com\/site\/wp-content\/uploads\/2015\/03\/alecgolfestalucianobelfordagenciaelevengazeta.jpg\",\"contentUrl\":\"https:\/\/www.notibras.com\/site\/wp-content\/uploads\/2015\/03\/alecgolfestalucianobelfordagenciaelevengazeta.jpg\",\"width\":460,\"height\":307},{\"@type\":\"BreadcrumbList\",\"@id\":\"https:\/\/www.notibras.com\/site\/flamengo-passa-pelo-tigres-e-dorme-lider-entre-os-cariocas\/#breadcrumb\",\"itemListElement\":[{\"@type\":\"ListItem\",\"position\":1,\"name\":\"In\u00edcio\",\"item\":\"https:\/\/www.notibras.com\/site\/\"},{\"@type\":\"ListItem\",\"position\":2,\"name\":\"Flamengo passa pelo Tigres e dorme l\u00edder entre os cariocas\"}]},{\"@type\":\"WebSite\",\"@id\":\"https:\/\/www.notibras.com\/site\/#website\",\"url\":\"https:\/\/www.notibras.com\/site\/\",\"name\":\"Notibras\",\"description\":\"Not\u00edcias de Bras\u00edlia, do Brasil e do Mundo\",\"publisher\":{\"@id\":\"https:\/\/www.notibras.com\/site\/#organization\"},\"potentialAction\":[{\"@type\":\"SearchAction\",\"target\":{\"@type\":\"EntryPoint\",\"urlTemplate\":\"https:\/\/www.notibras.com\/site\/?s={search_term_string}\"},\"query-input\":{\"@type\":\"PropertyValueSpecification\",\"valueRequired\":true,\"valueName\":\"search_term_string\"}}],\"inLanguage\":\"pt-BR\"},{\"@type\":\"Organization\",\"@id\":\"https:\/\/www.notibras.com\/site\/#organization\",\"name\":\"Grupo Notibras de Comunica\u00e7\u00e3o\",\"url\":\"https:\/\/www.notibras.com\/site\/\",\"logo\":{\"@type\":\"ImageObject\",\"inLanguage\":\"pt-BR\",\"@id\":\"https:\/\/www.notibras.com\/site\/#\/schema\/logo\/image\/\",\"url\":\"https:\/\/www.notibras.com\/site\/wp-content\/uploads\/2023\/01\/notibras23.png\",\"contentUrl\":\"https:\/\/www.notibras.com\/site\/wp-content\/uploads\/2023\/01\/notibras23.png\",\"width\":350,\"height\":87,\"caption\":\"Grupo Notibras de Comunica\u00e7\u00e3o\"},\"image\":{\"@id\":\"https:\/\/www.notibras.com\/site\/#\/schema\/logo\/image\/\"},\"sameAs\":[\"https:\/\/www.facebook.com\/notibras\/\",\"https:\/\/x.com\/Notibras\",\"https:\/\/www.instagram.com\/notibras\/\"]},{\"@type\":\"Person\",\"@id\":\"https:\/\/www.notibras.com\/site\/#\/schema\/person\/36ab0979449956132d3e5b517ea76ac8\",\"name\":\"Reda\u00e7\u00e3o\",\"image\":{\"@type\":\"ImageObject\",\"inLanguage\":\"pt-BR\",\"@id\":\"https:\/\/secure.gravatar.com\/avatar\/e0a867bdedb85fd243eadf09663511f96fc81e0720a4a42581f334ad4303aa6b?s=96&d=mm&r=g\",\"url\":\"https:\/\/secure.gravatar.com\/avatar\/e0a867bdedb85fd243eadf09663511f96fc81e0720a4a42581f334ad4303aa6b?s=96&d=mm&r=g\",\"contentUrl\":\"https:\/\/secure.gravatar.com\/avatar\/e0a867bdedb85fd243eadf09663511f96fc81e0720a4a42581f334ad4303aa6b?s=96&d=mm&r=g\",\"caption\":\"Reda\u00e7\u00e3o\"}}]}<\/script>\n<!-- \/ Yoast SEO plugin. -->","yoast_head_json":{"title":"Flamengo passa pelo Tigres e dorme l\u00edder entre os cariocas - Notibras","robots":{"index":"index","follow":"follow","max-snippet":"max-snippet:-1","max-image-preview":"max-image-preview:large","max-video-preview":"max-video-preview:-1"},"canonical":"https:\/\/www.notibras.com\/site\/flamengo-passa-pelo-tigres-e-dorme-lider-entre-os-cariocas\/","og_locale":"pt_BR","og_type":"article","og_title":"Flamengo passa pelo Tigres e dorme l\u00edder entre os cariocas - Notibras","og_description":"O Flamengo sofreu com uma marca\u00e7\u00e3o dura e um gramado em p\u00e9ssimas condi\u00e7\u00f5es no Est\u00e1dio Los Larios, em Xer\u00e9m, mas conseguiu vencer o Tigres por 3 a 1 gra\u00e7as a dois gola\u00e7os do artilheiro Marcelo Cirino, e vai dormir na lideran\u00e7a do Campeonato Carioca. A equipe rubro-negra, que havia aberto o placar com Alecsandro, tomou [&hellip;]","og_url":"https:\/\/www.notibras.com\/site\/flamengo-passa-pelo-tigres-e-dorme-lider-entre-os-cariocas\/","og_site_name":"Notibras","article_publisher":"https:\/\/www.facebook.com\/notibras\/","article_published_time":"2015-03-14T21:36:21+00:00","article_modified_time":"2015-03-14T23:39:09+00:00","og_image":[{"width":460,"height":307,"url":"https:\/\/www.notibras.com\/site\/wp-content\/uploads\/2015\/03\/alecgolfestalucianobelfordagenciaelevengazeta.jpg","type":"image\/jpeg"}],"author":"Reda\u00e7\u00e3o","twitter_card":"summary_large_image","twitter_creator":"@Notibras","twitter_site":"@Notibras","twitter_misc":{"Escrito por":"Reda\u00e7\u00e3o","Est. tempo de leitura":"2 minutos"},"schema":{"@context":"https:\/\/schema.org","@graph":[{"@type":"Article","@id":"https:\/\/www.notibras.com\/site\/flamengo-passa-pelo-tigres-e-dorme-lider-entre-os-cariocas\/#article","isPartOf":{"@id":"https:\/\/www.notibras.com\/site\/flamengo-passa-pelo-tigres-e-dorme-lider-entre-os-cariocas\/"},"author":{"name":"Reda\u00e7\u00e3o","@id":"https:\/\/www.notibras.com\/site\/#\/schema\/person\/36ab0979449956132d3e5b517ea76ac8"},"headline":"Flamengo passa pelo Tigres e dorme l\u00edder entre os cariocas","datePublished":"2015-03-14T21:36:21+00:00","dateModified":"2015-03-14T23:39:09+00:00","mainEntityOfPage":{"@id":"https:\/\/www.notibras.com\/site\/flamengo-passa-pelo-tigres-e-dorme-lider-entre-os-cariocas\/"},"wordCount":388,"commentCount":0,"publisher":{"@id":"https:\/\/www.notibras.com\/site\/#organization"},"image":{"@id":"https:\/\/www.notibras.com\/site\/flamengo-passa-pelo-tigres-e-dorme-lider-entre-os-cariocas\/#primaryimage"},"thumbnailUrl":"https:\/\/www.notibras.com\/site\/wp-content\/uploads\/2015\/03\/alecgolfestalucianobelfordagenciaelevengazeta.jpg","articleSection":["Esportes","Futebol"],"inLanguage":"pt-BR","potentialAction":[{"@type":"CommentAction","name":"Comment","target":["https:\/\/www.notibras.com\/site\/flamengo-passa-pelo-tigres-e-dorme-lider-entre-os-cariocas\/#respond"]}]},{"@type":"WebPage","@id":"https:\/\/www.notibras.com\/site\/flamengo-passa-pelo-tigres-e-dorme-lider-entre-os-cariocas\/","url":"https:\/\/www.notibras.com\/site\/flamengo-passa-pelo-tigres-e-dorme-lider-entre-os-cariocas\/","name":"Flamengo passa pelo Tigres e dorme l\u00edder entre os cariocas - Notibras","isPartOf":{"@id":"https:\/\/www.notibras.com\/site\/#website"},"primaryImageOfPage":{"@id":"https:\/\/www.notibras.com\/site\/flamengo-passa-pelo-tigres-e-dorme-lider-entre-os-cariocas\/#primaryimage"},"image":{"@id":"https:\/\/www.notibras.com\/site\/flamengo-passa-pelo-tigres-e-dorme-lider-entre-os-cariocas\/#primaryimage"},"thumbnailUrl":"https:\/\/www.notibras.com\/site\/wp-content\/uploads\/2015\/03\/alecgolfestalucianobelfordagenciaelevengazeta.jpg","datePublished":"2015-03-14T21:36:21+00:00","dateModified":"2015-03-14T23:39:09+00:00","breadcrumb":{"@id":"https:\/\/www.notibras.com\/site\/flamengo-passa-pelo-tigres-e-dorme-lider-entre-os-cariocas\/#breadcrumb"},"inLanguage":"pt-BR","potentialAction":[{"@type":"ReadAction","target":["https:\/\/www.notibras.com\/site\/flamengo-passa-pelo-tigres-e-dorme-lider-entre-os-cariocas\/"]}]},{"@type":"ImageObject","inLanguage":"pt-BR","@id":"https:\/\/www.notibras.com\/site\/flamengo-passa-pelo-tigres-e-dorme-lider-entre-os-cariocas\/#primaryimage","url":"https:\/\/www.notibras.com\/site\/wp-content\/uploads\/2015\/03\/alecgolfestalucianobelfordagenciaelevengazeta.jpg","contentUrl":"https:\/\/www.notibras.com\/site\/wp-content\/uploads\/2015\/03\/alecgolfestalucianobelfordagenciaelevengazeta.jpg","width":460,"height":307},{"@type":"BreadcrumbList","@id":"https:\/\/www.notibras.com\/site\/flamengo-passa-pelo-tigres-e-dorme-lider-entre-os-cariocas\/#breadcrumb","itemListElement":[{"@type":"ListItem","position":1,"name":"In\u00edcio","item":"https:\/\/www.notibras.com\/site\/"},{"@type":"ListItem","position":2,"name":"Flamengo passa pelo Tigres e dorme l\u00edder entre os cariocas"}]},{"@type":"WebSite","@id":"https:\/\/www.notibras.com\/site\/#website","url":"https:\/\/www.notibras.com\/site\/","name":"Notibras","description":"Not\u00edcias de Bras\u00edlia, do Brasil e do Mundo","publisher":{"@id":"https:\/\/www.notibras.com\/site\/#organization"},"potentialAction":[{"@type":"SearchAction","target":{"@type":"EntryPoint","urlTemplate":"https:\/\/www.notibras.com\/site\/?s={search_term_string}"},"query-input":{"@type":"PropertyValueSpecification","valueRequired":true,"valueName":"search_term_string"}}],"inLanguage":"pt-BR"},{"@type":"Organization","@id":"https:\/\/www.notibras.com\/site\/#organization","name":"Grupo Notibras de Comunica\u00e7\u00e3o","url":"https:\/\/www.notibras.com\/site\/","logo":{"@type":"ImageObject","inLanguage":"pt-BR","@id":"https:\/\/www.notibras.com\/site\/#\/schema\/logo\/image\/","url":"https:\/\/www.notibras.com\/site\/wp-content\/uploads\/2023\/01\/notibras23.png","contentUrl":"https:\/\/www.notibras.com\/site\/wp-content\/uploads\/2023\/01\/notibras23.png","width":350,"height":87,"caption":"Grupo Notibras de Comunica\u00e7\u00e3o"},"image":{"@id":"https:\/\/www.notibras.com\/site\/#\/schema\/logo\/image\/"},"sameAs":["https:\/\/www.facebook.com\/notibras\/","https:\/\/x.com\/Notibras","https:\/\/www.instagram.com\/notibras\/"]},{"@type":"Person","@id":"https:\/\/www.notibras.com\/site\/#\/schema\/person\/36ab0979449956132d3e5b517ea76ac8","name":"Reda\u00e7\u00e3o","image":{"@type":"ImageObject","inLanguage":"pt-BR","@id":"https:\/\/secure.gravatar.com\/avatar\/e0a867bdedb85fd243eadf09663511f96fc81e0720a4a42581f334ad4303aa6b?s=96&d=mm&r=g","url":"https:\/\/secure.gravatar.com\/avatar\/e0a867bdedb85fd243eadf09663511f96fc81e0720a4a42581f334ad4303aa6b?s=96&d=mm&r=g","contentUrl":"https:\/\/secure.gravatar.com\/avatar\/e0a867bdedb85fd243eadf09663511f96fc81e0720a4a42581f334ad4303aa6b?s=96&d=mm&r=g","caption":"Reda\u00e7\u00e3o"}}]}},"amp_enabled":true,"_links":{"self":[{"href":"https:\/\/www.notibras.com\/site\/wp-json\/wp\/v2\/posts\/39929","targetHints":{"allow":["GET"]}}],"collection":[{"href":"https:\/\/www.notibras.com\/site\/wp-json\/wp\/v2\/posts"}],"about":[{"href":"https:\/\/www.notibras.com\/site\/wp-json\/wp\/v2\/types\/post"}],"author":[{"embeddable":true,"href":"https:\/\/www.notibras.com\/site\/wp-json\/wp\/v2\/users\/2"}],"replies":[{"embeddable":true,"href":"https:\/\/www.notibras.com\/site\/wp-json\/wp\/v2\/comments?post=39929"}],"version-history":[{"count":0,"href":"https:\/\/www.notibras.com\/site\/wp-json\/wp\/v2\/posts\/39929\/revisions"}],"wp:featuredmedia":[{"embeddable":true,"href":"https:\/\/www.notibras.com\/site\/wp-json\/wp\/v2\/media\/39930"}],"wp:attachment":[{"href":"https:\/\/www.notibras.com\/site\/wp-json\/wp\/v2\/media?parent=39929"}],"wp:term":[{"taxonomy":"category","embeddable":true,"href":"https:\/\/www.notibras.com\/site\/wp-json\/wp\/v2\/categories?post=39929"},{"taxonomy":"post_tag","embeddable":true,"href":"https:\/\/www.notibras.com\/site\/wp-json\/wp\/v2\/tags?post=39929"}],"curies":[{"name":"wp","href":"https:\/\/api.w.org\/{rel}","templated":true}]}}