{"id":39959,"date":"2015-03-14T23:26:35","date_gmt":"2015-03-15T02:26:35","guid":{"rendered":"http:\/\/www.notibras.com\/site\/?p=39959"},"modified":"2015-03-17T01:30:10","modified_gmt":"2015-03-17T04:30:10","slug":"camara-legislativa-o-poder-arrumado-pelas-maos-de-uma-mulher","status":"publish","type":"post","link":"https:\/\/www.notibras.com\/site\/camara-legislativa-o-poder-arrumado-pelas-maos-de-uma-mulher\/","title":{"rendered":"C\u00e2mara Legislativa, Poder arrumado nas m\u00e3os da mulher"},"content":{"rendered":"<p>A C\u00e2mara Legislativa do Distrito Federal \u00e9 um espa\u00e7o de lutas pol\u00edticas importantes em defesa dos interesses da popula\u00e7\u00e3o. \u00c9 motivo de muita honra assumir a presid\u00eancia da CLDF, principalmente em um momento de profundas mudan\u00e7as pol\u00edticas no Distrito Federal.<\/p>\n<p>Em 60 dias de nova gest\u00e3o, o trabalho na CLDF tem sido pautado pelo compromisso com a popula\u00e7\u00e3o que sinalizou o desejo por um novo cap\u00edtulo na hist\u00f3ria do DF. \u00c9 com esse forte sentimento que a nova gest\u00e3o tem desempenhado sua fun\u00e7\u00e3o na Casa<\/p>\n<p>Uma das primeiras medidas adotadas foi a de levar a CLDF at\u00e9 o povo, por meio do projeto C\u00e2mara em Movimento. Gra\u00e7as a ele, os deputados distritais criam oportunidade para que os cidad\u00e3os compreendam melhor qual \u00e9 a fun\u00e7\u00e3o dos parlamentares e como funciona uma sess\u00e3o ordin\u00e1ria da C\u00e2mara Legislativa. O projeto prev\u00ea a realiza\u00e7\u00e3o de sess\u00f5es em todas as cidades do DF.<\/p>\n<p>O projeto C\u00e2mara Em Movimento confirma nosso compromisso em focar na transpar\u00eancia e no relacionamento aberto e democr\u00e1tico com a popula\u00e7\u00e3o. \u00c9 importante registrar que a iniciativa s\u00f3 foi poss\u00edvel gra\u00e7as ao apoio imediato e grande empenho de todos os pares, que compreenderam a necessidade de uma nova forma de relacionamento com o povo.<\/p>\n<p>Apesar de todas as diverg\u00eancias ideol\u00f3gicas, os deputados distritais est\u00e3o todos interessados na causa comum de servir a popula\u00e7\u00e3o. \u00c9 por isso que, em t\u00e3o pouco tempo, foi poss\u00edvel mudar tantos aspectos importantes da CLDF em benef\u00edcio do cidad\u00e3o.<\/p>\n<p>A promulga\u00e7\u00e3o da emenda \u00e0 Lei Org\u00e2nica n\u00ba 86\/2015 e a assinatura do termo de coopera\u00e7\u00e3o entre a C\u00e2mara Legislativa e a Defensoria P\u00fablica do DF tamb\u00e9m s\u00e3o duas conquistas que a Casa n\u00e3o pode deixar de comemorar. Gra\u00e7as a essas a\u00e7\u00f5es, j\u00e1 h\u00e1 um posto da Defensoria, localizado na Pra\u00e7a do Servidor, para atender o cidad\u00e3onas quest\u00f5es familiares, de registro p\u00fablico e de \u00f3rf\u00e3os e sucess\u00f5es.<\/p>\n<p>Tamb\u00e9m merece agradecimento sincero o empenho de todos os funcion\u00e1rios da Casa que, nesses primeiros 60 dias, n\u00e3o mediram esfor\u00e7os para viabilizar com seu trabalho todas as iniciativas que adotamos. Sem o empenho de cada um, nada disso teria sido vi\u00e1vel.<\/p>\n<blockquote><p>E, j\u00e1 que estamos ainda no M\u00eas da Mulher, registro um agradecimento especial \u00e0s servidoras da C\u00e2mara Legislativa do Distrito Federal que deixam suas fam\u00edlias, lares para enfrentar m\u00faltiplas jornadas e, muitas vezes, permanecem at\u00e9 tarde na Casa para ajudar no bom funcionamento do Legislativo.<\/p><\/blockquote>\n<p>A grande bandeira que congrega todos os deputados distritais \u00e9 a de assegurar uma vida decente \u00e0s fam\u00edlias do Distrito Federal. A luta para garantir uma vida mais digna \u00e0 popula\u00e7\u00e3o deve ser a mola-mestra do trabalho a ser desempenhado nos pr\u00f3ximos anos na CLDF.<\/p>\n<p>Para a sa\u00fade \u2013 que ainda \u00e9 um pesadelo para os moradores do DF \u2013 \u00e9 preciso somar for\u00e7as. \u00c9 preciso viabilizar mais recursos, melhor gerenciamento e mais aten\u00e7\u00e3o \u00e0 sa\u00fade da fam\u00edlia. \u00c9 urgente que seja oferecido na nossa rede p\u00fablica um atendimento universal, gratuito e de qualidade, como prescreve a Constitui\u00e7\u00e3o.<\/p>\n<p>A bandeira da justi\u00e7a social tamb\u00e9m deve sempre nos acompanhar. N\u00e3o podemos apenas nos orgulhar das maravilhosas qualidades da capital federal, mas entender que \u00e9 preciso avan\u00e7ar muito, no campo social, para que todos possam beneficiar-se da qualidade de vida reconhecida internacionalmente, mas ainda inacess\u00edvel para a maioria do povo.<\/p>\n<p>\u00c9 preciso reconhecer as imensas lutas que as mulheres ainda precisam travar para garantir seu espa\u00e7o. Mas tamb\u00e9m podemos comemorar conquistas como a Lei Maria da Penha, assim como a rec\u00e9m-aprovada Lei do Feminic\u00eddio, que transforma em crime hediondo o assassinato de mulheres decorrente de viol\u00eancia dom\u00e9stica. E essa luta important\u00edssima tamb\u00e9m estar\u00e1 sempre presente, como prioridade, na pauta da CLDF.<\/p>\n<p><strong>Celina Le\u00e3o<\/strong><\/p>\n","protected":false},"excerpt":{"rendered":"<p>A C\u00e2mara Legislativa do Distrito Federal \u00e9 um espa\u00e7o de lutas pol\u00edticas importantes em defesa dos interesses da popula\u00e7\u00e3o. \u00c9 motivo de muita honra assumir a presid\u00eancia da CLDF, principalmente em um momento de profundas mudan\u00e7as pol\u00edticas no Distrito Federal. Em 60 dias de nova gest\u00e3o, o trabalho na CLDF tem sido pautado pelo compromisso [&hellip;]<\/p>\n","protected":false},"author":2,"featured_media":39960,"comment_status":"open","ping_status":"closed","sticky":false,"template":"","format":"standard","meta":{"_acf_changed":false,"footnotes":""},"categories":[25],"tags":[],"class_list":["post-39959","post","type-post","status-publish","format-standard","has-post-thumbnail","hentry","category-opina-ai"],"acf":[],"yoast_head":"<!-- This site is optimized with the Yoast SEO plugin v27.5 - https:\/\/yoast.com\/product\/yoast-seo-wordpress\/ -->\n<title>C\u00e2mara Legislativa, Poder arrumado nas m\u00e3os da mulher - Notibras<\/title>\n<meta name=\"robots\" content=\"index, follow, max-snippet:-1, max-image-preview:large, max-video-preview:-1\" \/>\n<link rel=\"canonical\" href=\"https:\/\/www.notibras.com\/site\/camara-legislativa-o-poder-arrumado-pelas-maos-de-uma-mulher\/\" \/>\n<meta property=\"og:locale\" content=\"pt_BR\" \/>\n<meta property=\"og:type\" content=\"article\" \/>\n<meta property=\"og:title\" content=\"C\u00e2mara Legislativa, Poder arrumado nas m\u00e3os da mulher - Notibras\" \/>\n<meta property=\"og:description\" content=\"A C\u00e2mara Legislativa do Distrito Federal \u00e9 um espa\u00e7o de lutas pol\u00edticas importantes em defesa dos interesses da popula\u00e7\u00e3o. \u00c9 motivo de muita honra assumir a presid\u00eancia da CLDF, principalmente em um momento de profundas mudan\u00e7as pol\u00edticas no Distrito Federal. Em 60 dias de nova gest\u00e3o, o trabalho na CLDF tem sido pautado pelo compromisso [&hellip;]\" \/>\n<meta property=\"og:url\" content=\"https:\/\/www.notibras.com\/site\/camara-legislativa-o-poder-arrumado-pelas-maos-de-uma-mulher\/\" \/>\n<meta property=\"og:site_name\" content=\"Notibras\" \/>\n<meta property=\"article:publisher\" content=\"https:\/\/www.facebook.com\/notibras\/\" \/>\n<meta property=\"article:published_time\" content=\"2015-03-15T02:26:35+00:00\" \/>\n<meta property=\"article:modified_time\" content=\"2015-03-17T04:30:10+00:00\" \/>\n<meta property=\"og:image\" content=\"https:\/\/www.notibras.com\/site\/wp-content\/uploads\/2015\/03\/CLDF-04.jpg\" \/>\n\t<meta property=\"og:image:width\" content=\"400\" \/>\n\t<meta property=\"og:image:height\" content=\"266\" \/>\n\t<meta property=\"og:image:type\" content=\"image\/jpeg\" \/>\n<meta name=\"author\" content=\"Reda\u00e7\u00e3o\" \/>\n<meta name=\"twitter:card\" content=\"summary_large_image\" \/>\n<meta name=\"twitter:creator\" content=\"@Notibras\" \/>\n<meta name=\"twitter:site\" content=\"@Notibras\" \/>\n<meta name=\"twitter:label1\" content=\"Escrito por\" \/>\n\t<meta name=\"twitter:data1\" content=\"Reda\u00e7\u00e3o\" \/>\n\t<meta name=\"twitter:label2\" content=\"Est. tempo de leitura\" \/>\n\t<meta name=\"twitter:data2\" content=\"3 minutos\" \/>\n<script type=\"application\/ld+json\" class=\"yoast-schema-graph\">{\"@context\":\"https:\\\/\\\/schema.org\",\"@graph\":[{\"@type\":\"Article\",\"@id\":\"https:\\\/\\\/www.notibras.com\\\/site\\\/camara-legislativa-o-poder-arrumado-pelas-maos-de-uma-mulher\\\/#article\",\"isPartOf\":{\"@id\":\"https:\\\/\\\/www.notibras.com\\\/site\\\/camara-legislativa-o-poder-arrumado-pelas-maos-de-uma-mulher\\\/\"},\"author\":{\"name\":\"Reda\u00e7\u00e3o\",\"@id\":\"https:\\\/\\\/www.notibras.com\\\/site\\\/#\\\/schema\\\/person\\\/36ab0979449956132d3e5b517ea76ac8\"},\"headline\":\"C\u00e2mara Legislativa, Poder arrumado nas m\u00e3os da mulher\",\"datePublished\":\"2015-03-15T02:26:35+00:00\",\"dateModified\":\"2015-03-17T04:30:10+00:00\",\"mainEntityOfPage\":{\"@id\":\"https:\\\/\\\/www.notibras.com\\\/site\\\/camara-legislativa-o-poder-arrumado-pelas-maos-de-uma-mulher\\\/\"},\"wordCount\":679,\"commentCount\":0,\"publisher\":{\"@id\":\"https:\\\/\\\/www.notibras.com\\\/site\\\/#organization\"},\"image\":{\"@id\":\"https:\\\/\\\/www.notibras.com\\\/site\\\/camara-legislativa-o-poder-arrumado-pelas-maos-de-uma-mulher\\\/#primaryimage\"},\"thumbnailUrl\":\"https:\\\/\\\/www.notibras.com\\\/site\\\/wp-content\\\/uploads\\\/2015\\\/03\\\/CLDF-04.jpg\",\"articleSection\":[\"Opina a\u00ed\"],\"inLanguage\":\"pt-BR\",\"potentialAction\":[{\"@type\":\"CommentAction\",\"name\":\"Comment\",\"target\":[\"https:\\\/\\\/www.notibras.com\\\/site\\\/camara-legislativa-o-poder-arrumado-pelas-maos-de-uma-mulher\\\/#respond\"]}]},{\"@type\":\"WebPage\",\"@id\":\"https:\\\/\\\/www.notibras.com\\\/site\\\/camara-legislativa-o-poder-arrumado-pelas-maos-de-uma-mulher\\\/\",\"url\":\"https:\\\/\\\/www.notibras.com\\\/site\\\/camara-legislativa-o-poder-arrumado-pelas-maos-de-uma-mulher\\\/\",\"name\":\"C\u00e2mara Legislativa, Poder arrumado nas m\u00e3os da mulher - Notibras\",\"isPartOf\":{\"@id\":\"https:\\\/\\\/www.notibras.com\\\/site\\\/#website\"},\"primaryImageOfPage\":{\"@id\":\"https:\\\/\\\/www.notibras.com\\\/site\\\/camara-legislativa-o-poder-arrumado-pelas-maos-de-uma-mulher\\\/#primaryimage\"},\"image\":{\"@id\":\"https:\\\/\\\/www.notibras.com\\\/site\\\/camara-legislativa-o-poder-arrumado-pelas-maos-de-uma-mulher\\\/#primaryimage\"},\"thumbnailUrl\":\"https:\\\/\\\/www.notibras.com\\\/site\\\/wp-content\\\/uploads\\\/2015\\\/03\\\/CLDF-04.jpg\",\"datePublished\":\"2015-03-15T02:26:35+00:00\",\"dateModified\":\"2015-03-17T04:30:10+00:00\",\"breadcrumb\":{\"@id\":\"https:\\\/\\\/www.notibras.com\\\/site\\\/camara-legislativa-o-poder-arrumado-pelas-maos-de-uma-mulher\\\/#breadcrumb\"},\"inLanguage\":\"pt-BR\",\"potentialAction\":[{\"@type\":\"ReadAction\",\"target\":[\"https:\\\/\\\/www.notibras.com\\\/site\\\/camara-legislativa-o-poder-arrumado-pelas-maos-de-uma-mulher\\\/\"]}]},{\"@type\":\"ImageObject\",\"inLanguage\":\"pt-BR\",\"@id\":\"https:\\\/\\\/www.notibras.com\\\/site\\\/camara-legislativa-o-poder-arrumado-pelas-maos-de-uma-mulher\\\/#primaryimage\",\"url\":\"https:\\\/\\\/www.notibras.com\\\/site\\\/wp-content\\\/uploads\\\/2015\\\/03\\\/CLDF-04.jpg\",\"contentUrl\":\"https:\\\/\\\/www.notibras.com\\\/site\\\/wp-content\\\/uploads\\\/2015\\\/03\\\/CLDF-04.jpg\",\"width\":400,\"height\":266},{\"@type\":\"BreadcrumbList\",\"@id\":\"https:\\\/\\\/www.notibras.com\\\/site\\\/camara-legislativa-o-poder-arrumado-pelas-maos-de-uma-mulher\\\/#breadcrumb\",\"itemListElement\":[{\"@type\":\"ListItem\",\"position\":1,\"name\":\"In\u00edcio\",\"item\":\"https:\\\/\\\/www.notibras.com\\\/site\\\/\"},{\"@type\":\"ListItem\",\"position\":2,\"name\":\"C\u00e2mara Legislativa, Poder arrumado nas m\u00e3os da mulher\"}]},{\"@type\":\"WebSite\",\"@id\":\"https:\\\/\\\/www.notibras.com\\\/site\\\/#website\",\"url\":\"https:\\\/\\\/www.notibras.com\\\/site\\\/\",\"name\":\"Notibras\",\"description\":\"Not\u00edcias de Bras\u00edlia, do Brasil e do Mundo\",\"publisher\":{\"@id\":\"https:\\\/\\\/www.notibras.com\\\/site\\\/#organization\"},\"potentialAction\":[{\"@type\":\"SearchAction\",\"target\":{\"@type\":\"EntryPoint\",\"urlTemplate\":\"https:\\\/\\\/www.notibras.com\\\/site\\\/?s={search_term_string}\"},\"query-input\":{\"@type\":\"PropertyValueSpecification\",\"valueRequired\":true,\"valueName\":\"search_term_string\"}}],\"inLanguage\":\"pt-BR\"},{\"@type\":\"Organization\",\"@id\":\"https:\\\/\\\/www.notibras.com\\\/site\\\/#organization\",\"name\":\"Grupo Notibras de Comunica\u00e7\u00e3o\",\"url\":\"https:\\\/\\\/www.notibras.com\\\/site\\\/\",\"logo\":{\"@type\":\"ImageObject\",\"inLanguage\":\"pt-BR\",\"@id\":\"https:\\\/\\\/www.notibras.com\\\/site\\\/#\\\/schema\\\/logo\\\/image\\\/\",\"url\":\"https:\\\/\\\/www.notibras.com\\\/site\\\/wp-content\\\/uploads\\\/2023\\\/01\\\/notibras23.png\",\"contentUrl\":\"https:\\\/\\\/www.notibras.com\\\/site\\\/wp-content\\\/uploads\\\/2023\\\/01\\\/notibras23.png\",\"width\":350,\"height\":87,\"caption\":\"Grupo Notibras de Comunica\u00e7\u00e3o\"},\"image\":{\"@id\":\"https:\\\/\\\/www.notibras.com\\\/site\\\/#\\\/schema\\\/logo\\\/image\\\/\"},\"sameAs\":[\"https:\\\/\\\/www.facebook.com\\\/notibras\\\/\",\"https:\\\/\\\/x.com\\\/Notibras\",\"https:\\\/\\\/www.instagram.com\\\/notibras\\\/\"]},{\"@type\":\"Person\",\"@id\":\"https:\\\/\\\/www.notibras.com\\\/site\\\/#\\\/schema\\\/person\\\/36ab0979449956132d3e5b517ea76ac8\",\"name\":\"Reda\u00e7\u00e3o\",\"image\":{\"@type\":\"ImageObject\",\"inLanguage\":\"pt-BR\",\"@id\":\"https:\\\/\\\/secure.gravatar.com\\\/avatar\\\/e0a867bdedb85fd243eadf09663511f96fc81e0720a4a42581f334ad4303aa6b?s=96&d=mm&r=g\",\"url\":\"https:\\\/\\\/secure.gravatar.com\\\/avatar\\\/e0a867bdedb85fd243eadf09663511f96fc81e0720a4a42581f334ad4303aa6b?s=96&d=mm&r=g\",\"contentUrl\":\"https:\\\/\\\/secure.gravatar.com\\\/avatar\\\/e0a867bdedb85fd243eadf09663511f96fc81e0720a4a42581f334ad4303aa6b?s=96&d=mm&r=g\",\"caption\":\"Reda\u00e7\u00e3o\"}}]}<\/script>\n<!-- \/ Yoast SEO plugin. -->","yoast_head_json":{"title":"C\u00e2mara Legislativa, Poder arrumado nas m\u00e3os da mulher - Notibras","robots":{"index":"index","follow":"follow","max-snippet":"max-snippet:-1","max-image-preview":"max-image-preview:large","max-video-preview":"max-video-preview:-1"},"canonical":"https:\/\/www.notibras.com\/site\/camara-legislativa-o-poder-arrumado-pelas-maos-de-uma-mulher\/","og_locale":"pt_BR","og_type":"article","og_title":"C\u00e2mara Legislativa, Poder arrumado nas m\u00e3os da mulher - Notibras","og_description":"A C\u00e2mara Legislativa do Distrito Federal \u00e9 um espa\u00e7o de lutas pol\u00edticas importantes em defesa dos interesses da popula\u00e7\u00e3o. \u00c9 motivo de muita honra assumir a presid\u00eancia da CLDF, principalmente em um momento de profundas mudan\u00e7as pol\u00edticas no Distrito Federal. Em 60 dias de nova gest\u00e3o, o trabalho na CLDF tem sido pautado pelo compromisso [&hellip;]","og_url":"https:\/\/www.notibras.com\/site\/camara-legislativa-o-poder-arrumado-pelas-maos-de-uma-mulher\/","og_site_name":"Notibras","article_publisher":"https:\/\/www.facebook.com\/notibras\/","article_published_time":"2015-03-15T02:26:35+00:00","article_modified_time":"2015-03-17T04:30:10+00:00","og_image":[{"width":400,"height":266,"url":"https:\/\/www.notibras.com\/site\/wp-content\/uploads\/2015\/03\/CLDF-04.jpg","type":"image\/jpeg"}],"author":"Reda\u00e7\u00e3o","twitter_card":"summary_large_image","twitter_creator":"@Notibras","twitter_site":"@Notibras","twitter_misc":{"Escrito por":"Reda\u00e7\u00e3o","Est. tempo de leitura":"3 minutos"},"schema":{"@context":"https:\/\/schema.org","@graph":[{"@type":"Article","@id":"https:\/\/www.notibras.com\/site\/camara-legislativa-o-poder-arrumado-pelas-maos-de-uma-mulher\/#article","isPartOf":{"@id":"https:\/\/www.notibras.com\/site\/camara-legislativa-o-poder-arrumado-pelas-maos-de-uma-mulher\/"},"author":{"name":"Reda\u00e7\u00e3o","@id":"https:\/\/www.notibras.com\/site\/#\/schema\/person\/36ab0979449956132d3e5b517ea76ac8"},"headline":"C\u00e2mara Legislativa, Poder arrumado nas m\u00e3os da mulher","datePublished":"2015-03-15T02:26:35+00:00","dateModified":"2015-03-17T04:30:10+00:00","mainEntityOfPage":{"@id":"https:\/\/www.notibras.com\/site\/camara-legislativa-o-poder-arrumado-pelas-maos-de-uma-mulher\/"},"wordCount":679,"commentCount":0,"publisher":{"@id":"https:\/\/www.notibras.com\/site\/#organization"},"image":{"@id":"https:\/\/www.notibras.com\/site\/camara-legislativa-o-poder-arrumado-pelas-maos-de-uma-mulher\/#primaryimage"},"thumbnailUrl":"https:\/\/www.notibras.com\/site\/wp-content\/uploads\/2015\/03\/CLDF-04.jpg","articleSection":["Opina a\u00ed"],"inLanguage":"pt-BR","potentialAction":[{"@type":"CommentAction","name":"Comment","target":["https:\/\/www.notibras.com\/site\/camara-legislativa-o-poder-arrumado-pelas-maos-de-uma-mulher\/#respond"]}]},{"@type":"WebPage","@id":"https:\/\/www.notibras.com\/site\/camara-legislativa-o-poder-arrumado-pelas-maos-de-uma-mulher\/","url":"https:\/\/www.notibras.com\/site\/camara-legislativa-o-poder-arrumado-pelas-maos-de-uma-mulher\/","name":"C\u00e2mara Legislativa, Poder arrumado nas m\u00e3os da mulher - Notibras","isPartOf":{"@id":"https:\/\/www.notibras.com\/site\/#website"},"primaryImageOfPage":{"@id":"https:\/\/www.notibras.com\/site\/camara-legislativa-o-poder-arrumado-pelas-maos-de-uma-mulher\/#primaryimage"},"image":{"@id":"https:\/\/www.notibras.com\/site\/camara-legislativa-o-poder-arrumado-pelas-maos-de-uma-mulher\/#primaryimage"},"thumbnailUrl":"https:\/\/www.notibras.com\/site\/wp-content\/uploads\/2015\/03\/CLDF-04.jpg","datePublished":"2015-03-15T02:26:35+00:00","dateModified":"2015-03-17T04:30:10+00:00","breadcrumb":{"@id":"https:\/\/www.notibras.com\/site\/camara-legislativa-o-poder-arrumado-pelas-maos-de-uma-mulher\/#breadcrumb"},"inLanguage":"pt-BR","potentialAction":[{"@type":"ReadAction","target":["https:\/\/www.notibras.com\/site\/camara-legislativa-o-poder-arrumado-pelas-maos-de-uma-mulher\/"]}]},{"@type":"ImageObject","inLanguage":"pt-BR","@id":"https:\/\/www.notibras.com\/site\/camara-legislativa-o-poder-arrumado-pelas-maos-de-uma-mulher\/#primaryimage","url":"https:\/\/www.notibras.com\/site\/wp-content\/uploads\/2015\/03\/CLDF-04.jpg","contentUrl":"https:\/\/www.notibras.com\/site\/wp-content\/uploads\/2015\/03\/CLDF-04.jpg","width":400,"height":266},{"@type":"BreadcrumbList","@id":"https:\/\/www.notibras.com\/site\/camara-legislativa-o-poder-arrumado-pelas-maos-de-uma-mulher\/#breadcrumb","itemListElement":[{"@type":"ListItem","position":1,"name":"In\u00edcio","item":"https:\/\/www.notibras.com\/site\/"},{"@type":"ListItem","position":2,"name":"C\u00e2mara Legislativa, Poder arrumado nas m\u00e3os da mulher"}]},{"@type":"WebSite","@id":"https:\/\/www.notibras.com\/site\/#website","url":"https:\/\/www.notibras.com\/site\/","name":"Notibras","description":"Not\u00edcias de Bras\u00edlia, do Brasil e do Mundo","publisher":{"@id":"https:\/\/www.notibras.com\/site\/#organization"},"potentialAction":[{"@type":"SearchAction","target":{"@type":"EntryPoint","urlTemplate":"https:\/\/www.notibras.com\/site\/?s={search_term_string}"},"query-input":{"@type":"PropertyValueSpecification","valueRequired":true,"valueName":"search_term_string"}}],"inLanguage":"pt-BR"},{"@type":"Organization","@id":"https:\/\/www.notibras.com\/site\/#organization","name":"Grupo Notibras de Comunica\u00e7\u00e3o","url":"https:\/\/www.notibras.com\/site\/","logo":{"@type":"ImageObject","inLanguage":"pt-BR","@id":"https:\/\/www.notibras.com\/site\/#\/schema\/logo\/image\/","url":"https:\/\/www.notibras.com\/site\/wp-content\/uploads\/2023\/01\/notibras23.png","contentUrl":"https:\/\/www.notibras.com\/site\/wp-content\/uploads\/2023\/01\/notibras23.png","width":350,"height":87,"caption":"Grupo Notibras de Comunica\u00e7\u00e3o"},"image":{"@id":"https:\/\/www.notibras.com\/site\/#\/schema\/logo\/image\/"},"sameAs":["https:\/\/www.facebook.com\/notibras\/","https:\/\/x.com\/Notibras","https:\/\/www.instagram.com\/notibras\/"]},{"@type":"Person","@id":"https:\/\/www.notibras.com\/site\/#\/schema\/person\/36ab0979449956132d3e5b517ea76ac8","name":"Reda\u00e7\u00e3o","image":{"@type":"ImageObject","inLanguage":"pt-BR","@id":"https:\/\/secure.gravatar.com\/avatar\/e0a867bdedb85fd243eadf09663511f96fc81e0720a4a42581f334ad4303aa6b?s=96&d=mm&r=g","url":"https:\/\/secure.gravatar.com\/avatar\/e0a867bdedb85fd243eadf09663511f96fc81e0720a4a42581f334ad4303aa6b?s=96&d=mm&r=g","contentUrl":"https:\/\/secure.gravatar.com\/avatar\/e0a867bdedb85fd243eadf09663511f96fc81e0720a4a42581f334ad4303aa6b?s=96&d=mm&r=g","caption":"Reda\u00e7\u00e3o"}}]}},"amp_enabled":true,"_links":{"self":[{"href":"https:\/\/www.notibras.com\/site\/wp-json\/wp\/v2\/posts\/39959","targetHints":{"allow":["GET"]}}],"collection":[{"href":"https:\/\/www.notibras.com\/site\/wp-json\/wp\/v2\/posts"}],"about":[{"href":"https:\/\/www.notibras.com\/site\/wp-json\/wp\/v2\/types\/post"}],"author":[{"embeddable":true,"href":"https:\/\/www.notibras.com\/site\/wp-json\/wp\/v2\/users\/2"}],"replies":[{"embeddable":true,"href":"https:\/\/www.notibras.com\/site\/wp-json\/wp\/v2\/comments?post=39959"}],"version-history":[{"count":0,"href":"https:\/\/www.notibras.com\/site\/wp-json\/wp\/v2\/posts\/39959\/revisions"}],"wp:featuredmedia":[{"embeddable":true,"href":"https:\/\/www.notibras.com\/site\/wp-json\/wp\/v2\/media\/39960"}],"wp:attachment":[{"href":"https:\/\/www.notibras.com\/site\/wp-json\/wp\/v2\/media?parent=39959"}],"wp:term":[{"taxonomy":"category","embeddable":true,"href":"https:\/\/www.notibras.com\/site\/wp-json\/wp\/v2\/categories?post=39959"},{"taxonomy":"post_tag","embeddable":true,"href":"https:\/\/www.notibras.com\/site\/wp-json\/wp\/v2\/tags?post=39959"}],"curies":[{"name":"wp","href":"https:\/\/api.w.org\/{rel}","templated":true}]}}