{"id":40017,"date":"2015-03-15T17:55:29","date_gmt":"2015-03-15T20:55:29","guid":{"rendered":"http:\/\/www.notibras.com\/site\/?p=40017"},"modified":"2015-03-15T20:58:26","modified_gmt":"2015-03-15T23:58:26","slug":"palmeiras-com-um-a-mais-sofre-para-derrotar-xv-de-piracicaba","status":"publish","type":"post","link":"https:\/\/www.notibras.com\/site\/palmeiras-com-um-a-mais-sofre-para-derrotar-xv-de-piracicaba\/","title":{"rendered":"Palmeiras com um a mais sofre para derrotar XV de Piracicaba"},"content":{"rendered":"<p>O Palmeiras sofreu. Muito. Mas conseguiu vencer o XV de Piracicaba por 1 a 0 na manh\u00e3 deste domingo (15) no Allianz Parque. Mesmo com um jogador a mais em boa parte do segundo tempo e, em determinado momento, quatro atacantes no campo, a equipe de Oswaldo de Oliveira mostrou um poder de cria\u00e7\u00e3o abaixo do imaginado para uma equipe grande.<\/p>\n<p>A torcida come\u00e7ou a ficar impaciente, especialmente com a excesso de tentativas em bolas a\u00e9reas. A solu\u00e7\u00e3o, a exemplo de outras partidas, foi um chute de longe. O volante Gabriel aproveitou rebote de jogada a\u00e9rea e conseguiu vencer o goleiro Roberto com uma bola no canto direito do goleiro. O gol garantiu a s\u00e9tima vit\u00f3ria no Paulista e 21 pontos somados, na lideran\u00e7a isolada do grupo C. J\u00e1 o time de Piracicaba segue com 10 pontos e cai para a terceira coloca\u00e7\u00e3o da chave D, com o Capivariano virando vice-l\u00edder.<\/p>\n<p>Agora, a agenda do Palmeiras tem o pr\u00f3ximo compromisso marcado apenas para o pr\u00f3ximo domingo (22), \u00e0s 19h30, contra o S\u00e3o Bernardo, fora de casa. J\u00e1 o XV de Piracicaba enfrenta o S\u00e3o Bento, \u00e0s 18h30 de s\u00e1bado.<\/p>\n<blockquote><p>Com a mesma escala\u00e7\u00e3o da derrota contra o Santos, o Palmeiras mostrou um futebol de muita posse de bola, mas de pouco poder de decis\u00e3o e de penetra\u00e7\u00e3o. Na maior parte do tempo, a bola estava nos p\u00e9s dos donos da casa, mas faltavam chutes de longe e passes que deixavam algu\u00e9m em condi\u00e7\u00f5es de finaliza\u00e7\u00e3o. As melhores chances vieram de bolas levantadas na \u00e1rea. A exce\u00e7\u00e3o foi em uma jogada s\u00f3 aos 37 minutos do 1\u00ba tempo, com chute cruzado de Lucas que parou em Roberto.<\/p><\/blockquote>\n<p>No segundo tempo, Oswaldo resolveu apostar, mais uma vez, em Gabriel Jesus. Dessa vez, ele entrou logo aos 10 minutos e, em sua primeira jogada, j\u00e1 sofreu falta dura de Ednei, que sofreu o amarelo. O menino mostrou que estava afim de jogo e, em mais uma bola, cavou a falta que resultou na expuls\u00e3o de Tony. Assim que viu o advers\u00e1rio ficar com um a menos, o treinador colocou a equipe ainda mais para frente, tirando Arouca para a entrada de Leandro Pereira.<\/p>\n<p>O n\u00famero de atacantes, no entanto, n\u00e3o mudou em nada o poder ofensivo. Apesar de povoar a intermedi\u00e1ria advers\u00e1ria, a equipe seguia travando na retranca. O pior \u00e9 que, no contra-ataque, o XV chegou a assustar com bom chute de fora da \u00e1rea de Fernandes. Prass segurou em dois tempos. O tempo passava, a torcida perdia a paci\u00eancia, e, os jogadores, a calma. A \u00fanica solu\u00e7\u00e3o encontrada foi al\u00e7ar bolas na \u00e1rea de qualquer jeito. N\u00e3o adiantou.<\/p>\n","protected":false},"excerpt":{"rendered":"<p>O Palmeiras sofreu. Muito. Mas conseguiu vencer o XV de Piracicaba por 1 a 0 na manh\u00e3 deste domingo (15) no Allianz Parque. Mesmo com um jogador a mais em boa parte do segundo tempo e, em determinado momento, quatro atacantes no campo, a equipe de Oswaldo de Oliveira mostrou um poder de cria\u00e7\u00e3o abaixo [&hellip;]<\/p>\n","protected":false},"author":2,"featured_media":40019,"comment_status":"open","ping_status":"closed","sticky":false,"template":"","format":"standard","meta":{"_acf_changed":false,"footnotes":""},"categories":[19,29],"tags":[],"class_list":["post-40017","post","type-post","status-publish","format-standard","has-post-thumbnail","hentry","category-esportes","category-futebol"],"acf":[],"yoast_head":"<!-- This site is optimized with the Yoast SEO plugin v27.2 - https:\/\/yoast.com\/product\/yoast-seo-wordpress\/ -->\n<title>Palmeiras com um a mais sofre para derrotar XV de Piracicaba - Notibras<\/title>\n<meta name=\"robots\" content=\"index, follow, max-snippet:-1, max-image-preview:large, max-video-preview:-1\" \/>\n<link rel=\"canonical\" href=\"https:\/\/www.notibras.com\/site\/palmeiras-com-um-a-mais-sofre-para-derrotar-xv-de-piracicaba\/\" \/>\n<meta property=\"og:locale\" content=\"pt_BR\" \/>\n<meta property=\"og:type\" content=\"article\" \/>\n<meta property=\"og:title\" content=\"Palmeiras com um a mais sofre para derrotar XV de Piracicaba - Notibras\" \/>\n<meta property=\"og:description\" content=\"O Palmeiras sofreu. Muito. Mas conseguiu vencer o XV de Piracicaba por 1 a 0 na manh\u00e3 deste domingo (15) no Allianz Parque. Mesmo com um jogador a mais em boa parte do segundo tempo e, em determinado momento, quatro atacantes no campo, a equipe de Oswaldo de Oliveira mostrou um poder de cria\u00e7\u00e3o abaixo [&hellip;]\" \/>\n<meta property=\"og:url\" content=\"https:\/\/www.notibras.com\/site\/palmeiras-com-um-a-mais-sofre-para-derrotar-xv-de-piracicaba\/\" \/>\n<meta property=\"og:site_name\" content=\"Notibras\" \/>\n<meta property=\"article:publisher\" content=\"https:\/\/www.facebook.com\/notibras\/\" \/>\n<meta property=\"article:published_time\" content=\"2015-03-15T20:55:29+00:00\" \/>\n<meta property=\"article:modified_time\" content=\"2015-03-15T23:58:26+00:00\" \/>\n<meta property=\"og:image\" content=\"https:\/\/www.notibras.com\/site\/wp-content\/uploads\/2015\/03\/pal10.jpg\" \/>\n\t<meta property=\"og:image:width\" content=\"600\" \/>\n\t<meta property=\"og:image:height\" content=\"400\" \/>\n\t<meta property=\"og:image:type\" content=\"image\/jpeg\" \/>\n<meta name=\"author\" content=\"Reda\u00e7\u00e3o\" \/>\n<meta name=\"twitter:card\" content=\"summary_large_image\" \/>\n<meta name=\"twitter:creator\" content=\"@Notibras\" \/>\n<meta name=\"twitter:site\" content=\"@Notibras\" \/>\n<meta name=\"twitter:label1\" content=\"Escrito por\" \/>\n\t<meta name=\"twitter:data1\" content=\"Reda\u00e7\u00e3o\" \/>\n\t<meta name=\"twitter:label2\" content=\"Est. tempo de leitura\" \/>\n\t<meta name=\"twitter:data2\" content=\"2 minutos\" \/>\n<script type=\"application\/ld+json\" class=\"yoast-schema-graph\">{\"@context\":\"https:\/\/schema.org\",\"@graph\":[{\"@type\":\"Article\",\"@id\":\"https:\/\/www.notibras.com\/site\/palmeiras-com-um-a-mais-sofre-para-derrotar-xv-de-piracicaba\/#article\",\"isPartOf\":{\"@id\":\"https:\/\/www.notibras.com\/site\/palmeiras-com-um-a-mais-sofre-para-derrotar-xv-de-piracicaba\/\"},\"author\":{\"name\":\"Reda\u00e7\u00e3o\",\"@id\":\"https:\/\/www.notibras.com\/site\/#\/schema\/person\/36ab0979449956132d3e5b517ea76ac8\"},\"headline\":\"Palmeiras com um a mais sofre para derrotar XV de Piracicaba\",\"datePublished\":\"2015-03-15T20:55:29+00:00\",\"dateModified\":\"2015-03-15T23:58:26+00:00\",\"mainEntityOfPage\":{\"@id\":\"https:\/\/www.notibras.com\/site\/palmeiras-com-um-a-mais-sofre-para-derrotar-xv-de-piracicaba\/\"},\"wordCount\":471,\"commentCount\":0,\"publisher\":{\"@id\":\"https:\/\/www.notibras.com\/site\/#organization\"},\"image\":{\"@id\":\"https:\/\/www.notibras.com\/site\/palmeiras-com-um-a-mais-sofre-para-derrotar-xv-de-piracicaba\/#primaryimage\"},\"thumbnailUrl\":\"https:\/\/www.notibras.com\/site\/wp-content\/uploads\/2015\/03\/pal10.jpg\",\"articleSection\":[\"Esportes\",\"Futebol\"],\"inLanguage\":\"pt-BR\",\"potentialAction\":[{\"@type\":\"CommentAction\",\"name\":\"Comment\",\"target\":[\"https:\/\/www.notibras.com\/site\/palmeiras-com-um-a-mais-sofre-para-derrotar-xv-de-piracicaba\/#respond\"]}]},{\"@type\":\"WebPage\",\"@id\":\"https:\/\/www.notibras.com\/site\/palmeiras-com-um-a-mais-sofre-para-derrotar-xv-de-piracicaba\/\",\"url\":\"https:\/\/www.notibras.com\/site\/palmeiras-com-um-a-mais-sofre-para-derrotar-xv-de-piracicaba\/\",\"name\":\"Palmeiras com um a mais sofre para derrotar XV de Piracicaba - Notibras\",\"isPartOf\":{\"@id\":\"https:\/\/www.notibras.com\/site\/#website\"},\"primaryImageOfPage\":{\"@id\":\"https:\/\/www.notibras.com\/site\/palmeiras-com-um-a-mais-sofre-para-derrotar-xv-de-piracicaba\/#primaryimage\"},\"image\":{\"@id\":\"https:\/\/www.notibras.com\/site\/palmeiras-com-um-a-mais-sofre-para-derrotar-xv-de-piracicaba\/#primaryimage\"},\"thumbnailUrl\":\"https:\/\/www.notibras.com\/site\/wp-content\/uploads\/2015\/03\/pal10.jpg\",\"datePublished\":\"2015-03-15T20:55:29+00:00\",\"dateModified\":\"2015-03-15T23:58:26+00:00\",\"breadcrumb\":{\"@id\":\"https:\/\/www.notibras.com\/site\/palmeiras-com-um-a-mais-sofre-para-derrotar-xv-de-piracicaba\/#breadcrumb\"},\"inLanguage\":\"pt-BR\",\"potentialAction\":[{\"@type\":\"ReadAction\",\"target\":[\"https:\/\/www.notibras.com\/site\/palmeiras-com-um-a-mais-sofre-para-derrotar-xv-de-piracicaba\/\"]}]},{\"@type\":\"ImageObject\",\"inLanguage\":\"pt-BR\",\"@id\":\"https:\/\/www.notibras.com\/site\/palmeiras-com-um-a-mais-sofre-para-derrotar-xv-de-piracicaba\/#primaryimage\",\"url\":\"https:\/\/www.notibras.com\/site\/wp-content\/uploads\/2015\/03\/pal10.jpg\",\"contentUrl\":\"https:\/\/www.notibras.com\/site\/wp-content\/uploads\/2015\/03\/pal10.jpg\",\"width\":600,\"height\":400},{\"@type\":\"BreadcrumbList\",\"@id\":\"https:\/\/www.notibras.com\/site\/palmeiras-com-um-a-mais-sofre-para-derrotar-xv-de-piracicaba\/#breadcrumb\",\"itemListElement\":[{\"@type\":\"ListItem\",\"position\":1,\"name\":\"In\u00edcio\",\"item\":\"https:\/\/www.notibras.com\/site\/\"},{\"@type\":\"ListItem\",\"position\":2,\"name\":\"Palmeiras com um a mais sofre para derrotar XV de Piracicaba\"}]},{\"@type\":\"WebSite\",\"@id\":\"https:\/\/www.notibras.com\/site\/#website\",\"url\":\"https:\/\/www.notibras.com\/site\/\",\"name\":\"Notibras\",\"description\":\"Not\u00edcias de Bras\u00edlia, do Brasil e do Mundo\",\"publisher\":{\"@id\":\"https:\/\/www.notibras.com\/site\/#organization\"},\"potentialAction\":[{\"@type\":\"SearchAction\",\"target\":{\"@type\":\"EntryPoint\",\"urlTemplate\":\"https:\/\/www.notibras.com\/site\/?s={search_term_string}\"},\"query-input\":{\"@type\":\"PropertyValueSpecification\",\"valueRequired\":true,\"valueName\":\"search_term_string\"}}],\"inLanguage\":\"pt-BR\"},{\"@type\":\"Organization\",\"@id\":\"https:\/\/www.notibras.com\/site\/#organization\",\"name\":\"Grupo Notibras de Comunica\u00e7\u00e3o\",\"url\":\"https:\/\/www.notibras.com\/site\/\",\"logo\":{\"@type\":\"ImageObject\",\"inLanguage\":\"pt-BR\",\"@id\":\"https:\/\/www.notibras.com\/site\/#\/schema\/logo\/image\/\",\"url\":\"https:\/\/www.notibras.com\/site\/wp-content\/uploads\/2023\/01\/notibras23.png\",\"contentUrl\":\"https:\/\/www.notibras.com\/site\/wp-content\/uploads\/2023\/01\/notibras23.png\",\"width\":350,\"height\":87,\"caption\":\"Grupo Notibras de Comunica\u00e7\u00e3o\"},\"image\":{\"@id\":\"https:\/\/www.notibras.com\/site\/#\/schema\/logo\/image\/\"},\"sameAs\":[\"https:\/\/www.facebook.com\/notibras\/\",\"https:\/\/x.com\/Notibras\",\"https:\/\/www.instagram.com\/notibras\/\"]},{\"@type\":\"Person\",\"@id\":\"https:\/\/www.notibras.com\/site\/#\/schema\/person\/36ab0979449956132d3e5b517ea76ac8\",\"name\":\"Reda\u00e7\u00e3o\",\"image\":{\"@type\":\"ImageObject\",\"inLanguage\":\"pt-BR\",\"@id\":\"https:\/\/secure.gravatar.com\/avatar\/e0a867bdedb85fd243eadf09663511f96fc81e0720a4a42581f334ad4303aa6b?s=96&d=mm&r=g\",\"url\":\"https:\/\/secure.gravatar.com\/avatar\/e0a867bdedb85fd243eadf09663511f96fc81e0720a4a42581f334ad4303aa6b?s=96&d=mm&r=g\",\"contentUrl\":\"https:\/\/secure.gravatar.com\/avatar\/e0a867bdedb85fd243eadf09663511f96fc81e0720a4a42581f334ad4303aa6b?s=96&d=mm&r=g\",\"caption\":\"Reda\u00e7\u00e3o\"}}]}<\/script>\n<!-- \/ Yoast SEO plugin. -->","yoast_head_json":{"title":"Palmeiras com um a mais sofre para derrotar XV de Piracicaba - Notibras","robots":{"index":"index","follow":"follow","max-snippet":"max-snippet:-1","max-image-preview":"max-image-preview:large","max-video-preview":"max-video-preview:-1"},"canonical":"https:\/\/www.notibras.com\/site\/palmeiras-com-um-a-mais-sofre-para-derrotar-xv-de-piracicaba\/","og_locale":"pt_BR","og_type":"article","og_title":"Palmeiras com um a mais sofre para derrotar XV de Piracicaba - Notibras","og_description":"O Palmeiras sofreu. Muito. Mas conseguiu vencer o XV de Piracicaba por 1 a 0 na manh\u00e3 deste domingo (15) no Allianz Parque. Mesmo com um jogador a mais em boa parte do segundo tempo e, em determinado momento, quatro atacantes no campo, a equipe de Oswaldo de Oliveira mostrou um poder de cria\u00e7\u00e3o abaixo [&hellip;]","og_url":"https:\/\/www.notibras.com\/site\/palmeiras-com-um-a-mais-sofre-para-derrotar-xv-de-piracicaba\/","og_site_name":"Notibras","article_publisher":"https:\/\/www.facebook.com\/notibras\/","article_published_time":"2015-03-15T20:55:29+00:00","article_modified_time":"2015-03-15T23:58:26+00:00","og_image":[{"width":600,"height":400,"url":"https:\/\/www.notibras.com\/site\/wp-content\/uploads\/2015\/03\/pal10.jpg","type":"image\/jpeg"}],"author":"Reda\u00e7\u00e3o","twitter_card":"summary_large_image","twitter_creator":"@Notibras","twitter_site":"@Notibras","twitter_misc":{"Escrito por":"Reda\u00e7\u00e3o","Est. tempo de leitura":"2 minutos"},"schema":{"@context":"https:\/\/schema.org","@graph":[{"@type":"Article","@id":"https:\/\/www.notibras.com\/site\/palmeiras-com-um-a-mais-sofre-para-derrotar-xv-de-piracicaba\/#article","isPartOf":{"@id":"https:\/\/www.notibras.com\/site\/palmeiras-com-um-a-mais-sofre-para-derrotar-xv-de-piracicaba\/"},"author":{"name":"Reda\u00e7\u00e3o","@id":"https:\/\/www.notibras.com\/site\/#\/schema\/person\/36ab0979449956132d3e5b517ea76ac8"},"headline":"Palmeiras com um a mais sofre para derrotar XV de Piracicaba","datePublished":"2015-03-15T20:55:29+00:00","dateModified":"2015-03-15T23:58:26+00:00","mainEntityOfPage":{"@id":"https:\/\/www.notibras.com\/site\/palmeiras-com-um-a-mais-sofre-para-derrotar-xv-de-piracicaba\/"},"wordCount":471,"commentCount":0,"publisher":{"@id":"https:\/\/www.notibras.com\/site\/#organization"},"image":{"@id":"https:\/\/www.notibras.com\/site\/palmeiras-com-um-a-mais-sofre-para-derrotar-xv-de-piracicaba\/#primaryimage"},"thumbnailUrl":"https:\/\/www.notibras.com\/site\/wp-content\/uploads\/2015\/03\/pal10.jpg","articleSection":["Esportes","Futebol"],"inLanguage":"pt-BR","potentialAction":[{"@type":"CommentAction","name":"Comment","target":["https:\/\/www.notibras.com\/site\/palmeiras-com-um-a-mais-sofre-para-derrotar-xv-de-piracicaba\/#respond"]}]},{"@type":"WebPage","@id":"https:\/\/www.notibras.com\/site\/palmeiras-com-um-a-mais-sofre-para-derrotar-xv-de-piracicaba\/","url":"https:\/\/www.notibras.com\/site\/palmeiras-com-um-a-mais-sofre-para-derrotar-xv-de-piracicaba\/","name":"Palmeiras com um a mais sofre para derrotar XV de Piracicaba - Notibras","isPartOf":{"@id":"https:\/\/www.notibras.com\/site\/#website"},"primaryImageOfPage":{"@id":"https:\/\/www.notibras.com\/site\/palmeiras-com-um-a-mais-sofre-para-derrotar-xv-de-piracicaba\/#primaryimage"},"image":{"@id":"https:\/\/www.notibras.com\/site\/palmeiras-com-um-a-mais-sofre-para-derrotar-xv-de-piracicaba\/#primaryimage"},"thumbnailUrl":"https:\/\/www.notibras.com\/site\/wp-content\/uploads\/2015\/03\/pal10.jpg","datePublished":"2015-03-15T20:55:29+00:00","dateModified":"2015-03-15T23:58:26+00:00","breadcrumb":{"@id":"https:\/\/www.notibras.com\/site\/palmeiras-com-um-a-mais-sofre-para-derrotar-xv-de-piracicaba\/#breadcrumb"},"inLanguage":"pt-BR","potentialAction":[{"@type":"ReadAction","target":["https:\/\/www.notibras.com\/site\/palmeiras-com-um-a-mais-sofre-para-derrotar-xv-de-piracicaba\/"]}]},{"@type":"ImageObject","inLanguage":"pt-BR","@id":"https:\/\/www.notibras.com\/site\/palmeiras-com-um-a-mais-sofre-para-derrotar-xv-de-piracicaba\/#primaryimage","url":"https:\/\/www.notibras.com\/site\/wp-content\/uploads\/2015\/03\/pal10.jpg","contentUrl":"https:\/\/www.notibras.com\/site\/wp-content\/uploads\/2015\/03\/pal10.jpg","width":600,"height":400},{"@type":"BreadcrumbList","@id":"https:\/\/www.notibras.com\/site\/palmeiras-com-um-a-mais-sofre-para-derrotar-xv-de-piracicaba\/#breadcrumb","itemListElement":[{"@type":"ListItem","position":1,"name":"In\u00edcio","item":"https:\/\/www.notibras.com\/site\/"},{"@type":"ListItem","position":2,"name":"Palmeiras com um a mais sofre para derrotar XV de Piracicaba"}]},{"@type":"WebSite","@id":"https:\/\/www.notibras.com\/site\/#website","url":"https:\/\/www.notibras.com\/site\/","name":"Notibras","description":"Not\u00edcias de Bras\u00edlia, do Brasil e do Mundo","publisher":{"@id":"https:\/\/www.notibras.com\/site\/#organization"},"potentialAction":[{"@type":"SearchAction","target":{"@type":"EntryPoint","urlTemplate":"https:\/\/www.notibras.com\/site\/?s={search_term_string}"},"query-input":{"@type":"PropertyValueSpecification","valueRequired":true,"valueName":"search_term_string"}}],"inLanguage":"pt-BR"},{"@type":"Organization","@id":"https:\/\/www.notibras.com\/site\/#organization","name":"Grupo Notibras de Comunica\u00e7\u00e3o","url":"https:\/\/www.notibras.com\/site\/","logo":{"@type":"ImageObject","inLanguage":"pt-BR","@id":"https:\/\/www.notibras.com\/site\/#\/schema\/logo\/image\/","url":"https:\/\/www.notibras.com\/site\/wp-content\/uploads\/2023\/01\/notibras23.png","contentUrl":"https:\/\/www.notibras.com\/site\/wp-content\/uploads\/2023\/01\/notibras23.png","width":350,"height":87,"caption":"Grupo Notibras de Comunica\u00e7\u00e3o"},"image":{"@id":"https:\/\/www.notibras.com\/site\/#\/schema\/logo\/image\/"},"sameAs":["https:\/\/www.facebook.com\/notibras\/","https:\/\/x.com\/Notibras","https:\/\/www.instagram.com\/notibras\/"]},{"@type":"Person","@id":"https:\/\/www.notibras.com\/site\/#\/schema\/person\/36ab0979449956132d3e5b517ea76ac8","name":"Reda\u00e7\u00e3o","image":{"@type":"ImageObject","inLanguage":"pt-BR","@id":"https:\/\/secure.gravatar.com\/avatar\/e0a867bdedb85fd243eadf09663511f96fc81e0720a4a42581f334ad4303aa6b?s=96&d=mm&r=g","url":"https:\/\/secure.gravatar.com\/avatar\/e0a867bdedb85fd243eadf09663511f96fc81e0720a4a42581f334ad4303aa6b?s=96&d=mm&r=g","contentUrl":"https:\/\/secure.gravatar.com\/avatar\/e0a867bdedb85fd243eadf09663511f96fc81e0720a4a42581f334ad4303aa6b?s=96&d=mm&r=g","caption":"Reda\u00e7\u00e3o"}}]}},"amp_enabled":true,"_links":{"self":[{"href":"https:\/\/www.notibras.com\/site\/wp-json\/wp\/v2\/posts\/40017","targetHints":{"allow":["GET"]}}],"collection":[{"href":"https:\/\/www.notibras.com\/site\/wp-json\/wp\/v2\/posts"}],"about":[{"href":"https:\/\/www.notibras.com\/site\/wp-json\/wp\/v2\/types\/post"}],"author":[{"embeddable":true,"href":"https:\/\/www.notibras.com\/site\/wp-json\/wp\/v2\/users\/2"}],"replies":[{"embeddable":true,"href":"https:\/\/www.notibras.com\/site\/wp-json\/wp\/v2\/comments?post=40017"}],"version-history":[{"count":0,"href":"https:\/\/www.notibras.com\/site\/wp-json\/wp\/v2\/posts\/40017\/revisions"}],"wp:featuredmedia":[{"embeddable":true,"href":"https:\/\/www.notibras.com\/site\/wp-json\/wp\/v2\/media\/40019"}],"wp:attachment":[{"href":"https:\/\/www.notibras.com\/site\/wp-json\/wp\/v2\/media?parent=40017"}],"wp:term":[{"taxonomy":"category","embeddable":true,"href":"https:\/\/www.notibras.com\/site\/wp-json\/wp\/v2\/categories?post=40017"},{"taxonomy":"post_tag","embeddable":true,"href":"https:\/\/www.notibras.com\/site\/wp-json\/wp\/v2\/tags?post=40017"}],"curies":[{"name":"wp","href":"https:\/\/api.w.org\/{rel}","templated":true}]}}