{"id":40021,"date":"2015-03-15T18:02:38","date_gmt":"2015-03-15T21:02:38","guid":{"rendered":"http:\/\/www.notibras.com\/site\/?p=40021"},"modified":"2015-03-15T21:05:21","modified_gmt":"2015-03-16T00:05:21","slug":"reservas-viram-e-sao-paulo-derruba-ponte-em-campinas","status":"publish","type":"post","link":"https:\/\/www.notibras.com\/site\/reservas-viram-e-sao-paulo-derruba-ponte-em-campinas\/","title":{"rendered":"Reservas viram e S\u00e3o Paulo derruba Ponte em Campinas"},"content":{"rendered":"<p>Muricy Ramalho j\u00e1 havia dito: o jogo que importa, agora, para o S\u00e3o Paulo, \u00e9 contra o San Lorenzo (ARG), pela Copa Libertadores, na pr\u00f3xima quarta-feira. O problema \u00e9 que, antes desse, o Tricolor tinha que enfrentar a Ponte Preta, em Campinas, pelo Paulist\u00e3o. E foi assim que o S\u00e3o Paulo teve que se superar neste domingo: vit\u00f3ria por 2 a 1, de virada, sobre a dona da casa, com gol de Alan Kardec no fim da partida.<\/p>\n<p>O goleiro Rog\u00e9rio Ceni e o zagueiro Edson Silva foram os \u00fanicos titulares do S\u00e3o Paulo na partida. Muricy Ramalho deu tanta prioridade \u00e0 partida de quarta-feira que s\u00f3 levou cinco jogadores para o banco de reservas. Como resultado, armou um S\u00e3o Paulo improvisado, com o meia Gabriel Boschilia jogando como ala esquerdo, em um esquema pr\u00f3ximo do 3-4-3 \u2013 totalmente diferente do habitual.<\/p>\n<blockquote><p>A Ponte Preta logo abriu o placar. E curiosamente, com um jogador emprestado pelo S\u00e3o Paulo: foi o meia Roni quem marcou o primeiro do jogo. Depois de jogada de Biro Biro, Rodinei jogou a bola na \u00e1rea e viu a zaga do S\u00e3o Paulo falhar. O lateral direito Auro vacilou e viu Roni completar de cabe\u00e7a para o fundo do gol.<\/p><\/blockquote>\n<p>O S\u00e3o Paulo demorou muito para reagir. Ainda no primeiro tempo, abriu espa\u00e7os e cedeu diversas vezes a posse de bola ao advers\u00e1rio. Em alguns dos erros, a Ponte soube aproveitar.<\/p>\n<p>No segundo tempo, foi o zagueiro Paulo Miranda que apareceu no ataque para conseguir marcar. Sem efetividade no poder ofensivo da equipe, ele ficou no campo de ataque ap\u00f3s cobran\u00e7a de escanteio e fez belo gol, de esquerda, em voleio ap\u00f3s cruzamento \u2013 o primeiro gol em seu primeiro jogo em 2015.<\/p>\n<p>A virada do S\u00e3o Paulo veio nos minutos finais, em \u00f3tima jogada do jovem atacante Ewandro, pela ponta esquerda. Ele invadiu a \u00e1rea e cruzou para Alan Kardec marcar, de peito, quase entrando com a bola dentro do gol. Virada do S\u00e3o Paulo que alivia um pouco a press\u00e3o de parte da torcida at\u00e9 quarta-feira, para o jogo que realmente importa para comiss\u00e3o t\u00e9cnica e diretoria.<\/p>\n","protected":false},"excerpt":{"rendered":"<p>Muricy Ramalho j\u00e1 havia dito: o jogo que importa, agora, para o S\u00e3o Paulo, \u00e9 contra o San Lorenzo (ARG), pela Copa Libertadores, na pr\u00f3xima quarta-feira. O problema \u00e9 que, antes desse, o Tricolor tinha que enfrentar a Ponte Preta, em Campinas, pelo Paulist\u00e3o. E foi assim que o S\u00e3o Paulo teve que se superar [&hellip;]<\/p>\n","protected":false},"author":2,"featured_media":40022,"comment_status":"open","ping_status":"closed","sticky":false,"template":"","format":"standard","meta":{"_acf_changed":false,"footnotes":""},"categories":[19,29],"tags":[],"class_list":["post-40021","post","type-post","status-publish","format-standard","has-post-thumbnail","hentry","category-esportes","category-futebol"],"acf":[],"yoast_head":"<!-- This site is optimized with the Yoast SEO plugin v27.2 - https:\/\/yoast.com\/product\/yoast-seo-wordpress\/ -->\n<title>Reservas viram e S\u00e3o Paulo derruba Ponte em Campinas - Notibras<\/title>\n<meta name=\"robots\" content=\"index, follow, max-snippet:-1, max-image-preview:large, max-video-preview:-1\" \/>\n<link rel=\"canonical\" href=\"https:\/\/www.notibras.com\/site\/reservas-viram-e-sao-paulo-derruba-ponte-em-campinas\/\" \/>\n<meta property=\"og:locale\" content=\"pt_BR\" \/>\n<meta property=\"og:type\" content=\"article\" \/>\n<meta property=\"og:title\" content=\"Reservas viram e S\u00e3o Paulo derruba Ponte em Campinas - Notibras\" \/>\n<meta property=\"og:description\" content=\"Muricy Ramalho j\u00e1 havia dito: o jogo que importa, agora, para o S\u00e3o Paulo, \u00e9 contra o San Lorenzo (ARG), pela Copa Libertadores, na pr\u00f3xima quarta-feira. O problema \u00e9 que, antes desse, o Tricolor tinha que enfrentar a Ponte Preta, em Campinas, pelo Paulist\u00e3o. E foi assim que o S\u00e3o Paulo teve que se superar [&hellip;]\" \/>\n<meta property=\"og:url\" content=\"https:\/\/www.notibras.com\/site\/reservas-viram-e-sao-paulo-derruba-ponte-em-campinas\/\" \/>\n<meta property=\"og:site_name\" content=\"Notibras\" \/>\n<meta property=\"article:publisher\" content=\"https:\/\/www.facebook.com\/notibras\/\" \/>\n<meta property=\"article:published_time\" content=\"2015-03-15T21:02:38+00:00\" \/>\n<meta property=\"article:modified_time\" content=\"2015-03-16T00:05:21+00:00\" \/>\n<meta property=\"og:image\" content=\"https:\/\/www.notibras.com\/site\/wp-content\/uploads\/2015\/03\/kardecfestejagolheliosuenagagazeta.jpg\" \/>\n\t<meta property=\"og:image:width\" content=\"460\" \/>\n\t<meta property=\"og:image:height\" content=\"307\" \/>\n\t<meta property=\"og:image:type\" content=\"image\/jpeg\" \/>\n<meta name=\"author\" content=\"Reda\u00e7\u00e3o\" \/>\n<meta name=\"twitter:card\" content=\"summary_large_image\" \/>\n<meta name=\"twitter:creator\" content=\"@Notibras\" \/>\n<meta name=\"twitter:site\" content=\"@Notibras\" \/>\n<meta name=\"twitter:label1\" content=\"Escrito por\" \/>\n\t<meta name=\"twitter:data1\" content=\"Reda\u00e7\u00e3o\" \/>\n\t<meta name=\"twitter:label2\" content=\"Est. tempo de leitura\" \/>\n\t<meta name=\"twitter:data2\" content=\"2 minutos\" \/>\n<script type=\"application\/ld+json\" class=\"yoast-schema-graph\">{\"@context\":\"https:\/\/schema.org\",\"@graph\":[{\"@type\":\"Article\",\"@id\":\"https:\/\/www.notibras.com\/site\/reservas-viram-e-sao-paulo-derruba-ponte-em-campinas\/#article\",\"isPartOf\":{\"@id\":\"https:\/\/www.notibras.com\/site\/reservas-viram-e-sao-paulo-derruba-ponte-em-campinas\/\"},\"author\":{\"name\":\"Reda\u00e7\u00e3o\",\"@id\":\"https:\/\/www.notibras.com\/site\/#\/schema\/person\/36ab0979449956132d3e5b517ea76ac8\"},\"headline\":\"Reservas viram e S\u00e3o Paulo derruba Ponte em Campinas\",\"datePublished\":\"2015-03-15T21:02:38+00:00\",\"dateModified\":\"2015-03-16T00:05:21+00:00\",\"mainEntityOfPage\":{\"@id\":\"https:\/\/www.notibras.com\/site\/reservas-viram-e-sao-paulo-derruba-ponte-em-campinas\/\"},\"wordCount\":379,\"commentCount\":0,\"publisher\":{\"@id\":\"https:\/\/www.notibras.com\/site\/#organization\"},\"image\":{\"@id\":\"https:\/\/www.notibras.com\/site\/reservas-viram-e-sao-paulo-derruba-ponte-em-campinas\/#primaryimage\"},\"thumbnailUrl\":\"https:\/\/www.notibras.com\/site\/wp-content\/uploads\/2015\/03\/kardecfestejagolheliosuenagagazeta.jpg\",\"articleSection\":[\"Esportes\",\"Futebol\"],\"inLanguage\":\"pt-BR\",\"potentialAction\":[{\"@type\":\"CommentAction\",\"name\":\"Comment\",\"target\":[\"https:\/\/www.notibras.com\/site\/reservas-viram-e-sao-paulo-derruba-ponte-em-campinas\/#respond\"]}]},{\"@type\":\"WebPage\",\"@id\":\"https:\/\/www.notibras.com\/site\/reservas-viram-e-sao-paulo-derruba-ponte-em-campinas\/\",\"url\":\"https:\/\/www.notibras.com\/site\/reservas-viram-e-sao-paulo-derruba-ponte-em-campinas\/\",\"name\":\"Reservas viram e S\u00e3o Paulo derruba Ponte em Campinas - Notibras\",\"isPartOf\":{\"@id\":\"https:\/\/www.notibras.com\/site\/#website\"},\"primaryImageOfPage\":{\"@id\":\"https:\/\/www.notibras.com\/site\/reservas-viram-e-sao-paulo-derruba-ponte-em-campinas\/#primaryimage\"},\"image\":{\"@id\":\"https:\/\/www.notibras.com\/site\/reservas-viram-e-sao-paulo-derruba-ponte-em-campinas\/#primaryimage\"},\"thumbnailUrl\":\"https:\/\/www.notibras.com\/site\/wp-content\/uploads\/2015\/03\/kardecfestejagolheliosuenagagazeta.jpg\",\"datePublished\":\"2015-03-15T21:02:38+00:00\",\"dateModified\":\"2015-03-16T00:05:21+00:00\",\"breadcrumb\":{\"@id\":\"https:\/\/www.notibras.com\/site\/reservas-viram-e-sao-paulo-derruba-ponte-em-campinas\/#breadcrumb\"},\"inLanguage\":\"pt-BR\",\"potentialAction\":[{\"@type\":\"ReadAction\",\"target\":[\"https:\/\/www.notibras.com\/site\/reservas-viram-e-sao-paulo-derruba-ponte-em-campinas\/\"]}]},{\"@type\":\"ImageObject\",\"inLanguage\":\"pt-BR\",\"@id\":\"https:\/\/www.notibras.com\/site\/reservas-viram-e-sao-paulo-derruba-ponte-em-campinas\/#primaryimage\",\"url\":\"https:\/\/www.notibras.com\/site\/wp-content\/uploads\/2015\/03\/kardecfestejagolheliosuenagagazeta.jpg\",\"contentUrl\":\"https:\/\/www.notibras.com\/site\/wp-content\/uploads\/2015\/03\/kardecfestejagolheliosuenagagazeta.jpg\",\"width\":460,\"height\":307},{\"@type\":\"BreadcrumbList\",\"@id\":\"https:\/\/www.notibras.com\/site\/reservas-viram-e-sao-paulo-derruba-ponte-em-campinas\/#breadcrumb\",\"itemListElement\":[{\"@type\":\"ListItem\",\"position\":1,\"name\":\"In\u00edcio\",\"item\":\"https:\/\/www.notibras.com\/site\/\"},{\"@type\":\"ListItem\",\"position\":2,\"name\":\"Reservas viram e S\u00e3o Paulo derruba Ponte em Campinas\"}]},{\"@type\":\"WebSite\",\"@id\":\"https:\/\/www.notibras.com\/site\/#website\",\"url\":\"https:\/\/www.notibras.com\/site\/\",\"name\":\"Notibras\",\"description\":\"Not\u00edcias de Bras\u00edlia, do Brasil e do Mundo\",\"publisher\":{\"@id\":\"https:\/\/www.notibras.com\/site\/#organization\"},\"potentialAction\":[{\"@type\":\"SearchAction\",\"target\":{\"@type\":\"EntryPoint\",\"urlTemplate\":\"https:\/\/www.notibras.com\/site\/?s={search_term_string}\"},\"query-input\":{\"@type\":\"PropertyValueSpecification\",\"valueRequired\":true,\"valueName\":\"search_term_string\"}}],\"inLanguage\":\"pt-BR\"},{\"@type\":\"Organization\",\"@id\":\"https:\/\/www.notibras.com\/site\/#organization\",\"name\":\"Grupo Notibras de Comunica\u00e7\u00e3o\",\"url\":\"https:\/\/www.notibras.com\/site\/\",\"logo\":{\"@type\":\"ImageObject\",\"inLanguage\":\"pt-BR\",\"@id\":\"https:\/\/www.notibras.com\/site\/#\/schema\/logo\/image\/\",\"url\":\"https:\/\/www.notibras.com\/site\/wp-content\/uploads\/2023\/01\/notibras23.png\",\"contentUrl\":\"https:\/\/www.notibras.com\/site\/wp-content\/uploads\/2023\/01\/notibras23.png\",\"width\":350,\"height\":87,\"caption\":\"Grupo Notibras de Comunica\u00e7\u00e3o\"},\"image\":{\"@id\":\"https:\/\/www.notibras.com\/site\/#\/schema\/logo\/image\/\"},\"sameAs\":[\"https:\/\/www.facebook.com\/notibras\/\",\"https:\/\/x.com\/Notibras\",\"https:\/\/www.instagram.com\/notibras\/\"]},{\"@type\":\"Person\",\"@id\":\"https:\/\/www.notibras.com\/site\/#\/schema\/person\/36ab0979449956132d3e5b517ea76ac8\",\"name\":\"Reda\u00e7\u00e3o\",\"image\":{\"@type\":\"ImageObject\",\"inLanguage\":\"pt-BR\",\"@id\":\"https:\/\/secure.gravatar.com\/avatar\/e0a867bdedb85fd243eadf09663511f96fc81e0720a4a42581f334ad4303aa6b?s=96&d=mm&r=g\",\"url\":\"https:\/\/secure.gravatar.com\/avatar\/e0a867bdedb85fd243eadf09663511f96fc81e0720a4a42581f334ad4303aa6b?s=96&d=mm&r=g\",\"contentUrl\":\"https:\/\/secure.gravatar.com\/avatar\/e0a867bdedb85fd243eadf09663511f96fc81e0720a4a42581f334ad4303aa6b?s=96&d=mm&r=g\",\"caption\":\"Reda\u00e7\u00e3o\"}}]}<\/script>\n<!-- \/ Yoast SEO plugin. -->","yoast_head_json":{"title":"Reservas viram e S\u00e3o Paulo derruba Ponte em Campinas - Notibras","robots":{"index":"index","follow":"follow","max-snippet":"max-snippet:-1","max-image-preview":"max-image-preview:large","max-video-preview":"max-video-preview:-1"},"canonical":"https:\/\/www.notibras.com\/site\/reservas-viram-e-sao-paulo-derruba-ponte-em-campinas\/","og_locale":"pt_BR","og_type":"article","og_title":"Reservas viram e S\u00e3o Paulo derruba Ponte em Campinas - Notibras","og_description":"Muricy Ramalho j\u00e1 havia dito: o jogo que importa, agora, para o S\u00e3o Paulo, \u00e9 contra o San Lorenzo (ARG), pela Copa Libertadores, na pr\u00f3xima quarta-feira. O problema \u00e9 que, antes desse, o Tricolor tinha que enfrentar a Ponte Preta, em Campinas, pelo Paulist\u00e3o. E foi assim que o S\u00e3o Paulo teve que se superar [&hellip;]","og_url":"https:\/\/www.notibras.com\/site\/reservas-viram-e-sao-paulo-derruba-ponte-em-campinas\/","og_site_name":"Notibras","article_publisher":"https:\/\/www.facebook.com\/notibras\/","article_published_time":"2015-03-15T21:02:38+00:00","article_modified_time":"2015-03-16T00:05:21+00:00","og_image":[{"width":460,"height":307,"url":"https:\/\/www.notibras.com\/site\/wp-content\/uploads\/2015\/03\/kardecfestejagolheliosuenagagazeta.jpg","type":"image\/jpeg"}],"author":"Reda\u00e7\u00e3o","twitter_card":"summary_large_image","twitter_creator":"@Notibras","twitter_site":"@Notibras","twitter_misc":{"Escrito por":"Reda\u00e7\u00e3o","Est. tempo de leitura":"2 minutos"},"schema":{"@context":"https:\/\/schema.org","@graph":[{"@type":"Article","@id":"https:\/\/www.notibras.com\/site\/reservas-viram-e-sao-paulo-derruba-ponte-em-campinas\/#article","isPartOf":{"@id":"https:\/\/www.notibras.com\/site\/reservas-viram-e-sao-paulo-derruba-ponte-em-campinas\/"},"author":{"name":"Reda\u00e7\u00e3o","@id":"https:\/\/www.notibras.com\/site\/#\/schema\/person\/36ab0979449956132d3e5b517ea76ac8"},"headline":"Reservas viram e S\u00e3o Paulo derruba Ponte em Campinas","datePublished":"2015-03-15T21:02:38+00:00","dateModified":"2015-03-16T00:05:21+00:00","mainEntityOfPage":{"@id":"https:\/\/www.notibras.com\/site\/reservas-viram-e-sao-paulo-derruba-ponte-em-campinas\/"},"wordCount":379,"commentCount":0,"publisher":{"@id":"https:\/\/www.notibras.com\/site\/#organization"},"image":{"@id":"https:\/\/www.notibras.com\/site\/reservas-viram-e-sao-paulo-derruba-ponte-em-campinas\/#primaryimage"},"thumbnailUrl":"https:\/\/www.notibras.com\/site\/wp-content\/uploads\/2015\/03\/kardecfestejagolheliosuenagagazeta.jpg","articleSection":["Esportes","Futebol"],"inLanguage":"pt-BR","potentialAction":[{"@type":"CommentAction","name":"Comment","target":["https:\/\/www.notibras.com\/site\/reservas-viram-e-sao-paulo-derruba-ponte-em-campinas\/#respond"]}]},{"@type":"WebPage","@id":"https:\/\/www.notibras.com\/site\/reservas-viram-e-sao-paulo-derruba-ponte-em-campinas\/","url":"https:\/\/www.notibras.com\/site\/reservas-viram-e-sao-paulo-derruba-ponte-em-campinas\/","name":"Reservas viram e S\u00e3o Paulo derruba Ponte em Campinas - Notibras","isPartOf":{"@id":"https:\/\/www.notibras.com\/site\/#website"},"primaryImageOfPage":{"@id":"https:\/\/www.notibras.com\/site\/reservas-viram-e-sao-paulo-derruba-ponte-em-campinas\/#primaryimage"},"image":{"@id":"https:\/\/www.notibras.com\/site\/reservas-viram-e-sao-paulo-derruba-ponte-em-campinas\/#primaryimage"},"thumbnailUrl":"https:\/\/www.notibras.com\/site\/wp-content\/uploads\/2015\/03\/kardecfestejagolheliosuenagagazeta.jpg","datePublished":"2015-03-15T21:02:38+00:00","dateModified":"2015-03-16T00:05:21+00:00","breadcrumb":{"@id":"https:\/\/www.notibras.com\/site\/reservas-viram-e-sao-paulo-derruba-ponte-em-campinas\/#breadcrumb"},"inLanguage":"pt-BR","potentialAction":[{"@type":"ReadAction","target":["https:\/\/www.notibras.com\/site\/reservas-viram-e-sao-paulo-derruba-ponte-em-campinas\/"]}]},{"@type":"ImageObject","inLanguage":"pt-BR","@id":"https:\/\/www.notibras.com\/site\/reservas-viram-e-sao-paulo-derruba-ponte-em-campinas\/#primaryimage","url":"https:\/\/www.notibras.com\/site\/wp-content\/uploads\/2015\/03\/kardecfestejagolheliosuenagagazeta.jpg","contentUrl":"https:\/\/www.notibras.com\/site\/wp-content\/uploads\/2015\/03\/kardecfestejagolheliosuenagagazeta.jpg","width":460,"height":307},{"@type":"BreadcrumbList","@id":"https:\/\/www.notibras.com\/site\/reservas-viram-e-sao-paulo-derruba-ponte-em-campinas\/#breadcrumb","itemListElement":[{"@type":"ListItem","position":1,"name":"In\u00edcio","item":"https:\/\/www.notibras.com\/site\/"},{"@type":"ListItem","position":2,"name":"Reservas viram e S\u00e3o Paulo derruba Ponte em Campinas"}]},{"@type":"WebSite","@id":"https:\/\/www.notibras.com\/site\/#website","url":"https:\/\/www.notibras.com\/site\/","name":"Notibras","description":"Not\u00edcias de Bras\u00edlia, do Brasil e do Mundo","publisher":{"@id":"https:\/\/www.notibras.com\/site\/#organization"},"potentialAction":[{"@type":"SearchAction","target":{"@type":"EntryPoint","urlTemplate":"https:\/\/www.notibras.com\/site\/?s={search_term_string}"},"query-input":{"@type":"PropertyValueSpecification","valueRequired":true,"valueName":"search_term_string"}}],"inLanguage":"pt-BR"},{"@type":"Organization","@id":"https:\/\/www.notibras.com\/site\/#organization","name":"Grupo Notibras de Comunica\u00e7\u00e3o","url":"https:\/\/www.notibras.com\/site\/","logo":{"@type":"ImageObject","inLanguage":"pt-BR","@id":"https:\/\/www.notibras.com\/site\/#\/schema\/logo\/image\/","url":"https:\/\/www.notibras.com\/site\/wp-content\/uploads\/2023\/01\/notibras23.png","contentUrl":"https:\/\/www.notibras.com\/site\/wp-content\/uploads\/2023\/01\/notibras23.png","width":350,"height":87,"caption":"Grupo Notibras de Comunica\u00e7\u00e3o"},"image":{"@id":"https:\/\/www.notibras.com\/site\/#\/schema\/logo\/image\/"},"sameAs":["https:\/\/www.facebook.com\/notibras\/","https:\/\/x.com\/Notibras","https:\/\/www.instagram.com\/notibras\/"]},{"@type":"Person","@id":"https:\/\/www.notibras.com\/site\/#\/schema\/person\/36ab0979449956132d3e5b517ea76ac8","name":"Reda\u00e7\u00e3o","image":{"@type":"ImageObject","inLanguage":"pt-BR","@id":"https:\/\/secure.gravatar.com\/avatar\/e0a867bdedb85fd243eadf09663511f96fc81e0720a4a42581f334ad4303aa6b?s=96&d=mm&r=g","url":"https:\/\/secure.gravatar.com\/avatar\/e0a867bdedb85fd243eadf09663511f96fc81e0720a4a42581f334ad4303aa6b?s=96&d=mm&r=g","contentUrl":"https:\/\/secure.gravatar.com\/avatar\/e0a867bdedb85fd243eadf09663511f96fc81e0720a4a42581f334ad4303aa6b?s=96&d=mm&r=g","caption":"Reda\u00e7\u00e3o"}}]}},"amp_enabled":true,"_links":{"self":[{"href":"https:\/\/www.notibras.com\/site\/wp-json\/wp\/v2\/posts\/40021","targetHints":{"allow":["GET"]}}],"collection":[{"href":"https:\/\/www.notibras.com\/site\/wp-json\/wp\/v2\/posts"}],"about":[{"href":"https:\/\/www.notibras.com\/site\/wp-json\/wp\/v2\/types\/post"}],"author":[{"embeddable":true,"href":"https:\/\/www.notibras.com\/site\/wp-json\/wp\/v2\/users\/2"}],"replies":[{"embeddable":true,"href":"https:\/\/www.notibras.com\/site\/wp-json\/wp\/v2\/comments?post=40021"}],"version-history":[{"count":0,"href":"https:\/\/www.notibras.com\/site\/wp-json\/wp\/v2\/posts\/40021\/revisions"}],"wp:featuredmedia":[{"embeddable":true,"href":"https:\/\/www.notibras.com\/site\/wp-json\/wp\/v2\/media\/40022"}],"wp:attachment":[{"href":"https:\/\/www.notibras.com\/site\/wp-json\/wp\/v2\/media?parent=40021"}],"wp:term":[{"taxonomy":"category","embeddable":true,"href":"https:\/\/www.notibras.com\/site\/wp-json\/wp\/v2\/categories?post=40021"},{"taxonomy":"post_tag","embeddable":true,"href":"https:\/\/www.notibras.com\/site\/wp-json\/wp\/v2\/tags?post=40021"}],"curies":[{"name":"wp","href":"https:\/\/api.w.org\/{rel}","templated":true}]}}