{"id":40171,"date":"2015-03-17T01:28:38","date_gmt":"2015-03-17T04:28:38","guid":{"rendered":"http:\/\/www.notibras.com\/site\/?p=40171"},"modified":"2015-03-17T01:28:38","modified_gmt":"2015-03-17T04:28:38","slug":"portadores-de-deficiencia-ganham-espaco-como-empreendedor","status":"publish","type":"post","link":"https:\/\/www.notibras.com\/site\/portadores-de-deficiencia-ganham-espaco-como-empreendedor\/","title":{"rendered":"Portadores de defici\u00eancia ganham espa\u00e7o como empreendedor"},"content":{"rendered":"<p>Com a presen\u00e7a marcante e crescente da inova\u00e7\u00e3o nos servi\u00e7os e produtos, o empreendedorismo vem ganhando cada vez mais for\u00e7a e espa\u00e7o no contexto brasileiro. Nesse sentido, as MPEs (Micro e Pequenas Empresas)\u00a0apresentam atua\u00e7\u00e3o singular, representando cerca de um quarto do PIB brasileiro.<\/p>\n<p>Complementarmente ao seu papel fundamental na economia do pa\u00eds, essas empresas representam cerca de 44% dos empregos formais no setor de servi\u00e7os e aproximadamente 70% dos empregos gerados no setor de com\u00e9rcio (dados do Sebrae), demonstrando, assim, um grande potencial para colaborar com uma das quest\u00f5es mais emblem\u00e1ticas no contexto da inclus\u00e3o da pessoa com defici\u00eancia: o trabalho.<\/p>\n<p>No Brasil, onde cerca de 24% da popula\u00e7\u00e3o apresenta alguma defici\u00eancia, as pol\u00edticas p\u00fablicas de inclus\u00e3o laboral resumem-se a tr\u00eas focos: Lei de Cotas, direcionada apenas \u00e0s empresas com cem ou mais funcion\u00e1rios; reserva legal de vagas em concursos p\u00fablicos (s\u00f3 5%) e investimentos em cursos t\u00e9cnicos e de capacita\u00e7\u00e3o, que vem sendo ampliados para atender \u00e0 grande demanda existente e diminuir as barreiras f\u00edsicas, comunicacionais e atitudinais no ensino.<\/p>\n<p>Mesmo assim, em uma an\u00e1lise criteriosa, percebe-se que as pol\u00edticas p\u00fablicas existentes, infelizmente, n\u00e3o contemplam todo o espectro de possibilidades que existem para o mercado de trabalho.<\/p>\n<blockquote><p>\u00c9 fundamental que possamos adotar medidas para ampliar o leque de op\u00e7\u00f5es na busca por \u00edndices melhores de trabalho e renda, tendo em vista que as pessoas com defici\u00eancia representam apenas 0,73% do total de v\u00ednculos empregat\u00edcios formais no pa\u00eds.<\/p><\/blockquote>\n<p>Nesse contexto, com a import\u00e2ncia not\u00f3ria das MPEs no cen\u00e1rio nacional, percebe-se que o est\u00edmulo \u00e0 contrata\u00e7\u00e3o de pessoas com defici\u00eancia por esse setor representa, estatisticamente, um importante mecanismo para ampliar expressivamente os resultados j\u00e1 alcan\u00e7ados pelas pol\u00edticas p\u00fablicas existentes.<\/p>\n<p>O pr\u00f3prio incentivo ao empreendedorismo, como op\u00e7\u00e3o profissional para a pessoa com defici\u00eancia, vem se mostrando uma ferramenta eficiente para garantir renda, aumentar o acesso ao mercado de trabalho e, principalmente, auxiliar para que antigos paradigmas da inclus\u00e3o laboral sejam derrubados.<\/p>\n<p>Esse tema ainda \u00e9 pouco debatido, em grande medida devido \u00e0s dificuldades encontradas por essa parcela da popula\u00e7\u00e3o para conquistar seu espa\u00e7o, o que as impede de vislumbrar essa possibilidade para suas vidas profissionais.<\/p>\n<p>Esse caminho tem a capacidade de aliar propostas inovadoras e supera\u00e7\u00e3o, bem como benef\u00edcios psicol\u00f3gicos importantes, pois a empresa torna-se uma extens\u00e3o de seu criador.<\/p>\n<p>No livro &#8220;Empreendedorismo sem Fronteiras \u2013 Um Excelente Caminho para Pessoas com Defici\u00eancia&#8221;, resultado de minha parceria com o escritor Fernando Dolabela (autoridade no tema), as principais quest\u00f5es e reflex\u00f5es sobre defici\u00eancia e empreendedorismo s\u00e3o levantadas, buscando ressaltar o paralelo positivo e com grande potencial socioecon\u00f4mico existente entre esses dois mundos.<\/p>\n<p>A presen\u00e7a de depoimentos de empreendedores com defici\u00eancia, relatando dificuldades e, principalmente, oportunidades encontradas, traz uma vis\u00e3o fact\u00edvel do tema.<\/p>\n<p>Trata-se, portanto, de demonstrar a import\u00e2ncia do poder da inova\u00e7\u00e3o, da ideia e do &#8220;empreender&#8221; na busca pela garantia de autonomia e direito de escolha para essas pessoas, que podem trazer, consequentemente, benef\u00edcios para toda a sociedade, permitindo que as pessoas com defici\u00eancia assumam seu protagonismo como cidad\u00e3os e passem a contribuir de forma plena para o desenvolvimento de suas vidas, de suas fam\u00edlias e do pa\u00eds.<\/p>\n<p>Dessa forma, desenvolver pol\u00edticas p\u00fablicas efetivas e mecanismos que possam incentivar profissionais com defici\u00eancia a se tornarem empreendedores, al\u00e9m de ampliar de forma direta e indireta a inclus\u00e3o laboral, tamb\u00e9m gera impactos sociais e econ\u00f4micos expressivos, os quais s\u00e3o fundamentais na busca por uma sociedade realmente sustent\u00e1vel.<\/p>\n<p>Se entendermos que viver \u00e9 empreender e que as pessoas se definem pelo que fazem, teremos a dimens\u00e3o de import\u00e2ncia do trabalho como um direito de todos.<\/p>\n<p><strong>Cid Torquato<\/strong><\/p>\n","protected":false},"excerpt":{"rendered":"<p>Com a presen\u00e7a marcante e crescente da inova\u00e7\u00e3o nos servi\u00e7os e produtos, o empreendedorismo vem ganhando cada vez mais for\u00e7a e espa\u00e7o no contexto brasileiro. Nesse sentido, as MPEs (Micro e Pequenas Empresas)\u00a0apresentam atua\u00e7\u00e3o singular, representando cerca de um quarto do PIB brasileiro. Complementarmente ao seu papel fundamental na economia do pa\u00eds, essas empresas representam [&hellip;]<\/p>\n","protected":false},"author":2,"featured_media":40172,"comment_status":"open","ping_status":"closed","sticky":false,"template":"","format":"standard","meta":{"_acf_changed":false,"footnotes":""},"categories":[25],"tags":[],"class_list":["post-40171","post","type-post","status-publish","format-standard","has-post-thumbnail","hentry","category-opina-ai"],"acf":[],"yoast_head":"<!-- This site is optimized with the Yoast SEO plugin v27.5 - https:\/\/yoast.com\/product\/yoast-seo-wordpress\/ -->\n<title>Portadores de defici\u00eancia ganham espa\u00e7o como empreendedor - Notibras<\/title>\n<meta name=\"robots\" content=\"index, follow, max-snippet:-1, max-image-preview:large, max-video-preview:-1\" \/>\n<link rel=\"canonical\" href=\"https:\/\/www.notibras.com\/site\/portadores-de-deficiencia-ganham-espaco-como-empreendedor\/\" \/>\n<meta property=\"og:locale\" content=\"pt_BR\" \/>\n<meta property=\"og:type\" content=\"article\" \/>\n<meta property=\"og:title\" content=\"Portadores de defici\u00eancia ganham espa\u00e7o como empreendedor - Notibras\" \/>\n<meta property=\"og:description\" content=\"Com a presen\u00e7a marcante e crescente da inova\u00e7\u00e3o nos servi\u00e7os e produtos, o empreendedorismo vem ganhando cada vez mais for\u00e7a e espa\u00e7o no contexto brasileiro. Nesse sentido, as MPEs (Micro e Pequenas Empresas)\u00a0apresentam atua\u00e7\u00e3o singular, representando cerca de um quarto do PIB brasileiro. Complementarmente ao seu papel fundamental na economia do pa\u00eds, essas empresas representam [&hellip;]\" \/>\n<meta property=\"og:url\" content=\"https:\/\/www.notibras.com\/site\/portadores-de-deficiencia-ganham-espaco-como-empreendedor\/\" \/>\n<meta property=\"og:site_name\" content=\"Notibras\" \/>\n<meta property=\"article:publisher\" content=\"https:\/\/www.facebook.com\/notibras\/\" \/>\n<meta property=\"article:published_time\" content=\"2015-03-17T04:28:38+00:00\" \/>\n<meta property=\"og:image\" content=\"https:\/\/www.notibras.com\/site\/wp-content\/uploads\/2015\/03\/deficiente_fisico.jpg\" \/>\n\t<meta property=\"og:image:width\" content=\"474\" \/>\n\t<meta property=\"og:image:height\" content=\"317\" \/>\n\t<meta property=\"og:image:type\" content=\"image\/jpeg\" \/>\n<meta name=\"author\" content=\"Reda\u00e7\u00e3o\" \/>\n<meta name=\"twitter:card\" content=\"summary_large_image\" \/>\n<meta name=\"twitter:creator\" content=\"@Notibras\" \/>\n<meta name=\"twitter:site\" content=\"@Notibras\" \/>\n<meta name=\"twitter:label1\" content=\"Escrito por\" \/>\n\t<meta name=\"twitter:data1\" content=\"Reda\u00e7\u00e3o\" \/>\n\t<meta name=\"twitter:label2\" content=\"Est. tempo de leitura\" \/>\n\t<meta name=\"twitter:data2\" content=\"3 minutos\" \/>\n<script type=\"application\/ld+json\" class=\"yoast-schema-graph\">{\"@context\":\"https:\\\/\\\/schema.org\",\"@graph\":[{\"@type\":\"Article\",\"@id\":\"https:\\\/\\\/www.notibras.com\\\/site\\\/portadores-de-deficiencia-ganham-espaco-como-empreendedor\\\/#article\",\"isPartOf\":{\"@id\":\"https:\\\/\\\/www.notibras.com\\\/site\\\/portadores-de-deficiencia-ganham-espaco-como-empreendedor\\\/\"},\"author\":{\"name\":\"Reda\u00e7\u00e3o\",\"@id\":\"https:\\\/\\\/www.notibras.com\\\/site\\\/#\\\/schema\\\/person\\\/36ab0979449956132d3e5b517ea76ac8\"},\"headline\":\"Portadores de defici\u00eancia ganham espa\u00e7o como empreendedor\",\"datePublished\":\"2015-03-17T04:28:38+00:00\",\"mainEntityOfPage\":{\"@id\":\"https:\\\/\\\/www.notibras.com\\\/site\\\/portadores-de-deficiencia-ganham-espaco-como-empreendedor\\\/\"},\"wordCount\":671,\"commentCount\":0,\"publisher\":{\"@id\":\"https:\\\/\\\/www.notibras.com\\\/site\\\/#organization\"},\"image\":{\"@id\":\"https:\\\/\\\/www.notibras.com\\\/site\\\/portadores-de-deficiencia-ganham-espaco-como-empreendedor\\\/#primaryimage\"},\"thumbnailUrl\":\"https:\\\/\\\/www.notibras.com\\\/site\\\/wp-content\\\/uploads\\\/2015\\\/03\\\/deficiente_fisico.jpg\",\"articleSection\":[\"Opina a\u00ed\"],\"inLanguage\":\"pt-BR\",\"potentialAction\":[{\"@type\":\"CommentAction\",\"name\":\"Comment\",\"target\":[\"https:\\\/\\\/www.notibras.com\\\/site\\\/portadores-de-deficiencia-ganham-espaco-como-empreendedor\\\/#respond\"]}]},{\"@type\":\"WebPage\",\"@id\":\"https:\\\/\\\/www.notibras.com\\\/site\\\/portadores-de-deficiencia-ganham-espaco-como-empreendedor\\\/\",\"url\":\"https:\\\/\\\/www.notibras.com\\\/site\\\/portadores-de-deficiencia-ganham-espaco-como-empreendedor\\\/\",\"name\":\"Portadores de defici\u00eancia ganham espa\u00e7o como empreendedor - Notibras\",\"isPartOf\":{\"@id\":\"https:\\\/\\\/www.notibras.com\\\/site\\\/#website\"},\"primaryImageOfPage\":{\"@id\":\"https:\\\/\\\/www.notibras.com\\\/site\\\/portadores-de-deficiencia-ganham-espaco-como-empreendedor\\\/#primaryimage\"},\"image\":{\"@id\":\"https:\\\/\\\/www.notibras.com\\\/site\\\/portadores-de-deficiencia-ganham-espaco-como-empreendedor\\\/#primaryimage\"},\"thumbnailUrl\":\"https:\\\/\\\/www.notibras.com\\\/site\\\/wp-content\\\/uploads\\\/2015\\\/03\\\/deficiente_fisico.jpg\",\"datePublished\":\"2015-03-17T04:28:38+00:00\",\"breadcrumb\":{\"@id\":\"https:\\\/\\\/www.notibras.com\\\/site\\\/portadores-de-deficiencia-ganham-espaco-como-empreendedor\\\/#breadcrumb\"},\"inLanguage\":\"pt-BR\",\"potentialAction\":[{\"@type\":\"ReadAction\",\"target\":[\"https:\\\/\\\/www.notibras.com\\\/site\\\/portadores-de-deficiencia-ganham-espaco-como-empreendedor\\\/\"]}]},{\"@type\":\"ImageObject\",\"inLanguage\":\"pt-BR\",\"@id\":\"https:\\\/\\\/www.notibras.com\\\/site\\\/portadores-de-deficiencia-ganham-espaco-como-empreendedor\\\/#primaryimage\",\"url\":\"https:\\\/\\\/www.notibras.com\\\/site\\\/wp-content\\\/uploads\\\/2015\\\/03\\\/deficiente_fisico.jpg\",\"contentUrl\":\"https:\\\/\\\/www.notibras.com\\\/site\\\/wp-content\\\/uploads\\\/2015\\\/03\\\/deficiente_fisico.jpg\",\"width\":474,\"height\":317},{\"@type\":\"BreadcrumbList\",\"@id\":\"https:\\\/\\\/www.notibras.com\\\/site\\\/portadores-de-deficiencia-ganham-espaco-como-empreendedor\\\/#breadcrumb\",\"itemListElement\":[{\"@type\":\"ListItem\",\"position\":1,\"name\":\"In\u00edcio\",\"item\":\"https:\\\/\\\/www.notibras.com\\\/site\\\/\"},{\"@type\":\"ListItem\",\"position\":2,\"name\":\"Portadores de defici\u00eancia ganham espa\u00e7o como empreendedor\"}]},{\"@type\":\"WebSite\",\"@id\":\"https:\\\/\\\/www.notibras.com\\\/site\\\/#website\",\"url\":\"https:\\\/\\\/www.notibras.com\\\/site\\\/\",\"name\":\"Notibras\",\"description\":\"Not\u00edcias de Bras\u00edlia, do Brasil e do Mundo\",\"publisher\":{\"@id\":\"https:\\\/\\\/www.notibras.com\\\/site\\\/#organization\"},\"potentialAction\":[{\"@type\":\"SearchAction\",\"target\":{\"@type\":\"EntryPoint\",\"urlTemplate\":\"https:\\\/\\\/www.notibras.com\\\/site\\\/?s={search_term_string}\"},\"query-input\":{\"@type\":\"PropertyValueSpecification\",\"valueRequired\":true,\"valueName\":\"search_term_string\"}}],\"inLanguage\":\"pt-BR\"},{\"@type\":\"Organization\",\"@id\":\"https:\\\/\\\/www.notibras.com\\\/site\\\/#organization\",\"name\":\"Grupo Notibras de Comunica\u00e7\u00e3o\",\"url\":\"https:\\\/\\\/www.notibras.com\\\/site\\\/\",\"logo\":{\"@type\":\"ImageObject\",\"inLanguage\":\"pt-BR\",\"@id\":\"https:\\\/\\\/www.notibras.com\\\/site\\\/#\\\/schema\\\/logo\\\/image\\\/\",\"url\":\"https:\\\/\\\/www.notibras.com\\\/site\\\/wp-content\\\/uploads\\\/2023\\\/01\\\/notibras23.png\",\"contentUrl\":\"https:\\\/\\\/www.notibras.com\\\/site\\\/wp-content\\\/uploads\\\/2023\\\/01\\\/notibras23.png\",\"width\":350,\"height\":87,\"caption\":\"Grupo Notibras de Comunica\u00e7\u00e3o\"},\"image\":{\"@id\":\"https:\\\/\\\/www.notibras.com\\\/site\\\/#\\\/schema\\\/logo\\\/image\\\/\"},\"sameAs\":[\"https:\\\/\\\/www.facebook.com\\\/notibras\\\/\",\"https:\\\/\\\/x.com\\\/Notibras\",\"https:\\\/\\\/www.instagram.com\\\/notibras\\\/\"]},{\"@type\":\"Person\",\"@id\":\"https:\\\/\\\/www.notibras.com\\\/site\\\/#\\\/schema\\\/person\\\/36ab0979449956132d3e5b517ea76ac8\",\"name\":\"Reda\u00e7\u00e3o\",\"image\":{\"@type\":\"ImageObject\",\"inLanguage\":\"pt-BR\",\"@id\":\"https:\\\/\\\/secure.gravatar.com\\\/avatar\\\/e0a867bdedb85fd243eadf09663511f96fc81e0720a4a42581f334ad4303aa6b?s=96&d=mm&r=g\",\"url\":\"https:\\\/\\\/secure.gravatar.com\\\/avatar\\\/e0a867bdedb85fd243eadf09663511f96fc81e0720a4a42581f334ad4303aa6b?s=96&d=mm&r=g\",\"contentUrl\":\"https:\\\/\\\/secure.gravatar.com\\\/avatar\\\/e0a867bdedb85fd243eadf09663511f96fc81e0720a4a42581f334ad4303aa6b?s=96&d=mm&r=g\",\"caption\":\"Reda\u00e7\u00e3o\"}}]}<\/script>\n<!-- \/ Yoast SEO plugin. -->","yoast_head_json":{"title":"Portadores de defici\u00eancia ganham espa\u00e7o como empreendedor - Notibras","robots":{"index":"index","follow":"follow","max-snippet":"max-snippet:-1","max-image-preview":"max-image-preview:large","max-video-preview":"max-video-preview:-1"},"canonical":"https:\/\/www.notibras.com\/site\/portadores-de-deficiencia-ganham-espaco-como-empreendedor\/","og_locale":"pt_BR","og_type":"article","og_title":"Portadores de defici\u00eancia ganham espa\u00e7o como empreendedor - Notibras","og_description":"Com a presen\u00e7a marcante e crescente da inova\u00e7\u00e3o nos servi\u00e7os e produtos, o empreendedorismo vem ganhando cada vez mais for\u00e7a e espa\u00e7o no contexto brasileiro. Nesse sentido, as MPEs (Micro e Pequenas Empresas)\u00a0apresentam atua\u00e7\u00e3o singular, representando cerca de um quarto do PIB brasileiro. Complementarmente ao seu papel fundamental na economia do pa\u00eds, essas empresas representam [&hellip;]","og_url":"https:\/\/www.notibras.com\/site\/portadores-de-deficiencia-ganham-espaco-como-empreendedor\/","og_site_name":"Notibras","article_publisher":"https:\/\/www.facebook.com\/notibras\/","article_published_time":"2015-03-17T04:28:38+00:00","og_image":[{"width":474,"height":317,"url":"https:\/\/www.notibras.com\/site\/wp-content\/uploads\/2015\/03\/deficiente_fisico.jpg","type":"image\/jpeg"}],"author":"Reda\u00e7\u00e3o","twitter_card":"summary_large_image","twitter_creator":"@Notibras","twitter_site":"@Notibras","twitter_misc":{"Escrito por":"Reda\u00e7\u00e3o","Est. tempo de leitura":"3 minutos"},"schema":{"@context":"https:\/\/schema.org","@graph":[{"@type":"Article","@id":"https:\/\/www.notibras.com\/site\/portadores-de-deficiencia-ganham-espaco-como-empreendedor\/#article","isPartOf":{"@id":"https:\/\/www.notibras.com\/site\/portadores-de-deficiencia-ganham-espaco-como-empreendedor\/"},"author":{"name":"Reda\u00e7\u00e3o","@id":"https:\/\/www.notibras.com\/site\/#\/schema\/person\/36ab0979449956132d3e5b517ea76ac8"},"headline":"Portadores de defici\u00eancia ganham espa\u00e7o como empreendedor","datePublished":"2015-03-17T04:28:38+00:00","mainEntityOfPage":{"@id":"https:\/\/www.notibras.com\/site\/portadores-de-deficiencia-ganham-espaco-como-empreendedor\/"},"wordCount":671,"commentCount":0,"publisher":{"@id":"https:\/\/www.notibras.com\/site\/#organization"},"image":{"@id":"https:\/\/www.notibras.com\/site\/portadores-de-deficiencia-ganham-espaco-como-empreendedor\/#primaryimage"},"thumbnailUrl":"https:\/\/www.notibras.com\/site\/wp-content\/uploads\/2015\/03\/deficiente_fisico.jpg","articleSection":["Opina a\u00ed"],"inLanguage":"pt-BR","potentialAction":[{"@type":"CommentAction","name":"Comment","target":["https:\/\/www.notibras.com\/site\/portadores-de-deficiencia-ganham-espaco-como-empreendedor\/#respond"]}]},{"@type":"WebPage","@id":"https:\/\/www.notibras.com\/site\/portadores-de-deficiencia-ganham-espaco-como-empreendedor\/","url":"https:\/\/www.notibras.com\/site\/portadores-de-deficiencia-ganham-espaco-como-empreendedor\/","name":"Portadores de defici\u00eancia ganham espa\u00e7o como empreendedor - Notibras","isPartOf":{"@id":"https:\/\/www.notibras.com\/site\/#website"},"primaryImageOfPage":{"@id":"https:\/\/www.notibras.com\/site\/portadores-de-deficiencia-ganham-espaco-como-empreendedor\/#primaryimage"},"image":{"@id":"https:\/\/www.notibras.com\/site\/portadores-de-deficiencia-ganham-espaco-como-empreendedor\/#primaryimage"},"thumbnailUrl":"https:\/\/www.notibras.com\/site\/wp-content\/uploads\/2015\/03\/deficiente_fisico.jpg","datePublished":"2015-03-17T04:28:38+00:00","breadcrumb":{"@id":"https:\/\/www.notibras.com\/site\/portadores-de-deficiencia-ganham-espaco-como-empreendedor\/#breadcrumb"},"inLanguage":"pt-BR","potentialAction":[{"@type":"ReadAction","target":["https:\/\/www.notibras.com\/site\/portadores-de-deficiencia-ganham-espaco-como-empreendedor\/"]}]},{"@type":"ImageObject","inLanguage":"pt-BR","@id":"https:\/\/www.notibras.com\/site\/portadores-de-deficiencia-ganham-espaco-como-empreendedor\/#primaryimage","url":"https:\/\/www.notibras.com\/site\/wp-content\/uploads\/2015\/03\/deficiente_fisico.jpg","contentUrl":"https:\/\/www.notibras.com\/site\/wp-content\/uploads\/2015\/03\/deficiente_fisico.jpg","width":474,"height":317},{"@type":"BreadcrumbList","@id":"https:\/\/www.notibras.com\/site\/portadores-de-deficiencia-ganham-espaco-como-empreendedor\/#breadcrumb","itemListElement":[{"@type":"ListItem","position":1,"name":"In\u00edcio","item":"https:\/\/www.notibras.com\/site\/"},{"@type":"ListItem","position":2,"name":"Portadores de defici\u00eancia ganham espa\u00e7o como empreendedor"}]},{"@type":"WebSite","@id":"https:\/\/www.notibras.com\/site\/#website","url":"https:\/\/www.notibras.com\/site\/","name":"Notibras","description":"Not\u00edcias de Bras\u00edlia, do Brasil e do Mundo","publisher":{"@id":"https:\/\/www.notibras.com\/site\/#organization"},"potentialAction":[{"@type":"SearchAction","target":{"@type":"EntryPoint","urlTemplate":"https:\/\/www.notibras.com\/site\/?s={search_term_string}"},"query-input":{"@type":"PropertyValueSpecification","valueRequired":true,"valueName":"search_term_string"}}],"inLanguage":"pt-BR"},{"@type":"Organization","@id":"https:\/\/www.notibras.com\/site\/#organization","name":"Grupo Notibras de Comunica\u00e7\u00e3o","url":"https:\/\/www.notibras.com\/site\/","logo":{"@type":"ImageObject","inLanguage":"pt-BR","@id":"https:\/\/www.notibras.com\/site\/#\/schema\/logo\/image\/","url":"https:\/\/www.notibras.com\/site\/wp-content\/uploads\/2023\/01\/notibras23.png","contentUrl":"https:\/\/www.notibras.com\/site\/wp-content\/uploads\/2023\/01\/notibras23.png","width":350,"height":87,"caption":"Grupo Notibras de Comunica\u00e7\u00e3o"},"image":{"@id":"https:\/\/www.notibras.com\/site\/#\/schema\/logo\/image\/"},"sameAs":["https:\/\/www.facebook.com\/notibras\/","https:\/\/x.com\/Notibras","https:\/\/www.instagram.com\/notibras\/"]},{"@type":"Person","@id":"https:\/\/www.notibras.com\/site\/#\/schema\/person\/36ab0979449956132d3e5b517ea76ac8","name":"Reda\u00e7\u00e3o","image":{"@type":"ImageObject","inLanguage":"pt-BR","@id":"https:\/\/secure.gravatar.com\/avatar\/e0a867bdedb85fd243eadf09663511f96fc81e0720a4a42581f334ad4303aa6b?s=96&d=mm&r=g","url":"https:\/\/secure.gravatar.com\/avatar\/e0a867bdedb85fd243eadf09663511f96fc81e0720a4a42581f334ad4303aa6b?s=96&d=mm&r=g","contentUrl":"https:\/\/secure.gravatar.com\/avatar\/e0a867bdedb85fd243eadf09663511f96fc81e0720a4a42581f334ad4303aa6b?s=96&d=mm&r=g","caption":"Reda\u00e7\u00e3o"}}]}},"amp_enabled":true,"_links":{"self":[{"href":"https:\/\/www.notibras.com\/site\/wp-json\/wp\/v2\/posts\/40171","targetHints":{"allow":["GET"]}}],"collection":[{"href":"https:\/\/www.notibras.com\/site\/wp-json\/wp\/v2\/posts"}],"about":[{"href":"https:\/\/www.notibras.com\/site\/wp-json\/wp\/v2\/types\/post"}],"author":[{"embeddable":true,"href":"https:\/\/www.notibras.com\/site\/wp-json\/wp\/v2\/users\/2"}],"replies":[{"embeddable":true,"href":"https:\/\/www.notibras.com\/site\/wp-json\/wp\/v2\/comments?post=40171"}],"version-history":[{"count":0,"href":"https:\/\/www.notibras.com\/site\/wp-json\/wp\/v2\/posts\/40171\/revisions"}],"wp:featuredmedia":[{"embeddable":true,"href":"https:\/\/www.notibras.com\/site\/wp-json\/wp\/v2\/media\/40172"}],"wp:attachment":[{"href":"https:\/\/www.notibras.com\/site\/wp-json\/wp\/v2\/media?parent=40171"}],"wp:term":[{"taxonomy":"category","embeddable":true,"href":"https:\/\/www.notibras.com\/site\/wp-json\/wp\/v2\/categories?post=40171"},{"taxonomy":"post_tag","embeddable":true,"href":"https:\/\/www.notibras.com\/site\/wp-json\/wp\/v2\/tags?post=40171"}],"curies":[{"name":"wp","href":"https:\/\/api.w.org\/{rel}","templated":true}]}}