{"id":40252,"date":"2015-03-17T21:58:32","date_gmt":"2015-03-18T00:58:32","guid":{"rendered":"http:\/\/www.notibras.com\/site\/?p=40252"},"modified":"2015-03-17T21:58:32","modified_gmt":"2015-03-18T00:58:32","slug":"corinthians-vai-ao-uruguai-e-volta-com-mais-tres-pontos","status":"publish","type":"post","link":"https:\/\/www.notibras.com\/site\/corinthians-vai-ao-uruguai-e-volta-com-mais-tres-pontos\/","title":{"rendered":"Corinthians vai ao Uruguai e volta com mais tr\u00eas pontos"},"content":{"rendered":"<p>Com um gol do peruano Guerrero aos 25min, o Corinthians abriu caminho para vencer o Danubio-URU por 2 a 1 na noite desta ter\u00e7a-feira 17 e seguir sua campanha impec\u00e1vel no Grupo 2 da Copa Libertadores, considerado o mais duro da competi\u00e7\u00e3o. Felipe, logo na sequ\u00eancia, confirmou o triunfo com gol de cabe\u00e7a.<\/p>\n<p>Ao fim da metade da fase de grupos, o Corinthians encaminha assim a classifica\u00e7\u00e3o para o mata-mata sem sofrer gols nem perder pontos. \u00c9 o l\u00edder com 9 e assistir\u00e1, de camarote, ao duelo entre San Lorenzo-ARG e S\u00e3o Paulo, quarta-feira, no Morumbi. J\u00e1 o Dan\u00fabio, zerado, precisar\u00e1 de uma reviravolta para n\u00e3o ser eliminado.<\/p>\n<p>Faltou criatividade em Montevid\u00e9u. \u00c9 verdade que a atmosfera do Est\u00e1dio Luis Franzini n\u00e3o ajudou. Em palco acanhado, ilumina\u00e7\u00e3o ruim e com muitos espa\u00e7os na arquibancada, o jogo entre Danubio e Corinthians s\u00f3 n\u00e3o foi morno, no primeiro tempo, quando os jogadores se estranharam.<\/p>\n<p>A rigor, os uruguaios n\u00e3o conseguiram amea\u00e7ar a meta de C\u00e1ssio em nenhum momento dos primeiros 45 minutos. O Corinthians, com Renato Augusto em velocidade abaixo do normal, por dores no tornozelo, s\u00f3 pensou com Jadson e Fagner. Nas duas melhores chegadas, ambas com Emerson Sheik, faltou o de quase sempre: pontaria. A arbitragem do chileno Julio Bascu\u00f1an mereceu cr\u00edticas dos corintianos. Em lance agudo na grande \u00e1rea, Guerrero foi agarrado por Gonz\u00e1lez, mas o juiz nada assinalou.<\/p>\n<p>Mais intenso no segundo tempo, o Corinthians conseguiu criar de forma mais r\u00e1pida, mesmo sem tanta imagina\u00e7\u00e3o assim. E foi num lance desses, aos 17min, que a equipe de Tite teve sua primeira oportunidade clara de gol. Em trama na \u00e1rea, Elias recuperou a bola rapidamente e foi derrubado &#8211; dessa vez, o juiz deu p\u00eanalti. Renato Augusto, por\u00e9m, vacilou: na cobran\u00e7a, o chute dele passou muito acima do travess\u00e3o. Mas, no fim das contas, o gol perdido acendeu o time de vez para a vit\u00f3ria.<\/p>\n<p>Em cruzamento venenoso da direita, Fagner colocou a bola em condi\u00e7\u00f5es para Guerrero, ao se desvencilhar de um marcador, abrir o placar para o Corinthians aos 25min. N\u00e3o foi o \u00fanico gol: aos 34min, Jadson bateu falta da esquerda, Felipe subiu muito e escorou de cabe\u00e7a para fazer o segundo gol dele nessa Libertadores.<\/p>\n","protected":false},"excerpt":{"rendered":"<p>Com um gol do peruano Guerrero aos 25min, o Corinthians abriu caminho para vencer o Danubio-URU por 2 a 1 na noite desta ter\u00e7a-feira 17 e seguir sua campanha impec\u00e1vel no Grupo 2 da Copa Libertadores, considerado o mais duro da competi\u00e7\u00e3o. Felipe, logo na sequ\u00eancia, confirmou o triunfo com gol de cabe\u00e7a. Ao fim [&hellip;]<\/p>\n","protected":false},"author":2,"featured_media":40253,"comment_status":"open","ping_status":"closed","sticky":false,"template":"","format":"standard","meta":{"_acf_changed":false,"footnotes":""},"categories":[19,29],"tags":[],"class_list":["post-40252","post","type-post","status-publish","format-standard","has-post-thumbnail","hentry","category-esportes","category-futebol"],"acf":[],"yoast_head":"<!-- This site is optimized with the Yoast SEO plugin v27.2 - https:\/\/yoast.com\/product\/yoast-seo-wordpress\/ -->\n<title>Corinthians vai ao Uruguai e volta com mais tr\u00eas pontos - Notibras<\/title>\n<meta name=\"robots\" content=\"index, follow, max-snippet:-1, max-image-preview:large, max-video-preview:-1\" \/>\n<link rel=\"canonical\" href=\"https:\/\/www.notibras.com\/site\/corinthians-vai-ao-uruguai-e-volta-com-mais-tres-pontos\/\" \/>\n<meta property=\"og:locale\" content=\"pt_BR\" \/>\n<meta property=\"og:type\" content=\"article\" \/>\n<meta property=\"og:title\" content=\"Corinthians vai ao Uruguai e volta com mais tr\u00eas pontos - Notibras\" \/>\n<meta property=\"og:description\" content=\"Com um gol do peruano Guerrero aos 25min, o Corinthians abriu caminho para vencer o Danubio-URU por 2 a 1 na noite desta ter\u00e7a-feira 17 e seguir sua campanha impec\u00e1vel no Grupo 2 da Copa Libertadores, considerado o mais duro da competi\u00e7\u00e3o. Felipe, logo na sequ\u00eancia, confirmou o triunfo com gol de cabe\u00e7a. Ao fim [&hellip;]\" \/>\n<meta property=\"og:url\" content=\"https:\/\/www.notibras.com\/site\/corinthians-vai-ao-uruguai-e-volta-com-mais-tres-pontos\/\" \/>\n<meta property=\"og:site_name\" content=\"Notibras\" \/>\n<meta property=\"article:publisher\" content=\"https:\/\/www.facebook.com\/notibras\/\" \/>\n<meta property=\"article:published_time\" content=\"2015-03-18T00:58:32+00:00\" \/>\n<meta property=\"og:image\" content=\"https:\/\/www.notibras.com\/site\/wp-content\/uploads\/2015\/03\/guerrero-tenta-criar-jogada-pelo-corinthians-contra-o-danubio-1426638634075_615x300.jpg\" \/>\n\t<meta property=\"og:image:width\" content=\"615\" \/>\n\t<meta property=\"og:image:height\" content=\"300\" \/>\n\t<meta property=\"og:image:type\" content=\"image\/jpeg\" \/>\n<meta name=\"author\" content=\"Reda\u00e7\u00e3o\" \/>\n<meta name=\"twitter:card\" content=\"summary_large_image\" \/>\n<meta name=\"twitter:creator\" content=\"@Notibras\" \/>\n<meta name=\"twitter:site\" content=\"@Notibras\" \/>\n<meta name=\"twitter:label1\" content=\"Escrito por\" \/>\n\t<meta name=\"twitter:data1\" content=\"Reda\u00e7\u00e3o\" \/>\n\t<meta name=\"twitter:label2\" content=\"Est. tempo de leitura\" \/>\n\t<meta name=\"twitter:data2\" content=\"2 minutos\" \/>\n<script type=\"application\/ld+json\" class=\"yoast-schema-graph\">{\"@context\":\"https:\/\/schema.org\",\"@graph\":[{\"@type\":\"Article\",\"@id\":\"https:\/\/www.notibras.com\/site\/corinthians-vai-ao-uruguai-e-volta-com-mais-tres-pontos\/#article\",\"isPartOf\":{\"@id\":\"https:\/\/www.notibras.com\/site\/corinthians-vai-ao-uruguai-e-volta-com-mais-tres-pontos\/\"},\"author\":{\"name\":\"Reda\u00e7\u00e3o\",\"@id\":\"https:\/\/www.notibras.com\/site\/#\/schema\/person\/36ab0979449956132d3e5b517ea76ac8\"},\"headline\":\"Corinthians vai ao Uruguai e volta com mais tr\u00eas pontos\",\"datePublished\":\"2015-03-18T00:58:32+00:00\",\"mainEntityOfPage\":{\"@id\":\"https:\/\/www.notibras.com\/site\/corinthians-vai-ao-uruguai-e-volta-com-mais-tres-pontos\/\"},\"wordCount\":405,\"commentCount\":0,\"publisher\":{\"@id\":\"https:\/\/www.notibras.com\/site\/#organization\"},\"image\":{\"@id\":\"https:\/\/www.notibras.com\/site\/corinthians-vai-ao-uruguai-e-volta-com-mais-tres-pontos\/#primaryimage\"},\"thumbnailUrl\":\"https:\/\/www.notibras.com\/site\/wp-content\/uploads\/2015\/03\/guerrero-tenta-criar-jogada-pelo-corinthians-contra-o-danubio-1426638634075_615x300.jpg\",\"articleSection\":[\"Esportes\",\"Futebol\"],\"inLanguage\":\"pt-BR\",\"potentialAction\":[{\"@type\":\"CommentAction\",\"name\":\"Comment\",\"target\":[\"https:\/\/www.notibras.com\/site\/corinthians-vai-ao-uruguai-e-volta-com-mais-tres-pontos\/#respond\"]}]},{\"@type\":\"WebPage\",\"@id\":\"https:\/\/www.notibras.com\/site\/corinthians-vai-ao-uruguai-e-volta-com-mais-tres-pontos\/\",\"url\":\"https:\/\/www.notibras.com\/site\/corinthians-vai-ao-uruguai-e-volta-com-mais-tres-pontos\/\",\"name\":\"Corinthians vai ao Uruguai e volta com mais tr\u00eas pontos - Notibras\",\"isPartOf\":{\"@id\":\"https:\/\/www.notibras.com\/site\/#website\"},\"primaryImageOfPage\":{\"@id\":\"https:\/\/www.notibras.com\/site\/corinthians-vai-ao-uruguai-e-volta-com-mais-tres-pontos\/#primaryimage\"},\"image\":{\"@id\":\"https:\/\/www.notibras.com\/site\/corinthians-vai-ao-uruguai-e-volta-com-mais-tres-pontos\/#primaryimage\"},\"thumbnailUrl\":\"https:\/\/www.notibras.com\/site\/wp-content\/uploads\/2015\/03\/guerrero-tenta-criar-jogada-pelo-corinthians-contra-o-danubio-1426638634075_615x300.jpg\",\"datePublished\":\"2015-03-18T00:58:32+00:00\",\"breadcrumb\":{\"@id\":\"https:\/\/www.notibras.com\/site\/corinthians-vai-ao-uruguai-e-volta-com-mais-tres-pontos\/#breadcrumb\"},\"inLanguage\":\"pt-BR\",\"potentialAction\":[{\"@type\":\"ReadAction\",\"target\":[\"https:\/\/www.notibras.com\/site\/corinthians-vai-ao-uruguai-e-volta-com-mais-tres-pontos\/\"]}]},{\"@type\":\"ImageObject\",\"inLanguage\":\"pt-BR\",\"@id\":\"https:\/\/www.notibras.com\/site\/corinthians-vai-ao-uruguai-e-volta-com-mais-tres-pontos\/#primaryimage\",\"url\":\"https:\/\/www.notibras.com\/site\/wp-content\/uploads\/2015\/03\/guerrero-tenta-criar-jogada-pelo-corinthians-contra-o-danubio-1426638634075_615x300.jpg\",\"contentUrl\":\"https:\/\/www.notibras.com\/site\/wp-content\/uploads\/2015\/03\/guerrero-tenta-criar-jogada-pelo-corinthians-contra-o-danubio-1426638634075_615x300.jpg\",\"width\":615,\"height\":300},{\"@type\":\"BreadcrumbList\",\"@id\":\"https:\/\/www.notibras.com\/site\/corinthians-vai-ao-uruguai-e-volta-com-mais-tres-pontos\/#breadcrumb\",\"itemListElement\":[{\"@type\":\"ListItem\",\"position\":1,\"name\":\"In\u00edcio\",\"item\":\"https:\/\/www.notibras.com\/site\/\"},{\"@type\":\"ListItem\",\"position\":2,\"name\":\"Corinthians vai ao Uruguai e volta com mais tr\u00eas pontos\"}]},{\"@type\":\"WebSite\",\"@id\":\"https:\/\/www.notibras.com\/site\/#website\",\"url\":\"https:\/\/www.notibras.com\/site\/\",\"name\":\"Notibras\",\"description\":\"Not\u00edcias de Bras\u00edlia, do Brasil e do Mundo\",\"publisher\":{\"@id\":\"https:\/\/www.notibras.com\/site\/#organization\"},\"potentialAction\":[{\"@type\":\"SearchAction\",\"target\":{\"@type\":\"EntryPoint\",\"urlTemplate\":\"https:\/\/www.notibras.com\/site\/?s={search_term_string}\"},\"query-input\":{\"@type\":\"PropertyValueSpecification\",\"valueRequired\":true,\"valueName\":\"search_term_string\"}}],\"inLanguage\":\"pt-BR\"},{\"@type\":\"Organization\",\"@id\":\"https:\/\/www.notibras.com\/site\/#organization\",\"name\":\"Grupo Notibras de Comunica\u00e7\u00e3o\",\"url\":\"https:\/\/www.notibras.com\/site\/\",\"logo\":{\"@type\":\"ImageObject\",\"inLanguage\":\"pt-BR\",\"@id\":\"https:\/\/www.notibras.com\/site\/#\/schema\/logo\/image\/\",\"url\":\"https:\/\/www.notibras.com\/site\/wp-content\/uploads\/2023\/01\/notibras23.png\",\"contentUrl\":\"https:\/\/www.notibras.com\/site\/wp-content\/uploads\/2023\/01\/notibras23.png\",\"width\":350,\"height\":87,\"caption\":\"Grupo Notibras de Comunica\u00e7\u00e3o\"},\"image\":{\"@id\":\"https:\/\/www.notibras.com\/site\/#\/schema\/logo\/image\/\"},\"sameAs\":[\"https:\/\/www.facebook.com\/notibras\/\",\"https:\/\/x.com\/Notibras\",\"https:\/\/www.instagram.com\/notibras\/\"]},{\"@type\":\"Person\",\"@id\":\"https:\/\/www.notibras.com\/site\/#\/schema\/person\/36ab0979449956132d3e5b517ea76ac8\",\"name\":\"Reda\u00e7\u00e3o\",\"image\":{\"@type\":\"ImageObject\",\"inLanguage\":\"pt-BR\",\"@id\":\"https:\/\/secure.gravatar.com\/avatar\/e0a867bdedb85fd243eadf09663511f96fc81e0720a4a42581f334ad4303aa6b?s=96&d=mm&r=g\",\"url\":\"https:\/\/secure.gravatar.com\/avatar\/e0a867bdedb85fd243eadf09663511f96fc81e0720a4a42581f334ad4303aa6b?s=96&d=mm&r=g\",\"contentUrl\":\"https:\/\/secure.gravatar.com\/avatar\/e0a867bdedb85fd243eadf09663511f96fc81e0720a4a42581f334ad4303aa6b?s=96&d=mm&r=g\",\"caption\":\"Reda\u00e7\u00e3o\"}}]}<\/script>\n<!-- \/ Yoast SEO plugin. -->","yoast_head_json":{"title":"Corinthians vai ao Uruguai e volta com mais tr\u00eas pontos - Notibras","robots":{"index":"index","follow":"follow","max-snippet":"max-snippet:-1","max-image-preview":"max-image-preview:large","max-video-preview":"max-video-preview:-1"},"canonical":"https:\/\/www.notibras.com\/site\/corinthians-vai-ao-uruguai-e-volta-com-mais-tres-pontos\/","og_locale":"pt_BR","og_type":"article","og_title":"Corinthians vai ao Uruguai e volta com mais tr\u00eas pontos - Notibras","og_description":"Com um gol do peruano Guerrero aos 25min, o Corinthians abriu caminho para vencer o Danubio-URU por 2 a 1 na noite desta ter\u00e7a-feira 17 e seguir sua campanha impec\u00e1vel no Grupo 2 da Copa Libertadores, considerado o mais duro da competi\u00e7\u00e3o. Felipe, logo na sequ\u00eancia, confirmou o triunfo com gol de cabe\u00e7a. Ao fim [&hellip;]","og_url":"https:\/\/www.notibras.com\/site\/corinthians-vai-ao-uruguai-e-volta-com-mais-tres-pontos\/","og_site_name":"Notibras","article_publisher":"https:\/\/www.facebook.com\/notibras\/","article_published_time":"2015-03-18T00:58:32+00:00","og_image":[{"width":615,"height":300,"url":"https:\/\/www.notibras.com\/site\/wp-content\/uploads\/2015\/03\/guerrero-tenta-criar-jogada-pelo-corinthians-contra-o-danubio-1426638634075_615x300.jpg","type":"image\/jpeg"}],"author":"Reda\u00e7\u00e3o","twitter_card":"summary_large_image","twitter_creator":"@Notibras","twitter_site":"@Notibras","twitter_misc":{"Escrito por":"Reda\u00e7\u00e3o","Est. tempo de leitura":"2 minutos"},"schema":{"@context":"https:\/\/schema.org","@graph":[{"@type":"Article","@id":"https:\/\/www.notibras.com\/site\/corinthians-vai-ao-uruguai-e-volta-com-mais-tres-pontos\/#article","isPartOf":{"@id":"https:\/\/www.notibras.com\/site\/corinthians-vai-ao-uruguai-e-volta-com-mais-tres-pontos\/"},"author":{"name":"Reda\u00e7\u00e3o","@id":"https:\/\/www.notibras.com\/site\/#\/schema\/person\/36ab0979449956132d3e5b517ea76ac8"},"headline":"Corinthians vai ao Uruguai e volta com mais tr\u00eas pontos","datePublished":"2015-03-18T00:58:32+00:00","mainEntityOfPage":{"@id":"https:\/\/www.notibras.com\/site\/corinthians-vai-ao-uruguai-e-volta-com-mais-tres-pontos\/"},"wordCount":405,"commentCount":0,"publisher":{"@id":"https:\/\/www.notibras.com\/site\/#organization"},"image":{"@id":"https:\/\/www.notibras.com\/site\/corinthians-vai-ao-uruguai-e-volta-com-mais-tres-pontos\/#primaryimage"},"thumbnailUrl":"https:\/\/www.notibras.com\/site\/wp-content\/uploads\/2015\/03\/guerrero-tenta-criar-jogada-pelo-corinthians-contra-o-danubio-1426638634075_615x300.jpg","articleSection":["Esportes","Futebol"],"inLanguage":"pt-BR","potentialAction":[{"@type":"CommentAction","name":"Comment","target":["https:\/\/www.notibras.com\/site\/corinthians-vai-ao-uruguai-e-volta-com-mais-tres-pontos\/#respond"]}]},{"@type":"WebPage","@id":"https:\/\/www.notibras.com\/site\/corinthians-vai-ao-uruguai-e-volta-com-mais-tres-pontos\/","url":"https:\/\/www.notibras.com\/site\/corinthians-vai-ao-uruguai-e-volta-com-mais-tres-pontos\/","name":"Corinthians vai ao Uruguai e volta com mais tr\u00eas pontos - Notibras","isPartOf":{"@id":"https:\/\/www.notibras.com\/site\/#website"},"primaryImageOfPage":{"@id":"https:\/\/www.notibras.com\/site\/corinthians-vai-ao-uruguai-e-volta-com-mais-tres-pontos\/#primaryimage"},"image":{"@id":"https:\/\/www.notibras.com\/site\/corinthians-vai-ao-uruguai-e-volta-com-mais-tres-pontos\/#primaryimage"},"thumbnailUrl":"https:\/\/www.notibras.com\/site\/wp-content\/uploads\/2015\/03\/guerrero-tenta-criar-jogada-pelo-corinthians-contra-o-danubio-1426638634075_615x300.jpg","datePublished":"2015-03-18T00:58:32+00:00","breadcrumb":{"@id":"https:\/\/www.notibras.com\/site\/corinthians-vai-ao-uruguai-e-volta-com-mais-tres-pontos\/#breadcrumb"},"inLanguage":"pt-BR","potentialAction":[{"@type":"ReadAction","target":["https:\/\/www.notibras.com\/site\/corinthians-vai-ao-uruguai-e-volta-com-mais-tres-pontos\/"]}]},{"@type":"ImageObject","inLanguage":"pt-BR","@id":"https:\/\/www.notibras.com\/site\/corinthians-vai-ao-uruguai-e-volta-com-mais-tres-pontos\/#primaryimage","url":"https:\/\/www.notibras.com\/site\/wp-content\/uploads\/2015\/03\/guerrero-tenta-criar-jogada-pelo-corinthians-contra-o-danubio-1426638634075_615x300.jpg","contentUrl":"https:\/\/www.notibras.com\/site\/wp-content\/uploads\/2015\/03\/guerrero-tenta-criar-jogada-pelo-corinthians-contra-o-danubio-1426638634075_615x300.jpg","width":615,"height":300},{"@type":"BreadcrumbList","@id":"https:\/\/www.notibras.com\/site\/corinthians-vai-ao-uruguai-e-volta-com-mais-tres-pontos\/#breadcrumb","itemListElement":[{"@type":"ListItem","position":1,"name":"In\u00edcio","item":"https:\/\/www.notibras.com\/site\/"},{"@type":"ListItem","position":2,"name":"Corinthians vai ao Uruguai e volta com mais tr\u00eas pontos"}]},{"@type":"WebSite","@id":"https:\/\/www.notibras.com\/site\/#website","url":"https:\/\/www.notibras.com\/site\/","name":"Notibras","description":"Not\u00edcias de Bras\u00edlia, do Brasil e do Mundo","publisher":{"@id":"https:\/\/www.notibras.com\/site\/#organization"},"potentialAction":[{"@type":"SearchAction","target":{"@type":"EntryPoint","urlTemplate":"https:\/\/www.notibras.com\/site\/?s={search_term_string}"},"query-input":{"@type":"PropertyValueSpecification","valueRequired":true,"valueName":"search_term_string"}}],"inLanguage":"pt-BR"},{"@type":"Organization","@id":"https:\/\/www.notibras.com\/site\/#organization","name":"Grupo Notibras de Comunica\u00e7\u00e3o","url":"https:\/\/www.notibras.com\/site\/","logo":{"@type":"ImageObject","inLanguage":"pt-BR","@id":"https:\/\/www.notibras.com\/site\/#\/schema\/logo\/image\/","url":"https:\/\/www.notibras.com\/site\/wp-content\/uploads\/2023\/01\/notibras23.png","contentUrl":"https:\/\/www.notibras.com\/site\/wp-content\/uploads\/2023\/01\/notibras23.png","width":350,"height":87,"caption":"Grupo Notibras de Comunica\u00e7\u00e3o"},"image":{"@id":"https:\/\/www.notibras.com\/site\/#\/schema\/logo\/image\/"},"sameAs":["https:\/\/www.facebook.com\/notibras\/","https:\/\/x.com\/Notibras","https:\/\/www.instagram.com\/notibras\/"]},{"@type":"Person","@id":"https:\/\/www.notibras.com\/site\/#\/schema\/person\/36ab0979449956132d3e5b517ea76ac8","name":"Reda\u00e7\u00e3o","image":{"@type":"ImageObject","inLanguage":"pt-BR","@id":"https:\/\/secure.gravatar.com\/avatar\/e0a867bdedb85fd243eadf09663511f96fc81e0720a4a42581f334ad4303aa6b?s=96&d=mm&r=g","url":"https:\/\/secure.gravatar.com\/avatar\/e0a867bdedb85fd243eadf09663511f96fc81e0720a4a42581f334ad4303aa6b?s=96&d=mm&r=g","contentUrl":"https:\/\/secure.gravatar.com\/avatar\/e0a867bdedb85fd243eadf09663511f96fc81e0720a4a42581f334ad4303aa6b?s=96&d=mm&r=g","caption":"Reda\u00e7\u00e3o"}}]}},"amp_enabled":true,"_links":{"self":[{"href":"https:\/\/www.notibras.com\/site\/wp-json\/wp\/v2\/posts\/40252","targetHints":{"allow":["GET"]}}],"collection":[{"href":"https:\/\/www.notibras.com\/site\/wp-json\/wp\/v2\/posts"}],"about":[{"href":"https:\/\/www.notibras.com\/site\/wp-json\/wp\/v2\/types\/post"}],"author":[{"embeddable":true,"href":"https:\/\/www.notibras.com\/site\/wp-json\/wp\/v2\/users\/2"}],"replies":[{"embeddable":true,"href":"https:\/\/www.notibras.com\/site\/wp-json\/wp\/v2\/comments?post=40252"}],"version-history":[{"count":0,"href":"https:\/\/www.notibras.com\/site\/wp-json\/wp\/v2\/posts\/40252\/revisions"}],"wp:featuredmedia":[{"embeddable":true,"href":"https:\/\/www.notibras.com\/site\/wp-json\/wp\/v2\/media\/40253"}],"wp:attachment":[{"href":"https:\/\/www.notibras.com\/site\/wp-json\/wp\/v2\/media?parent=40252"}],"wp:term":[{"taxonomy":"category","embeddable":true,"href":"https:\/\/www.notibras.com\/site\/wp-json\/wp\/v2\/categories?post=40252"},{"taxonomy":"post_tag","embeddable":true,"href":"https:\/\/www.notibras.com\/site\/wp-json\/wp\/v2\/tags?post=40252"}],"curies":[{"name":"wp","href":"https:\/\/api.w.org\/{rel}","templated":true}]}}