{"id":40372,"date":"2015-03-18T23:39:08","date_gmt":"2015-03-19T02:39:08","guid":{"rendered":"http:\/\/www.notibras.com\/site\/?p=40372"},"modified":"2015-03-19T01:44:14","modified_gmt":"2015-03-19T04:44:14","slug":"internacional-encara-emelec-por-empate-e-volta-com-um-ponto","status":"publish","type":"post","link":"https:\/\/www.notibras.com\/site\/internacional-encara-emelec-por-empate-e-volta-com-um-ponto\/","title":{"rendered":"Internacional encara Emelec por empate e volta com um ponto"},"content":{"rendered":"<p>O Internacional viajou ao Equador considerando o empate um \u00f3timo resultado e conseguiu o que queria. Nesta quarta-feira (18), na cidade de Manta, o Colorado saiu atr\u00e1s do placar, mas ficou com um jogador a mais e buscou o empate em 1 a 1. Gols de Mena e Vitinho. A partida deixa o time dirigido por Diego Aguirre dependendo apenas de si para avan\u00e7ar \u00e0s oitavas de final da Libertadores. Mas ainda com inseguran\u00e7a defensiva.<\/p>\n<p>Nem a vantagem num\u00e9rica durante mais de 35 minutos do jogo \u2013 Lastra foi expulso ap\u00f3s trocar empurr\u00f5es com R\u00e9ver, fez o Inter ser superior no est\u00e1dio Jocay, a 180 quil\u00f4metros de Guaiaquil. Mas ainda assim, o resultado fora de casa contempla o que Aguirre projetou. Agora, uma vit\u00f3ria em casa, na \u00faltima rodada, em cima do Strongest servir\u00e1 para o time seguir em frente no torneio.<\/p>\n<blockquote><p>O esquema 3-6-1 foi s\u00f3lido at\u00e9 os 30 minutos do primeiro tempo. Nico Freitas foi um dos melhores do Colorado, mas na reta final do confronto o Emelec conseguiu criar quatro chances claras de gol. A falta de pontaria de Bola\u00f1os, Narv\u00e1ez e Mena salvou o Inter. Na pr\u00f3xima rodada, o Colorado visita a Universidad de Chile, em 16 de abril. Dois dias antes, o Emelec encara o The Strongest, em La Paz.<\/p><\/blockquote>\n<p>O Inter resistiu ao Emelec at\u00e9 os 30 minutos do primeiro. Foi somente com meia hora de partida que o time equatoriano conseguiu finalizar \u2013 e mesmo assim para fora. Com uma linha de cinco defensores, o Colorado de Diego Aguirre reduziu os espa\u00e7os e induziu os donos da casa ao erro. O problema \u00e9 que o grande cuidado defensivo deixou o ataque vermelho raqu\u00edtico. Eduardo Sasha, isolado, n\u00e3o contou com apoio de Alex e em raras vezes viu Ar\u00e1nguiz por perto.<\/p>\n<p>Sasha, em tiro de meta com cara de jogada ensaiada, e Nilton arriscaram chutes de fora da \u00e1rea. De resto, faltou quase tudo no aspecto ofensivo ao Inter. Reten\u00e7\u00e3o de bola, infiltra\u00e7\u00e3o e poder de fogo. Ainda assim, o Colorado n\u00e3o era acossado. A partida segura terminou aos 32 minutos com o gol de Mena. O camisa 13 iniciou a jogada pela direita, que teve cabeceio de Bola\u00f1os e erro de marca\u00e7\u00e3o de L\u00e9o e Ernando, e aproveitou o rebote de Alisson para s\u00f3 empurrar gol adentro.<\/p>\n<p>A desvantagem balan\u00e7ou o Internacional, que escapou de coisa pior ainda na primeira etapa. O mesmo Mena foi acionado por Bola\u00f1os, que ficou com a bola depois que L\u00e9o errou na sa\u00edda de bola. Cara a cara com o goleiro do time ga\u00facho, o atacante chutou para fora. Al\u00edvio vermelho. &#8220;Faltou melhor sa\u00edda de jogo, ficamos meio inseguros. O campo n\u00e3o ajuda, mas temos que jogar mais&#8221;, comentou Alex. &#8220;A bola veio muito alta, achei que ia sair, mas quando virei n\u00e3o deu tempo de sair&#8221;, disse L\u00e9o, que deu condi\u00e7\u00e3o para Mena marcar o 1 a 0.<\/p>\n<p>No intervalo Aguirre tirou Ar\u00e1nguiz e apostou em Vitinho. Com nove minutos ele foi recompensado. Lastra e R\u00e9ver se estranharam dentro da \u00e1rea, o zagueiro do Inter recebeu amarelo e o camisa 30 do Emelec o vermelho. No lance seguinte, Vitinho aproveitou sobra do escanteio e fez 1 a 1. O empate, e a superioridade num\u00e9rica, deixaram o Inter mais \u00e0 vontade. Aos 30, um lance para l\u00e1 de pol\u00eamico. Sasha foi atingido pelo goleiro Dreer, que acertou o atacante com a chuteira no rosto. Sangrando, o camisa 9 do Colorado pediu p\u00eanalti. O \u00e1rbitro marcou impedimento e sequer deu amarelo pela agress\u00e3o.<\/p>\n<p>Nos \u00faltimos minutos, a liberdade deu lugar ao receio e o time ga\u00facho terminou a partida pressionado. Narv\u00e1ez, aos 35, e Bola\u00f1os mais duas vezes, tiveram a chance de dentro da \u00e1rea para marcar o gol da vit\u00f3ria da equipe equatoriana. Mas erraram.<\/p>\n","protected":false},"excerpt":{"rendered":"<p>O Internacional viajou ao Equador considerando o empate um \u00f3timo resultado e conseguiu o que queria. Nesta quarta-feira (18), na cidade de Manta, o Colorado saiu atr\u00e1s do placar, mas ficou com um jogador a mais e buscou o empate em 1 a 1. Gols de Mena e Vitinho. A partida deixa o time dirigido [&hellip;]<\/p>\n","protected":false},"author":2,"featured_media":40373,"comment_status":"open","ping_status":"closed","sticky":false,"template":"","format":"standard","meta":{"_acf_changed":false,"footnotes":""},"categories":[19,29],"tags":[],"class_list":["post-40372","post","type-post","status-publish","format-standard","has-post-thumbnail","hentry","category-esportes","category-futebol"],"acf":[],"yoast_head":"<!-- This site is optimized with the Yoast SEO plugin v27.2 - https:\/\/yoast.com\/product\/yoast-seo-wordpress\/ -->\n<title>Internacional encara Emelec por empate e volta com um ponto - Notibras<\/title>\n<meta name=\"robots\" content=\"index, follow, max-snippet:-1, max-image-preview:large, max-video-preview:-1\" \/>\n<link rel=\"canonical\" href=\"https:\/\/www.notibras.com\/site\/internacional-encara-emelec-por-empate-e-volta-com-um-ponto\/\" \/>\n<meta property=\"og:locale\" content=\"pt_BR\" \/>\n<meta property=\"og:type\" content=\"article\" \/>\n<meta property=\"og:title\" content=\"Internacional encara Emelec por empate e volta com um ponto - Notibras\" \/>\n<meta property=\"og:description\" content=\"O Internacional viajou ao Equador considerando o empate um \u00f3timo resultado e conseguiu o que queria. Nesta quarta-feira (18), na cidade de Manta, o Colorado saiu atr\u00e1s do placar, mas ficou com um jogador a mais e buscou o empate em 1 a 1. Gols de Mena e Vitinho. A partida deixa o time dirigido [&hellip;]\" \/>\n<meta property=\"og:url\" content=\"https:\/\/www.notibras.com\/site\/internacional-encara-emelec-por-empate-e-volta-com-um-ponto\/\" \/>\n<meta property=\"og:site_name\" content=\"Notibras\" \/>\n<meta property=\"article:publisher\" content=\"https:\/\/www.facebook.com\/notibras\/\" \/>\n<meta property=\"article:published_time\" content=\"2015-03-19T02:39:08+00:00\" \/>\n<meta property=\"article:modified_time\" content=\"2015-03-19T04:44:14+00:00\" \/>\n<meta property=\"og:image\" content=\"https:\/\/www.notibras.com\/site\/wp-content\/uploads\/2015\/03\/intercomemoragoldoloresochoaap.jpg\" \/>\n\t<meta property=\"og:image:width\" content=\"460\" \/>\n\t<meta property=\"og:image:height\" content=\"319\" \/>\n\t<meta property=\"og:image:type\" content=\"image\/jpeg\" \/>\n<meta name=\"author\" content=\"Reda\u00e7\u00e3o\" \/>\n<meta name=\"twitter:card\" content=\"summary_large_image\" \/>\n<meta name=\"twitter:creator\" content=\"@Notibras\" \/>\n<meta name=\"twitter:site\" content=\"@Notibras\" \/>\n<meta name=\"twitter:label1\" content=\"Escrito por\" \/>\n\t<meta name=\"twitter:data1\" content=\"Reda\u00e7\u00e3o\" \/>\n\t<meta name=\"twitter:label2\" content=\"Est. tempo de leitura\" \/>\n\t<meta name=\"twitter:data2\" content=\"3 minutos\" \/>\n<script type=\"application\/ld+json\" class=\"yoast-schema-graph\">{\"@context\":\"https:\/\/schema.org\",\"@graph\":[{\"@type\":\"Article\",\"@id\":\"https:\/\/www.notibras.com\/site\/internacional-encara-emelec-por-empate-e-volta-com-um-ponto\/#article\",\"isPartOf\":{\"@id\":\"https:\/\/www.notibras.com\/site\/internacional-encara-emelec-por-empate-e-volta-com-um-ponto\/\"},\"author\":{\"name\":\"Reda\u00e7\u00e3o\",\"@id\":\"https:\/\/www.notibras.com\/site\/#\/schema\/person\/36ab0979449956132d3e5b517ea76ac8\"},\"headline\":\"Internacional encara Emelec por empate e volta com um ponto\",\"datePublished\":\"2015-03-19T02:39:08+00:00\",\"dateModified\":\"2015-03-19T04:44:14+00:00\",\"mainEntityOfPage\":{\"@id\":\"https:\/\/www.notibras.com\/site\/internacional-encara-emelec-por-empate-e-volta-com-um-ponto\/\"},\"wordCount\":662,\"commentCount\":0,\"publisher\":{\"@id\":\"https:\/\/www.notibras.com\/site\/#organization\"},\"image\":{\"@id\":\"https:\/\/www.notibras.com\/site\/internacional-encara-emelec-por-empate-e-volta-com-um-ponto\/#primaryimage\"},\"thumbnailUrl\":\"https:\/\/www.notibras.com\/site\/wp-content\/uploads\/2015\/03\/intercomemoragoldoloresochoaap.jpg\",\"articleSection\":[\"Esportes\",\"Futebol\"],\"inLanguage\":\"pt-BR\",\"potentialAction\":[{\"@type\":\"CommentAction\",\"name\":\"Comment\",\"target\":[\"https:\/\/www.notibras.com\/site\/internacional-encara-emelec-por-empate-e-volta-com-um-ponto\/#respond\"]}]},{\"@type\":\"WebPage\",\"@id\":\"https:\/\/www.notibras.com\/site\/internacional-encara-emelec-por-empate-e-volta-com-um-ponto\/\",\"url\":\"https:\/\/www.notibras.com\/site\/internacional-encara-emelec-por-empate-e-volta-com-um-ponto\/\",\"name\":\"Internacional encara Emelec por empate e volta com um ponto - Notibras\",\"isPartOf\":{\"@id\":\"https:\/\/www.notibras.com\/site\/#website\"},\"primaryImageOfPage\":{\"@id\":\"https:\/\/www.notibras.com\/site\/internacional-encara-emelec-por-empate-e-volta-com-um-ponto\/#primaryimage\"},\"image\":{\"@id\":\"https:\/\/www.notibras.com\/site\/internacional-encara-emelec-por-empate-e-volta-com-um-ponto\/#primaryimage\"},\"thumbnailUrl\":\"https:\/\/www.notibras.com\/site\/wp-content\/uploads\/2015\/03\/intercomemoragoldoloresochoaap.jpg\",\"datePublished\":\"2015-03-19T02:39:08+00:00\",\"dateModified\":\"2015-03-19T04:44:14+00:00\",\"breadcrumb\":{\"@id\":\"https:\/\/www.notibras.com\/site\/internacional-encara-emelec-por-empate-e-volta-com-um-ponto\/#breadcrumb\"},\"inLanguage\":\"pt-BR\",\"potentialAction\":[{\"@type\":\"ReadAction\",\"target\":[\"https:\/\/www.notibras.com\/site\/internacional-encara-emelec-por-empate-e-volta-com-um-ponto\/\"]}]},{\"@type\":\"ImageObject\",\"inLanguage\":\"pt-BR\",\"@id\":\"https:\/\/www.notibras.com\/site\/internacional-encara-emelec-por-empate-e-volta-com-um-ponto\/#primaryimage\",\"url\":\"https:\/\/www.notibras.com\/site\/wp-content\/uploads\/2015\/03\/intercomemoragoldoloresochoaap.jpg\",\"contentUrl\":\"https:\/\/www.notibras.com\/site\/wp-content\/uploads\/2015\/03\/intercomemoragoldoloresochoaap.jpg\",\"width\":460,\"height\":319},{\"@type\":\"BreadcrumbList\",\"@id\":\"https:\/\/www.notibras.com\/site\/internacional-encara-emelec-por-empate-e-volta-com-um-ponto\/#breadcrumb\",\"itemListElement\":[{\"@type\":\"ListItem\",\"position\":1,\"name\":\"In\u00edcio\",\"item\":\"https:\/\/www.notibras.com\/site\/\"},{\"@type\":\"ListItem\",\"position\":2,\"name\":\"Internacional encara Emelec por empate e volta com um ponto\"}]},{\"@type\":\"WebSite\",\"@id\":\"https:\/\/www.notibras.com\/site\/#website\",\"url\":\"https:\/\/www.notibras.com\/site\/\",\"name\":\"Notibras\",\"description\":\"Not\u00edcias de Bras\u00edlia, do Brasil e do Mundo\",\"publisher\":{\"@id\":\"https:\/\/www.notibras.com\/site\/#organization\"},\"potentialAction\":[{\"@type\":\"SearchAction\",\"target\":{\"@type\":\"EntryPoint\",\"urlTemplate\":\"https:\/\/www.notibras.com\/site\/?s={search_term_string}\"},\"query-input\":{\"@type\":\"PropertyValueSpecification\",\"valueRequired\":true,\"valueName\":\"search_term_string\"}}],\"inLanguage\":\"pt-BR\"},{\"@type\":\"Organization\",\"@id\":\"https:\/\/www.notibras.com\/site\/#organization\",\"name\":\"Grupo Notibras de Comunica\u00e7\u00e3o\",\"url\":\"https:\/\/www.notibras.com\/site\/\",\"logo\":{\"@type\":\"ImageObject\",\"inLanguage\":\"pt-BR\",\"@id\":\"https:\/\/www.notibras.com\/site\/#\/schema\/logo\/image\/\",\"url\":\"https:\/\/www.notibras.com\/site\/wp-content\/uploads\/2023\/01\/notibras23.png\",\"contentUrl\":\"https:\/\/www.notibras.com\/site\/wp-content\/uploads\/2023\/01\/notibras23.png\",\"width\":350,\"height\":87,\"caption\":\"Grupo Notibras de Comunica\u00e7\u00e3o\"},\"image\":{\"@id\":\"https:\/\/www.notibras.com\/site\/#\/schema\/logo\/image\/\"},\"sameAs\":[\"https:\/\/www.facebook.com\/notibras\/\",\"https:\/\/x.com\/Notibras\",\"https:\/\/www.instagram.com\/notibras\/\"]},{\"@type\":\"Person\",\"@id\":\"https:\/\/www.notibras.com\/site\/#\/schema\/person\/36ab0979449956132d3e5b517ea76ac8\",\"name\":\"Reda\u00e7\u00e3o\",\"image\":{\"@type\":\"ImageObject\",\"inLanguage\":\"pt-BR\",\"@id\":\"https:\/\/secure.gravatar.com\/avatar\/e0a867bdedb85fd243eadf09663511f96fc81e0720a4a42581f334ad4303aa6b?s=96&d=mm&r=g\",\"url\":\"https:\/\/secure.gravatar.com\/avatar\/e0a867bdedb85fd243eadf09663511f96fc81e0720a4a42581f334ad4303aa6b?s=96&d=mm&r=g\",\"contentUrl\":\"https:\/\/secure.gravatar.com\/avatar\/e0a867bdedb85fd243eadf09663511f96fc81e0720a4a42581f334ad4303aa6b?s=96&d=mm&r=g\",\"caption\":\"Reda\u00e7\u00e3o\"}}]}<\/script>\n<!-- \/ Yoast SEO plugin. -->","yoast_head_json":{"title":"Internacional encara Emelec por empate e volta com um ponto - Notibras","robots":{"index":"index","follow":"follow","max-snippet":"max-snippet:-1","max-image-preview":"max-image-preview:large","max-video-preview":"max-video-preview:-1"},"canonical":"https:\/\/www.notibras.com\/site\/internacional-encara-emelec-por-empate-e-volta-com-um-ponto\/","og_locale":"pt_BR","og_type":"article","og_title":"Internacional encara Emelec por empate e volta com um ponto - Notibras","og_description":"O Internacional viajou ao Equador considerando o empate um \u00f3timo resultado e conseguiu o que queria. Nesta quarta-feira (18), na cidade de Manta, o Colorado saiu atr\u00e1s do placar, mas ficou com um jogador a mais e buscou o empate em 1 a 1. Gols de Mena e Vitinho. A partida deixa o time dirigido [&hellip;]","og_url":"https:\/\/www.notibras.com\/site\/internacional-encara-emelec-por-empate-e-volta-com-um-ponto\/","og_site_name":"Notibras","article_publisher":"https:\/\/www.facebook.com\/notibras\/","article_published_time":"2015-03-19T02:39:08+00:00","article_modified_time":"2015-03-19T04:44:14+00:00","og_image":[{"width":460,"height":319,"url":"https:\/\/www.notibras.com\/site\/wp-content\/uploads\/2015\/03\/intercomemoragoldoloresochoaap.jpg","type":"image\/jpeg"}],"author":"Reda\u00e7\u00e3o","twitter_card":"summary_large_image","twitter_creator":"@Notibras","twitter_site":"@Notibras","twitter_misc":{"Escrito por":"Reda\u00e7\u00e3o","Est. tempo de leitura":"3 minutos"},"schema":{"@context":"https:\/\/schema.org","@graph":[{"@type":"Article","@id":"https:\/\/www.notibras.com\/site\/internacional-encara-emelec-por-empate-e-volta-com-um-ponto\/#article","isPartOf":{"@id":"https:\/\/www.notibras.com\/site\/internacional-encara-emelec-por-empate-e-volta-com-um-ponto\/"},"author":{"name":"Reda\u00e7\u00e3o","@id":"https:\/\/www.notibras.com\/site\/#\/schema\/person\/36ab0979449956132d3e5b517ea76ac8"},"headline":"Internacional encara Emelec por empate e volta com um ponto","datePublished":"2015-03-19T02:39:08+00:00","dateModified":"2015-03-19T04:44:14+00:00","mainEntityOfPage":{"@id":"https:\/\/www.notibras.com\/site\/internacional-encara-emelec-por-empate-e-volta-com-um-ponto\/"},"wordCount":662,"commentCount":0,"publisher":{"@id":"https:\/\/www.notibras.com\/site\/#organization"},"image":{"@id":"https:\/\/www.notibras.com\/site\/internacional-encara-emelec-por-empate-e-volta-com-um-ponto\/#primaryimage"},"thumbnailUrl":"https:\/\/www.notibras.com\/site\/wp-content\/uploads\/2015\/03\/intercomemoragoldoloresochoaap.jpg","articleSection":["Esportes","Futebol"],"inLanguage":"pt-BR","potentialAction":[{"@type":"CommentAction","name":"Comment","target":["https:\/\/www.notibras.com\/site\/internacional-encara-emelec-por-empate-e-volta-com-um-ponto\/#respond"]}]},{"@type":"WebPage","@id":"https:\/\/www.notibras.com\/site\/internacional-encara-emelec-por-empate-e-volta-com-um-ponto\/","url":"https:\/\/www.notibras.com\/site\/internacional-encara-emelec-por-empate-e-volta-com-um-ponto\/","name":"Internacional encara Emelec por empate e volta com um ponto - Notibras","isPartOf":{"@id":"https:\/\/www.notibras.com\/site\/#website"},"primaryImageOfPage":{"@id":"https:\/\/www.notibras.com\/site\/internacional-encara-emelec-por-empate-e-volta-com-um-ponto\/#primaryimage"},"image":{"@id":"https:\/\/www.notibras.com\/site\/internacional-encara-emelec-por-empate-e-volta-com-um-ponto\/#primaryimage"},"thumbnailUrl":"https:\/\/www.notibras.com\/site\/wp-content\/uploads\/2015\/03\/intercomemoragoldoloresochoaap.jpg","datePublished":"2015-03-19T02:39:08+00:00","dateModified":"2015-03-19T04:44:14+00:00","breadcrumb":{"@id":"https:\/\/www.notibras.com\/site\/internacional-encara-emelec-por-empate-e-volta-com-um-ponto\/#breadcrumb"},"inLanguage":"pt-BR","potentialAction":[{"@type":"ReadAction","target":["https:\/\/www.notibras.com\/site\/internacional-encara-emelec-por-empate-e-volta-com-um-ponto\/"]}]},{"@type":"ImageObject","inLanguage":"pt-BR","@id":"https:\/\/www.notibras.com\/site\/internacional-encara-emelec-por-empate-e-volta-com-um-ponto\/#primaryimage","url":"https:\/\/www.notibras.com\/site\/wp-content\/uploads\/2015\/03\/intercomemoragoldoloresochoaap.jpg","contentUrl":"https:\/\/www.notibras.com\/site\/wp-content\/uploads\/2015\/03\/intercomemoragoldoloresochoaap.jpg","width":460,"height":319},{"@type":"BreadcrumbList","@id":"https:\/\/www.notibras.com\/site\/internacional-encara-emelec-por-empate-e-volta-com-um-ponto\/#breadcrumb","itemListElement":[{"@type":"ListItem","position":1,"name":"In\u00edcio","item":"https:\/\/www.notibras.com\/site\/"},{"@type":"ListItem","position":2,"name":"Internacional encara Emelec por empate e volta com um ponto"}]},{"@type":"WebSite","@id":"https:\/\/www.notibras.com\/site\/#website","url":"https:\/\/www.notibras.com\/site\/","name":"Notibras","description":"Not\u00edcias de Bras\u00edlia, do Brasil e do Mundo","publisher":{"@id":"https:\/\/www.notibras.com\/site\/#organization"},"potentialAction":[{"@type":"SearchAction","target":{"@type":"EntryPoint","urlTemplate":"https:\/\/www.notibras.com\/site\/?s={search_term_string}"},"query-input":{"@type":"PropertyValueSpecification","valueRequired":true,"valueName":"search_term_string"}}],"inLanguage":"pt-BR"},{"@type":"Organization","@id":"https:\/\/www.notibras.com\/site\/#organization","name":"Grupo Notibras de Comunica\u00e7\u00e3o","url":"https:\/\/www.notibras.com\/site\/","logo":{"@type":"ImageObject","inLanguage":"pt-BR","@id":"https:\/\/www.notibras.com\/site\/#\/schema\/logo\/image\/","url":"https:\/\/www.notibras.com\/site\/wp-content\/uploads\/2023\/01\/notibras23.png","contentUrl":"https:\/\/www.notibras.com\/site\/wp-content\/uploads\/2023\/01\/notibras23.png","width":350,"height":87,"caption":"Grupo Notibras de Comunica\u00e7\u00e3o"},"image":{"@id":"https:\/\/www.notibras.com\/site\/#\/schema\/logo\/image\/"},"sameAs":["https:\/\/www.facebook.com\/notibras\/","https:\/\/x.com\/Notibras","https:\/\/www.instagram.com\/notibras\/"]},{"@type":"Person","@id":"https:\/\/www.notibras.com\/site\/#\/schema\/person\/36ab0979449956132d3e5b517ea76ac8","name":"Reda\u00e7\u00e3o","image":{"@type":"ImageObject","inLanguage":"pt-BR","@id":"https:\/\/secure.gravatar.com\/avatar\/e0a867bdedb85fd243eadf09663511f96fc81e0720a4a42581f334ad4303aa6b?s=96&d=mm&r=g","url":"https:\/\/secure.gravatar.com\/avatar\/e0a867bdedb85fd243eadf09663511f96fc81e0720a4a42581f334ad4303aa6b?s=96&d=mm&r=g","contentUrl":"https:\/\/secure.gravatar.com\/avatar\/e0a867bdedb85fd243eadf09663511f96fc81e0720a4a42581f334ad4303aa6b?s=96&d=mm&r=g","caption":"Reda\u00e7\u00e3o"}}]}},"amp_enabled":true,"_links":{"self":[{"href":"https:\/\/www.notibras.com\/site\/wp-json\/wp\/v2\/posts\/40372","targetHints":{"allow":["GET"]}}],"collection":[{"href":"https:\/\/www.notibras.com\/site\/wp-json\/wp\/v2\/posts"}],"about":[{"href":"https:\/\/www.notibras.com\/site\/wp-json\/wp\/v2\/types\/post"}],"author":[{"embeddable":true,"href":"https:\/\/www.notibras.com\/site\/wp-json\/wp\/v2\/users\/2"}],"replies":[{"embeddable":true,"href":"https:\/\/www.notibras.com\/site\/wp-json\/wp\/v2\/comments?post=40372"}],"version-history":[{"count":0,"href":"https:\/\/www.notibras.com\/site\/wp-json\/wp\/v2\/posts\/40372\/revisions"}],"wp:featuredmedia":[{"embeddable":true,"href":"https:\/\/www.notibras.com\/site\/wp-json\/wp\/v2\/media\/40373"}],"wp:attachment":[{"href":"https:\/\/www.notibras.com\/site\/wp-json\/wp\/v2\/media?parent=40372"}],"wp:term":[{"taxonomy":"category","embeddable":true,"href":"https:\/\/www.notibras.com\/site\/wp-json\/wp\/v2\/categories?post=40372"},{"taxonomy":"post_tag","embeddable":true,"href":"https:\/\/www.notibras.com\/site\/wp-json\/wp\/v2\/tags?post=40372"}],"curies":[{"name":"wp","href":"https:\/\/api.w.org\/{rel}","templated":true}]}}