{"id":40390,"date":"2015-03-19T02:11:57","date_gmt":"2015-03-19T05:11:57","guid":{"rendered":"http:\/\/www.notibras.com\/site\/?p=40390"},"modified":"2015-03-19T21:15:08","modified_gmt":"2015-03-20T00:15:08","slug":"governo-faz-analise-e-admite-que-esta-perdendo-de-goleada-da-oposicao","status":"publish","type":"post","link":"https:\/\/www.notibras.com\/site\/governo-faz-analise-e-admite-que-esta-perdendo-de-goleada-da-oposicao\/","title":{"rendered":"Governo faz an\u00e1lise e admite que est\u00e1 perdendo de goleada para a Oposi\u00e7\u00e3o"},"content":{"rendered":"<p class=\"text\">Um documento elaborado pela Secretaria de Comunica\u00e7\u00e3o da Presid\u00eancia da Rep\u00fablica admite que o governo da presidente Dilma Rousseff tem adotado uma comunica\u00e7\u00e3o \u201cerr\u00e1tica\u201d desde a reelei\u00e7\u00e3o no ano passado, de acordo com informa\u00e7\u00f5es do jornal O Estado de S. Paulo. Sem assinatura, o documento tamb\u00e9m afirma que a oposi\u00e7\u00e3o tem dado \u201cgoleada\u201d nas redes sociais. A sa\u00edda, segundo o material, \u00e9 investir em publicidade em S\u00e3o Paulo, cidade onde se encontra maior rejei\u00e7\u00e3o ao governo petista.<\/p>\n<p class=\"text\">De acordo com o jornal, o documento circulou entre ministros, dirigentes do PT e assessores do ex-presidente Luiz In\u00e1cio Lula da Silva na ter\u00e7a-feira. Em tom de alerta, o texto cita pesquisa do Ibope que aponta que 32% dos entrevistados mudaram de opini\u00e3o negativamente sobre o governo desde as elei\u00e7\u00f5es.<\/p>\n<p class=\"text\">O documento \u00e9 dividido em tr\u00eas partes. Na primeira \u2013 intitulada \u201cOnde estamos\u201d -, o governo afirma ter errado na comunica\u00e7\u00e3o, principalmente nas redes sociais. O texto afirma que s\u00e3o os militantes de Lula e Dilma que hoje est\u00e3o com o celular na m\u00e3o, enquanto opositores fazem panela\u00e7o e saem \u00e0s ruas.<\/p>\n<blockquote>\n<p class=\"text\">O governo cita mais erros cometidos desde a elei\u00e7\u00e3o no segundo cap\u00edtulo \u2013 \u201cComo chegamos at\u00e9 aqui\u201d. Al\u00e9m do rompimento com a milit\u00e2ncia digital, o documento aponta que a escolha de Joaquim Levy para o Minist\u00e9rio da Fazenda provocou um \u201cdescolamento entre o governo e sua milit\u00e2ncia\u201d. Outros erros citados s\u00e3o o discurso de que a infla\u00e7\u00e3o est\u00e1 controlada e o corte no Fundo de Financiamento Estudantil (Fies). O material tamb\u00e9m cita um isolamento de Dilma de sua base aliada.<\/p>\n<\/blockquote>\n<p class=\"text\">No cap\u00edtulo \u201cComo virar o jogo\u201d, a sugest\u00e3o \u00e9 expor mais a presidente e concentrar os investimentos em comunica\u00e7\u00e3o em S\u00e3o Paulo em parceria com o prefeito Fernando Haddad (PT), que tamb\u00e9m aparece com baixos \u00edndices de aprova\u00e7\u00e3o. A an\u00e1lise diz que n\u00e3o h\u00e1 como recuperar a imagem de Dilma sem ajudar a aumentar a popularidade do prefeito.<\/p>\n","protected":false},"excerpt":{"rendered":"<p>Um documento elaborado pela Secretaria de Comunica\u00e7\u00e3o da Presid\u00eancia da Rep\u00fablica admite que o governo da presidente Dilma Rousseff tem adotado uma comunica\u00e7\u00e3o \u201cerr\u00e1tica\u201d desde a reelei\u00e7\u00e3o no ano passado, de acordo com informa\u00e7\u00f5es do jornal O Estado de S. Paulo. Sem assinatura, o documento tamb\u00e9m afirma que a oposi\u00e7\u00e3o tem dado \u201cgoleada\u201d nas redes [&hellip;]<\/p>\n","protected":false},"author":2,"featured_media":40391,"comment_status":"open","ping_status":"closed","sticky":false,"template":"","format":"standard","meta":{"_acf_changed":false,"footnotes":""},"categories":[16],"tags":[],"class_list":["post-40390","post","type-post","status-publish","format-standard","has-post-thumbnail","hentry","category-brasil"],"acf":[],"yoast_head":"<!-- This site is optimized with the Yoast SEO plugin v27.5 - https:\/\/yoast.com\/product\/yoast-seo-wordpress\/ -->\n<title>Governo faz an\u00e1lise e admite que est\u00e1 perdendo de goleada para a Oposi\u00e7\u00e3o - Notibras<\/title>\n<meta name=\"robots\" content=\"index, follow, max-snippet:-1, max-image-preview:large, max-video-preview:-1\" \/>\n<link rel=\"canonical\" href=\"https:\/\/www.notibras.com\/site\/governo-faz-analise-e-admite-que-esta-perdendo-de-goleada-da-oposicao\/\" \/>\n<meta property=\"og:locale\" content=\"pt_BR\" \/>\n<meta property=\"og:type\" content=\"article\" \/>\n<meta property=\"og:title\" content=\"Governo faz an\u00e1lise e admite que est\u00e1 perdendo de goleada para a Oposi\u00e7\u00e3o - Notibras\" \/>\n<meta property=\"og:description\" content=\"Um documento elaborado pela Secretaria de Comunica\u00e7\u00e3o da Presid\u00eancia da Rep\u00fablica admite que o governo da presidente Dilma Rousseff tem adotado uma comunica\u00e7\u00e3o \u201cerr\u00e1tica\u201d desde a reelei\u00e7\u00e3o no ano passado, de acordo com informa\u00e7\u00f5es do jornal O Estado de S. Paulo. Sem assinatura, o documento tamb\u00e9m afirma que a oposi\u00e7\u00e3o tem dado \u201cgoleada\u201d nas redes [&hellip;]\" \/>\n<meta property=\"og:url\" content=\"https:\/\/www.notibras.com\/site\/governo-faz-analise-e-admite-que-esta-perdendo-de-goleada-da-oposicao\/\" \/>\n<meta property=\"og:site_name\" content=\"Notibras\" \/>\n<meta property=\"article:publisher\" content=\"https:\/\/www.facebook.com\/notibras\/\" \/>\n<meta property=\"article:published_time\" content=\"2015-03-19T05:11:57+00:00\" \/>\n<meta property=\"article:modified_time\" content=\"2015-03-20T00:15:08+00:00\" \/>\n<meta property=\"og:image\" content=\"https:\/\/www.notibras.com\/site\/wp-content\/uploads\/2015\/03\/protestoforadilmareuters.jpg\" \/>\n\t<meta property=\"og:image:width\" content=\"460\" \/>\n\t<meta property=\"og:image:height\" content=\"258\" \/>\n\t<meta property=\"og:image:type\" content=\"image\/jpeg\" \/>\n<meta name=\"author\" content=\"Reda\u00e7\u00e3o\" \/>\n<meta name=\"twitter:card\" content=\"summary_large_image\" \/>\n<meta name=\"twitter:creator\" content=\"@Notibras\" \/>\n<meta name=\"twitter:site\" content=\"@Notibras\" \/>\n<meta name=\"twitter:label1\" content=\"Escrito por\" \/>\n\t<meta name=\"twitter:data1\" content=\"Reda\u00e7\u00e3o\" \/>\n\t<meta name=\"twitter:label2\" content=\"Est. tempo de leitura\" \/>\n\t<meta name=\"twitter:data2\" content=\"2 minutos\" \/>\n<script type=\"application\/ld+json\" class=\"yoast-schema-graph\">{\"@context\":\"https:\\\/\\\/schema.org\",\"@graph\":[{\"@type\":\"Article\",\"@id\":\"https:\\\/\\\/www.notibras.com\\\/site\\\/governo-faz-analise-e-admite-que-esta-perdendo-de-goleada-da-oposicao\\\/#article\",\"isPartOf\":{\"@id\":\"https:\\\/\\\/www.notibras.com\\\/site\\\/governo-faz-analise-e-admite-que-esta-perdendo-de-goleada-da-oposicao\\\/\"},\"author\":{\"name\":\"Reda\u00e7\u00e3o\",\"@id\":\"https:\\\/\\\/www.notibras.com\\\/site\\\/#\\\/schema\\\/person\\\/36ab0979449956132d3e5b517ea76ac8\"},\"headline\":\"Governo faz an\u00e1lise e admite que est\u00e1 perdendo de goleada para a Oposi\u00e7\u00e3o\",\"datePublished\":\"2015-03-19T05:11:57+00:00\",\"dateModified\":\"2015-03-20T00:15:08+00:00\",\"mainEntityOfPage\":{\"@id\":\"https:\\\/\\\/www.notibras.com\\\/site\\\/governo-faz-analise-e-admite-que-esta-perdendo-de-goleada-da-oposicao\\\/\"},\"wordCount\":365,\"commentCount\":0,\"publisher\":{\"@id\":\"https:\\\/\\\/www.notibras.com\\\/site\\\/#organization\"},\"image\":{\"@id\":\"https:\\\/\\\/www.notibras.com\\\/site\\\/governo-faz-analise-e-admite-que-esta-perdendo-de-goleada-da-oposicao\\\/#primaryimage\"},\"thumbnailUrl\":\"https:\\\/\\\/www.notibras.com\\\/site\\\/wp-content\\\/uploads\\\/2015\\\/03\\\/protestoforadilmareuters.jpg\",\"articleSection\":[\"Brasil\"],\"inLanguage\":\"pt-BR\",\"potentialAction\":[{\"@type\":\"CommentAction\",\"name\":\"Comment\",\"target\":[\"https:\\\/\\\/www.notibras.com\\\/site\\\/governo-faz-analise-e-admite-que-esta-perdendo-de-goleada-da-oposicao\\\/#respond\"]}]},{\"@type\":\"WebPage\",\"@id\":\"https:\\\/\\\/www.notibras.com\\\/site\\\/governo-faz-analise-e-admite-que-esta-perdendo-de-goleada-da-oposicao\\\/\",\"url\":\"https:\\\/\\\/www.notibras.com\\\/site\\\/governo-faz-analise-e-admite-que-esta-perdendo-de-goleada-da-oposicao\\\/\",\"name\":\"Governo faz an\u00e1lise e admite que est\u00e1 perdendo de goleada para a Oposi\u00e7\u00e3o - Notibras\",\"isPartOf\":{\"@id\":\"https:\\\/\\\/www.notibras.com\\\/site\\\/#website\"},\"primaryImageOfPage\":{\"@id\":\"https:\\\/\\\/www.notibras.com\\\/site\\\/governo-faz-analise-e-admite-que-esta-perdendo-de-goleada-da-oposicao\\\/#primaryimage\"},\"image\":{\"@id\":\"https:\\\/\\\/www.notibras.com\\\/site\\\/governo-faz-analise-e-admite-que-esta-perdendo-de-goleada-da-oposicao\\\/#primaryimage\"},\"thumbnailUrl\":\"https:\\\/\\\/www.notibras.com\\\/site\\\/wp-content\\\/uploads\\\/2015\\\/03\\\/protestoforadilmareuters.jpg\",\"datePublished\":\"2015-03-19T05:11:57+00:00\",\"dateModified\":\"2015-03-20T00:15:08+00:00\",\"breadcrumb\":{\"@id\":\"https:\\\/\\\/www.notibras.com\\\/site\\\/governo-faz-analise-e-admite-que-esta-perdendo-de-goleada-da-oposicao\\\/#breadcrumb\"},\"inLanguage\":\"pt-BR\",\"potentialAction\":[{\"@type\":\"ReadAction\",\"target\":[\"https:\\\/\\\/www.notibras.com\\\/site\\\/governo-faz-analise-e-admite-que-esta-perdendo-de-goleada-da-oposicao\\\/\"]}]},{\"@type\":\"ImageObject\",\"inLanguage\":\"pt-BR\",\"@id\":\"https:\\\/\\\/www.notibras.com\\\/site\\\/governo-faz-analise-e-admite-que-esta-perdendo-de-goleada-da-oposicao\\\/#primaryimage\",\"url\":\"https:\\\/\\\/www.notibras.com\\\/site\\\/wp-content\\\/uploads\\\/2015\\\/03\\\/protestoforadilmareuters.jpg\",\"contentUrl\":\"https:\\\/\\\/www.notibras.com\\\/site\\\/wp-content\\\/uploads\\\/2015\\\/03\\\/protestoforadilmareuters.jpg\",\"width\":460,\"height\":258},{\"@type\":\"BreadcrumbList\",\"@id\":\"https:\\\/\\\/www.notibras.com\\\/site\\\/governo-faz-analise-e-admite-que-esta-perdendo-de-goleada-da-oposicao\\\/#breadcrumb\",\"itemListElement\":[{\"@type\":\"ListItem\",\"position\":1,\"name\":\"In\u00edcio\",\"item\":\"https:\\\/\\\/www.notibras.com\\\/site\\\/\"},{\"@type\":\"ListItem\",\"position\":2,\"name\":\"Governo faz an\u00e1lise e admite que est\u00e1 perdendo de goleada para a Oposi\u00e7\u00e3o\"}]},{\"@type\":\"WebSite\",\"@id\":\"https:\\\/\\\/www.notibras.com\\\/site\\\/#website\",\"url\":\"https:\\\/\\\/www.notibras.com\\\/site\\\/\",\"name\":\"Notibras\",\"description\":\"Not\u00edcias de Bras\u00edlia, do Brasil e do Mundo\",\"publisher\":{\"@id\":\"https:\\\/\\\/www.notibras.com\\\/site\\\/#organization\"},\"potentialAction\":[{\"@type\":\"SearchAction\",\"target\":{\"@type\":\"EntryPoint\",\"urlTemplate\":\"https:\\\/\\\/www.notibras.com\\\/site\\\/?s={search_term_string}\"},\"query-input\":{\"@type\":\"PropertyValueSpecification\",\"valueRequired\":true,\"valueName\":\"search_term_string\"}}],\"inLanguage\":\"pt-BR\"},{\"@type\":\"Organization\",\"@id\":\"https:\\\/\\\/www.notibras.com\\\/site\\\/#organization\",\"name\":\"Grupo Notibras de Comunica\u00e7\u00e3o\",\"url\":\"https:\\\/\\\/www.notibras.com\\\/site\\\/\",\"logo\":{\"@type\":\"ImageObject\",\"inLanguage\":\"pt-BR\",\"@id\":\"https:\\\/\\\/www.notibras.com\\\/site\\\/#\\\/schema\\\/logo\\\/image\\\/\",\"url\":\"https:\\\/\\\/www.notibras.com\\\/site\\\/wp-content\\\/uploads\\\/2023\\\/01\\\/notibras23.png\",\"contentUrl\":\"https:\\\/\\\/www.notibras.com\\\/site\\\/wp-content\\\/uploads\\\/2023\\\/01\\\/notibras23.png\",\"width\":350,\"height\":87,\"caption\":\"Grupo Notibras de Comunica\u00e7\u00e3o\"},\"image\":{\"@id\":\"https:\\\/\\\/www.notibras.com\\\/site\\\/#\\\/schema\\\/logo\\\/image\\\/\"},\"sameAs\":[\"https:\\\/\\\/www.facebook.com\\\/notibras\\\/\",\"https:\\\/\\\/x.com\\\/Notibras\",\"https:\\\/\\\/www.instagram.com\\\/notibras\\\/\"]},{\"@type\":\"Person\",\"@id\":\"https:\\\/\\\/www.notibras.com\\\/site\\\/#\\\/schema\\\/person\\\/36ab0979449956132d3e5b517ea76ac8\",\"name\":\"Reda\u00e7\u00e3o\",\"image\":{\"@type\":\"ImageObject\",\"inLanguage\":\"pt-BR\",\"@id\":\"https:\\\/\\\/secure.gravatar.com\\\/avatar\\\/e0a867bdedb85fd243eadf09663511f96fc81e0720a4a42581f334ad4303aa6b?s=96&d=mm&r=g\",\"url\":\"https:\\\/\\\/secure.gravatar.com\\\/avatar\\\/e0a867bdedb85fd243eadf09663511f96fc81e0720a4a42581f334ad4303aa6b?s=96&d=mm&r=g\",\"contentUrl\":\"https:\\\/\\\/secure.gravatar.com\\\/avatar\\\/e0a867bdedb85fd243eadf09663511f96fc81e0720a4a42581f334ad4303aa6b?s=96&d=mm&r=g\",\"caption\":\"Reda\u00e7\u00e3o\"}}]}<\/script>\n<!-- \/ Yoast SEO plugin. -->","yoast_head_json":{"title":"Governo faz an\u00e1lise e admite que est\u00e1 perdendo de goleada para a Oposi\u00e7\u00e3o - Notibras","robots":{"index":"index","follow":"follow","max-snippet":"max-snippet:-1","max-image-preview":"max-image-preview:large","max-video-preview":"max-video-preview:-1"},"canonical":"https:\/\/www.notibras.com\/site\/governo-faz-analise-e-admite-que-esta-perdendo-de-goleada-da-oposicao\/","og_locale":"pt_BR","og_type":"article","og_title":"Governo faz an\u00e1lise e admite que est\u00e1 perdendo de goleada para a Oposi\u00e7\u00e3o - Notibras","og_description":"Um documento elaborado pela Secretaria de Comunica\u00e7\u00e3o da Presid\u00eancia da Rep\u00fablica admite que o governo da presidente Dilma Rousseff tem adotado uma comunica\u00e7\u00e3o \u201cerr\u00e1tica\u201d desde a reelei\u00e7\u00e3o no ano passado, de acordo com informa\u00e7\u00f5es do jornal O Estado de S. Paulo. Sem assinatura, o documento tamb\u00e9m afirma que a oposi\u00e7\u00e3o tem dado \u201cgoleada\u201d nas redes [&hellip;]","og_url":"https:\/\/www.notibras.com\/site\/governo-faz-analise-e-admite-que-esta-perdendo-de-goleada-da-oposicao\/","og_site_name":"Notibras","article_publisher":"https:\/\/www.facebook.com\/notibras\/","article_published_time":"2015-03-19T05:11:57+00:00","article_modified_time":"2015-03-20T00:15:08+00:00","og_image":[{"width":460,"height":258,"url":"https:\/\/www.notibras.com\/site\/wp-content\/uploads\/2015\/03\/protestoforadilmareuters.jpg","type":"image\/jpeg"}],"author":"Reda\u00e7\u00e3o","twitter_card":"summary_large_image","twitter_creator":"@Notibras","twitter_site":"@Notibras","twitter_misc":{"Escrito por":"Reda\u00e7\u00e3o","Est. tempo de leitura":"2 minutos"},"schema":{"@context":"https:\/\/schema.org","@graph":[{"@type":"Article","@id":"https:\/\/www.notibras.com\/site\/governo-faz-analise-e-admite-que-esta-perdendo-de-goleada-da-oposicao\/#article","isPartOf":{"@id":"https:\/\/www.notibras.com\/site\/governo-faz-analise-e-admite-que-esta-perdendo-de-goleada-da-oposicao\/"},"author":{"name":"Reda\u00e7\u00e3o","@id":"https:\/\/www.notibras.com\/site\/#\/schema\/person\/36ab0979449956132d3e5b517ea76ac8"},"headline":"Governo faz an\u00e1lise e admite que est\u00e1 perdendo de goleada para a Oposi\u00e7\u00e3o","datePublished":"2015-03-19T05:11:57+00:00","dateModified":"2015-03-20T00:15:08+00:00","mainEntityOfPage":{"@id":"https:\/\/www.notibras.com\/site\/governo-faz-analise-e-admite-que-esta-perdendo-de-goleada-da-oposicao\/"},"wordCount":365,"commentCount":0,"publisher":{"@id":"https:\/\/www.notibras.com\/site\/#organization"},"image":{"@id":"https:\/\/www.notibras.com\/site\/governo-faz-analise-e-admite-que-esta-perdendo-de-goleada-da-oposicao\/#primaryimage"},"thumbnailUrl":"https:\/\/www.notibras.com\/site\/wp-content\/uploads\/2015\/03\/protestoforadilmareuters.jpg","articleSection":["Brasil"],"inLanguage":"pt-BR","potentialAction":[{"@type":"CommentAction","name":"Comment","target":["https:\/\/www.notibras.com\/site\/governo-faz-analise-e-admite-que-esta-perdendo-de-goleada-da-oposicao\/#respond"]}]},{"@type":"WebPage","@id":"https:\/\/www.notibras.com\/site\/governo-faz-analise-e-admite-que-esta-perdendo-de-goleada-da-oposicao\/","url":"https:\/\/www.notibras.com\/site\/governo-faz-analise-e-admite-que-esta-perdendo-de-goleada-da-oposicao\/","name":"Governo faz an\u00e1lise e admite que est\u00e1 perdendo de goleada para a Oposi\u00e7\u00e3o - Notibras","isPartOf":{"@id":"https:\/\/www.notibras.com\/site\/#website"},"primaryImageOfPage":{"@id":"https:\/\/www.notibras.com\/site\/governo-faz-analise-e-admite-que-esta-perdendo-de-goleada-da-oposicao\/#primaryimage"},"image":{"@id":"https:\/\/www.notibras.com\/site\/governo-faz-analise-e-admite-que-esta-perdendo-de-goleada-da-oposicao\/#primaryimage"},"thumbnailUrl":"https:\/\/www.notibras.com\/site\/wp-content\/uploads\/2015\/03\/protestoforadilmareuters.jpg","datePublished":"2015-03-19T05:11:57+00:00","dateModified":"2015-03-20T00:15:08+00:00","breadcrumb":{"@id":"https:\/\/www.notibras.com\/site\/governo-faz-analise-e-admite-que-esta-perdendo-de-goleada-da-oposicao\/#breadcrumb"},"inLanguage":"pt-BR","potentialAction":[{"@type":"ReadAction","target":["https:\/\/www.notibras.com\/site\/governo-faz-analise-e-admite-que-esta-perdendo-de-goleada-da-oposicao\/"]}]},{"@type":"ImageObject","inLanguage":"pt-BR","@id":"https:\/\/www.notibras.com\/site\/governo-faz-analise-e-admite-que-esta-perdendo-de-goleada-da-oposicao\/#primaryimage","url":"https:\/\/www.notibras.com\/site\/wp-content\/uploads\/2015\/03\/protestoforadilmareuters.jpg","contentUrl":"https:\/\/www.notibras.com\/site\/wp-content\/uploads\/2015\/03\/protestoforadilmareuters.jpg","width":460,"height":258},{"@type":"BreadcrumbList","@id":"https:\/\/www.notibras.com\/site\/governo-faz-analise-e-admite-que-esta-perdendo-de-goleada-da-oposicao\/#breadcrumb","itemListElement":[{"@type":"ListItem","position":1,"name":"In\u00edcio","item":"https:\/\/www.notibras.com\/site\/"},{"@type":"ListItem","position":2,"name":"Governo faz an\u00e1lise e admite que est\u00e1 perdendo de goleada para a Oposi\u00e7\u00e3o"}]},{"@type":"WebSite","@id":"https:\/\/www.notibras.com\/site\/#website","url":"https:\/\/www.notibras.com\/site\/","name":"Notibras","description":"Not\u00edcias de Bras\u00edlia, do Brasil e do Mundo","publisher":{"@id":"https:\/\/www.notibras.com\/site\/#organization"},"potentialAction":[{"@type":"SearchAction","target":{"@type":"EntryPoint","urlTemplate":"https:\/\/www.notibras.com\/site\/?s={search_term_string}"},"query-input":{"@type":"PropertyValueSpecification","valueRequired":true,"valueName":"search_term_string"}}],"inLanguage":"pt-BR"},{"@type":"Organization","@id":"https:\/\/www.notibras.com\/site\/#organization","name":"Grupo Notibras de Comunica\u00e7\u00e3o","url":"https:\/\/www.notibras.com\/site\/","logo":{"@type":"ImageObject","inLanguage":"pt-BR","@id":"https:\/\/www.notibras.com\/site\/#\/schema\/logo\/image\/","url":"https:\/\/www.notibras.com\/site\/wp-content\/uploads\/2023\/01\/notibras23.png","contentUrl":"https:\/\/www.notibras.com\/site\/wp-content\/uploads\/2023\/01\/notibras23.png","width":350,"height":87,"caption":"Grupo Notibras de Comunica\u00e7\u00e3o"},"image":{"@id":"https:\/\/www.notibras.com\/site\/#\/schema\/logo\/image\/"},"sameAs":["https:\/\/www.facebook.com\/notibras\/","https:\/\/x.com\/Notibras","https:\/\/www.instagram.com\/notibras\/"]},{"@type":"Person","@id":"https:\/\/www.notibras.com\/site\/#\/schema\/person\/36ab0979449956132d3e5b517ea76ac8","name":"Reda\u00e7\u00e3o","image":{"@type":"ImageObject","inLanguage":"pt-BR","@id":"https:\/\/secure.gravatar.com\/avatar\/e0a867bdedb85fd243eadf09663511f96fc81e0720a4a42581f334ad4303aa6b?s=96&d=mm&r=g","url":"https:\/\/secure.gravatar.com\/avatar\/e0a867bdedb85fd243eadf09663511f96fc81e0720a4a42581f334ad4303aa6b?s=96&d=mm&r=g","contentUrl":"https:\/\/secure.gravatar.com\/avatar\/e0a867bdedb85fd243eadf09663511f96fc81e0720a4a42581f334ad4303aa6b?s=96&d=mm&r=g","caption":"Reda\u00e7\u00e3o"}}]}},"amp_enabled":true,"_links":{"self":[{"href":"https:\/\/www.notibras.com\/site\/wp-json\/wp\/v2\/posts\/40390","targetHints":{"allow":["GET"]}}],"collection":[{"href":"https:\/\/www.notibras.com\/site\/wp-json\/wp\/v2\/posts"}],"about":[{"href":"https:\/\/www.notibras.com\/site\/wp-json\/wp\/v2\/types\/post"}],"author":[{"embeddable":true,"href":"https:\/\/www.notibras.com\/site\/wp-json\/wp\/v2\/users\/2"}],"replies":[{"embeddable":true,"href":"https:\/\/www.notibras.com\/site\/wp-json\/wp\/v2\/comments?post=40390"}],"version-history":[{"count":0,"href":"https:\/\/www.notibras.com\/site\/wp-json\/wp\/v2\/posts\/40390\/revisions"}],"wp:featuredmedia":[{"embeddable":true,"href":"https:\/\/www.notibras.com\/site\/wp-json\/wp\/v2\/media\/40391"}],"wp:attachment":[{"href":"https:\/\/www.notibras.com\/site\/wp-json\/wp\/v2\/media?parent=40390"}],"wp:term":[{"taxonomy":"category","embeddable":true,"href":"https:\/\/www.notibras.com\/site\/wp-json\/wp\/v2\/categories?post=40390"},{"taxonomy":"post_tag","embeddable":true,"href":"https:\/\/www.notibras.com\/site\/wp-json\/wp\/v2\/tags?post=40390"}],"curies":[{"name":"wp","href":"https:\/\/api.w.org\/{rel}","templated":true}]}}