{"id":40409,"date":"2015-03-19T09:38:48","date_gmt":"2015-03-19T12:38:48","guid":{"rendered":"http:\/\/www.notibras.com\/site\/?p=40409"},"modified":"2015-03-19T09:38:48","modified_gmt":"2015-03-19T12:38:48","slug":"politico-que-nao-cumpre-com-promessas-deve-passar-por-recall","status":"publish","type":"post","link":"https:\/\/www.notibras.com\/site\/politico-que-nao-cumpre-com-promessas-deve-passar-por-recall\/","title":{"rendered":"Pol\u00edtico que n\u00e3o cumpre com promessas deve passar por recall"},"content":{"rendered":"<p>Que hoje convivemos numa sociedade com valores e conceitos corrompidos, especialmente no que se refere \u00e0 cidadania, todos sabemos.<\/p>\n<p>N\u00e3o apenas confundimos governos (tempor\u00e1rios) com o Estado (perene), mas tamb\u00e9m reduzimos a &#8220;Justi\u00e7a&#8221; para uma simpl\u00f3ria &#8220;justi\u00e7a social&#8221;, confundimos o &#8220;bem p\u00fablico&#8221; com &#8220;propriedade privada&#8221;, o poder absoluto da &#8220;vida&#8221; com &#8220;condi\u00e7\u00f5es de vida&#8221;, &#8220;igualdade perante a lei&#8221; com &#8220;igualdade social&#8221;, &#8220;liberdade&#8221; como alteridade e n\u00e3o identidade, e por a\u00ed vai.<\/p>\n<p>Em suma, n\u00e3o distinguimos entre a real democracia e a perigosa demagogia, uma vez que esse grande mal moderno que vemos deteriorar governos no mundo inteiro se op\u00f5e \u00e0 democracia &#8211; e n\u00e3o \u00e0 tirania, como nos acostumamos a pensar nos anos de chumbo.<\/p>\n<p>Todos queremos mudan\u00e7as, mas quem est\u00e1 disposto a fazer parte dela? Como dizia Gandhi, &#8220;seja voc\u00ea mesmo a transforma\u00e7\u00e3o que quer ver no mundo&#8221;. Engaje-se nas reformas da sociedade, sobretudo na reforma pol\u00edtica, a &#8220;m\u00e3e de todas as reformas&#8221;.<\/p>\n<p>A mais importante miss\u00e3o do Congresso \u00e9 a tarefa de fiscalizar o Executivo, para al\u00e9m de debater e aprovar leis para reger a sociedade. E de dar o devido exemplo a milh\u00f5es de cidad\u00e3os brasileiros nos termos do poder p\u00fablico que \u00e9.<\/p>\n<blockquote><p>Qualquer pai ou m\u00e3e sabe disso instintivamente: a quem est\u00e1 em cima cabe dar o exemplo, orientar e disseminar valores como \u00e9tica, transpar\u00eancia, respeito \u00e0 coisa p\u00fablica e ao pr\u00f3ximo. E, nisso, C\u00e2mara dos Deputados e Senado Federal est\u00e3o falhando vergonhosamente.<\/p><\/blockquote>\n<p>Reforma, pois, \u00e9 mais que necess\u00e1ria. \u00c9 urgente, at\u00e9, para virar esse jogo em favor da cultura de cidadania, no lugar da cultura de impunidade e transgress\u00e3o em que estamos afundados.<\/p>\n<p>Mas cuidado com esse andor! Alguns pontos fundamentais para uma reforma pol\u00edtica n\u00e3o est\u00e3o sendo cogitados por pol\u00edticos e mesmo pela sociedade civil. E alguns deles podem fazer toda a diferen\u00e7a entre a reforma que a sociedade exige e a que os pol\u00edticos preferem. Um deles, consideramos o mais emblem\u00e1tico: o voto facultativo, tamb\u00e9m chamado de voto livre.<\/p>\n<p>N\u00e3o se concebe em qualquer sociedade livre e democr\u00e1tica que o comparecimento a uma se\u00e7\u00e3o eleitoral seja uma obriga\u00e7\u00e3o pass\u00edvel de multa e n\u00e3o um direito pleno, que o cidad\u00e3o eleitor exerce se assim bem o entender. Dizer que obrigar ao voto \u00e9 uma forma de educar a sociedade \u00e9 argumenta\u00e7\u00e3o c\u00ednica de quem se beneficia do sistema e subestima a intelig\u00eancia do cidad\u00e3o eleitor.<\/p>\n<p>Outro ponto que deveria voltar a ser debatido no \u00e2mbito de uma reforma pol\u00edtica \u00e9 a chamada &#8220;cl\u00e1usula de desempenho&#8221;. Cabe aqui at\u00e9 um pux\u00e3o de orelhas no Judici\u00e1rio. Em 2005, o Supremo Tribunal Federal declarou a inconstitucionalidade dessa norma, por prejudicar partidos pequenos.<\/p>\n<p>Bola fora, pois acabou legitimando partidos de aluguel, criados sem bandeira ou ideologia apenas para funcionarem como &#8220;sat\u00e9lites&#8221; de agremia\u00e7\u00f5es maiores ou meros pontos de troca de favores e benesses quase sempre inconfess\u00e1veis.<\/p>\n<p>Se o partido n\u00e3o consegue representa\u00e7\u00e3o em &#8220;x&#8221; Estados ou um certo n\u00famero de eleitores e afiilados, n\u00e3o deve ter direito a tempo de TV, a uma parte do fundo partid\u00e1rio ou mesmo a indicar membros de comiss\u00f5es parlamentares. Simples assim.<\/p>\n<p>Por \u00faltimo, poder\u00edamos discutir mais seriamente o chamado &#8220;recall&#8221; pol\u00edtico. Assim como uma montadora chama de volta os ve\u00edculos que apresentam defeitos ou significam risco para a sociedade, os cidad\u00e3os devem ter o direito de &#8220;retirar de circula\u00e7\u00e3o&#8221; aqueles pol\u00edticos que n\u00e3o cumprem promessas de campanha, que se envolvem em processos judiciais e que &#8220;n\u00e3o est\u00e3o nem a\u00ed&#8221; para a sociedade. Pois o mandato \u00e9 do mandante (os cidad\u00e3os eleitores) e n\u00e3o do mandat\u00e1rio (os cidad\u00e3os eleitos).<\/p>\n<p>Esses e outros pontos podem ser discutidos e aprofundados numa esp\u00e9cie de &#8220;shadow congress&#8221; de agentes de cidadania. Cidad\u00e3os atuantes, dispostos a fazer acontecer as mudan\u00e7as necess\u00e1rias e, acima de tudo, conscientes de que devem mobilizar cada vez mais outros cidad\u00e3os para uma luta que tem que ser de todos.<\/p>\n<p><strong>Jorge Maranh\u00e3o<\/strong><\/p>\n","protected":false},"excerpt":{"rendered":"<p>Que hoje convivemos numa sociedade com valores e conceitos corrompidos, especialmente no que se refere \u00e0 cidadania, todos sabemos. N\u00e3o apenas confundimos governos (tempor\u00e1rios) com o Estado (perene), mas tamb\u00e9m reduzimos a &#8220;Justi\u00e7a&#8221; para uma simpl\u00f3ria &#8220;justi\u00e7a social&#8221;, confundimos o &#8220;bem p\u00fablico&#8221; com &#8220;propriedade privada&#8221;, o poder absoluto da &#8220;vida&#8221; com &#8220;condi\u00e7\u00f5es de vida&#8221;, &#8220;igualdade [&hellip;]<\/p>\n","protected":false},"author":2,"featured_media":40410,"comment_status":"open","ping_status":"closed","sticky":false,"template":"","format":"standard","meta":{"_acf_changed":false,"footnotes":""},"categories":[25],"tags":[],"class_list":["post-40409","post","type-post","status-publish","format-standard","has-post-thumbnail","hentry","category-opina-ai"],"acf":[],"yoast_head":"<!-- This site is optimized with the Yoast SEO plugin v27.5 - https:\/\/yoast.com\/product\/yoast-seo-wordpress\/ -->\n<title>Pol\u00edtico que n\u00e3o cumpre com promessas deve passar por recall - Notibras<\/title>\n<meta name=\"robots\" content=\"index, follow, max-snippet:-1, max-image-preview:large, max-video-preview:-1\" \/>\n<link rel=\"canonical\" href=\"https:\/\/www.notibras.com\/site\/politico-que-nao-cumpre-com-promessas-deve-passar-por-recall\/\" \/>\n<meta property=\"og:locale\" content=\"pt_BR\" \/>\n<meta property=\"og:type\" content=\"article\" \/>\n<meta property=\"og:title\" content=\"Pol\u00edtico que n\u00e3o cumpre com promessas deve passar por recall - Notibras\" \/>\n<meta property=\"og:description\" content=\"Que hoje convivemos numa sociedade com valores e conceitos corrompidos, especialmente no que se refere \u00e0 cidadania, todos sabemos. N\u00e3o apenas confundimos governos (tempor\u00e1rios) com o Estado (perene), mas tamb\u00e9m reduzimos a &#8220;Justi\u00e7a&#8221; para uma simpl\u00f3ria &#8220;justi\u00e7a social&#8221;, confundimos o &#8220;bem p\u00fablico&#8221; com &#8220;propriedade privada&#8221;, o poder absoluto da &#8220;vida&#8221; com &#8220;condi\u00e7\u00f5es de vida&#8221;, &#8220;igualdade [&hellip;]\" \/>\n<meta property=\"og:url\" content=\"https:\/\/www.notibras.com\/site\/politico-que-nao-cumpre-com-promessas-deve-passar-por-recall\/\" \/>\n<meta property=\"og:site_name\" content=\"Notibras\" \/>\n<meta property=\"article:publisher\" content=\"https:\/\/www.facebook.com\/notibras\/\" \/>\n<meta property=\"article:published_time\" content=\"2015-03-19T12:38:48+00:00\" \/>\n<meta property=\"og:image\" content=\"https:\/\/www.notibras.com\/site\/wp-content\/uploads\/2015\/03\/palacio-planalto-nuvem-negra1.jpg\" \/>\n\t<meta property=\"og:image:width\" content=\"480\" \/>\n\t<meta property=\"og:image:height\" content=\"320\" \/>\n\t<meta property=\"og:image:type\" content=\"image\/jpeg\" \/>\n<meta name=\"author\" content=\"Reda\u00e7\u00e3o\" \/>\n<meta name=\"twitter:card\" content=\"summary_large_image\" \/>\n<meta name=\"twitter:creator\" content=\"@Notibras\" \/>\n<meta name=\"twitter:site\" content=\"@Notibras\" \/>\n<meta name=\"twitter:label1\" content=\"Escrito por\" \/>\n\t<meta name=\"twitter:data1\" content=\"Reda\u00e7\u00e3o\" \/>\n\t<meta name=\"twitter:label2\" content=\"Est. tempo de leitura\" \/>\n\t<meta name=\"twitter:data2\" content=\"4 minutos\" \/>\n<script type=\"application\/ld+json\" class=\"yoast-schema-graph\">{\"@context\":\"https:\\\/\\\/schema.org\",\"@graph\":[{\"@type\":\"Article\",\"@id\":\"https:\\\/\\\/www.notibras.com\\\/site\\\/politico-que-nao-cumpre-com-promessas-deve-passar-por-recall\\\/#article\",\"isPartOf\":{\"@id\":\"https:\\\/\\\/www.notibras.com\\\/site\\\/politico-que-nao-cumpre-com-promessas-deve-passar-por-recall\\\/\"},\"author\":{\"name\":\"Reda\u00e7\u00e3o\",\"@id\":\"https:\\\/\\\/www.notibras.com\\\/site\\\/#\\\/schema\\\/person\\\/36ab0979449956132d3e5b517ea76ac8\"},\"headline\":\"Pol\u00edtico que n\u00e3o cumpre com promessas deve passar por recall\",\"datePublished\":\"2015-03-19T12:38:48+00:00\",\"mainEntityOfPage\":{\"@id\":\"https:\\\/\\\/www.notibras.com\\\/site\\\/politico-que-nao-cumpre-com-promessas-deve-passar-por-recall\\\/\"},\"wordCount\":717,\"commentCount\":0,\"publisher\":{\"@id\":\"https:\\\/\\\/www.notibras.com\\\/site\\\/#organization\"},\"image\":{\"@id\":\"https:\\\/\\\/www.notibras.com\\\/site\\\/politico-que-nao-cumpre-com-promessas-deve-passar-por-recall\\\/#primaryimage\"},\"thumbnailUrl\":\"https:\\\/\\\/www.notibras.com\\\/site\\\/wp-content\\\/uploads\\\/2015\\\/03\\\/palacio-planalto-nuvem-negra1.jpg\",\"articleSection\":[\"Opina a\u00ed\"],\"inLanguage\":\"pt-BR\",\"potentialAction\":[{\"@type\":\"CommentAction\",\"name\":\"Comment\",\"target\":[\"https:\\\/\\\/www.notibras.com\\\/site\\\/politico-que-nao-cumpre-com-promessas-deve-passar-por-recall\\\/#respond\"]}]},{\"@type\":\"WebPage\",\"@id\":\"https:\\\/\\\/www.notibras.com\\\/site\\\/politico-que-nao-cumpre-com-promessas-deve-passar-por-recall\\\/\",\"url\":\"https:\\\/\\\/www.notibras.com\\\/site\\\/politico-que-nao-cumpre-com-promessas-deve-passar-por-recall\\\/\",\"name\":\"Pol\u00edtico que n\u00e3o cumpre com promessas deve passar por recall - Notibras\",\"isPartOf\":{\"@id\":\"https:\\\/\\\/www.notibras.com\\\/site\\\/#website\"},\"primaryImageOfPage\":{\"@id\":\"https:\\\/\\\/www.notibras.com\\\/site\\\/politico-que-nao-cumpre-com-promessas-deve-passar-por-recall\\\/#primaryimage\"},\"image\":{\"@id\":\"https:\\\/\\\/www.notibras.com\\\/site\\\/politico-que-nao-cumpre-com-promessas-deve-passar-por-recall\\\/#primaryimage\"},\"thumbnailUrl\":\"https:\\\/\\\/www.notibras.com\\\/site\\\/wp-content\\\/uploads\\\/2015\\\/03\\\/palacio-planalto-nuvem-negra1.jpg\",\"datePublished\":\"2015-03-19T12:38:48+00:00\",\"breadcrumb\":{\"@id\":\"https:\\\/\\\/www.notibras.com\\\/site\\\/politico-que-nao-cumpre-com-promessas-deve-passar-por-recall\\\/#breadcrumb\"},\"inLanguage\":\"pt-BR\",\"potentialAction\":[{\"@type\":\"ReadAction\",\"target\":[\"https:\\\/\\\/www.notibras.com\\\/site\\\/politico-que-nao-cumpre-com-promessas-deve-passar-por-recall\\\/\"]}]},{\"@type\":\"ImageObject\",\"inLanguage\":\"pt-BR\",\"@id\":\"https:\\\/\\\/www.notibras.com\\\/site\\\/politico-que-nao-cumpre-com-promessas-deve-passar-por-recall\\\/#primaryimage\",\"url\":\"https:\\\/\\\/www.notibras.com\\\/site\\\/wp-content\\\/uploads\\\/2015\\\/03\\\/palacio-planalto-nuvem-negra1.jpg\",\"contentUrl\":\"https:\\\/\\\/www.notibras.com\\\/site\\\/wp-content\\\/uploads\\\/2015\\\/03\\\/palacio-planalto-nuvem-negra1.jpg\",\"width\":480,\"height\":320},{\"@type\":\"BreadcrumbList\",\"@id\":\"https:\\\/\\\/www.notibras.com\\\/site\\\/politico-que-nao-cumpre-com-promessas-deve-passar-por-recall\\\/#breadcrumb\",\"itemListElement\":[{\"@type\":\"ListItem\",\"position\":1,\"name\":\"In\u00edcio\",\"item\":\"https:\\\/\\\/www.notibras.com\\\/site\\\/\"},{\"@type\":\"ListItem\",\"position\":2,\"name\":\"Pol\u00edtico que n\u00e3o cumpre com promessas deve passar por recall\"}]},{\"@type\":\"WebSite\",\"@id\":\"https:\\\/\\\/www.notibras.com\\\/site\\\/#website\",\"url\":\"https:\\\/\\\/www.notibras.com\\\/site\\\/\",\"name\":\"Notibras\",\"description\":\"Not\u00edcias de Bras\u00edlia, do Brasil e do Mundo\",\"publisher\":{\"@id\":\"https:\\\/\\\/www.notibras.com\\\/site\\\/#organization\"},\"potentialAction\":[{\"@type\":\"SearchAction\",\"target\":{\"@type\":\"EntryPoint\",\"urlTemplate\":\"https:\\\/\\\/www.notibras.com\\\/site\\\/?s={search_term_string}\"},\"query-input\":{\"@type\":\"PropertyValueSpecification\",\"valueRequired\":true,\"valueName\":\"search_term_string\"}}],\"inLanguage\":\"pt-BR\"},{\"@type\":\"Organization\",\"@id\":\"https:\\\/\\\/www.notibras.com\\\/site\\\/#organization\",\"name\":\"Grupo Notibras de Comunica\u00e7\u00e3o\",\"url\":\"https:\\\/\\\/www.notibras.com\\\/site\\\/\",\"logo\":{\"@type\":\"ImageObject\",\"inLanguage\":\"pt-BR\",\"@id\":\"https:\\\/\\\/www.notibras.com\\\/site\\\/#\\\/schema\\\/logo\\\/image\\\/\",\"url\":\"https:\\\/\\\/www.notibras.com\\\/site\\\/wp-content\\\/uploads\\\/2023\\\/01\\\/notibras23.png\",\"contentUrl\":\"https:\\\/\\\/www.notibras.com\\\/site\\\/wp-content\\\/uploads\\\/2023\\\/01\\\/notibras23.png\",\"width\":350,\"height\":87,\"caption\":\"Grupo Notibras de Comunica\u00e7\u00e3o\"},\"image\":{\"@id\":\"https:\\\/\\\/www.notibras.com\\\/site\\\/#\\\/schema\\\/logo\\\/image\\\/\"},\"sameAs\":[\"https:\\\/\\\/www.facebook.com\\\/notibras\\\/\",\"https:\\\/\\\/x.com\\\/Notibras\",\"https:\\\/\\\/www.instagram.com\\\/notibras\\\/\"]},{\"@type\":\"Person\",\"@id\":\"https:\\\/\\\/www.notibras.com\\\/site\\\/#\\\/schema\\\/person\\\/36ab0979449956132d3e5b517ea76ac8\",\"name\":\"Reda\u00e7\u00e3o\",\"image\":{\"@type\":\"ImageObject\",\"inLanguage\":\"pt-BR\",\"@id\":\"https:\\\/\\\/secure.gravatar.com\\\/avatar\\\/e0a867bdedb85fd243eadf09663511f96fc81e0720a4a42581f334ad4303aa6b?s=96&d=mm&r=g\",\"url\":\"https:\\\/\\\/secure.gravatar.com\\\/avatar\\\/e0a867bdedb85fd243eadf09663511f96fc81e0720a4a42581f334ad4303aa6b?s=96&d=mm&r=g\",\"contentUrl\":\"https:\\\/\\\/secure.gravatar.com\\\/avatar\\\/e0a867bdedb85fd243eadf09663511f96fc81e0720a4a42581f334ad4303aa6b?s=96&d=mm&r=g\",\"caption\":\"Reda\u00e7\u00e3o\"}}]}<\/script>\n<!-- \/ Yoast SEO plugin. -->","yoast_head_json":{"title":"Pol\u00edtico que n\u00e3o cumpre com promessas deve passar por recall - Notibras","robots":{"index":"index","follow":"follow","max-snippet":"max-snippet:-1","max-image-preview":"max-image-preview:large","max-video-preview":"max-video-preview:-1"},"canonical":"https:\/\/www.notibras.com\/site\/politico-que-nao-cumpre-com-promessas-deve-passar-por-recall\/","og_locale":"pt_BR","og_type":"article","og_title":"Pol\u00edtico que n\u00e3o cumpre com promessas deve passar por recall - Notibras","og_description":"Que hoje convivemos numa sociedade com valores e conceitos corrompidos, especialmente no que se refere \u00e0 cidadania, todos sabemos. N\u00e3o apenas confundimos governos (tempor\u00e1rios) com o Estado (perene), mas tamb\u00e9m reduzimos a &#8220;Justi\u00e7a&#8221; para uma simpl\u00f3ria &#8220;justi\u00e7a social&#8221;, confundimos o &#8220;bem p\u00fablico&#8221; com &#8220;propriedade privada&#8221;, o poder absoluto da &#8220;vida&#8221; com &#8220;condi\u00e7\u00f5es de vida&#8221;, &#8220;igualdade [&hellip;]","og_url":"https:\/\/www.notibras.com\/site\/politico-que-nao-cumpre-com-promessas-deve-passar-por-recall\/","og_site_name":"Notibras","article_publisher":"https:\/\/www.facebook.com\/notibras\/","article_published_time":"2015-03-19T12:38:48+00:00","og_image":[{"width":480,"height":320,"url":"https:\/\/www.notibras.com\/site\/wp-content\/uploads\/2015\/03\/palacio-planalto-nuvem-negra1.jpg","type":"image\/jpeg"}],"author":"Reda\u00e7\u00e3o","twitter_card":"summary_large_image","twitter_creator":"@Notibras","twitter_site":"@Notibras","twitter_misc":{"Escrito por":"Reda\u00e7\u00e3o","Est. tempo de leitura":"4 minutos"},"schema":{"@context":"https:\/\/schema.org","@graph":[{"@type":"Article","@id":"https:\/\/www.notibras.com\/site\/politico-que-nao-cumpre-com-promessas-deve-passar-por-recall\/#article","isPartOf":{"@id":"https:\/\/www.notibras.com\/site\/politico-que-nao-cumpre-com-promessas-deve-passar-por-recall\/"},"author":{"name":"Reda\u00e7\u00e3o","@id":"https:\/\/www.notibras.com\/site\/#\/schema\/person\/36ab0979449956132d3e5b517ea76ac8"},"headline":"Pol\u00edtico que n\u00e3o cumpre com promessas deve passar por recall","datePublished":"2015-03-19T12:38:48+00:00","mainEntityOfPage":{"@id":"https:\/\/www.notibras.com\/site\/politico-que-nao-cumpre-com-promessas-deve-passar-por-recall\/"},"wordCount":717,"commentCount":0,"publisher":{"@id":"https:\/\/www.notibras.com\/site\/#organization"},"image":{"@id":"https:\/\/www.notibras.com\/site\/politico-que-nao-cumpre-com-promessas-deve-passar-por-recall\/#primaryimage"},"thumbnailUrl":"https:\/\/www.notibras.com\/site\/wp-content\/uploads\/2015\/03\/palacio-planalto-nuvem-negra1.jpg","articleSection":["Opina a\u00ed"],"inLanguage":"pt-BR","potentialAction":[{"@type":"CommentAction","name":"Comment","target":["https:\/\/www.notibras.com\/site\/politico-que-nao-cumpre-com-promessas-deve-passar-por-recall\/#respond"]}]},{"@type":"WebPage","@id":"https:\/\/www.notibras.com\/site\/politico-que-nao-cumpre-com-promessas-deve-passar-por-recall\/","url":"https:\/\/www.notibras.com\/site\/politico-que-nao-cumpre-com-promessas-deve-passar-por-recall\/","name":"Pol\u00edtico que n\u00e3o cumpre com promessas deve passar por recall - Notibras","isPartOf":{"@id":"https:\/\/www.notibras.com\/site\/#website"},"primaryImageOfPage":{"@id":"https:\/\/www.notibras.com\/site\/politico-que-nao-cumpre-com-promessas-deve-passar-por-recall\/#primaryimage"},"image":{"@id":"https:\/\/www.notibras.com\/site\/politico-que-nao-cumpre-com-promessas-deve-passar-por-recall\/#primaryimage"},"thumbnailUrl":"https:\/\/www.notibras.com\/site\/wp-content\/uploads\/2015\/03\/palacio-planalto-nuvem-negra1.jpg","datePublished":"2015-03-19T12:38:48+00:00","breadcrumb":{"@id":"https:\/\/www.notibras.com\/site\/politico-que-nao-cumpre-com-promessas-deve-passar-por-recall\/#breadcrumb"},"inLanguage":"pt-BR","potentialAction":[{"@type":"ReadAction","target":["https:\/\/www.notibras.com\/site\/politico-que-nao-cumpre-com-promessas-deve-passar-por-recall\/"]}]},{"@type":"ImageObject","inLanguage":"pt-BR","@id":"https:\/\/www.notibras.com\/site\/politico-que-nao-cumpre-com-promessas-deve-passar-por-recall\/#primaryimage","url":"https:\/\/www.notibras.com\/site\/wp-content\/uploads\/2015\/03\/palacio-planalto-nuvem-negra1.jpg","contentUrl":"https:\/\/www.notibras.com\/site\/wp-content\/uploads\/2015\/03\/palacio-planalto-nuvem-negra1.jpg","width":480,"height":320},{"@type":"BreadcrumbList","@id":"https:\/\/www.notibras.com\/site\/politico-que-nao-cumpre-com-promessas-deve-passar-por-recall\/#breadcrumb","itemListElement":[{"@type":"ListItem","position":1,"name":"In\u00edcio","item":"https:\/\/www.notibras.com\/site\/"},{"@type":"ListItem","position":2,"name":"Pol\u00edtico que n\u00e3o cumpre com promessas deve passar por recall"}]},{"@type":"WebSite","@id":"https:\/\/www.notibras.com\/site\/#website","url":"https:\/\/www.notibras.com\/site\/","name":"Notibras","description":"Not\u00edcias de Bras\u00edlia, do Brasil e do Mundo","publisher":{"@id":"https:\/\/www.notibras.com\/site\/#organization"},"potentialAction":[{"@type":"SearchAction","target":{"@type":"EntryPoint","urlTemplate":"https:\/\/www.notibras.com\/site\/?s={search_term_string}"},"query-input":{"@type":"PropertyValueSpecification","valueRequired":true,"valueName":"search_term_string"}}],"inLanguage":"pt-BR"},{"@type":"Organization","@id":"https:\/\/www.notibras.com\/site\/#organization","name":"Grupo Notibras de Comunica\u00e7\u00e3o","url":"https:\/\/www.notibras.com\/site\/","logo":{"@type":"ImageObject","inLanguage":"pt-BR","@id":"https:\/\/www.notibras.com\/site\/#\/schema\/logo\/image\/","url":"https:\/\/www.notibras.com\/site\/wp-content\/uploads\/2023\/01\/notibras23.png","contentUrl":"https:\/\/www.notibras.com\/site\/wp-content\/uploads\/2023\/01\/notibras23.png","width":350,"height":87,"caption":"Grupo Notibras de Comunica\u00e7\u00e3o"},"image":{"@id":"https:\/\/www.notibras.com\/site\/#\/schema\/logo\/image\/"},"sameAs":["https:\/\/www.facebook.com\/notibras\/","https:\/\/x.com\/Notibras","https:\/\/www.instagram.com\/notibras\/"]},{"@type":"Person","@id":"https:\/\/www.notibras.com\/site\/#\/schema\/person\/36ab0979449956132d3e5b517ea76ac8","name":"Reda\u00e7\u00e3o","image":{"@type":"ImageObject","inLanguage":"pt-BR","@id":"https:\/\/secure.gravatar.com\/avatar\/e0a867bdedb85fd243eadf09663511f96fc81e0720a4a42581f334ad4303aa6b?s=96&d=mm&r=g","url":"https:\/\/secure.gravatar.com\/avatar\/e0a867bdedb85fd243eadf09663511f96fc81e0720a4a42581f334ad4303aa6b?s=96&d=mm&r=g","contentUrl":"https:\/\/secure.gravatar.com\/avatar\/e0a867bdedb85fd243eadf09663511f96fc81e0720a4a42581f334ad4303aa6b?s=96&d=mm&r=g","caption":"Reda\u00e7\u00e3o"}}]}},"amp_enabled":true,"_links":{"self":[{"href":"https:\/\/www.notibras.com\/site\/wp-json\/wp\/v2\/posts\/40409","targetHints":{"allow":["GET"]}}],"collection":[{"href":"https:\/\/www.notibras.com\/site\/wp-json\/wp\/v2\/posts"}],"about":[{"href":"https:\/\/www.notibras.com\/site\/wp-json\/wp\/v2\/types\/post"}],"author":[{"embeddable":true,"href":"https:\/\/www.notibras.com\/site\/wp-json\/wp\/v2\/users\/2"}],"replies":[{"embeddable":true,"href":"https:\/\/www.notibras.com\/site\/wp-json\/wp\/v2\/comments?post=40409"}],"version-history":[{"count":0,"href":"https:\/\/www.notibras.com\/site\/wp-json\/wp\/v2\/posts\/40409\/revisions"}],"wp:featuredmedia":[{"embeddable":true,"href":"https:\/\/www.notibras.com\/site\/wp-json\/wp\/v2\/media\/40410"}],"wp:attachment":[{"href":"https:\/\/www.notibras.com\/site\/wp-json\/wp\/v2\/media?parent=40409"}],"wp:term":[{"taxonomy":"category","embeddable":true,"href":"https:\/\/www.notibras.com\/site\/wp-json\/wp\/v2\/categories?post=40409"},{"taxonomy":"post_tag","embeddable":true,"href":"https:\/\/www.notibras.com\/site\/wp-json\/wp\/v2\/tags?post=40409"}],"curies":[{"name":"wp","href":"https:\/\/api.w.org\/{rel}","templated":true}]}}