{"id":40421,"date":"2015-03-19T10:40:01","date_gmt":"2015-03-19T13:40:01","guid":{"rendered":"http:\/\/www.notibras.com\/site\/?p=40421"},"modified":"2015-03-19T21:12:28","modified_gmt":"2015-03-20T00:12:28","slug":"barco-de-dilma-faz-agua-e-pode-afundar-antes-do-que-se-imagina","status":"publish","type":"post","link":"https:\/\/www.notibras.com\/site\/barco-de-dilma-faz-agua-e-pode-afundar-antes-do-que-se-imagina\/","title":{"rendered":"Barco de Dilma faz \u00e1gua e pode afundar antes do que se imagina"},"content":{"rendered":"<p>A presidente Dilma Rousseff est\u00e1 \u00e0 beira do abismo. Seu inferno pol\u00edtico vem crescendo a partir das vozes das ruas, por todo pa\u00eds, clamarem por \u201cFora Dilma\u201d, \u201cFora PT\u201d.<\/p>\n<p>Na opini\u00e3o de nove entre 10 aliados da presidente no Congresso Nacional, o seu barco est\u00e1 naufragando.<br \/>\nO auge da crise ocorreu na tarde de quarta-feira. O folcl\u00f3rico e pol\u00eamico ministro Cid Gomes, da Educa\u00e7\u00e3o, foi \u00e0 C\u00e2mara dos Deputados para se retratar de acusa\u00e7\u00f5es, a mando da presidente.<\/p>\n<p>Mas ele fez o oposto. Reafirmou que na base do governo no Congresso Nacional de 300 a 400 s\u00e3o achacadores. E desafiou: \u201cPartidos de situa\u00e7\u00e3o t\u00eam o dever de ser situa\u00e7\u00e3o. Ou, ent\u00e3o, larguem o osso, saiam do governo\u201d.<\/p>\n<p>O plen\u00e1rio da C\u00e2mara se transformou numa grande confus\u00e3o, com trocas de xingamentos e acusa\u00e7\u00f5es. A tens\u00e3o foi \u00e0s alturas no momento em que o ministro Cid Gomes, com dedo em riste apontado para o presidente da Casa, Eduardo Cunha (PMDB-RJ), disparou: \u00e9 melhor ser chamado de mal-educado do que ser achacador, como o senhor, presidente.<\/p>\n<p>O PMDB entrou em cena e colocou a presidente Dilma na parede: ou ela demitia o ministro da Educa\u00e7\u00e3o ou o partido retiraria seu apoio ao governo.<\/p>\n<p>Menos de uma hora depois, o Pal\u00e1cio do Planalto anunciou a demiss\u00e3o de Cid Gomes.<\/p>\n<blockquote><p>A\u00ed foi o PT que entrou em cena: pediu a transfer\u00eancia do desgastado Alo\u00edsio Mercadante da chefia da Casa Civil para o Minist\u00e9rio da Educa\u00e7\u00e3o.<\/p><\/blockquote>\n<p>\u201cN\u00e3o aguentamos mais a arrog\u00e2ncia de Mercadante\u201d- disseram lideres petistas.<\/p>\n<p>A sa\u00edda do ministro da Educa\u00e7\u00e3o ser\u00e1 o inicio de uma ampla reforma do Minist\u00e9rio, que foi empossado em 1\u00b0 de janeiro. \u00c9 para tentar a rearticula\u00e7\u00e3o da base de apoio ao governo na C\u00e2mara e no Senado.<\/p>\n<p><strong>Cl\u00e1udio Coletti<\/strong><\/p>\n","protected":false},"excerpt":{"rendered":"<p>A presidente Dilma Rousseff est\u00e1 \u00e0 beira do abismo. Seu inferno pol\u00edtico vem crescendo a partir das vozes das ruas, por todo pa\u00eds, clamarem por \u201cFora Dilma\u201d, \u201cFora PT\u201d. Na opini\u00e3o de nove entre 10 aliados da presidente no Congresso Nacional, o seu barco est\u00e1 naufragando. O auge da crise ocorreu na tarde de quarta-feira. [&hellip;]<\/p>\n","protected":false},"author":2,"featured_media":40423,"comment_status":"open","ping_status":"closed","sticky":false,"template":"","format":"standard","meta":{"_acf_changed":false,"footnotes":""},"categories":[25],"tags":[],"class_list":["post-40421","post","type-post","status-publish","format-standard","has-post-thumbnail","hentry","category-opina-ai"],"acf":[],"yoast_head":"<!-- This site is optimized with the Yoast SEO plugin v27.5 - https:\/\/yoast.com\/product\/yoast-seo-wordpress\/ -->\n<title>Barco de Dilma faz \u00e1gua e pode afundar antes do que se imagina - Notibras<\/title>\n<meta name=\"robots\" content=\"index, follow, max-snippet:-1, max-image-preview:large, max-video-preview:-1\" \/>\n<link rel=\"canonical\" href=\"https:\/\/www.notibras.com\/site\/barco-de-dilma-faz-agua-e-pode-afundar-antes-do-que-se-imagina\/\" \/>\n<meta property=\"og:locale\" content=\"pt_BR\" \/>\n<meta property=\"og:type\" content=\"article\" \/>\n<meta property=\"og:title\" content=\"Barco de Dilma faz \u00e1gua e pode afundar antes do que se imagina - Notibras\" \/>\n<meta property=\"og:description\" content=\"A presidente Dilma Rousseff est\u00e1 \u00e0 beira do abismo. Seu inferno pol\u00edtico vem crescendo a partir das vozes das ruas, por todo pa\u00eds, clamarem por \u201cFora Dilma\u201d, \u201cFora PT\u201d. Na opini\u00e3o de nove entre 10 aliados da presidente no Congresso Nacional, o seu barco est\u00e1 naufragando. O auge da crise ocorreu na tarde de quarta-feira. [&hellip;]\" \/>\n<meta property=\"og:url\" content=\"https:\/\/www.notibras.com\/site\/barco-de-dilma-faz-agua-e-pode-afundar-antes-do-que-se-imagina\/\" \/>\n<meta property=\"og:site_name\" content=\"Notibras\" \/>\n<meta property=\"article:publisher\" content=\"https:\/\/www.facebook.com\/notibras\/\" \/>\n<meta property=\"article:published_time\" content=\"2015-03-19T13:40:01+00:00\" \/>\n<meta property=\"article:modified_time\" content=\"2015-03-20T00:12:28+00:00\" \/>\n<meta property=\"og:image\" content=\"https:\/\/www.notibras.com\/site\/wp-content\/uploads\/2015\/03\/cgo.jpg\" \/>\n\t<meta property=\"og:image:width\" content=\"727\" \/>\n\t<meta property=\"og:image:height\" content=\"457\" \/>\n\t<meta property=\"og:image:type\" content=\"image\/jpeg\" \/>\n<meta name=\"author\" content=\"Reda\u00e7\u00e3o\" \/>\n<meta name=\"twitter:card\" content=\"summary_large_image\" \/>\n<meta name=\"twitter:creator\" content=\"@Notibras\" \/>\n<meta name=\"twitter:site\" content=\"@Notibras\" \/>\n<meta name=\"twitter:label1\" content=\"Escrito por\" \/>\n\t<meta name=\"twitter:data1\" content=\"Reda\u00e7\u00e3o\" \/>\n\t<meta name=\"twitter:label2\" content=\"Est. tempo de leitura\" \/>\n\t<meta name=\"twitter:data2\" content=\"2 minutos\" \/>\n<script type=\"application\/ld+json\" class=\"yoast-schema-graph\">{\"@context\":\"https:\\\/\\\/schema.org\",\"@graph\":[{\"@type\":\"Article\",\"@id\":\"https:\\\/\\\/www.notibras.com\\\/site\\\/barco-de-dilma-faz-agua-e-pode-afundar-antes-do-que-se-imagina\\\/#article\",\"isPartOf\":{\"@id\":\"https:\\\/\\\/www.notibras.com\\\/site\\\/barco-de-dilma-faz-agua-e-pode-afundar-antes-do-que-se-imagina\\\/\"},\"author\":{\"name\":\"Reda\u00e7\u00e3o\",\"@id\":\"https:\\\/\\\/www.notibras.com\\\/site\\\/#\\\/schema\\\/person\\\/36ab0979449956132d3e5b517ea76ac8\"},\"headline\":\"Barco de Dilma faz \u00e1gua e pode afundar antes do que se imagina\",\"datePublished\":\"2015-03-19T13:40:01+00:00\",\"dateModified\":\"2015-03-20T00:12:28+00:00\",\"mainEntityOfPage\":{\"@id\":\"https:\\\/\\\/www.notibras.com\\\/site\\\/barco-de-dilma-faz-agua-e-pode-afundar-antes-do-que-se-imagina\\\/\"},\"wordCount\":329,\"commentCount\":0,\"publisher\":{\"@id\":\"https:\\\/\\\/www.notibras.com\\\/site\\\/#organization\"},\"image\":{\"@id\":\"https:\\\/\\\/www.notibras.com\\\/site\\\/barco-de-dilma-faz-agua-e-pode-afundar-antes-do-que-se-imagina\\\/#primaryimage\"},\"thumbnailUrl\":\"https:\\\/\\\/www.notibras.com\\\/site\\\/wp-content\\\/uploads\\\/2015\\\/03\\\/cgo.jpg\",\"articleSection\":[\"Opina a\u00ed\"],\"inLanguage\":\"pt-BR\",\"potentialAction\":[{\"@type\":\"CommentAction\",\"name\":\"Comment\",\"target\":[\"https:\\\/\\\/www.notibras.com\\\/site\\\/barco-de-dilma-faz-agua-e-pode-afundar-antes-do-que-se-imagina\\\/#respond\"]}]},{\"@type\":\"WebPage\",\"@id\":\"https:\\\/\\\/www.notibras.com\\\/site\\\/barco-de-dilma-faz-agua-e-pode-afundar-antes-do-que-se-imagina\\\/\",\"url\":\"https:\\\/\\\/www.notibras.com\\\/site\\\/barco-de-dilma-faz-agua-e-pode-afundar-antes-do-que-se-imagina\\\/\",\"name\":\"Barco de Dilma faz \u00e1gua e pode afundar antes do que se imagina - Notibras\",\"isPartOf\":{\"@id\":\"https:\\\/\\\/www.notibras.com\\\/site\\\/#website\"},\"primaryImageOfPage\":{\"@id\":\"https:\\\/\\\/www.notibras.com\\\/site\\\/barco-de-dilma-faz-agua-e-pode-afundar-antes-do-que-se-imagina\\\/#primaryimage\"},\"image\":{\"@id\":\"https:\\\/\\\/www.notibras.com\\\/site\\\/barco-de-dilma-faz-agua-e-pode-afundar-antes-do-que-se-imagina\\\/#primaryimage\"},\"thumbnailUrl\":\"https:\\\/\\\/www.notibras.com\\\/site\\\/wp-content\\\/uploads\\\/2015\\\/03\\\/cgo.jpg\",\"datePublished\":\"2015-03-19T13:40:01+00:00\",\"dateModified\":\"2015-03-20T00:12:28+00:00\",\"breadcrumb\":{\"@id\":\"https:\\\/\\\/www.notibras.com\\\/site\\\/barco-de-dilma-faz-agua-e-pode-afundar-antes-do-que-se-imagina\\\/#breadcrumb\"},\"inLanguage\":\"pt-BR\",\"potentialAction\":[{\"@type\":\"ReadAction\",\"target\":[\"https:\\\/\\\/www.notibras.com\\\/site\\\/barco-de-dilma-faz-agua-e-pode-afundar-antes-do-que-se-imagina\\\/\"]}]},{\"@type\":\"ImageObject\",\"inLanguage\":\"pt-BR\",\"@id\":\"https:\\\/\\\/www.notibras.com\\\/site\\\/barco-de-dilma-faz-agua-e-pode-afundar-antes-do-que-se-imagina\\\/#primaryimage\",\"url\":\"https:\\\/\\\/www.notibras.com\\\/site\\\/wp-content\\\/uploads\\\/2015\\\/03\\\/cgo.jpg\",\"contentUrl\":\"https:\\\/\\\/www.notibras.com\\\/site\\\/wp-content\\\/uploads\\\/2015\\\/03\\\/cgo.jpg\",\"width\":727,\"height\":457},{\"@type\":\"BreadcrumbList\",\"@id\":\"https:\\\/\\\/www.notibras.com\\\/site\\\/barco-de-dilma-faz-agua-e-pode-afundar-antes-do-que-se-imagina\\\/#breadcrumb\",\"itemListElement\":[{\"@type\":\"ListItem\",\"position\":1,\"name\":\"In\u00edcio\",\"item\":\"https:\\\/\\\/www.notibras.com\\\/site\\\/\"},{\"@type\":\"ListItem\",\"position\":2,\"name\":\"Barco de Dilma faz \u00e1gua e pode afundar antes do que se imagina\"}]},{\"@type\":\"WebSite\",\"@id\":\"https:\\\/\\\/www.notibras.com\\\/site\\\/#website\",\"url\":\"https:\\\/\\\/www.notibras.com\\\/site\\\/\",\"name\":\"Notibras\",\"description\":\"Not\u00edcias de Bras\u00edlia, do Brasil e do Mundo\",\"publisher\":{\"@id\":\"https:\\\/\\\/www.notibras.com\\\/site\\\/#organization\"},\"potentialAction\":[{\"@type\":\"SearchAction\",\"target\":{\"@type\":\"EntryPoint\",\"urlTemplate\":\"https:\\\/\\\/www.notibras.com\\\/site\\\/?s={search_term_string}\"},\"query-input\":{\"@type\":\"PropertyValueSpecification\",\"valueRequired\":true,\"valueName\":\"search_term_string\"}}],\"inLanguage\":\"pt-BR\"},{\"@type\":\"Organization\",\"@id\":\"https:\\\/\\\/www.notibras.com\\\/site\\\/#organization\",\"name\":\"Grupo Notibras de Comunica\u00e7\u00e3o\",\"url\":\"https:\\\/\\\/www.notibras.com\\\/site\\\/\",\"logo\":{\"@type\":\"ImageObject\",\"inLanguage\":\"pt-BR\",\"@id\":\"https:\\\/\\\/www.notibras.com\\\/site\\\/#\\\/schema\\\/logo\\\/image\\\/\",\"url\":\"https:\\\/\\\/www.notibras.com\\\/site\\\/wp-content\\\/uploads\\\/2023\\\/01\\\/notibras23.png\",\"contentUrl\":\"https:\\\/\\\/www.notibras.com\\\/site\\\/wp-content\\\/uploads\\\/2023\\\/01\\\/notibras23.png\",\"width\":350,\"height\":87,\"caption\":\"Grupo Notibras de Comunica\u00e7\u00e3o\"},\"image\":{\"@id\":\"https:\\\/\\\/www.notibras.com\\\/site\\\/#\\\/schema\\\/logo\\\/image\\\/\"},\"sameAs\":[\"https:\\\/\\\/www.facebook.com\\\/notibras\\\/\",\"https:\\\/\\\/x.com\\\/Notibras\",\"https:\\\/\\\/www.instagram.com\\\/notibras\\\/\"]},{\"@type\":\"Person\",\"@id\":\"https:\\\/\\\/www.notibras.com\\\/site\\\/#\\\/schema\\\/person\\\/36ab0979449956132d3e5b517ea76ac8\",\"name\":\"Reda\u00e7\u00e3o\",\"image\":{\"@type\":\"ImageObject\",\"inLanguage\":\"pt-BR\",\"@id\":\"https:\\\/\\\/secure.gravatar.com\\\/avatar\\\/e0a867bdedb85fd243eadf09663511f96fc81e0720a4a42581f334ad4303aa6b?s=96&d=mm&r=g\",\"url\":\"https:\\\/\\\/secure.gravatar.com\\\/avatar\\\/e0a867bdedb85fd243eadf09663511f96fc81e0720a4a42581f334ad4303aa6b?s=96&d=mm&r=g\",\"contentUrl\":\"https:\\\/\\\/secure.gravatar.com\\\/avatar\\\/e0a867bdedb85fd243eadf09663511f96fc81e0720a4a42581f334ad4303aa6b?s=96&d=mm&r=g\",\"caption\":\"Reda\u00e7\u00e3o\"}}]}<\/script>\n<!-- \/ Yoast SEO plugin. -->","yoast_head_json":{"title":"Barco de Dilma faz \u00e1gua e pode afundar antes do que se imagina - Notibras","robots":{"index":"index","follow":"follow","max-snippet":"max-snippet:-1","max-image-preview":"max-image-preview:large","max-video-preview":"max-video-preview:-1"},"canonical":"https:\/\/www.notibras.com\/site\/barco-de-dilma-faz-agua-e-pode-afundar-antes-do-que-se-imagina\/","og_locale":"pt_BR","og_type":"article","og_title":"Barco de Dilma faz \u00e1gua e pode afundar antes do que se imagina - Notibras","og_description":"A presidente Dilma Rousseff est\u00e1 \u00e0 beira do abismo. Seu inferno pol\u00edtico vem crescendo a partir das vozes das ruas, por todo pa\u00eds, clamarem por \u201cFora Dilma\u201d, \u201cFora PT\u201d. Na opini\u00e3o de nove entre 10 aliados da presidente no Congresso Nacional, o seu barco est\u00e1 naufragando. O auge da crise ocorreu na tarde de quarta-feira. [&hellip;]","og_url":"https:\/\/www.notibras.com\/site\/barco-de-dilma-faz-agua-e-pode-afundar-antes-do-que-se-imagina\/","og_site_name":"Notibras","article_publisher":"https:\/\/www.facebook.com\/notibras\/","article_published_time":"2015-03-19T13:40:01+00:00","article_modified_time":"2015-03-20T00:12:28+00:00","og_image":[{"width":727,"height":457,"url":"https:\/\/www.notibras.com\/site\/wp-content\/uploads\/2015\/03\/cgo.jpg","type":"image\/jpeg"}],"author":"Reda\u00e7\u00e3o","twitter_card":"summary_large_image","twitter_creator":"@Notibras","twitter_site":"@Notibras","twitter_misc":{"Escrito por":"Reda\u00e7\u00e3o","Est. tempo de leitura":"2 minutos"},"schema":{"@context":"https:\/\/schema.org","@graph":[{"@type":"Article","@id":"https:\/\/www.notibras.com\/site\/barco-de-dilma-faz-agua-e-pode-afundar-antes-do-que-se-imagina\/#article","isPartOf":{"@id":"https:\/\/www.notibras.com\/site\/barco-de-dilma-faz-agua-e-pode-afundar-antes-do-que-se-imagina\/"},"author":{"name":"Reda\u00e7\u00e3o","@id":"https:\/\/www.notibras.com\/site\/#\/schema\/person\/36ab0979449956132d3e5b517ea76ac8"},"headline":"Barco de Dilma faz \u00e1gua e pode afundar antes do que se imagina","datePublished":"2015-03-19T13:40:01+00:00","dateModified":"2015-03-20T00:12:28+00:00","mainEntityOfPage":{"@id":"https:\/\/www.notibras.com\/site\/barco-de-dilma-faz-agua-e-pode-afundar-antes-do-que-se-imagina\/"},"wordCount":329,"commentCount":0,"publisher":{"@id":"https:\/\/www.notibras.com\/site\/#organization"},"image":{"@id":"https:\/\/www.notibras.com\/site\/barco-de-dilma-faz-agua-e-pode-afundar-antes-do-que-se-imagina\/#primaryimage"},"thumbnailUrl":"https:\/\/www.notibras.com\/site\/wp-content\/uploads\/2015\/03\/cgo.jpg","articleSection":["Opina a\u00ed"],"inLanguage":"pt-BR","potentialAction":[{"@type":"CommentAction","name":"Comment","target":["https:\/\/www.notibras.com\/site\/barco-de-dilma-faz-agua-e-pode-afundar-antes-do-que-se-imagina\/#respond"]}]},{"@type":"WebPage","@id":"https:\/\/www.notibras.com\/site\/barco-de-dilma-faz-agua-e-pode-afundar-antes-do-que-se-imagina\/","url":"https:\/\/www.notibras.com\/site\/barco-de-dilma-faz-agua-e-pode-afundar-antes-do-que-se-imagina\/","name":"Barco de Dilma faz \u00e1gua e pode afundar antes do que se imagina - Notibras","isPartOf":{"@id":"https:\/\/www.notibras.com\/site\/#website"},"primaryImageOfPage":{"@id":"https:\/\/www.notibras.com\/site\/barco-de-dilma-faz-agua-e-pode-afundar-antes-do-que-se-imagina\/#primaryimage"},"image":{"@id":"https:\/\/www.notibras.com\/site\/barco-de-dilma-faz-agua-e-pode-afundar-antes-do-que-se-imagina\/#primaryimage"},"thumbnailUrl":"https:\/\/www.notibras.com\/site\/wp-content\/uploads\/2015\/03\/cgo.jpg","datePublished":"2015-03-19T13:40:01+00:00","dateModified":"2015-03-20T00:12:28+00:00","breadcrumb":{"@id":"https:\/\/www.notibras.com\/site\/barco-de-dilma-faz-agua-e-pode-afundar-antes-do-que-se-imagina\/#breadcrumb"},"inLanguage":"pt-BR","potentialAction":[{"@type":"ReadAction","target":["https:\/\/www.notibras.com\/site\/barco-de-dilma-faz-agua-e-pode-afundar-antes-do-que-se-imagina\/"]}]},{"@type":"ImageObject","inLanguage":"pt-BR","@id":"https:\/\/www.notibras.com\/site\/barco-de-dilma-faz-agua-e-pode-afundar-antes-do-que-se-imagina\/#primaryimage","url":"https:\/\/www.notibras.com\/site\/wp-content\/uploads\/2015\/03\/cgo.jpg","contentUrl":"https:\/\/www.notibras.com\/site\/wp-content\/uploads\/2015\/03\/cgo.jpg","width":727,"height":457},{"@type":"BreadcrumbList","@id":"https:\/\/www.notibras.com\/site\/barco-de-dilma-faz-agua-e-pode-afundar-antes-do-que-se-imagina\/#breadcrumb","itemListElement":[{"@type":"ListItem","position":1,"name":"In\u00edcio","item":"https:\/\/www.notibras.com\/site\/"},{"@type":"ListItem","position":2,"name":"Barco de Dilma faz \u00e1gua e pode afundar antes do que se imagina"}]},{"@type":"WebSite","@id":"https:\/\/www.notibras.com\/site\/#website","url":"https:\/\/www.notibras.com\/site\/","name":"Notibras","description":"Not\u00edcias de Bras\u00edlia, do Brasil e do Mundo","publisher":{"@id":"https:\/\/www.notibras.com\/site\/#organization"},"potentialAction":[{"@type":"SearchAction","target":{"@type":"EntryPoint","urlTemplate":"https:\/\/www.notibras.com\/site\/?s={search_term_string}"},"query-input":{"@type":"PropertyValueSpecification","valueRequired":true,"valueName":"search_term_string"}}],"inLanguage":"pt-BR"},{"@type":"Organization","@id":"https:\/\/www.notibras.com\/site\/#organization","name":"Grupo Notibras de Comunica\u00e7\u00e3o","url":"https:\/\/www.notibras.com\/site\/","logo":{"@type":"ImageObject","inLanguage":"pt-BR","@id":"https:\/\/www.notibras.com\/site\/#\/schema\/logo\/image\/","url":"https:\/\/www.notibras.com\/site\/wp-content\/uploads\/2023\/01\/notibras23.png","contentUrl":"https:\/\/www.notibras.com\/site\/wp-content\/uploads\/2023\/01\/notibras23.png","width":350,"height":87,"caption":"Grupo Notibras de Comunica\u00e7\u00e3o"},"image":{"@id":"https:\/\/www.notibras.com\/site\/#\/schema\/logo\/image\/"},"sameAs":["https:\/\/www.facebook.com\/notibras\/","https:\/\/x.com\/Notibras","https:\/\/www.instagram.com\/notibras\/"]},{"@type":"Person","@id":"https:\/\/www.notibras.com\/site\/#\/schema\/person\/36ab0979449956132d3e5b517ea76ac8","name":"Reda\u00e7\u00e3o","image":{"@type":"ImageObject","inLanguage":"pt-BR","@id":"https:\/\/secure.gravatar.com\/avatar\/e0a867bdedb85fd243eadf09663511f96fc81e0720a4a42581f334ad4303aa6b?s=96&d=mm&r=g","url":"https:\/\/secure.gravatar.com\/avatar\/e0a867bdedb85fd243eadf09663511f96fc81e0720a4a42581f334ad4303aa6b?s=96&d=mm&r=g","contentUrl":"https:\/\/secure.gravatar.com\/avatar\/e0a867bdedb85fd243eadf09663511f96fc81e0720a4a42581f334ad4303aa6b?s=96&d=mm&r=g","caption":"Reda\u00e7\u00e3o"}}]}},"amp_enabled":true,"_links":{"self":[{"href":"https:\/\/www.notibras.com\/site\/wp-json\/wp\/v2\/posts\/40421","targetHints":{"allow":["GET"]}}],"collection":[{"href":"https:\/\/www.notibras.com\/site\/wp-json\/wp\/v2\/posts"}],"about":[{"href":"https:\/\/www.notibras.com\/site\/wp-json\/wp\/v2\/types\/post"}],"author":[{"embeddable":true,"href":"https:\/\/www.notibras.com\/site\/wp-json\/wp\/v2\/users\/2"}],"replies":[{"embeddable":true,"href":"https:\/\/www.notibras.com\/site\/wp-json\/wp\/v2\/comments?post=40421"}],"version-history":[{"count":0,"href":"https:\/\/www.notibras.com\/site\/wp-json\/wp\/v2\/posts\/40421\/revisions"}],"wp:featuredmedia":[{"embeddable":true,"href":"https:\/\/www.notibras.com\/site\/wp-json\/wp\/v2\/media\/40423"}],"wp:attachment":[{"href":"https:\/\/www.notibras.com\/site\/wp-json\/wp\/v2\/media?parent=40421"}],"wp:term":[{"taxonomy":"category","embeddable":true,"href":"https:\/\/www.notibras.com\/site\/wp-json\/wp\/v2\/categories?post=40421"},{"taxonomy":"post_tag","embeddable":true,"href":"https:\/\/www.notibras.com\/site\/wp-json\/wp\/v2\/tags?post=40421"}],"curies":[{"name":"wp","href":"https:\/\/api.w.org\/{rel}","templated":true}]}}