{"id":40510,"date":"2015-03-20T11:09:20","date_gmt":"2015-03-20T14:09:20","guid":{"rendered":"http:\/\/www.notibras.com\/site\/?p=40510"},"modified":"2015-03-20T18:14:11","modified_gmt":"2015-03-20T21:14:11","slug":"industria-sente-peso-da-crise-e-reduz-emprego-em-4","status":"publish","type":"post","link":"https:\/\/www.notibras.com\/site\/industria-sente-peso-da-crise-e-reduz-emprego-em-4\/","title":{"rendered":"Ind\u00fastria sente peso da crise e oferta de emprego cai 4%"},"content":{"rendered":"<div class=\"content\">\n<p>O emprego industrial do pa\u00eds teve queda de 4,1%, em janeiro de 2015, comparado com igual per\u00edodo de 2014, informou o Instituto Brasileiro de Geografia e Estat\u00edstica (IBGE). Foi o quadrag\u00e9simo resultado negativo consecutivo nesse tipo de confronto anual. Os dados foram coletados pelo IBGE no \u00e2mbito da Pesquisa Industrial Mensal, Emprego e Sal\u00e1rio (Pimes).<\/p>\n<p>No confronto com igual m\u00eas do ano anterior,\u00a0 o contingente de trabalhadores registrou redu\u00e7\u00e3o em 17 dos 18 ramos pesquisados, com destaque para as press\u00f5es negativas dos seguintes setores: m\u00e1quinas e aparelhos eletroeletr\u00f4nicos e de comunica\u00e7\u00f5es, que caiu 11,3%; meios de transporte, que mostrou decl\u00ednio de 7,7%; produtos de metal, que teve decr\u00e9scimo de 7,7%.<\/p>\n<blockquote><p>Tamb\u00e9m registraram decl\u00ednio os seguintes setores: produtos da ind\u00fastria de transforma\u00e7\u00e3o, -8,0%; m\u00e1quinas e equipamentos, -4,5%; cal\u00e7ados e couro, -6,8%; alimentos e bebidas, -1,3%; vestu\u00e1rio, -3,9%; metalurgia b\u00e1sica, -6,3%;\u00a0 e papel e gr\u00e1fica, -3,3%. O \u00fanico impacto positivo sobre a m\u00e9dia da ind\u00fastria foi observado no setor de produtos qu\u00edmicos, que teve alta de 0,5%.<\/p><\/blockquote>\n<p>Ao explicar as raz\u00f5es para a queda do emprego industrial, o gerente de An\u00e1lise e Estat\u00edstica do IBGE, Andr\u00e9 Macedo, disse que &#8220;os n\u00fameros correspondem a uma tend\u00eancia estrutural da ind\u00fastria brasileira&#8221;. O mercado de trabalho, segundo explicou, reage aos sinais emitidos pela baixa confian\u00e7a do empresariado. Ele disse que os n\u00fameros negativos n\u00e3o se resumem ao emprego. &#8220;H\u00e1 tamb\u00e9m queda em outros fatores importantes ligados \u00e0 produ\u00e7\u00e3o: uma delas \u00e9 a queda da oferta de horas extras e de turnos extras de trabalho&#8221;.<\/p>\n<header>\n<div class=\"node-info\"><strong>Nielmar de Oliveira, ABr<\/strong><\/div>\n<\/header>\n<\/div>\n","protected":false},"excerpt":{"rendered":"<p>O emprego industrial do pa\u00eds teve queda de 4,1%, em janeiro de 2015, comparado com igual per\u00edodo de 2014, informou o Instituto Brasileiro de Geografia e Estat\u00edstica (IBGE). Foi o quadrag\u00e9simo resultado negativo consecutivo nesse tipo de confronto anual. Os dados foram coletados pelo IBGE no \u00e2mbito da Pesquisa Industrial Mensal, Emprego e Sal\u00e1rio (Pimes). [&hellip;]<\/p>\n","protected":false},"author":2,"featured_media":40511,"comment_status":"open","ping_status":"closed","sticky":false,"template":"","format":"standard","meta":{"_acf_changed":false,"footnotes":""},"categories":[16],"tags":[],"class_list":["post-40510","post","type-post","status-publish","format-standard","has-post-thumbnail","hentry","category-brasil"],"acf":[],"yoast_head":"<!-- This site is optimized with the Yoast SEO plugin v27.2 - https:\/\/yoast.com\/product\/yoast-seo-wordpress\/ -->\n<title>Ind\u00fastria sente peso da crise e oferta de emprego cai 4% - Notibras<\/title>\n<meta name=\"robots\" content=\"index, follow, max-snippet:-1, max-image-preview:large, max-video-preview:-1\" \/>\n<link rel=\"canonical\" href=\"https:\/\/www.notibras.com\/site\/industria-sente-peso-da-crise-e-reduz-emprego-em-4\/\" \/>\n<meta property=\"og:locale\" content=\"pt_BR\" \/>\n<meta property=\"og:type\" content=\"article\" \/>\n<meta property=\"og:title\" content=\"Ind\u00fastria sente peso da crise e oferta de emprego cai 4% - Notibras\" \/>\n<meta property=\"og:description\" content=\"O emprego industrial do pa\u00eds teve queda de 4,1%, em janeiro de 2015, comparado com igual per\u00edodo de 2014, informou o Instituto Brasileiro de Geografia e Estat\u00edstica (IBGE). Foi o quadrag\u00e9simo resultado negativo consecutivo nesse tipo de confronto anual. Os dados foram coletados pelo IBGE no \u00e2mbito da Pesquisa Industrial Mensal, Emprego e Sal\u00e1rio (Pimes). [&hellip;]\" \/>\n<meta property=\"og:url\" content=\"https:\/\/www.notibras.com\/site\/industria-sente-peso-da-crise-e-reduz-emprego-em-4\/\" \/>\n<meta property=\"og:site_name\" content=\"Notibras\" \/>\n<meta property=\"article:publisher\" content=\"https:\/\/www.facebook.com\/notibras\/\" \/>\n<meta property=\"article:published_time\" content=\"2015-03-20T14:09:20+00:00\" \/>\n<meta property=\"article:modified_time\" content=\"2015-03-20T21:14:11+00:00\" \/>\n<meta property=\"og:image\" content=\"https:\/\/www.notibras.com\/site\/wp-content\/uploads\/2015\/03\/emin.jpeg\" \/>\n\t<meta property=\"og:image:width\" content=\"270\" \/>\n\t<meta property=\"og:image:height\" content=\"187\" \/>\n\t<meta property=\"og:image:type\" content=\"image\/jpeg\" \/>\n<meta name=\"author\" content=\"Reda\u00e7\u00e3o\" \/>\n<meta name=\"twitter:card\" content=\"summary_large_image\" \/>\n<meta name=\"twitter:creator\" content=\"@Notibras\" \/>\n<meta name=\"twitter:site\" content=\"@Notibras\" \/>\n<meta name=\"twitter:label1\" content=\"Escrito por\" \/>\n\t<meta name=\"twitter:data1\" content=\"Reda\u00e7\u00e3o\" \/>\n\t<meta name=\"twitter:label2\" content=\"Est. tempo de leitura\" \/>\n\t<meta name=\"twitter:data2\" content=\"1 minuto\" \/>\n<script type=\"application\/ld+json\" class=\"yoast-schema-graph\">{\"@context\":\"https:\/\/schema.org\",\"@graph\":[{\"@type\":\"Article\",\"@id\":\"https:\/\/www.notibras.com\/site\/industria-sente-peso-da-crise-e-reduz-emprego-em-4\/#article\",\"isPartOf\":{\"@id\":\"https:\/\/www.notibras.com\/site\/industria-sente-peso-da-crise-e-reduz-emprego-em-4\/\"},\"author\":{\"name\":\"Reda\u00e7\u00e3o\",\"@id\":\"https:\/\/www.notibras.com\/site\/#\/schema\/person\/36ab0979449956132d3e5b517ea76ac8\"},\"headline\":\"Ind\u00fastria sente peso da crise e oferta de emprego cai 4%\",\"datePublished\":\"2015-03-20T14:09:20+00:00\",\"dateModified\":\"2015-03-20T21:14:11+00:00\",\"mainEntityOfPage\":{\"@id\":\"https:\/\/www.notibras.com\/site\/industria-sente-peso-da-crise-e-reduz-emprego-em-4\/\"},\"wordCount\":289,\"commentCount\":0,\"publisher\":{\"@id\":\"https:\/\/www.notibras.com\/site\/#organization\"},\"image\":{\"@id\":\"https:\/\/www.notibras.com\/site\/industria-sente-peso-da-crise-e-reduz-emprego-em-4\/#primaryimage\"},\"thumbnailUrl\":\"https:\/\/www.notibras.com\/site\/wp-content\/uploads\/2015\/03\/emin.jpeg\",\"articleSection\":[\"Brasil\"],\"inLanguage\":\"pt-BR\",\"potentialAction\":[{\"@type\":\"CommentAction\",\"name\":\"Comment\",\"target\":[\"https:\/\/www.notibras.com\/site\/industria-sente-peso-da-crise-e-reduz-emprego-em-4\/#respond\"]}]},{\"@type\":\"WebPage\",\"@id\":\"https:\/\/www.notibras.com\/site\/industria-sente-peso-da-crise-e-reduz-emprego-em-4\/\",\"url\":\"https:\/\/www.notibras.com\/site\/industria-sente-peso-da-crise-e-reduz-emprego-em-4\/\",\"name\":\"Ind\u00fastria sente peso da crise e oferta de emprego cai 4% - Notibras\",\"isPartOf\":{\"@id\":\"https:\/\/www.notibras.com\/site\/#website\"},\"primaryImageOfPage\":{\"@id\":\"https:\/\/www.notibras.com\/site\/industria-sente-peso-da-crise-e-reduz-emprego-em-4\/#primaryimage\"},\"image\":{\"@id\":\"https:\/\/www.notibras.com\/site\/industria-sente-peso-da-crise-e-reduz-emprego-em-4\/#primaryimage\"},\"thumbnailUrl\":\"https:\/\/www.notibras.com\/site\/wp-content\/uploads\/2015\/03\/emin.jpeg\",\"datePublished\":\"2015-03-20T14:09:20+00:00\",\"dateModified\":\"2015-03-20T21:14:11+00:00\",\"breadcrumb\":{\"@id\":\"https:\/\/www.notibras.com\/site\/industria-sente-peso-da-crise-e-reduz-emprego-em-4\/#breadcrumb\"},\"inLanguage\":\"pt-BR\",\"potentialAction\":[{\"@type\":\"ReadAction\",\"target\":[\"https:\/\/www.notibras.com\/site\/industria-sente-peso-da-crise-e-reduz-emprego-em-4\/\"]}]},{\"@type\":\"ImageObject\",\"inLanguage\":\"pt-BR\",\"@id\":\"https:\/\/www.notibras.com\/site\/industria-sente-peso-da-crise-e-reduz-emprego-em-4\/#primaryimage\",\"url\":\"https:\/\/www.notibras.com\/site\/wp-content\/uploads\/2015\/03\/emin.jpeg\",\"contentUrl\":\"https:\/\/www.notibras.com\/site\/wp-content\/uploads\/2015\/03\/emin.jpeg\",\"width\":270,\"height\":187},{\"@type\":\"BreadcrumbList\",\"@id\":\"https:\/\/www.notibras.com\/site\/industria-sente-peso-da-crise-e-reduz-emprego-em-4\/#breadcrumb\",\"itemListElement\":[{\"@type\":\"ListItem\",\"position\":1,\"name\":\"In\u00edcio\",\"item\":\"https:\/\/www.notibras.com\/site\/\"},{\"@type\":\"ListItem\",\"position\":2,\"name\":\"Ind\u00fastria sente peso da crise e oferta de emprego cai 4%\"}]},{\"@type\":\"WebSite\",\"@id\":\"https:\/\/www.notibras.com\/site\/#website\",\"url\":\"https:\/\/www.notibras.com\/site\/\",\"name\":\"Notibras\",\"description\":\"Not\u00edcias de Bras\u00edlia, do Brasil e do Mundo\",\"publisher\":{\"@id\":\"https:\/\/www.notibras.com\/site\/#organization\"},\"potentialAction\":[{\"@type\":\"SearchAction\",\"target\":{\"@type\":\"EntryPoint\",\"urlTemplate\":\"https:\/\/www.notibras.com\/site\/?s={search_term_string}\"},\"query-input\":{\"@type\":\"PropertyValueSpecification\",\"valueRequired\":true,\"valueName\":\"search_term_string\"}}],\"inLanguage\":\"pt-BR\"},{\"@type\":\"Organization\",\"@id\":\"https:\/\/www.notibras.com\/site\/#organization\",\"name\":\"Grupo Notibras de Comunica\u00e7\u00e3o\",\"url\":\"https:\/\/www.notibras.com\/site\/\",\"logo\":{\"@type\":\"ImageObject\",\"inLanguage\":\"pt-BR\",\"@id\":\"https:\/\/www.notibras.com\/site\/#\/schema\/logo\/image\/\",\"url\":\"https:\/\/www.notibras.com\/site\/wp-content\/uploads\/2023\/01\/notibras23.png\",\"contentUrl\":\"https:\/\/www.notibras.com\/site\/wp-content\/uploads\/2023\/01\/notibras23.png\",\"width\":350,\"height\":87,\"caption\":\"Grupo Notibras de Comunica\u00e7\u00e3o\"},\"image\":{\"@id\":\"https:\/\/www.notibras.com\/site\/#\/schema\/logo\/image\/\"},\"sameAs\":[\"https:\/\/www.facebook.com\/notibras\/\",\"https:\/\/x.com\/Notibras\",\"https:\/\/www.instagram.com\/notibras\/\"]},{\"@type\":\"Person\",\"@id\":\"https:\/\/www.notibras.com\/site\/#\/schema\/person\/36ab0979449956132d3e5b517ea76ac8\",\"name\":\"Reda\u00e7\u00e3o\",\"image\":{\"@type\":\"ImageObject\",\"inLanguage\":\"pt-BR\",\"@id\":\"https:\/\/secure.gravatar.com\/avatar\/e0a867bdedb85fd243eadf09663511f96fc81e0720a4a42581f334ad4303aa6b?s=96&d=mm&r=g\",\"url\":\"https:\/\/secure.gravatar.com\/avatar\/e0a867bdedb85fd243eadf09663511f96fc81e0720a4a42581f334ad4303aa6b?s=96&d=mm&r=g\",\"contentUrl\":\"https:\/\/secure.gravatar.com\/avatar\/e0a867bdedb85fd243eadf09663511f96fc81e0720a4a42581f334ad4303aa6b?s=96&d=mm&r=g\",\"caption\":\"Reda\u00e7\u00e3o\"}}]}<\/script>\n<!-- \/ Yoast SEO plugin. -->","yoast_head_json":{"title":"Ind\u00fastria sente peso da crise e oferta de emprego cai 4% - Notibras","robots":{"index":"index","follow":"follow","max-snippet":"max-snippet:-1","max-image-preview":"max-image-preview:large","max-video-preview":"max-video-preview:-1"},"canonical":"https:\/\/www.notibras.com\/site\/industria-sente-peso-da-crise-e-reduz-emprego-em-4\/","og_locale":"pt_BR","og_type":"article","og_title":"Ind\u00fastria sente peso da crise e oferta de emprego cai 4% - Notibras","og_description":"O emprego industrial do pa\u00eds teve queda de 4,1%, em janeiro de 2015, comparado com igual per\u00edodo de 2014, informou o Instituto Brasileiro de Geografia e Estat\u00edstica (IBGE). Foi o quadrag\u00e9simo resultado negativo consecutivo nesse tipo de confronto anual. Os dados foram coletados pelo IBGE no \u00e2mbito da Pesquisa Industrial Mensal, Emprego e Sal\u00e1rio (Pimes). [&hellip;]","og_url":"https:\/\/www.notibras.com\/site\/industria-sente-peso-da-crise-e-reduz-emprego-em-4\/","og_site_name":"Notibras","article_publisher":"https:\/\/www.facebook.com\/notibras\/","article_published_time":"2015-03-20T14:09:20+00:00","article_modified_time":"2015-03-20T21:14:11+00:00","og_image":[{"width":270,"height":187,"url":"https:\/\/www.notibras.com\/site\/wp-content\/uploads\/2015\/03\/emin.jpeg","type":"image\/jpeg"}],"author":"Reda\u00e7\u00e3o","twitter_card":"summary_large_image","twitter_creator":"@Notibras","twitter_site":"@Notibras","twitter_misc":{"Escrito por":"Reda\u00e7\u00e3o","Est. tempo de leitura":"1 minuto"},"schema":{"@context":"https:\/\/schema.org","@graph":[{"@type":"Article","@id":"https:\/\/www.notibras.com\/site\/industria-sente-peso-da-crise-e-reduz-emprego-em-4\/#article","isPartOf":{"@id":"https:\/\/www.notibras.com\/site\/industria-sente-peso-da-crise-e-reduz-emprego-em-4\/"},"author":{"name":"Reda\u00e7\u00e3o","@id":"https:\/\/www.notibras.com\/site\/#\/schema\/person\/36ab0979449956132d3e5b517ea76ac8"},"headline":"Ind\u00fastria sente peso da crise e oferta de emprego cai 4%","datePublished":"2015-03-20T14:09:20+00:00","dateModified":"2015-03-20T21:14:11+00:00","mainEntityOfPage":{"@id":"https:\/\/www.notibras.com\/site\/industria-sente-peso-da-crise-e-reduz-emprego-em-4\/"},"wordCount":289,"commentCount":0,"publisher":{"@id":"https:\/\/www.notibras.com\/site\/#organization"},"image":{"@id":"https:\/\/www.notibras.com\/site\/industria-sente-peso-da-crise-e-reduz-emprego-em-4\/#primaryimage"},"thumbnailUrl":"https:\/\/www.notibras.com\/site\/wp-content\/uploads\/2015\/03\/emin.jpeg","articleSection":["Brasil"],"inLanguage":"pt-BR","potentialAction":[{"@type":"CommentAction","name":"Comment","target":["https:\/\/www.notibras.com\/site\/industria-sente-peso-da-crise-e-reduz-emprego-em-4\/#respond"]}]},{"@type":"WebPage","@id":"https:\/\/www.notibras.com\/site\/industria-sente-peso-da-crise-e-reduz-emprego-em-4\/","url":"https:\/\/www.notibras.com\/site\/industria-sente-peso-da-crise-e-reduz-emprego-em-4\/","name":"Ind\u00fastria sente peso da crise e oferta de emprego cai 4% - Notibras","isPartOf":{"@id":"https:\/\/www.notibras.com\/site\/#website"},"primaryImageOfPage":{"@id":"https:\/\/www.notibras.com\/site\/industria-sente-peso-da-crise-e-reduz-emprego-em-4\/#primaryimage"},"image":{"@id":"https:\/\/www.notibras.com\/site\/industria-sente-peso-da-crise-e-reduz-emprego-em-4\/#primaryimage"},"thumbnailUrl":"https:\/\/www.notibras.com\/site\/wp-content\/uploads\/2015\/03\/emin.jpeg","datePublished":"2015-03-20T14:09:20+00:00","dateModified":"2015-03-20T21:14:11+00:00","breadcrumb":{"@id":"https:\/\/www.notibras.com\/site\/industria-sente-peso-da-crise-e-reduz-emprego-em-4\/#breadcrumb"},"inLanguage":"pt-BR","potentialAction":[{"@type":"ReadAction","target":["https:\/\/www.notibras.com\/site\/industria-sente-peso-da-crise-e-reduz-emprego-em-4\/"]}]},{"@type":"ImageObject","inLanguage":"pt-BR","@id":"https:\/\/www.notibras.com\/site\/industria-sente-peso-da-crise-e-reduz-emprego-em-4\/#primaryimage","url":"https:\/\/www.notibras.com\/site\/wp-content\/uploads\/2015\/03\/emin.jpeg","contentUrl":"https:\/\/www.notibras.com\/site\/wp-content\/uploads\/2015\/03\/emin.jpeg","width":270,"height":187},{"@type":"BreadcrumbList","@id":"https:\/\/www.notibras.com\/site\/industria-sente-peso-da-crise-e-reduz-emprego-em-4\/#breadcrumb","itemListElement":[{"@type":"ListItem","position":1,"name":"In\u00edcio","item":"https:\/\/www.notibras.com\/site\/"},{"@type":"ListItem","position":2,"name":"Ind\u00fastria sente peso da crise e oferta de emprego cai 4%"}]},{"@type":"WebSite","@id":"https:\/\/www.notibras.com\/site\/#website","url":"https:\/\/www.notibras.com\/site\/","name":"Notibras","description":"Not\u00edcias de Bras\u00edlia, do Brasil e do Mundo","publisher":{"@id":"https:\/\/www.notibras.com\/site\/#organization"},"potentialAction":[{"@type":"SearchAction","target":{"@type":"EntryPoint","urlTemplate":"https:\/\/www.notibras.com\/site\/?s={search_term_string}"},"query-input":{"@type":"PropertyValueSpecification","valueRequired":true,"valueName":"search_term_string"}}],"inLanguage":"pt-BR"},{"@type":"Organization","@id":"https:\/\/www.notibras.com\/site\/#organization","name":"Grupo Notibras de Comunica\u00e7\u00e3o","url":"https:\/\/www.notibras.com\/site\/","logo":{"@type":"ImageObject","inLanguage":"pt-BR","@id":"https:\/\/www.notibras.com\/site\/#\/schema\/logo\/image\/","url":"https:\/\/www.notibras.com\/site\/wp-content\/uploads\/2023\/01\/notibras23.png","contentUrl":"https:\/\/www.notibras.com\/site\/wp-content\/uploads\/2023\/01\/notibras23.png","width":350,"height":87,"caption":"Grupo Notibras de Comunica\u00e7\u00e3o"},"image":{"@id":"https:\/\/www.notibras.com\/site\/#\/schema\/logo\/image\/"},"sameAs":["https:\/\/www.facebook.com\/notibras\/","https:\/\/x.com\/Notibras","https:\/\/www.instagram.com\/notibras\/"]},{"@type":"Person","@id":"https:\/\/www.notibras.com\/site\/#\/schema\/person\/36ab0979449956132d3e5b517ea76ac8","name":"Reda\u00e7\u00e3o","image":{"@type":"ImageObject","inLanguage":"pt-BR","@id":"https:\/\/secure.gravatar.com\/avatar\/e0a867bdedb85fd243eadf09663511f96fc81e0720a4a42581f334ad4303aa6b?s=96&d=mm&r=g","url":"https:\/\/secure.gravatar.com\/avatar\/e0a867bdedb85fd243eadf09663511f96fc81e0720a4a42581f334ad4303aa6b?s=96&d=mm&r=g","contentUrl":"https:\/\/secure.gravatar.com\/avatar\/e0a867bdedb85fd243eadf09663511f96fc81e0720a4a42581f334ad4303aa6b?s=96&d=mm&r=g","caption":"Reda\u00e7\u00e3o"}}]}},"amp_enabled":true,"_links":{"self":[{"href":"https:\/\/www.notibras.com\/site\/wp-json\/wp\/v2\/posts\/40510","targetHints":{"allow":["GET"]}}],"collection":[{"href":"https:\/\/www.notibras.com\/site\/wp-json\/wp\/v2\/posts"}],"about":[{"href":"https:\/\/www.notibras.com\/site\/wp-json\/wp\/v2\/types\/post"}],"author":[{"embeddable":true,"href":"https:\/\/www.notibras.com\/site\/wp-json\/wp\/v2\/users\/2"}],"replies":[{"embeddable":true,"href":"https:\/\/www.notibras.com\/site\/wp-json\/wp\/v2\/comments?post=40510"}],"version-history":[{"count":0,"href":"https:\/\/www.notibras.com\/site\/wp-json\/wp\/v2\/posts\/40510\/revisions"}],"wp:featuredmedia":[{"embeddable":true,"href":"https:\/\/www.notibras.com\/site\/wp-json\/wp\/v2\/media\/40511"}],"wp:attachment":[{"href":"https:\/\/www.notibras.com\/site\/wp-json\/wp\/v2\/media?parent=40510"}],"wp:term":[{"taxonomy":"category","embeddable":true,"href":"https:\/\/www.notibras.com\/site\/wp-json\/wp\/v2\/categories?post=40510"},{"taxonomy":"post_tag","embeddable":true,"href":"https:\/\/www.notibras.com\/site\/wp-json\/wp\/v2\/tags?post=40510"}],"curies":[{"name":"wp","href":"https:\/\/api.w.org\/{rel}","templated":true}]}}